{"id":11363,"date":"2026-08-31T10:00:01","date_gmt":"2026-08-31T08:00:01","guid":{"rendered":"https:\/\/ecampania.it\/magazine\/?p=11363"},"modified":"2026-08-31T11:19:19","modified_gmt":"2026-08-31T09:19:19","slug":"pizza-a-vico-la-festa-che-lascia-il-segno-scelti-tre-progetti-per-la-comunita","status":"publish","type":"post","link":"https:\/\/ecampania.it\/magazine\/pizza-a-vico-la-festa-che-lascia-il-segno-scelti-tre-progetti-per-la-comunita\/","title":{"rendered":"Pizza a Vico, la festa che lascia il segno: scelti tre progetti per la comunit\u00e0"},"content":{"rendered":"\n<h4 class=\"wp-block-heading\"><em>Il restauro della statua del Cristo Morto, la riqualificazione del campetto e dell\u2019area giochi dell\u2019AMI di Montechiaro e al progetto \u201cOltre il Canile\u201d<\/em><\/h4>\n\n\n\n<p class=\"wp-block-paragraph\">Una festa che non finisce quando si spengono le luci. \u00c8 questo lo spirito con cui&nbsp;<strong>Pizza a Vico<\/strong>&nbsp;(15-16-17 settembre) rinnova anche quest\u2019anno il proprio impegno per la comunit\u00e0. Si \u00e8 conclusa la manifestazione di interesse attraverso la quale l\u2019Associazione ha chiamato direttamente cittadini, associazioni e realt\u00e0 del territorio a proporre progetti ai quali destinare una parte dei ricavi dell\u2019edizione 2026.<\/p>\n\n\n\n<p class=\"wp-block-paragraph\">Tra i progetti presentati ed esaminati dal Consiglio Direttivo dell\u2019Associazione \u201cPizza a Vico\u201d sono stati individuati&nbsp;<strong>tre progetti<\/strong>, valutandoli sulla base dei criteri previsti dal regolamento, in particolare l\u2019utilit\u00e0, la ricaduta sulla comunit\u00e0 e la possibilit\u00e0 che il sostegno potesse tradursi in un risultato concreto e duraturo. La scelta \u00e8 stata quindi condivisa con l\u2019Amministrazione Comunale e con il Sindaco Giuseppe Aiello.<\/p>\n\n\n\n<p class=\"wp-block-paragraph\">Il primo riguarda il&nbsp;<strong>restauro della statua del Cristo Morto<\/strong>, custodita dall\u2019Arciconfraternita Venerabile dell\u2019Assunta. Un intervento rivolto alla conservazione di un bene profondamente legato alla storia, alla memoria e alle tradizioni religiose della comunit\u00e0 vicana.<\/p>\n\n\n\n<p class=\"wp-block-paragraph\">Il secondo progetto \u00e8 quello&nbsp;<strong>dell\u2019AMI di Montechiaro, che prevede la manutenzione del campetto polivalente e dell\u2019area giochi della sede dell\u2019associazione<\/strong>. Un intervento concreto destinato a uno spazio di aggregazione per bambini, ragazzi e famiglie, affinch\u00e9 possa continuare a essere un luogo di incontro e socialit\u00e0.<\/p>\n\n\n\n<p class=\"wp-block-paragraph\">Il terzo \u00e8 \u201c<strong>Oltre il Canile\u201d, promosso dall\u2019associazione I Cuccioli di Patrizia Veniero<\/strong>, che punta a favorire l\u2019adozione dei circa venti cani ancora ospitati in canile, alcuni dei quali da molto tempo, attraverso attivit\u00e0 di conoscenza, sensibilizzazione e promozione di una maggiore responsabilit\u00e0 nella gestione degli animali.<\/p>\n\n\n\n<p class=\"wp-block-paragraph\">Tre progetti profondamente diversi, ma accomunati dalla volont\u00e0 di lasciare qualcosa alla citt\u00e0: una storia da custodire, uno spazio da restituire alla comunit\u00e0, una vita da accompagnare verso una nuova casa.<\/p>\n\n\n\n<p class=\"wp-block-paragraph\">\u201cAbbiamo ricevuto progetti molto belli, alcuni dei quali ci hanno messo davvero in difficolt\u00e0 nella scelta \u2013 spiega&nbsp;<strong>Michele Cuomo<\/strong>, presidente dell\u2019Associazione Pizza a Vico \u2013. Dietro ogni proposta abbiamo trovato persone che dedicano tempo, energie e passione alla nostra comunit\u00e0. La scelta non \u00e8 stata semplice, ma siamo particolarmente soddisfatti di aver individuato tre progetti che, ciascuno nel proprio ambito, possono produrre un beneficio concreto e duraturo. \u00c8 la dimostrazione che Pizza a Vico vuole continuare a fare la propria parte per il bene comune. Per noi la beneficenza non \u00e8 un gesto occasionale, ma una responsabilit\u00e0 che sentiamo verso Vico Equense e che vogliamo portare avanti nel tempo\u201d.<\/p>\n\n\n\n<p class=\"wp-block-paragraph\">\u201cPizza a Vico rappresenta ormai molto pi\u00f9 di una manifestazione gastronomica \u2013 sottolinea il sindaco di Vico Equense&nbsp;<strong>Giuseppe Aiello<\/strong>&nbsp;\u2013. \u00c8 uno straordinario strumento di promozione della nostra identit\u00e0, ma anche un&#8217;occasione per rafforzare il senso di appartenenza e di comunit\u00e0. La scelta di coinvolgere direttamente il territorio nell&#8217;individuazione dei progetti da sostenere \u00e8 particolarmente significativa perch\u00e9 restituisce valore a quella rete di associazioni, volontari e cittadini che ogni giorno si impegnano per Vico Equense. La nostra Pizza di Vico viaggia oltre i confini e porta nel mondo il nome della citt\u00e0; allo stesso tempo, attraverso iniziative come questa, dimostra di voler restituire qualcosa alla comunit\u00e0 da cui tutto nasce\u201d.<\/p>\n\n\n\n<p class=\"wp-block-paragraph\">Il percorso della beneficenza si inserisce pienamente nel claim scelto per l\u2019edizione 2026, \u201c<strong>Un sapore senza confini<\/strong>\u201d. Perch\u00e9 andare oltre i confini significa anche andare oltre la semplice dimensione della festa e trasformare un momento di condivisione in un&#8217;occasione concreta per aiutare, custodire e costruire.<\/p>\n\n\n\n<p class=\"wp-block-paragraph\">\u00c8 questa la sfida dell\u2019edizione 2026: fare in modo che, quando la festa sar\u00e0 finita, qualcosa continui a vivere nella comunit\u00e0 di Vico Equense.<\/p>\n","protected":false},"excerpt":{"rendered":"<p>Il restauro della statua del Cristo Morto, la riqualificazione del campetto e dell\u2019area giochi dell\u2019AMI di Montechiaro e al progetto \u201cOltre il Canile\u201d Una festa che non finisce quando si spengono le luci. \u00c8 questo lo spirito con cui&nbsp;Pizza a Vico&nbsp;(15-16-17 settembre) rinnova anche quest\u2019anno il proprio impegno per la comunit\u00e0. Si \u00e8 conclusa la [&hellip;]<\/p>\n","protected":false},"author":7,"featured_media":11212,"comment_status":"open","ping_status":"open","sticky":false,"template":"","format":"standard","meta":{"jnews-multi-image_gallery":[],"jnews_single_post":{"format":"standard"},"jnews_primary_category":[],"jnews_override_counter":[],"footnotes":""},"categories":[8,1],"tags":[246,28,159],"class_list":["post-11363","post","type-post","status-publish","format-standard","has-post-thumbnail","hentry","category-cultura","category-news","tag-pizza-a-vico","tag-prima","tag-vico-equense"],"yoast_head":"<!-- This site is optimized with the Yoast SEO plugin v28.1 - https:\/\/yoast.com\/product\/yoast-seo-wordpress\/ -->\n<title>Pizza a Vico, la festa che lascia il segno: scelti tre progetti per la comunit\u00e0 - \u00e8campania<\/title>\n<meta name=\"robots\" content=\"index, follow, max-snippet:-1, max-image-preview:large, max-video-preview:-1\" \/>\n<link rel=\"canonical\" href=\"https:\/\/ecampania.it\/magazine\/pizza-a-vico-la-festa-che-lascia-il-segno-scelti-tre-progetti-per-la-comunita\/\" \/>\n<meta property=\"og:locale\" content=\"it_IT\" \/>\n<meta property=\"og:type\" content=\"article\" \/>\n<meta property=\"og:title\" content=\"Pizza a Vico, la festa che lascia il segno: scelti tre progetti per la comunit\u00e0 - \u00e8campania\" \/>\n<meta property=\"og:description\" content=\"Il restauro della statua del Cristo Morto, la riqualificazione del campetto e dell\u2019area giochi dell\u2019AMI di Montechiaro e al progetto \u201cOltre il Canile\u201d Una festa che non finisce quando si spengono le luci. \u00c8 questo lo spirito con cui&nbsp;Pizza a Vico&nbsp;(15-16-17 settembre) rinnova anche quest\u2019anno il proprio impegno per la comunit\u00e0. Si \u00e8 conclusa la [&hellip;]\" \/>\n<meta property=\"og:url\" content=\"https:\/\/ecampania.it\/magazine\/pizza-a-vico-la-festa-che-lascia-il-segno-scelti-tre-progetti-per-la-comunita\/\" \/>\n<meta property=\"og:site_name\" content=\"\u00e8campania\" \/>\n<meta property=\"article:publisher\" content=\"https:\/\/www.facebook.com\/ecampania.it\" \/>\n<meta property=\"article:published_time\" content=\"2026-08-31T08:00:01+00:00\" \/>\n<meta property=\"article:modified_time\" content=\"2026-08-31T09:19:19+00:00\" \/>\n<meta property=\"og:image\" content=\"https:\/\/ecampania.it\/magazine\/wp-content\/uploads\/2026\/08\/pizzaavico2025.jpeg\" \/>\n\t<meta property=\"og:image:width\" content=\"1152\" \/>\n\t<meta property=\"og:image:height\" content=\"2048\" \/>\n\t<meta property=\"og:image:type\" content=\"image\/jpeg\" \/>\n<meta name=\"author\" content=\"Redazione\" \/>\n<meta name=\"twitter:card\" content=\"summary_large_image\" \/>\n<meta name=\"twitter:label1\" content=\"Scritto da\" \/>\n\t<meta name=\"twitter:data1\" content=\"Redazione\" \/>\n\t<meta name=\"twitter:label2\" content=\"Tempo di lettura stimato\" \/>\n\t<meta name=\"twitter:data2\" content=\"4 minuti\" \/>\n<script type=\"application\/ld+json\" class=\"yoast-schema-graph\">{\"@context\":\"https:\\\/\\\/schema.org\",\"@graph\":[{\"@type\":\"Article\",\"@id\":\"https:\\\/\\\/ecampania.it\\\/magazine\\\/pizza-a-vico-la-festa-che-lascia-il-segno-scelti-tre-progetti-per-la-comunita\\\/#article\",\"isPartOf\":{\"@id\":\"https:\\\/\\\/ecampania.it\\\/magazine\\\/pizza-a-vico-la-festa-che-lascia-il-segno-scelti-tre-progetti-per-la-comunita\\\/\"},\"author\":{\"name\":\"Redazione\",\"@id\":\"https:\\\/\\\/ecampania.it\\\/magazine\\\/#\\\/schema\\\/person\\\/f259cd7c01428ef3ac5db31dcac5ab70\"},\"headline\":\"Pizza a Vico, la festa che lascia il segno: scelti tre progetti per la comunit\u00e0\",\"datePublished\":\"2026-08-31T08:00:01+00:00\",\"dateModified\":\"2026-08-31T09:19:19+00:00\",\"mainEntityOfPage\":{\"@id\":\"https:\\\/\\\/ecampania.it\\\/magazine\\\/pizza-a-vico-la-festa-che-lascia-il-segno-scelti-tre-progetti-per-la-comunita\\\/\"},\"wordCount\":620,\"commentCount\":0,\"publisher\":{\"@id\":\"https:\\\/\\\/ecampania.it\\\/magazine\\\/#organization\"},\"image\":{\"@id\":\"https:\\\/\\\/ecampania.it\\\/magazine\\\/pizza-a-vico-la-festa-che-lascia-il-segno-scelti-tre-progetti-per-la-comunita\\\/#primaryimage\"},\"thumbnailUrl\":\"https:\\\/\\\/ecampania.it\\\/magazine\\\/wp-content\\\/uploads\\\/2026\\\/08\\\/pizzaavico2025.jpeg\",\"keywords\":[\"pizza a vico\",\"prima\",\"vico equense\"],\"articleSection\":[\"Cultura\",\"News\"],\"inLanguage\":\"it-IT\",\"potentialAction\":[{\"@type\":\"CommentAction\",\"name\":\"Comment\",\"target\":[\"https:\\\/\\\/ecampania.it\\\/magazine\\\/pizza-a-vico-la-festa-che-lascia-il-segno-scelti-tre-progetti-per-la-comunita\\\/#respond\"]}]},{\"@type\":\"WebPage\",\"@id\":\"https:\\\/\\\/ecampania.it\\\/magazine\\\/pizza-a-vico-la-festa-che-lascia-il-segno-scelti-tre-progetti-per-la-comunita\\\/\",\"url\":\"https:\\\/\\\/ecampania.it\\\/magazine\\\/pizza-a-vico-la-festa-che-lascia-il-segno-scelti-tre-progetti-per-la-comunita\\\/\",\"name\":\"Pizza a Vico, la festa che lascia il segno: scelti tre progetti per la comunit\u00e0 - \u00e8campania\",\"isPartOf\":{\"@id\":\"https:\\\/\\\/ecampania.it\\\/magazine\\\/#website\"},\"primaryImageOfPage\":{\"@id\":\"https:\\\/\\\/ecampania.it\\\/magazine\\\/pizza-a-vico-la-festa-che-lascia-il-segno-scelti-tre-progetti-per-la-comunita\\\/#primaryimage\"},\"image\":{\"@id\":\"https:\\\/\\\/ecampania.it\\\/magazine\\\/pizza-a-vico-la-festa-che-lascia-il-segno-scelti-tre-progetti-per-la-comunita\\\/#primaryimage\"},\"thumbnailUrl\":\"https:\\\/\\\/ecampania.it\\\/magazine\\\/wp-content\\\/uploads\\\/2026\\\/08\\\/pizzaavico2025.jpeg\",\"datePublished\":\"2026-08-31T08:00:01+00:00\",\"dateModified\":\"2026-08-31T09:19:19+00:00\",\"breadcrumb\":{\"@id\":\"https:\\\/\\\/ecampania.it\\\/magazine\\\/pizza-a-vico-la-festa-che-lascia-il-segno-scelti-tre-progetti-per-la-comunita\\\/#breadcrumb\"},\"inLanguage\":\"it-IT\",\"potentialAction\":[{\"@type\":\"ReadAction\",\"target\":[\"https:\\\/\\\/ecampania.it\\\/magazine\\\/pizza-a-vico-la-festa-che-lascia-il-segno-scelti-tre-progetti-per-la-comunita\\\/\"]}]},{\"@type\":\"ImageObject\",\"inLanguage\":\"it-IT\",\"@id\":\"https:\\\/\\\/ecampania.it\\\/magazine\\\/pizza-a-vico-la-festa-che-lascia-il-segno-scelti-tre-progetti-per-la-comunita\\\/#primaryimage\",\"url\":\"https:\\\/\\\/ecampania.it\\\/magazine\\\/wp-content\\\/uploads\\\/2026\\\/08\\\/pizzaavico2025.jpeg\",\"contentUrl\":\"https:\\\/\\\/ecampania.it\\\/magazine\\\/wp-content\\\/uploads\\\/2026\\\/08\\\/pizzaavico2025.jpeg\",\"width\":1152,\"height\":2048},{\"@type\":\"BreadcrumbList\",\"@id\":\"https:\\\/\\\/ecampania.it\\\/magazine\\\/pizza-a-vico-la-festa-che-lascia-il-segno-scelti-tre-progetti-per-la-comunita\\\/#breadcrumb\",\"itemListElement\":[{\"@type\":\"ListItem\",\"position\":1,\"name\":\"Home\",\"item\":\"https:\\\/\\\/ecampania.it\\\/magazine\\\/\"},{\"@type\":\"ListItem\",\"position\":2,\"name\":\"Pizza a Vico, la festa che lascia il segno: scelti tre progetti per la comunit\u00e0\"}]},{\"@type\":\"WebSite\",\"@id\":\"https:\\\/\\\/ecampania.it\\\/magazine\\\/#website\",\"url\":\"https:\\\/\\\/ecampania.it\\\/magazine\\\/\",\"name\":\"Ecampania\",\"description\":\"Il primo portale dedicato al turismo ed alla cultura in Campania\",\"publisher\":{\"@id\":\"https:\\\/\\\/ecampania.it\\\/magazine\\\/#organization\"},\"potentialAction\":[{\"@type\":\"SearchAction\",\"target\":{\"@type\":\"EntryPoint\",\"urlTemplate\":\"https:\\\/\\\/ecampania.it\\\/magazine\\\/?s={search_term_string}\"},\"query-input\":{\"@type\":\"PropertyValueSpecification\",\"valueRequired\":true,\"valueName\":\"search_term_string\"}}],\"inLanguage\":\"it-IT\"},{\"@type\":\"Organization\",\"@id\":\"https:\\\/\\\/ecampania.it\\\/magazine\\\/#organization\",\"name\":\"Ecampania\",\"url\":\"https:\\\/\\\/ecampania.it\\\/magazine\\\/\",\"logo\":{\"@type\":\"ImageObject\",\"inLanguage\":\"it-IT\",\"@id\":\"https:\\\/\\\/ecampania.it\\\/magazine\\\/#\\\/schema\\\/logo\\\/image\\\/\",\"url\":\"https:\\\/\\\/ecampania.it\\\/magazine\\\/wp-content\\\/uploads\\\/2025\\\/01\\\/fb.png\",\"contentUrl\":\"https:\\\/\\\/ecampania.it\\\/magazine\\\/wp-content\\\/uploads\\\/2025\\\/01\\\/fb.png\",\"width\":500,\"height\":500,\"caption\":\"Ecampania\"},\"image\":{\"@id\":\"https:\\\/\\\/ecampania.it\\\/magazine\\\/#\\\/schema\\\/logo\\\/image\\\/\"},\"sameAs\":[\"https:\\\/\\\/www.facebook.com\\\/ecampania.it\",\"https:\\\/\\\/www.instagram.com\\\/ecampania.it\\\/\"]},{\"@type\":\"Person\",\"@id\":\"https:\\\/\\\/ecampania.it\\\/magazine\\\/#\\\/schema\\\/person\\\/f259cd7c01428ef3ac5db31dcac5ab70\",\"name\":\"Redazione\",\"image\":{\"@type\":\"ImageObject\",\"inLanguage\":\"it-IT\",\"@id\":\"https:\\\/\\\/secure.gravatar.com\\\/avatar\\\/95816d083b7410def6d31c027c3ddb4f82515f84e68ea358ea75203bfac610a7?s=96&d=mm&r=g\",\"url\":\"https:\\\/\\\/secure.gravatar.com\\\/avatar\\\/95816d083b7410def6d31c027c3ddb4f82515f84e68ea358ea75203bfac610a7?s=96&d=mm&r=g\",\"contentUrl\":\"https:\\\/\\\/secure.gravatar.com\\\/avatar\\\/95816d083b7410def6d31c027c3ddb4f82515f84e68ea358ea75203bfac610a7?s=96&d=mm&r=g\",\"caption\":\"Redazione\"},\"url\":\"https:\\\/\\\/ecampania.it\\\/magazine\\\/author\\\/ecampania\\\/\"}]}<\/script>\n<!-- \/ Yoast SEO plugin. -->","yoast_head_json":{"title":"Pizza a Vico, la festa che lascia il segno: scelti tre progetti per la comunit\u00e0 - \u00e8campania","robots":{"index":"index","follow":"follow","max-snippet":"max-snippet:-1","max-image-preview":"max-image-preview:large","max-video-preview":"max-video-preview:-1"},"canonical":"https:\/\/ecampania.it\/magazine\/pizza-a-vico-la-festa-che-lascia-il-segno-scelti-tre-progetti-per-la-comunita\/","og_locale":"it_IT","og_type":"article","og_title":"Pizza a Vico, la festa che lascia il segno: scelti tre progetti per la comunit\u00e0 - \u00e8campania","og_description":"Il restauro della statua del Cristo Morto, la riqualificazione del campetto e dell\u2019area giochi dell\u2019AMI di Montechiaro e al progetto \u201cOltre il Canile\u201d Una festa che non finisce quando si spengono le luci. \u00c8 questo lo spirito con cui&nbsp;Pizza a Vico&nbsp;(15-16-17 settembre) rinnova anche quest\u2019anno il proprio impegno per la comunit\u00e0. Si \u00e8 conclusa la [&hellip;]","og_url":"https:\/\/ecampania.it\/magazine\/pizza-a-vico-la-festa-che-lascia-il-segno-scelti-tre-progetti-per-la-comunita\/","og_site_name":"\u00e8campania","article_publisher":"https:\/\/www.facebook.com\/ecampania.it","article_published_time":"2026-08-31T08:00:01+00:00","article_modified_time":"2026-08-31T09:19:19+00:00","og_image":[{"width":1152,"height":2048,"url":"https:\/\/ecampania.it\/magazine\/wp-content\/uploads\/2026\/08\/pizzaavico2025.jpeg","type":"image\/jpeg"}],"author":"Redazione","twitter_card":"summary_large_image","twitter_misc":{"Scritto da":"Redazione","Tempo di lettura stimato":"4 minuti"},"schema":{"@context":"https:\/\/schema.org","@graph":[{"@type":"Article","@id":"https:\/\/ecampania.it\/magazine\/pizza-a-vico-la-festa-che-lascia-il-segno-scelti-tre-progetti-per-la-comunita\/#article","isPartOf":{"@id":"https:\/\/ecampania.it\/magazine\/pizza-a-vico-la-festa-che-lascia-il-segno-scelti-tre-progetti-per-la-comunita\/"},"author":{"name":"Redazione","@id":"https:\/\/ecampania.it\/magazine\/#\/schema\/person\/f259cd7c01428ef3ac5db31dcac5ab70"},"headline":"Pizza a Vico, la festa che lascia il segno: scelti tre progetti per la comunit\u00e0","datePublished":"2026-08-31T08:00:01+00:00","dateModified":"2026-08-31T09:19:19+00:00","mainEntityOfPage":{"@id":"https:\/\/ecampania.it\/magazine\/pizza-a-vico-la-festa-che-lascia-il-segno-scelti-tre-progetti-per-la-comunita\/"},"wordCount":620,"commentCount":0,"publisher":{"@id":"https:\/\/ecampania.it\/magazine\/#organization"},"image":{"@id":"https:\/\/ecampania.it\/magazine\/pizza-a-vico-la-festa-che-lascia-il-segno-scelti-tre-progetti-per-la-comunita\/#primaryimage"},"thumbnailUrl":"https:\/\/ecampania.it\/magazine\/wp-content\/uploads\/2026\/08\/pizzaavico2025.jpeg","keywords":["pizza a vico","prima","vico equense"],"articleSection":["Cultura","News"],"inLanguage":"it-IT","potentialAction":[{"@type":"CommentAction","name":"Comment","target":["https:\/\/ecampania.it\/magazine\/pizza-a-vico-la-festa-che-lascia-il-segno-scelti-tre-progetti-per-la-comunita\/#respond"]}]},{"@type":"WebPage","@id":"https:\/\/ecampania.it\/magazine\/pizza-a-vico-la-festa-che-lascia-il-segno-scelti-tre-progetti-per-la-comunita\/","url":"https:\/\/ecampania.it\/magazine\/pizza-a-vico-la-festa-che-lascia-il-segno-scelti-tre-progetti-per-la-comunita\/","name":"Pizza a Vico, la festa che lascia il segno: scelti tre progetti per la comunit\u00e0 - \u00e8campania","isPartOf":{"@id":"https:\/\/ecampania.it\/magazine\/#website"},"primaryImageOfPage":{"@id":"https:\/\/ecampania.it\/magazine\/pizza-a-vico-la-festa-che-lascia-il-segno-scelti-tre-progetti-per-la-comunita\/#primaryimage"},"image":{"@id":"https:\/\/ecampania.it\/magazine\/pizza-a-vico-la-festa-che-lascia-il-segno-scelti-tre-progetti-per-la-comunita\/#primaryimage"},"thumbnailUrl":"https:\/\/ecampania.it\/magazine\/wp-content\/uploads\/2026\/08\/pizzaavico2025.jpeg","datePublished":"2026-08-31T08:00:01+00:00","dateModified":"2026-08-31T09:19:19+00:00","breadcrumb":{"@id":"https:\/\/ecampania.it\/magazine\/pizza-a-vico-la-festa-che-lascia-il-segno-scelti-tre-progetti-per-la-comunita\/#breadcrumb"},"inLanguage":"it-IT","potentialAction":[{"@type":"ReadAction","target":["https:\/\/ecampania.it\/magazine\/pizza-a-vico-la-festa-che-lascia-il-segno-scelti-tre-progetti-per-la-comunita\/"]}]},{"@type":"ImageObject","inLanguage":"it-IT","@id":"https:\/\/ecampania.it\/magazine\/pizza-a-vico-la-festa-che-lascia-il-segno-scelti-tre-progetti-per-la-comunita\/#primaryimage","url":"https:\/\/ecampania.it\/magazine\/wp-content\/uploads\/2026\/08\/pizzaavico2025.jpeg","contentUrl":"https:\/\/ecampania.it\/magazine\/wp-content\/uploads\/2026\/08\/pizzaavico2025.jpeg","width":1152,"height":2048},{"@type":"BreadcrumbList","@id":"https:\/\/ecampania.it\/magazine\/pizza-a-vico-la-festa-che-lascia-il-segno-scelti-tre-progetti-per-la-comunita\/#breadcrumb","itemListElement":[{"@type":"ListItem","position":1,"name":"Home","item":"https:\/\/ecampania.it\/magazine\/"},{"@type":"ListItem","position":2,"name":"Pizza a Vico, la festa che lascia il segno: scelti tre progetti per la comunit\u00e0"}]},{"@type":"WebSite","@id":"https:\/\/ecampania.it\/magazine\/#website","url":"https:\/\/ecampania.it\/magazine\/","name":"Ecampania","description":"Il primo portale dedicato al turismo ed alla cultura in Campania","publisher":{"@id":"https:\/\/ecampania.it\/magazine\/#organization"},"potentialAction":[{"@type":"SearchAction","target":{"@type":"EntryPoint","urlTemplate":"https:\/\/ecampania.it\/magazine\/?s={search_term_string}"},"query-input":{"@type":"PropertyValueSpecification","valueRequired":true,"valueName":"search_term_string"}}],"inLanguage":"it-IT"},{"@type":"Organization","@id":"https:\/\/ecampania.it\/magazine\/#organization","name":"Ecampania","url":"https:\/\/ecampania.it\/magazine\/","logo":{"@type":"ImageObject","inLanguage":"it-IT","@id":"https:\/\/ecampania.it\/magazine\/#\/schema\/logo\/image\/","url":"https:\/\/ecampania.it\/magazine\/wp-content\/uploads\/2025\/01\/fb.png","contentUrl":"https:\/\/ecampania.it\/magazine\/wp-content\/uploads\/2025\/01\/fb.png","width":500,"height":500,"caption":"Ecampania"},"image":{"@id":"https:\/\/ecampania.it\/magazine\/#\/schema\/logo\/image\/"},"sameAs":["https:\/\/www.facebook.com\/ecampania.it","https:\/\/www.instagram.com\/ecampania.it\/"]},{"@type":"Person","@id":"https:\/\/ecampania.it\/magazine\/#\/schema\/person\/f259cd7c01428ef3ac5db31dcac5ab70","name":"Redazione","image":{"@type":"ImageObject","inLanguage":"it-IT","@id":"https:\/\/secure.gravatar.com\/avatar\/95816d083b7410def6d31c027c3ddb4f82515f84e68ea358ea75203bfac610a7?s=96&d=mm&r=g","url":"https:\/\/secure.gravatar.com\/avatar\/95816d083b7410def6d31c027c3ddb4f82515f84e68ea358ea75203bfac610a7?s=96&d=mm&r=g","contentUrl":"https:\/\/secure.gravatar.com\/avatar\/95816d083b7410def6d31c027c3ddb4f82515f84e68ea358ea75203bfac610a7?s=96&d=mm&r=g","caption":"Redazione"},"url":"https:\/\/ecampania.it\/magazine\/author\/ecampania\/"}]}},"_links":{"self":[{"href":"https:\/\/ecampania.it\/magazine\/wp-json\/wp\/v2\/posts\/11363","targetHints":{"allow":["GET"]}}],"collection":[{"href":"https:\/\/ecampania.it\/magazine\/wp-json\/wp\/v2\/posts"}],"about":[{"href":"https:\/\/ecampania.it\/magazine\/wp-json\/wp\/v2\/types\/post"}],"author":[{"embeddable":true,"href":"https:\/\/ecampania.it\/magazine\/wp-json\/wp\/v2\/users\/7"}],"replies":[{"embeddable":true,"href":"https:\/\/ecampania.it\/magazine\/wp-json\/wp\/v2\/comments?post=11363"}],"version-history":[{"count":2,"href":"https:\/\/ecampania.it\/magazine\/wp-json\/wp\/v2\/posts\/11363\/revisions"}],"predecessor-version":[{"id":11368,"href":"https:\/\/ecampania.it\/magazine\/wp-json\/wp\/v2\/posts\/11363\/revisions\/11368"}],"wp:featuredmedia":[{"embeddable":true,"href":"https:\/\/ecampania.it\/magazine\/wp-json\/wp\/v2\/media\/11212"}],"wp:attachment":[{"href":"https:\/\/ecampania.it\/magazine\/wp-json\/wp\/v2\/media?parent=11363"}],"wp:term":[{"taxonomy":"category","embeddable":true,"href":"https:\/\/ecampania.it\/magazine\/wp-json\/wp\/v2\/categories?post=11363"},{"taxonomy":"post_tag","embeddable":true,"href":"https:\/\/ecampania.it\/magazine\/wp-json\/wp\/v2\/tags?post=11363"}],"curies":[{"name":"wp","href":"https:\/\/api.w.org\/{rel}","templated":true}]}}