{"id":11374,"date":"2026-09-01T10:12:28","date_gmt":"2026-09-01T08:12:28","guid":{"rendered":"https:\/\/ecampania.it\/magazine\/?p=11374"},"modified":"2026-09-01T10:12:29","modified_gmt":"2026-09-01T08:12:29","slug":"torna-il-wimby-fest-a-caserta","status":"publish","type":"post","link":"https:\/\/ecampania.it\/magazine\/torna-il-wimby-fest-a-caserta\/","title":{"rendered":"Torna il Wimby Fest a Caserta"},"content":{"rendered":"\n<h4 class=\"wp-block-heading\">Tre giorni di mobilitazione, cultura e musica per il riscatto della Terra dei Fuochi\u00a0<\/h4>\n\n\n\n<p class=\"wp-block-paragraph\">Dall&#8217;11 al 13 settembre 2026, la citt\u00e0 di <strong>Caserta <\/strong>torner\u00e0 a essere il cuore pulsante dell\u2019attivismo e della partecipazione sociale con la nuova edizione del Wimby Fest. Nato nel 2023 dal movimento Stop Biocidio e da tante realt\u00e0 e collettivi della Campania per dare voce e dignit\u00e0 alla Terra dei Fuochi, il festival si propone quest\u2019anno come uno spazio di convergenza per tutte le realt\u00e0, i movimenti e i cittadini che non si rassegnano al saccheggio del territorio, ma che costruiscono ogni giorno un&#8217;alternativa dal basso.<br><\/p>\n\n\n\n<p class=\"wp-block-paragraph\">La scelta del luogo di questa edizione ha un valore politico e simbolico straordinario. Il <strong>Wimby Fest <\/strong>si terr\u00e0 infatti all\u2019interno dell&#8217;ex Macrico, oggi Campo Laudato S\u00ec\u2019 (in Piazza IV Novembre). Un&#8217;area centrale per le storiche lotte ambientali della citt\u00e0, che dopo anni di mobilitazioni popolari si apre alla cittadinanza come spazio di condivisione. Attraverso questi tre giorni di festival, le reti territoriali e le organizzazioni che animano il Wimby vogliono riaffermare l&#8217;idea che il futuro del Macrico si scrive insieme, praticando la partecipazione e la rigenerazione collettiva.\u00a0<\/p>\n\n\n\n<p class=\"wp-block-paragraph\">Il programma riflette questa visione: ogni pomeriggio, a partire dalle ore 17:00, l&#8217;ex Macrico si animer\u00e0 con attivit\u00e0, stand di artigiani, giochi per bambini, yoga e meditazione, proiezioni e laboratori a cura delle associazioni del territorio. Si proseguir\u00e0 poi con i dibattiti e poi, ogni sera, ci saranno concerti di musica live che spazieranno tra diversi generi musicali.&nbsp;<\/p>\n\n\n\n<p class=\"wp-block-paragraph\">Il cuore politico del Wimby Fest \u00e8 rappresentato dai 3 dibattiti previsti. Venerd\u00ec si affronter\u00e0 il tema del contrasto alla costruzione dei CPR (Centri di Permanenza per il Rimpatrio), ribadendo il fermo no a queste strutture sia a Castel Volturno che altrove e preparando il terreno verso la manifestazione nazionale che si terr\u00e0 ad ottobre a Castel Volturno. Sabato mattina il dibattito si sposter\u00e0 temporaneamente presso la Biblioteca Diocesana per discutere dei Beni Comuni in movimento, analizzando le vertenze provinciali dall&#8217;ex Macrico al fiume Volturno, fino alla Reggia di Carditello. Nel pomeriggio di sabato, al Campo, si terr\u00e0 un confronto centrale sulla giustizia ambientale e sociale oltre la sentenza CEDU del 2025 su Terra dei Fuochi, per continuare a tracciare percorsi di tutela del territorio. Il festival si concluder\u00e0 domenica con un&#8217;ultima giornata di laboratori e musica.&nbsp;<\/p>\n\n\n\n<p class=\"wp-block-paragraph\">Tutto attorno a noi ci comunica l\u2019urgenza di invertire la rotta sul piano della tutela ambientale: i continui morti per tumore, le citt\u00e0 che bruciano, le valli inondate dai ghiacciai che si sciolgono. Questo significa vite cancellate e territori devastati, ecco perch\u00e9 il risanamento dei territori pu\u00f2 esistere solo insieme al rafforzamento delle nostre comunit\u00e0, anteponendo la solidariet\u00e0 all\u2019emarginazione, il bene comune al profitto. Il Wimby partir\u00e0 quindi anche da queste riflessioni, in una citt\u00e0 come Caserta che negli ultimi anni ha visto 2 persone morire sotto i colpi della violenza e dell\u2019abbandono pi\u00f9 doloroso.&nbsp;&nbsp;<\/p>\n\n\n\n<p class=\"wp-block-paragraph\">L&#8217;ingresso a tutte le iniziative, ai dibattiti e ai concerti \u00e8 completamente gratuito. Il Wimby Fest non \u00e8 solo un evento, ma un invito a fare rete, ad alzare la testa e a riprendersi gli spazi condivisi per scrivere un altro futuro possibile per la nostra terra.&nbsp;<\/p>\n\n\n\n<p class=\"wp-block-paragraph\"><strong>Data:<\/strong> 11, 12 e 13 settembre 2026<br><strong>Luogo:<\/strong> Ex Macrico \/ Campo Laudato S\u00ec\u2019 (Piazza IV Novembre, Caserta) &#8211; <em>Dibattito del sabato mattina presso la Biblioteca Diocesana (Piazza Duomo)<\/em><br><strong>Ingresso:<\/strong> gratuito<br><strong>Contatti:<\/strong> <a href=\"mailto:wimbyfest@gmail.com\" target=\"_blank\" rel=\"noopener\">wimbyfest@gmail.com<\/a><br>Tonia Scarano <a href=\"tel:(334)%20539-4222\" target=\"_blank\" rel=\"noopener\">334 539 4222<\/a><br>Virginia Crovella 3661403238<br>Vincenzo Tosti 338 439 4139<\/p>\n","protected":false},"excerpt":{"rendered":"<p>Tre giorni di mobilitazione, cultura e musica per il riscatto della Terra dei Fuochi\u00a0 Dall&#8217;11 al 13 settembre 2026, la citt\u00e0 di Caserta torner\u00e0 a essere il cuore pulsante dell\u2019attivismo e della partecipazione sociale con la nuova edizione del Wimby Fest. Nato nel 2023 dal movimento Stop Biocidio e da tante realt\u00e0 e collettivi della [&hellip;]<\/p>\n","protected":false},"author":7,"featured_media":11375,"comment_status":"open","ping_status":"open","sticky":false,"template":"","format":"standard","meta":{"jnews-multi-image_gallery":[],"jnews_single_post":{"format":"standard"},"jnews_primary_category":[],"jnews_override_counter":[],"footnotes":""},"categories":[8],"tags":[472,81],"class_list":["post-11374","post","type-post","status-publish","format-standard","has-post-thumbnail","hentry","category-cultura","tag-caserta","tag-cultura"],"yoast_head":"<!-- This site is optimized with the Yoast SEO plugin v28.1 - https:\/\/yoast.com\/product\/yoast-seo-wordpress\/ -->\n<title>Torna il Wimby Fest a Caserta - \u00e8campania<\/title>\n<meta name=\"robots\" content=\"index, follow, max-snippet:-1, max-image-preview:large, max-video-preview:-1\" \/>\n<link rel=\"canonical\" href=\"https:\/\/ecampania.it\/magazine\/torna-il-wimby-fest-a-caserta\/\" \/>\n<meta property=\"og:locale\" content=\"it_IT\" \/>\n<meta property=\"og:type\" content=\"article\" \/>\n<meta property=\"og:title\" content=\"Torna il Wimby Fest a Caserta - \u00e8campania\" \/>\n<meta property=\"og:description\" content=\"Tre giorni di mobilitazione, cultura e musica per il riscatto della Terra dei Fuochi\u00a0 Dall&#8217;11 al 13 settembre 2026, la citt\u00e0 di Caserta torner\u00e0 a essere il cuore pulsante dell\u2019attivismo e della partecipazione sociale con la nuova edizione del Wimby Fest. Nato nel 2023 dal movimento Stop Biocidio e da tante realt\u00e0 e collettivi della [&hellip;]\" \/>\n<meta property=\"og:url\" content=\"https:\/\/ecampania.it\/magazine\/torna-il-wimby-fest-a-caserta\/\" \/>\n<meta property=\"og:site_name\" content=\"\u00e8campania\" \/>\n<meta property=\"article:publisher\" content=\"https:\/\/www.facebook.com\/ecampania.it\" \/>\n<meta property=\"article:published_time\" content=\"2026-09-01T08:12:28+00:00\" \/>\n<meta property=\"article:modified_time\" content=\"2026-09-01T08:12:29+00:00\" \/>\n<meta property=\"og:image\" content=\"https:\/\/ecampania.it\/magazine\/wp-content\/uploads\/2026\/09\/wimbly.png\" \/>\n\t<meta property=\"og:image:width\" content=\"2000\" \/>\n\t<meta property=\"og:image:height\" content=\"2000\" \/>\n\t<meta property=\"og:image:type\" content=\"image\/png\" \/>\n<meta name=\"author\" content=\"Redazione\" \/>\n<meta name=\"twitter:card\" content=\"summary_large_image\" \/>\n<meta name=\"twitter:label1\" content=\"Scritto da\" \/>\n\t<meta name=\"twitter:data1\" content=\"Redazione\" \/>\n\t<meta name=\"twitter:label2\" content=\"Tempo di lettura stimato\" \/>\n\t<meta name=\"twitter:data2\" content=\"4 minuti\" \/>\n<script type=\"application\/ld+json\" class=\"yoast-schema-graph\">{\"@context\":\"https:\\\/\\\/schema.org\",\"@graph\":[{\"@type\":\"Article\",\"@id\":\"https:\\\/\\\/ecampania.it\\\/magazine\\\/torna-il-wimby-fest-a-caserta\\\/#article\",\"isPartOf\":{\"@id\":\"https:\\\/\\\/ecampania.it\\\/magazine\\\/torna-il-wimby-fest-a-caserta\\\/\"},\"author\":{\"name\":\"Redazione\",\"@id\":\"https:\\\/\\\/ecampania.it\\\/magazine\\\/#\\\/schema\\\/person\\\/f259cd7c01428ef3ac5db31dcac5ab70\"},\"headline\":\"Torna il Wimby Fest a Caserta\",\"datePublished\":\"2026-09-01T08:12:28+00:00\",\"dateModified\":\"2026-09-01T08:12:29+00:00\",\"mainEntityOfPage\":{\"@id\":\"https:\\\/\\\/ecampania.it\\\/magazine\\\/torna-il-wimby-fest-a-caserta\\\/\"},\"wordCount\":568,\"commentCount\":0,\"publisher\":{\"@id\":\"https:\\\/\\\/ecampania.it\\\/magazine\\\/#organization\"},\"image\":{\"@id\":\"https:\\\/\\\/ecampania.it\\\/magazine\\\/torna-il-wimby-fest-a-caserta\\\/#primaryimage\"},\"thumbnailUrl\":\"https:\\\/\\\/ecampania.it\\\/magazine\\\/wp-content\\\/uploads\\\/2026\\\/09\\\/wimbly.png\",\"keywords\":[\"caserta\",\"cultura\"],\"articleSection\":[\"Cultura\"],\"inLanguage\":\"it-IT\",\"potentialAction\":[{\"@type\":\"CommentAction\",\"name\":\"Comment\",\"target\":[\"https:\\\/\\\/ecampania.it\\\/magazine\\\/torna-il-wimby-fest-a-caserta\\\/#respond\"]}]},{\"@type\":\"WebPage\",\"@id\":\"https:\\\/\\\/ecampania.it\\\/magazine\\\/torna-il-wimby-fest-a-caserta\\\/\",\"url\":\"https:\\\/\\\/ecampania.it\\\/magazine\\\/torna-il-wimby-fest-a-caserta\\\/\",\"name\":\"Torna il Wimby Fest a Caserta - \u00e8campania\",\"isPartOf\":{\"@id\":\"https:\\\/\\\/ecampania.it\\\/magazine\\\/#website\"},\"primaryImageOfPage\":{\"@id\":\"https:\\\/\\\/ecampania.it\\\/magazine\\\/torna-il-wimby-fest-a-caserta\\\/#primaryimage\"},\"image\":{\"@id\":\"https:\\\/\\\/ecampania.it\\\/magazine\\\/torna-il-wimby-fest-a-caserta\\\/#primaryimage\"},\"thumbnailUrl\":\"https:\\\/\\\/ecampania.it\\\/magazine\\\/wp-content\\\/uploads\\\/2026\\\/09\\\/wimbly.png\",\"datePublished\":\"2026-09-01T08:12:28+00:00\",\"dateModified\":\"2026-09-01T08:12:29+00:00\",\"breadcrumb\":{\"@id\":\"https:\\\/\\\/ecampania.it\\\/magazine\\\/torna-il-wimby-fest-a-caserta\\\/#breadcrumb\"},\"inLanguage\":\"it-IT\",\"potentialAction\":[{\"@type\":\"ReadAction\",\"target\":[\"https:\\\/\\\/ecampania.it\\\/magazine\\\/torna-il-wimby-fest-a-caserta\\\/\"]}]},{\"@type\":\"ImageObject\",\"inLanguage\":\"it-IT\",\"@id\":\"https:\\\/\\\/ecampania.it\\\/magazine\\\/torna-il-wimby-fest-a-caserta\\\/#primaryimage\",\"url\":\"https:\\\/\\\/ecampania.it\\\/magazine\\\/wp-content\\\/uploads\\\/2026\\\/09\\\/wimbly.png\",\"contentUrl\":\"https:\\\/\\\/ecampania.it\\\/magazine\\\/wp-content\\\/uploads\\\/2026\\\/09\\\/wimbly.png\",\"width\":2000,\"height\":2000},{\"@type\":\"BreadcrumbList\",\"@id\":\"https:\\\/\\\/ecampania.it\\\/magazine\\\/torna-il-wimby-fest-a-caserta\\\/#breadcrumb\",\"itemListElement\":[{\"@type\":\"ListItem\",\"position\":1,\"name\":\"Home\",\"item\":\"https:\\\/\\\/ecampania.it\\\/magazine\\\/\"},{\"@type\":\"ListItem\",\"position\":2,\"name\":\"Torna il Wimby Fest a Caserta\"}]},{\"@type\":\"WebSite\",\"@id\":\"https:\\\/\\\/ecampania.it\\\/magazine\\\/#website\",\"url\":\"https:\\\/\\\/ecampania.it\\\/magazine\\\/\",\"name\":\"Ecampania\",\"description\":\"Il primo portale dedicato al turismo ed alla cultura in Campania\",\"publisher\":{\"@id\":\"https:\\\/\\\/ecampania.it\\\/magazine\\\/#organization\"},\"potentialAction\":[{\"@type\":\"SearchAction\",\"target\":{\"@type\":\"EntryPoint\",\"urlTemplate\":\"https:\\\/\\\/ecampania.it\\\/magazine\\\/?s={search_term_string}\"},\"query-input\":{\"@type\":\"PropertyValueSpecification\",\"valueRequired\":true,\"valueName\":\"search_term_string\"}}],\"inLanguage\":\"it-IT\"},{\"@type\":\"Organization\",\"@id\":\"https:\\\/\\\/ecampania.it\\\/magazine\\\/#organization\",\"name\":\"Ecampania\",\"url\":\"https:\\\/\\\/ecampania.it\\\/magazine\\\/\",\"logo\":{\"@type\":\"ImageObject\",\"inLanguage\":\"it-IT\",\"@id\":\"https:\\\/\\\/ecampania.it\\\/magazine\\\/#\\\/schema\\\/logo\\\/image\\\/\",\"url\":\"https:\\\/\\\/ecampania.it\\\/magazine\\\/wp-content\\\/uploads\\\/2025\\\/01\\\/fb.png\",\"contentUrl\":\"https:\\\/\\\/ecampania.it\\\/magazine\\\/wp-content\\\/uploads\\\/2025\\\/01\\\/fb.png\",\"width\":500,\"height\":500,\"caption\":\"Ecampania\"},\"image\":{\"@id\":\"https:\\\/\\\/ecampania.it\\\/magazine\\\/#\\\/schema\\\/logo\\\/image\\\/\"},\"sameAs\":[\"https:\\\/\\\/www.facebook.com\\\/ecampania.it\",\"https:\\\/\\\/www.instagram.com\\\/ecampania.it\\\/\"]},{\"@type\":\"Person\",\"@id\":\"https:\\\/\\\/ecampania.it\\\/magazine\\\/#\\\/schema\\\/person\\\/f259cd7c01428ef3ac5db31dcac5ab70\",\"name\":\"Redazione\",\"image\":{\"@type\":\"ImageObject\",\"inLanguage\":\"it-IT\",\"@id\":\"https:\\\/\\\/secure.gravatar.com\\\/avatar\\\/95816d083b7410def6d31c027c3ddb4f82515f84e68ea358ea75203bfac610a7?s=96&d=mm&r=g\",\"url\":\"https:\\\/\\\/secure.gravatar.com\\\/avatar\\\/95816d083b7410def6d31c027c3ddb4f82515f84e68ea358ea75203bfac610a7?s=96&d=mm&r=g\",\"contentUrl\":\"https:\\\/\\\/secure.gravatar.com\\\/avatar\\\/95816d083b7410def6d31c027c3ddb4f82515f84e68ea358ea75203bfac610a7?s=96&d=mm&r=g\",\"caption\":\"Redazione\"},\"url\":\"https:\\\/\\\/ecampania.it\\\/magazine\\\/author\\\/ecampania\\\/\"}]}<\/script>\n<!-- \/ Yoast SEO plugin. -->","yoast_head_json":{"title":"Torna il Wimby Fest a Caserta - \u00e8campania","robots":{"index":"index","follow":"follow","max-snippet":"max-snippet:-1","max-image-preview":"max-image-preview:large","max-video-preview":"max-video-preview:-1"},"canonical":"https:\/\/ecampania.it\/magazine\/torna-il-wimby-fest-a-caserta\/","og_locale":"it_IT","og_type":"article","og_title":"Torna il Wimby Fest a Caserta - \u00e8campania","og_description":"Tre giorni di mobilitazione, cultura e musica per il riscatto della Terra dei Fuochi\u00a0 Dall&#8217;11 al 13 settembre 2026, la citt\u00e0 di Caserta torner\u00e0 a essere il cuore pulsante dell\u2019attivismo e della partecipazione sociale con la nuova edizione del Wimby Fest. Nato nel 2023 dal movimento Stop Biocidio e da tante realt\u00e0 e collettivi della [&hellip;]","og_url":"https:\/\/ecampania.it\/magazine\/torna-il-wimby-fest-a-caserta\/","og_site_name":"\u00e8campania","article_publisher":"https:\/\/www.facebook.com\/ecampania.it","article_published_time":"2026-09-01T08:12:28+00:00","article_modified_time":"2026-09-01T08:12:29+00:00","og_image":[{"width":2000,"height":2000,"url":"https:\/\/ecampania.it\/magazine\/wp-content\/uploads\/2026\/09\/wimbly.png","type":"image\/png"}],"author":"Redazione","twitter_card":"summary_large_image","twitter_misc":{"Scritto da":"Redazione","Tempo di lettura stimato":"4 minuti"},"schema":{"@context":"https:\/\/schema.org","@graph":[{"@type":"Article","@id":"https:\/\/ecampania.it\/magazine\/torna-il-wimby-fest-a-caserta\/#article","isPartOf":{"@id":"https:\/\/ecampania.it\/magazine\/torna-il-wimby-fest-a-caserta\/"},"author":{"name":"Redazione","@id":"https:\/\/ecampania.it\/magazine\/#\/schema\/person\/f259cd7c01428ef3ac5db31dcac5ab70"},"headline":"Torna il Wimby Fest a Caserta","datePublished":"2026-09-01T08:12:28+00:00","dateModified":"2026-09-01T08:12:29+00:00","mainEntityOfPage":{"@id":"https:\/\/ecampania.it\/magazine\/torna-il-wimby-fest-a-caserta\/"},"wordCount":568,"commentCount":0,"publisher":{"@id":"https:\/\/ecampania.it\/magazine\/#organization"},"image":{"@id":"https:\/\/ecampania.it\/magazine\/torna-il-wimby-fest-a-caserta\/#primaryimage"},"thumbnailUrl":"https:\/\/ecampania.it\/magazine\/wp-content\/uploads\/2026\/09\/wimbly.png","keywords":["caserta","cultura"],"articleSection":["Cultura"],"inLanguage":"it-IT","potentialAction":[{"@type":"CommentAction","name":"Comment","target":["https:\/\/ecampania.it\/magazine\/torna-il-wimby-fest-a-caserta\/#respond"]}]},{"@type":"WebPage","@id":"https:\/\/ecampania.it\/magazine\/torna-il-wimby-fest-a-caserta\/","url":"https:\/\/ecampania.it\/magazine\/torna-il-wimby-fest-a-caserta\/","name":"Torna il Wimby Fest a Caserta - \u00e8campania","isPartOf":{"@id":"https:\/\/ecampania.it\/magazine\/#website"},"primaryImageOfPage":{"@id":"https:\/\/ecampania.it\/magazine\/torna-il-wimby-fest-a-caserta\/#primaryimage"},"image":{"@id":"https:\/\/ecampania.it\/magazine\/torna-il-wimby-fest-a-caserta\/#primaryimage"},"thumbnailUrl":"https:\/\/ecampania.it\/magazine\/wp-content\/uploads\/2026\/09\/wimbly.png","datePublished":"2026-09-01T08:12:28+00:00","dateModified":"2026-09-01T08:12:29+00:00","breadcrumb":{"@id":"https:\/\/ecampania.it\/magazine\/torna-il-wimby-fest-a-caserta\/#breadcrumb"},"inLanguage":"it-IT","potentialAction":[{"@type":"ReadAction","target":["https:\/\/ecampania.it\/magazine\/torna-il-wimby-fest-a-caserta\/"]}]},{"@type":"ImageObject","inLanguage":"it-IT","@id":"https:\/\/ecampania.it\/magazine\/torna-il-wimby-fest-a-caserta\/#primaryimage","url":"https:\/\/ecampania.it\/magazine\/wp-content\/uploads\/2026\/09\/wimbly.png","contentUrl":"https:\/\/ecampania.it\/magazine\/wp-content\/uploads\/2026\/09\/wimbly.png","width":2000,"height":2000},{"@type":"BreadcrumbList","@id":"https:\/\/ecampania.it\/magazine\/torna-il-wimby-fest-a-caserta\/#breadcrumb","itemListElement":[{"@type":"ListItem","position":1,"name":"Home","item":"https:\/\/ecampania.it\/magazine\/"},{"@type":"ListItem","position":2,"name":"Torna il Wimby Fest a Caserta"}]},{"@type":"WebSite","@id":"https:\/\/ecampania.it\/magazine\/#website","url":"https:\/\/ecampania.it\/magazine\/","name":"Ecampania","description":"Il primo portale dedicato al turismo ed alla cultura in Campania","publisher":{"@id":"https:\/\/ecampania.it\/magazine\/#organization"},"potentialAction":[{"@type":"SearchAction","target":{"@type":"EntryPoint","urlTemplate":"https:\/\/ecampania.it\/magazine\/?s={search_term_string}"},"query-input":{"@type":"PropertyValueSpecification","valueRequired":true,"valueName":"search_term_string"}}],"inLanguage":"it-IT"},{"@type":"Organization","@id":"https:\/\/ecampania.it\/magazine\/#organization","name":"Ecampania","url":"https:\/\/ecampania.it\/magazine\/","logo":{"@type":"ImageObject","inLanguage":"it-IT","@id":"https:\/\/ecampania.it\/magazine\/#\/schema\/logo\/image\/","url":"https:\/\/ecampania.it\/magazine\/wp-content\/uploads\/2025\/01\/fb.png","contentUrl":"https:\/\/ecampania.it\/magazine\/wp-content\/uploads\/2025\/01\/fb.png","width":500,"height":500,"caption":"Ecampania"},"image":{"@id":"https:\/\/ecampania.it\/magazine\/#\/schema\/logo\/image\/"},"sameAs":["https:\/\/www.facebook.com\/ecampania.it","https:\/\/www.instagram.com\/ecampania.it\/"]},{"@type":"Person","@id":"https:\/\/ecampania.it\/magazine\/#\/schema\/person\/f259cd7c01428ef3ac5db31dcac5ab70","name":"Redazione","image":{"@type":"ImageObject","inLanguage":"it-IT","@id":"https:\/\/secure.gravatar.com\/avatar\/95816d083b7410def6d31c027c3ddb4f82515f84e68ea358ea75203bfac610a7?s=96&d=mm&r=g","url":"https:\/\/secure.gravatar.com\/avatar\/95816d083b7410def6d31c027c3ddb4f82515f84e68ea358ea75203bfac610a7?s=96&d=mm&r=g","contentUrl":"https:\/\/secure.gravatar.com\/avatar\/95816d083b7410def6d31c027c3ddb4f82515f84e68ea358ea75203bfac610a7?s=96&d=mm&r=g","caption":"Redazione"},"url":"https:\/\/ecampania.it\/magazine\/author\/ecampania\/"}]}},"_links":{"self":[{"href":"https:\/\/ecampania.it\/magazine\/wp-json\/wp\/v2\/posts\/11374","targetHints":{"allow":["GET"]}}],"collection":[{"href":"https:\/\/ecampania.it\/magazine\/wp-json\/wp\/v2\/posts"}],"about":[{"href":"https:\/\/ecampania.it\/magazine\/wp-json\/wp\/v2\/types\/post"}],"author":[{"embeddable":true,"href":"https:\/\/ecampania.it\/magazine\/wp-json\/wp\/v2\/users\/7"}],"replies":[{"embeddable":true,"href":"https:\/\/ecampania.it\/magazine\/wp-json\/wp\/v2\/comments?post=11374"}],"version-history":[{"count":1,"href":"https:\/\/ecampania.it\/magazine\/wp-json\/wp\/v2\/posts\/11374\/revisions"}],"predecessor-version":[{"id":11376,"href":"https:\/\/ecampania.it\/magazine\/wp-json\/wp\/v2\/posts\/11374\/revisions\/11376"}],"wp:featuredmedia":[{"embeddable":true,"href":"https:\/\/ecampania.it\/magazine\/wp-json\/wp\/v2\/media\/11375"}],"wp:attachment":[{"href":"https:\/\/ecampania.it\/magazine\/wp-json\/wp\/v2\/media?parent=11374"}],"wp:term":[{"taxonomy":"category","embeddable":true,"href":"https:\/\/ecampania.it\/magazine\/wp-json\/wp\/v2\/categories?post=11374"},{"taxonomy":"post_tag","embeddable":true,"href":"https:\/\/ecampania.it\/magazine\/wp-json\/wp\/v2\/tags?post=11374"}],"curies":[{"name":"wp","href":"https:\/\/api.w.org\/{rel}","templated":true}]}}