{"id":11387,"date":"2026-09-01T12:58:49","date_gmt":"2026-09-01T10:58:49","guid":{"rendered":"https:\/\/ecampania.it\/magazine\/?p=11387"},"modified":"2026-09-01T16:17:15","modified_gmt":"2026-09-01T14:17:15","slug":"atmosfere-medievali-gli-eventi-da-non-perdere-in-campania","status":"publish","type":"post","link":"https:\/\/ecampania.it\/magazine\/atmosfere-medievali-gli-eventi-da-non-perdere-in-campania\/","title":{"rendered":"Atmosfere Medievali: gli eventi da non perdere in Campania"},"content":{"rendered":"\n<h4 class=\"wp-block-heading\">Un viaggio nella storia e nei borghi tra castelli, rievocazioni, tornei e abiti d&#8217;epoca<\/h4>\n\n\n\n<p class=\"wp-block-paragraph\">Ci sono luoghi in cui il Medioevo non \u00e8 soltanto una pagina nei libri di storia, ma un tempo che, per qualche giorno all\u2019anno, torna a prendere forma. In Campania basta attraversare le porte di un castello, seguire il suono di un tamburo o incontrare un corteo in abiti d\u2019epoca per lasciarsi alle spalle il presente e ritrovarsi tra dame e cavalieri, mercanti, giullari e antiche tradizioni.<\/p>\n\n\n\n<p class=\"wp-block-paragraph\">Ed \u00e8 cos\u00ec che il Medioevo torna in scena attraverso rievocazioni storiche, cortei in costume, tornei, feste popolari e appuntamenti ospitati tra castelli e borghi antichi. Un calendario di eventi che trasforma alcuni dei luoghi pi\u00f9 suggestivi della regione, in scenari d\u2019altri tempi, riportando al centro tradizioni, personaggi e atmosfere del passato.<\/p>\n\n\n\n<h4 class=\"wp-block-heading\"><strong>Casali di Roccapiemonte (SA) Fera Nova dal Secolo Scorso &#8211; 4\/6 Settembre<\/strong><\/h4>\n\n\n\n<p class=\"wp-block-paragraph\">Il 4, 5 e 6 settembre, Casali di Roccapiemonte torna a vivere le atmosfere, i colori e le tradizioni del Medioevo. Sapori antichi, mercato medievale, corteo storico, Giostra delle Contrade, spettacoli, arti e mestieri accompagneranno il pubblico in un viaggio nella storia, tra tradizione, identit\u00e0 e suggestioni senza tempo. Tre giorni per riscoprire il fascino di un\u2019epoca e vivere insieme una delle tradizioni pi\u00f9 sentite del territorio.<\/p>\n\n\n\n<figure class=\"wp-block-image size-large\"><img fetchpriority=\"high\" decoding=\"async\" width=\"1024\" height=\"1021\" src=\"https:\/\/ecampania.it\/magazine\/wp-content\/uploads\/2026\/08\/FB_IMG_1788017721565-1024x1021.jpg\" alt=\"\" class=\"wp-image-11359\" srcset=\"https:\/\/ecampania.it\/magazine\/wp-content\/uploads\/2026\/08\/FB_IMG_1788017721565-1024x1021.jpg 1024w, https:\/\/ecampania.it\/magazine\/wp-content\/uploads\/2026\/08\/FB_IMG_1788017721565-300x300.jpg 300w, https:\/\/ecampania.it\/magazine\/wp-content\/uploads\/2026\/08\/FB_IMG_1788017721565-150x150.jpg 150w, https:\/\/ecampania.it\/magazine\/wp-content\/uploads\/2026\/08\/FB_IMG_1788017721565-768x766.jpg 768w, https:\/\/ecampania.it\/magazine\/wp-content\/uploads\/2026\/08\/FB_IMG_1788017721565-75x75.jpg 75w, https:\/\/ecampania.it\/magazine\/wp-content\/uploads\/2026\/08\/FB_IMG_1788017721565-350x350.jpg 350w, https:\/\/ecampania.it\/magazine\/wp-content\/uploads\/2026\/08\/FB_IMG_1788017721565-750x748.jpg 750w, https:\/\/ecampania.it\/magazine\/wp-content\/uploads\/2026\/08\/FB_IMG_1788017721565.jpg 1080w\" sizes=\"(max-width: 1024px) 100vw, 1024px\" \/><\/figure>\n\n\n\n<h4 class=\"wp-block-heading\"><strong>Cassano Irpino (AV) Ritorno al Medioevo &#8211; 19\/20 Settembre<\/strong><\/h4>\n\n\n\n<p class=\"wp-block-paragraph\">Il 19 e 20 settembre,&nbsp;<strong>Cassano Irpino&nbsp;<\/strong>si trasforma per due giorni tra cortei, personaggi, spettacoli e antiche atmosfere. Ma dietro tutto questo c\u2019\u00e8 una storia vera: quella di&nbsp;<strong>Gubitosa<\/strong>&nbsp;<strong>De Aquino<\/strong>, la donna che sfid\u00f2 il potere per difendere le acque e il suo popolo. Questo \u00e8 solo l\u2019inizio. Perch\u00e9 tra poche settimane quella storia torner\u00e0 a vivere davanti ai tuoi occhi. Per due giorni il borgo si trasforma: cortei, figuranti, cavalieri, combattimenti, falconeria, antichi mestieri, sapori e spettacoli tra le sue strade.<br>Scopri tutto quello che potrai vivere al&nbsp;<strong>Ritorno al Medioevo<\/strong>.<\/p>\n\n\n\n<figure class=\"wp-block-image size-full\"><img decoding=\"async\" width=\"828\" height=\"315\" src=\"https:\/\/ecampania.it\/magazine\/wp-content\/uploads\/2026\/09\/ritorno-al-medioevo.jpg\" alt=\"\" class=\"wp-image-11378\" srcset=\"https:\/\/ecampania.it\/magazine\/wp-content\/uploads\/2026\/09\/ritorno-al-medioevo.jpg 828w, https:\/\/ecampania.it\/magazine\/wp-content\/uploads\/2026\/09\/ritorno-al-medioevo-300x114.jpg 300w, https:\/\/ecampania.it\/magazine\/wp-content\/uploads\/2026\/09\/ritorno-al-medioevo-768x292.jpg 768w, https:\/\/ecampania.it\/magazine\/wp-content\/uploads\/2026\/09\/ritorno-al-medioevo-750x285.jpg 750w\" sizes=\"(max-width: 828px) 100vw, 828px\" \/><\/figure>\n\n\n\n<h4 class=\"wp-block-heading\"><strong>Montesarchio (BN) Giorni al Borgo &#8211; 4\/6 Settembre<\/strong><\/h4>\n\n\n\n<p class=\"wp-block-paragraph\">Montesarchio, tre giorni tra storia, cultura e tradizioni. Dal 4 al 6 settembre 2026 il centro storico di Montesarchio, nel Beneventano, ospita \u201c<strong>Giorni al Borgo 2026<\/strong>\u201d, manifestazione dedicata alla valorizzazione del patrimonio storico e culturale del territorio. Per tre giornate il borgo sar\u00e0 animato da un programma che unisce rievocazioni storiche, spettacoli dal vivo, musica, artigianato ed enogastronomia. Il percorso si svilupper\u00e0 attraverso tre aree tematiche dedicate alla storia, offrendo ai visitatori un\u2019occasione per riscoprire luoghi, tradizioni e identit\u00e0 della comunit\u00e0. Non mancheranno mercatini ed espositori artigianali, proposte di street food e attivit\u00e0 rivolte ai bambini, con laboratori pensati per avvicinare le nuove generazioni alla cultura del territorio.<\/p>\n\n\n\n<figure class=\"wp-block-image size-large\"><img decoding=\"async\" width=\"1024\" height=\"536\" src=\"https:\/\/ecampania.it\/magazine\/wp-content\/uploads\/2026\/09\/montesarchio-1024x536.jpg\" alt=\"\" class=\"wp-image-11390\" srcset=\"https:\/\/ecampania.it\/magazine\/wp-content\/uploads\/2026\/09\/montesarchio-1024x536.jpg 1024w, https:\/\/ecampania.it\/magazine\/wp-content\/uploads\/2026\/09\/montesarchio-768x402.jpg 768w, https:\/\/ecampania.it\/magazine\/wp-content\/uploads\/2026\/09\/montesarchio-750x392.jpg 750w, https:\/\/ecampania.it\/magazine\/wp-content\/uploads\/2026\/09\/montesarchio.jpg 1140w\" sizes=\"(max-width: 1024px) 100vw, 1024px\" \/><\/figure>\n\n\n\n<h4 class=\"wp-block-heading\"><strong>Montemiletto (AV) Si Qua Fata Sinant &#8211; 4\/6 Settembre<\/strong><\/h4>\n\n\n\n<p class=\"wp-block-paragraph\">Un tuffo indietro nel tempo tra le rue e le piazze in pietra di&nbsp;Montemiletto: artisti di strada, giullari, trombonieri e sputafuoco sono pronti ad accendere la magia della decima edizione di<em>&nbsp;Si Qua Fata Sinant<\/em>. Tre giorni intensi di cultura, arte ed emozioni che coinvolgeranno i presenti dal&nbsp;4 al 6 settembre&nbsp;e li catapulteranno nell\u2019epoca medievale. L\u2019evento avr\u00e0 inizio il&nbsp;4 settembre&nbsp;alle<em>&nbsp;19:00<\/em>&nbsp;con il grande corteo in costumi d\u2019epoca per le strade del paese al quale seguiranno una serie di spettacoli in due punti caratteristici del borgo, la&nbsp;piazza del castello&nbsp;e il&nbsp;belvedere. I momenti pi\u00f9 significativi ed importanti di questa rievocazione sono per\u00f2&nbsp;l\u2019incendio del castello e la battaglia ai suoi piedi&nbsp;che avranno luogo invece il&nbsp;5 settembre&nbsp;alle ore&nbsp;<em>23:30<\/em>, facendo rivivere ai presenti ai reali avvenimenti del 1419. Ma la storia non si conosce solo tramite spettacoli e racconti, ma si guasta anche attraverso la tavola: \u00e8 stato pensato per l\u2019occasione un<strong>&nbsp;men\u00f9 fisso e complet<\/strong>o che permetter\u00e0 di effettuare proprio viaggio attraverso i sapori e trasformare tutti veri cavalieri. E\u2019 previsto per domenica<strong>&nbsp;6 settembre<\/strong>&nbsp;alle<em>&nbsp;13:00<\/em>, Il consueto pranzo all\u2019ombra del castello. I posti a sedere sono per\u00f2 limitati e le prenotazioni sono aperte fino al<strong>&nbsp;2 settembre<\/strong>&nbsp;ed \u00e8 possibile prenotare un tavolo chiamando o mandando un messaggio ai numeri: 345 426 9860 (Ivano) e 345 797 4510 (Tomas). <strong>Un\u2019attenzione particolare anche ai pi\u00f9 piccoli<\/strong>&nbsp;per i quali sono previsti laboratori creativi a misura di bambino nei quali si imparer\u00e0 a costruire le \ud835\uddf3\ud835\ude02\ud835\uddfb\ud835\uddf6\ud835\uddf0\ud835\uddf2\ud835\uddf9\ud835\uddf9\ud835\uddf2 medievali. i laboratori sono previsti il 4 e il 5 settembre e i posti sono disponibili fino ad esaurimento scorte. Per le prenotazioni contattare il seguente numero: 389 945 7596. <\/p>\n\n\n\n<figure class=\"wp-block-gallery has-nested-images columns-default is-cropped wp-block-gallery-1 is-layout-flex wp-block-gallery-is-layout-flex\">\n<figure class=\"wp-block-image size-large\"><img loading=\"lazy\" decoding=\"async\" width=\"1024\" height=\"1024\" data-id=\"11337\" src=\"https:\/\/ecampania.it\/magazine\/wp-content\/uploads\/2026\/08\/montemiletto-3-1024x1024.jpg\" alt=\"\" class=\"wp-image-11337\" srcset=\"https:\/\/ecampania.it\/magazine\/wp-content\/uploads\/2026\/08\/montemiletto-3-1024x1024.jpg 1024w, https:\/\/ecampania.it\/magazine\/wp-content\/uploads\/2026\/08\/montemiletto-3-300x300.jpg 300w, https:\/\/ecampania.it\/magazine\/wp-content\/uploads\/2026\/08\/montemiletto-3-150x150.jpg 150w, https:\/\/ecampania.it\/magazine\/wp-content\/uploads\/2026\/08\/montemiletto-3-768x768.jpg 768w, https:\/\/ecampania.it\/magazine\/wp-content\/uploads\/2026\/08\/montemiletto-3-1536x1536.jpg 1536w, https:\/\/ecampania.it\/magazine\/wp-content\/uploads\/2026\/08\/montemiletto-3-75x75.jpg 75w, https:\/\/ecampania.it\/magazine\/wp-content\/uploads\/2026\/08\/montemiletto-3-350x350.jpg 350w, https:\/\/ecampania.it\/magazine\/wp-content\/uploads\/2026\/08\/montemiletto-3-750x750.jpg 750w, https:\/\/ecampania.it\/magazine\/wp-content\/uploads\/2026\/08\/montemiletto-3-1140x1140.jpg 1140w, https:\/\/ecampania.it\/magazine\/wp-content\/uploads\/2026\/08\/montemiletto-3.jpg 2048w\" sizes=\"(max-width: 1024px) 100vw, 1024px\" \/><\/figure>\n\n\n\n<figure class=\"wp-block-image size-large\"><img loading=\"lazy\" decoding=\"async\" width=\"1024\" height=\"1024\" data-id=\"11336\" src=\"https:\/\/ecampania.it\/magazine\/wp-content\/uploads\/2026\/08\/montemiletto-2-1024x1024.jpg\" alt=\"\" class=\"wp-image-11336\" srcset=\"https:\/\/ecampania.it\/magazine\/wp-content\/uploads\/2026\/08\/montemiletto-2-1024x1024.jpg 1024w, https:\/\/ecampania.it\/magazine\/wp-content\/uploads\/2026\/08\/montemiletto-2-300x300.jpg 300w, https:\/\/ecampania.it\/magazine\/wp-content\/uploads\/2026\/08\/montemiletto-2-150x150.jpg 150w, https:\/\/ecampania.it\/magazine\/wp-content\/uploads\/2026\/08\/montemiletto-2-768x768.jpg 768w, https:\/\/ecampania.it\/magazine\/wp-content\/uploads\/2026\/08\/montemiletto-2-1536x1536.jpg 1536w, https:\/\/ecampania.it\/magazine\/wp-content\/uploads\/2026\/08\/montemiletto-2-75x75.jpg 75w, https:\/\/ecampania.it\/magazine\/wp-content\/uploads\/2026\/08\/montemiletto-2-350x350.jpg 350w, https:\/\/ecampania.it\/magazine\/wp-content\/uploads\/2026\/08\/montemiletto-2-750x750.jpg 750w, https:\/\/ecampania.it\/magazine\/wp-content\/uploads\/2026\/08\/montemiletto-2-1140x1140.jpg 1140w, https:\/\/ecampania.it\/magazine\/wp-content\/uploads\/2026\/08\/montemiletto-2.jpg 2048w\" sizes=\"(max-width: 1024px) 100vw, 1024px\" \/><\/figure>\n<\/figure>\n\n\n\n<h4 class=\"wp-block-heading\"><strong>San Marzano sul Sarno (SA) &#8211; Il Palio del Santo &#8211; 6\/18 Settembre <\/strong><\/h4>\n\n\n\n<p class=\"wp-block-paragraph\"><strong>San Marzano sul Sarno<\/strong>&nbsp;si prepara a vivere i giorni dedicati a&nbsp;<strong>San Biagio Vescovo e Martire<\/strong>, patrono della comunit\u00e0 parrocchiale, con una nuova edizione de \u201cIl Palio del Santo\u201d, manifestazione inserita nel programma della festa patronale. Gli appuntamenti sono in programma&nbsp;<strong>dal 6 al 18 settembre 2026<\/strong>, con eventi che coinvolgeranno piazze e spazi cittadini attraverso momenti religiosi, giochi e iniziative di intrattenimento. Ad aprire il calendario sar\u00e0&nbsp;<strong>domenica 6 settembre<\/strong>, alle 19, la benedizione degli scudi in piazza Umberto I, appuntamento che dar\u00e0 ufficialmente il via alle celebrazioni. La manifestazione entrer\u00e0 nel vivo&nbsp;<strong>venerd\u00ec 11 settembre<\/strong>, alle 20.30, sempre in piazza Umberto I, con la manifestazione di apertura. A seguire saranno coinvolte alcune attivit\u00e0 del territorio: Alla Vecchia Botte, Il Panettiere e Ricordi. Spazio ai pi\u00f9 giovani domenica&nbsp;<strong>13 settembre<\/strong>, alle 10.30, con i Giochi Junior, in programma in piazza Umberto I. All\u2019iniziativa partecipano Supermercati Premium di Luigi Russo e Gelateria Unica. Il programma proseguir\u00e0 mercoled\u00ec&nbsp;<strong>16 settembre<\/strong>, alle 20.30, al Parco Urbano, con il tradizionale tiro alla fune. Tra le realt\u00e0 coinvolte figurano Masseria D\u2019Avino, Il Panettiere e Alla Vecchia Botte.<\/p>\n\n\n\n<figure class=\"wp-block-gallery has-nested-images columns-default is-cropped wp-block-gallery-2 is-layout-flex wp-block-gallery-is-layout-flex\">\n<figure class=\"wp-block-image size-full\"><img loading=\"lazy\" decoding=\"async\" width=\"960\" height=\"540\" data-id=\"11327\" src=\"https:\/\/ecampania.it\/magazine\/wp-content\/uploads\/2026\/08\/palio-sanbiagio.jpg\" alt=\"\" class=\"wp-image-11327\" srcset=\"https:\/\/ecampania.it\/magazine\/wp-content\/uploads\/2026\/08\/palio-sanbiagio.jpg 960w, https:\/\/ecampania.it\/magazine\/wp-content\/uploads\/2026\/08\/palio-sanbiagio-300x169.jpg 300w, https:\/\/ecampania.it\/magazine\/wp-content\/uploads\/2026\/08\/palio-sanbiagio-768x432.jpg 768w, https:\/\/ecampania.it\/magazine\/wp-content\/uploads\/2026\/08\/palio-sanbiagio-750x422.jpg 750w\" sizes=\"(max-width: 960px) 100vw, 960px\" \/><\/figure>\n<\/figure>\n\n\n\n<h4 class=\"wp-block-heading\"><strong>Somma Vesuviana (NA) Il Palio &#8211; 11\/13 Settembre<\/strong><\/h4>\n\n\n\n<p class=\"wp-block-paragraph\">La storia di Somma Vesuviana torna a risplendere. Un tuffo nel tempo dove l\u2019impossibile diventa realt\u00e0: venerd\u00ec 11 settembre 2026&nbsp;<strong>il Palio di Somma&nbsp;<\/strong>si accende con&nbsp;<strong>La prima Serata della Meraviglia<\/strong>, una notte da sogno pensata per incantare i bambini e far tornare piccini anche i grandi. Sasselles Show, la rinomata compagnia circense di artisti di strada vi trasporter\u00e0 in un\u2019atmosfera medievale tra acrobazie mozzafiato; Parco Giochi Diffuso, il centro storico si trasforma in un grande spazio a cielo aperto; Musica Tradizionale dal Balcone; Fiabe e Racconti del Vesuvio; Gastronomia &amp; Street Food. Il 12 settembre \u201c<strong>Apriti Cielo: riti, giochi e meraviglie<\/strong>\u201c, la grande serata della Rievocazione Storica.<\/p>\n\n\n\n<figure class=\"wp-block-image size-large\"><img loading=\"lazy\" decoding=\"async\" width=\"1024\" height=\"742\" src=\"https:\/\/ecampania.it\/magazine\/wp-content\/uploads\/2026\/08\/somma-vesuviana-1024x742.jpg\" alt=\"\" class=\"wp-image-11346\" srcset=\"https:\/\/ecampania.it\/magazine\/wp-content\/uploads\/2026\/08\/somma-vesuviana-1024x742.jpg 1024w, https:\/\/ecampania.it\/magazine\/wp-content\/uploads\/2026\/08\/somma-vesuviana-300x217.jpg 300w, https:\/\/ecampania.it\/magazine\/wp-content\/uploads\/2026\/08\/somma-vesuviana-768x556.jpg 768w, https:\/\/ecampania.it\/magazine\/wp-content\/uploads\/2026\/08\/somma-vesuviana-120x86.jpg 120w, https:\/\/ecampania.it\/magazine\/wp-content\/uploads\/2026\/08\/somma-vesuviana-750x543.jpg 750w, https:\/\/ecampania.it\/magazine\/wp-content\/uploads\/2026\/08\/somma-vesuviana-1140x826.jpg 1140w, https:\/\/ecampania.it\/magazine\/wp-content\/uploads\/2026\/08\/somma-vesuviana.jpg 1215w\" sizes=\"(max-width: 1024px) 100vw, 1024px\" \/><\/figure>\n\n\n\n<h4 class=\"wp-block-heading\"><strong>Sant&#8217;Egidio del Monte Albino (SA) I Cortili della Storia &#8211; 19\/20 Settembre<\/strong><\/h4>\n\n\n\n<p class=\"wp-block-paragraph\">La storia continua nel borgo salernitano e quest\u2019anno sar\u00e0 ancora pi\u00f9 speciale. Nel 2026 I Cortili della Storia raggiungono un traguardo straordinario: la 30a edizione. Trent\u2019anni di tradizione, passione e comunit\u00e0. Trent\u2019anni di dame e cavalieri, cortei, spettacoli, antichi mestieri, musica e sapori del nostro territorio. E ora \u00e8 tempo di scrivere un nuovo capitolo.\u00a0<\/p>\n\n\n\n<p class=\"wp-block-paragraph\">Sabato 19 Settembre ore 20:00: Apertura e visita ai cortili del Centro Storico. Musiche e danze medievali e degustazioni di prodotti tipici. Fiera delle arti e mestieri e dei giochi medievali. Esibizione falconieri, incantatore dei serpenti, giullari, mangiafuoco e acrobazie. Combattimenti all`arma bianca. Spettacolo della condanna al patibolo. Sagrato Abbazia \u2013 \u201cStreghe \u2013 Bestiari Medievali\u201d (a cura della compagnia \u201cTeatrogrimaldello\u201d). Palazzo Ferraioli della Fontana \u2013 Giochi Medievali.<\/p>\n\n\n\n<p class=\"wp-block-paragraph\">Domenica 20 Settembre ore 11:30: Mercato medievale presso la Corte di Palazzo Ferraioli della Fontana. Esibizione dell\u2019 incantatore dei serpenti e dei Falconieri. Esibizione di giullari con acrobazie e mangiafuoco. Combattimenti all\u2019arma bianca. Degustazione di pietanze tipiche. Ore 17:30: Partenza del Corteo dei figuranti da Piazza Municipio; ore 18:00: Arrivo dei figuranti alla chiesa di Maria SS. delle Grazie; ore 19:00: Arrivo dei figuranti all\u2019abbazia di Santa Maria Maddalena; Rievocazione Storica degli eletti dell\u2019antica Universit\u00e0 di Sant\u2019Egidio; ore 20:00: Apertura e visita ai cortili del Centro Storico.<\/p>\n\n\n\n<figure class=\"wp-block-image size-large\"><img loading=\"lazy\" decoding=\"async\" width=\"1024\" height=\"577\" src=\"https:\/\/ecampania.it\/magazine\/wp-content\/uploads\/2026\/09\/santegidio-1024x577.jpg\" alt=\"\" class=\"wp-image-11410\" srcset=\"https:\/\/ecampania.it\/magazine\/wp-content\/uploads\/2026\/09\/santegidio-1024x577.jpg 1024w, https:\/\/ecampania.it\/magazine\/wp-content\/uploads\/2026\/09\/santegidio-300x169.jpg 300w, https:\/\/ecampania.it\/magazine\/wp-content\/uploads\/2026\/09\/santegidio-767x432.jpg 767w, https:\/\/ecampania.it\/magazine\/wp-content\/uploads\/2026\/09\/santegidio-750x422.jpg 750w, https:\/\/ecampania.it\/magazine\/wp-content\/uploads\/2026\/09\/santegidio-1140x641.jpg 1140w, https:\/\/ecampania.it\/magazine\/wp-content\/uploads\/2026\/09\/santegidio.jpg 1364w\" sizes=\"(max-width: 1024px) 100vw, 1024px\" \/><\/figure>\n","protected":false},"excerpt":{"rendered":"<p>Un viaggio nella storia e nei borghi tra castelli, rievocazioni, tornei e abiti d&#8217;epoca Ci sono luoghi in cui il Medioevo non \u00e8 soltanto una pagina nei libri di storia, ma un tempo che, per qualche giorno all\u2019anno, torna a prendere forma. In Campania basta attraversare le porte di un castello, seguire il suono di [&hellip;]<\/p>\n","protected":false},"author":5,"featured_media":11401,"comment_status":"open","ping_status":"open","sticky":false,"template":"","format":"standard","meta":{"jnews-multi-image_gallery":[],"jnews_single_post":{"format":"standard"},"jnews_primary_category":[],"jnews_override_counter":[],"footnotes":""},"categories":[8,7],"tags":[305,136,28,244],"class_list":["post-11387","post","type-post","status-publish","format-standard","has-post-thumbnail","hentry","category-cultura","category-eventi","tag-eventi","tag-medioevo","tag-prima","tag-storia"],"yoast_head":"<!-- This site is optimized with the Yoast SEO plugin v28.1 - https:\/\/yoast.com\/product\/yoast-seo-wordpress\/ -->\n<title>Atmosfere Medievali: gli eventi da non perdere in Campania - \u00e8campania<\/title>\n<meta name=\"robots\" content=\"index, follow, max-snippet:-1, max-image-preview:large, max-video-preview:-1\" \/>\n<link rel=\"canonical\" href=\"https:\/\/ecampania.it\/magazine\/atmosfere-medievali-gli-eventi-da-non-perdere-in-campania\/\" \/>\n<meta property=\"og:locale\" content=\"it_IT\" \/>\n<meta property=\"og:type\" content=\"article\" \/>\n<meta property=\"og:title\" content=\"Atmosfere Medievali: gli eventi da non perdere in Campania - \u00e8campania\" \/>\n<meta property=\"og:description\" content=\"Un viaggio nella storia e nei borghi tra castelli, rievocazioni, tornei e abiti d&#8217;epoca Ci sono luoghi in cui il Medioevo non \u00e8 soltanto una pagina nei libri di storia, ma un tempo che, per qualche giorno all\u2019anno, torna a prendere forma. In Campania basta attraversare le porte di un castello, seguire il suono di [&hellip;]\" \/>\n<meta property=\"og:url\" content=\"https:\/\/ecampania.it\/magazine\/atmosfere-medievali-gli-eventi-da-non-perdere-in-campania\/\" \/>\n<meta property=\"og:site_name\" content=\"\u00e8campania\" \/>\n<meta property=\"article:publisher\" content=\"https:\/\/www.facebook.com\/ecampania.it\" \/>\n<meta property=\"article:published_time\" content=\"2026-09-01T10:58:49+00:00\" \/>\n<meta property=\"article:modified_time\" content=\"2026-09-01T14:17:15+00:00\" \/>\n<meta property=\"og:image\" content=\"https:\/\/ecampania.it\/magazine\/wp-content\/uploads\/2026\/09\/medioevo.jpg\" \/>\n\t<meta property=\"og:image:width\" content=\"1435\" \/>\n\t<meta property=\"og:image:height\" content=\"808\" \/>\n\t<meta property=\"og:image:type\" content=\"image\/jpeg\" \/>\n<meta name=\"author\" content=\"Clelia Esposito\" \/>\n<meta name=\"twitter:card\" content=\"summary_large_image\" \/>\n<meta name=\"twitter:label1\" content=\"Scritto da\" \/>\n\t<meta name=\"twitter:data1\" content=\"Clelia Esposito\" \/>\n\t<meta name=\"twitter:label2\" content=\"Tempo di lettura stimato\" \/>\n\t<meta name=\"twitter:data2\" content=\"9 minuti\" \/>\n<script type=\"application\/ld+json\" class=\"yoast-schema-graph\">{\"@context\":\"https:\\\/\\\/schema.org\",\"@graph\":[{\"@type\":\"Article\",\"@id\":\"https:\\\/\\\/ecampania.it\\\/magazine\\\/atmosfere-medievali-gli-eventi-da-non-perdere-in-campania\\\/#article\",\"isPartOf\":{\"@id\":\"https:\\\/\\\/ecampania.it\\\/magazine\\\/atmosfere-medievali-gli-eventi-da-non-perdere-in-campania\\\/\"},\"author\":{\"name\":\"Clelia Esposito\",\"@id\":\"https:\\\/\\\/ecampania.it\\\/magazine\\\/#\\\/schema\\\/person\\\/e0dce9a25efa1c8a87fce962d2423766\"},\"headline\":\"Atmosfere Medievali: gli eventi da non perdere in Campania\",\"datePublished\":\"2026-09-01T10:58:49+00:00\",\"dateModified\":\"2026-09-01T14:17:15+00:00\",\"mainEntityOfPage\":{\"@id\":\"https:\\\/\\\/ecampania.it\\\/magazine\\\/atmosfere-medievali-gli-eventi-da-non-perdere-in-campania\\\/\"},\"wordCount\":1263,\"commentCount\":0,\"publisher\":{\"@id\":\"https:\\\/\\\/ecampania.it\\\/magazine\\\/#organization\"},\"image\":{\"@id\":\"https:\\\/\\\/ecampania.it\\\/magazine\\\/atmosfere-medievali-gli-eventi-da-non-perdere-in-campania\\\/#primaryimage\"},\"thumbnailUrl\":\"https:\\\/\\\/ecampania.it\\\/magazine\\\/wp-content\\\/uploads\\\/2026\\\/09\\\/medioevo.jpg\",\"keywords\":[\"eventi\",\"medioevo\",\"prima\",\"storia\"],\"articleSection\":[\"Cultura\",\"Eventi\"],\"inLanguage\":\"it-IT\",\"potentialAction\":[{\"@type\":\"CommentAction\",\"name\":\"Comment\",\"target\":[\"https:\\\/\\\/ecampania.it\\\/magazine\\\/atmosfere-medievali-gli-eventi-da-non-perdere-in-campania\\\/#respond\"]}]},{\"@type\":\"WebPage\",\"@id\":\"https:\\\/\\\/ecampania.it\\\/magazine\\\/atmosfere-medievali-gli-eventi-da-non-perdere-in-campania\\\/\",\"url\":\"https:\\\/\\\/ecampania.it\\\/magazine\\\/atmosfere-medievali-gli-eventi-da-non-perdere-in-campania\\\/\",\"name\":\"Atmosfere Medievali: gli eventi da non perdere in Campania - \u00e8campania\",\"isPartOf\":{\"@id\":\"https:\\\/\\\/ecampania.it\\\/magazine\\\/#website\"},\"primaryImageOfPage\":{\"@id\":\"https:\\\/\\\/ecampania.it\\\/magazine\\\/atmosfere-medievali-gli-eventi-da-non-perdere-in-campania\\\/#primaryimage\"},\"image\":{\"@id\":\"https:\\\/\\\/ecampania.it\\\/magazine\\\/atmosfere-medievali-gli-eventi-da-non-perdere-in-campania\\\/#primaryimage\"},\"thumbnailUrl\":\"https:\\\/\\\/ecampania.it\\\/magazine\\\/wp-content\\\/uploads\\\/2026\\\/09\\\/medioevo.jpg\",\"datePublished\":\"2026-09-01T10:58:49+00:00\",\"dateModified\":\"2026-09-01T14:17:15+00:00\",\"breadcrumb\":{\"@id\":\"https:\\\/\\\/ecampania.it\\\/magazine\\\/atmosfere-medievali-gli-eventi-da-non-perdere-in-campania\\\/#breadcrumb\"},\"inLanguage\":\"it-IT\",\"potentialAction\":[{\"@type\":\"ReadAction\",\"target\":[\"https:\\\/\\\/ecampania.it\\\/magazine\\\/atmosfere-medievali-gli-eventi-da-non-perdere-in-campania\\\/\"]}]},{\"@type\":\"ImageObject\",\"inLanguage\":\"it-IT\",\"@id\":\"https:\\\/\\\/ecampania.it\\\/magazine\\\/atmosfere-medievali-gli-eventi-da-non-perdere-in-campania\\\/#primaryimage\",\"url\":\"https:\\\/\\\/ecampania.it\\\/magazine\\\/wp-content\\\/uploads\\\/2026\\\/09\\\/medioevo.jpg\",\"contentUrl\":\"https:\\\/\\\/ecampania.it\\\/magazine\\\/wp-content\\\/uploads\\\/2026\\\/09\\\/medioevo.jpg\",\"width\":1435,\"height\":808},{\"@type\":\"BreadcrumbList\",\"@id\":\"https:\\\/\\\/ecampania.it\\\/magazine\\\/atmosfere-medievali-gli-eventi-da-non-perdere-in-campania\\\/#breadcrumb\",\"itemListElement\":[{\"@type\":\"ListItem\",\"position\":1,\"name\":\"Home\",\"item\":\"https:\\\/\\\/ecampania.it\\\/magazine\\\/\"},{\"@type\":\"ListItem\",\"position\":2,\"name\":\"Atmosfere Medievali: gli eventi da non perdere in Campania\"}]},{\"@type\":\"WebSite\",\"@id\":\"https:\\\/\\\/ecampania.it\\\/magazine\\\/#website\",\"url\":\"https:\\\/\\\/ecampania.it\\\/magazine\\\/\",\"name\":\"Ecampania\",\"description\":\"Il primo portale dedicato al turismo ed alla cultura in Campania\",\"publisher\":{\"@id\":\"https:\\\/\\\/ecampania.it\\\/magazine\\\/#organization\"},\"potentialAction\":[{\"@type\":\"SearchAction\",\"target\":{\"@type\":\"EntryPoint\",\"urlTemplate\":\"https:\\\/\\\/ecampania.it\\\/magazine\\\/?s={search_term_string}\"},\"query-input\":{\"@type\":\"PropertyValueSpecification\",\"valueRequired\":true,\"valueName\":\"search_term_string\"}}],\"inLanguage\":\"it-IT\"},{\"@type\":\"Organization\",\"@id\":\"https:\\\/\\\/ecampania.it\\\/magazine\\\/#organization\",\"name\":\"Ecampania\",\"url\":\"https:\\\/\\\/ecampania.it\\\/magazine\\\/\",\"logo\":{\"@type\":\"ImageObject\",\"inLanguage\":\"it-IT\",\"@id\":\"https:\\\/\\\/ecampania.it\\\/magazine\\\/#\\\/schema\\\/logo\\\/image\\\/\",\"url\":\"https:\\\/\\\/ecampania.it\\\/magazine\\\/wp-content\\\/uploads\\\/2025\\\/01\\\/fb.png\",\"contentUrl\":\"https:\\\/\\\/ecampania.it\\\/magazine\\\/wp-content\\\/uploads\\\/2025\\\/01\\\/fb.png\",\"width\":500,\"height\":500,\"caption\":\"Ecampania\"},\"image\":{\"@id\":\"https:\\\/\\\/ecampania.it\\\/magazine\\\/#\\\/schema\\\/logo\\\/image\\\/\"},\"sameAs\":[\"https:\\\/\\\/www.facebook.com\\\/ecampania.it\",\"https:\\\/\\\/www.instagram.com\\\/ecampania.it\\\/\"]},{\"@type\":\"Person\",\"@id\":\"https:\\\/\\\/ecampania.it\\\/magazine\\\/#\\\/schema\\\/person\\\/e0dce9a25efa1c8a87fce962d2423766\",\"name\":\"Clelia Esposito\",\"image\":{\"@type\":\"ImageObject\",\"inLanguage\":\"it-IT\",\"@id\":\"https:\\\/\\\/secure.gravatar.com\\\/avatar\\\/4a85b634852e02055cd8ec0e3babf24ebc40fd44d0b8e0b60532db6b2336f77e?s=96&d=mm&r=g\",\"url\":\"https:\\\/\\\/secure.gravatar.com\\\/avatar\\\/4a85b634852e02055cd8ec0e3babf24ebc40fd44d0b8e0b60532db6b2336f77e?s=96&d=mm&r=g\",\"contentUrl\":\"https:\\\/\\\/secure.gravatar.com\\\/avatar\\\/4a85b634852e02055cd8ec0e3babf24ebc40fd44d0b8e0b60532db6b2336f77e?s=96&d=mm&r=g\",\"caption\":\"Clelia Esposito\"},\"url\":\"https:\\\/\\\/ecampania.it\\\/magazine\\\/author\\\/clelia-esposito\\\/\"}]}<\/script>\n<!-- \/ Yoast SEO plugin. -->","yoast_head_json":{"title":"Atmosfere Medievali: gli eventi da non perdere in Campania - \u00e8campania","robots":{"index":"index","follow":"follow","max-snippet":"max-snippet:-1","max-image-preview":"max-image-preview:large","max-video-preview":"max-video-preview:-1"},"canonical":"https:\/\/ecampania.it\/magazine\/atmosfere-medievali-gli-eventi-da-non-perdere-in-campania\/","og_locale":"it_IT","og_type":"article","og_title":"Atmosfere Medievali: gli eventi da non perdere in Campania - \u00e8campania","og_description":"Un viaggio nella storia e nei borghi tra castelli, rievocazioni, tornei e abiti d&#8217;epoca Ci sono luoghi in cui il Medioevo non \u00e8 soltanto una pagina nei libri di storia, ma un tempo che, per qualche giorno all\u2019anno, torna a prendere forma. In Campania basta attraversare le porte di un castello, seguire il suono di [&hellip;]","og_url":"https:\/\/ecampania.it\/magazine\/atmosfere-medievali-gli-eventi-da-non-perdere-in-campania\/","og_site_name":"\u00e8campania","article_publisher":"https:\/\/www.facebook.com\/ecampania.it","article_published_time":"2026-09-01T10:58:49+00:00","article_modified_time":"2026-09-01T14:17:15+00:00","og_image":[{"width":1435,"height":808,"url":"https:\/\/ecampania.it\/magazine\/wp-content\/uploads\/2026\/09\/medioevo.jpg","type":"image\/jpeg"}],"author":"Clelia Esposito","twitter_card":"summary_large_image","twitter_misc":{"Scritto da":"Clelia Esposito","Tempo di lettura stimato":"9 minuti"},"schema":{"@context":"https:\/\/schema.org","@graph":[{"@type":"Article","@id":"https:\/\/ecampania.it\/magazine\/atmosfere-medievali-gli-eventi-da-non-perdere-in-campania\/#article","isPartOf":{"@id":"https:\/\/ecampania.it\/magazine\/atmosfere-medievali-gli-eventi-da-non-perdere-in-campania\/"},"author":{"name":"Clelia Esposito","@id":"https:\/\/ecampania.it\/magazine\/#\/schema\/person\/e0dce9a25efa1c8a87fce962d2423766"},"headline":"Atmosfere Medievali: gli eventi da non perdere in Campania","datePublished":"2026-09-01T10:58:49+00:00","dateModified":"2026-09-01T14:17:15+00:00","mainEntityOfPage":{"@id":"https:\/\/ecampania.it\/magazine\/atmosfere-medievali-gli-eventi-da-non-perdere-in-campania\/"},"wordCount":1263,"commentCount":0,"publisher":{"@id":"https:\/\/ecampania.it\/magazine\/#organization"},"image":{"@id":"https:\/\/ecampania.it\/magazine\/atmosfere-medievali-gli-eventi-da-non-perdere-in-campania\/#primaryimage"},"thumbnailUrl":"https:\/\/ecampania.it\/magazine\/wp-content\/uploads\/2026\/09\/medioevo.jpg","keywords":["eventi","medioevo","prima","storia"],"articleSection":["Cultura","Eventi"],"inLanguage":"it-IT","potentialAction":[{"@type":"CommentAction","name":"Comment","target":["https:\/\/ecampania.it\/magazine\/atmosfere-medievali-gli-eventi-da-non-perdere-in-campania\/#respond"]}]},{"@type":"WebPage","@id":"https:\/\/ecampania.it\/magazine\/atmosfere-medievali-gli-eventi-da-non-perdere-in-campania\/","url":"https:\/\/ecampania.it\/magazine\/atmosfere-medievali-gli-eventi-da-non-perdere-in-campania\/","name":"Atmosfere Medievali: gli eventi da non perdere in Campania - \u00e8campania","isPartOf":{"@id":"https:\/\/ecampania.it\/magazine\/#website"},"primaryImageOfPage":{"@id":"https:\/\/ecampania.it\/magazine\/atmosfere-medievali-gli-eventi-da-non-perdere-in-campania\/#primaryimage"},"image":{"@id":"https:\/\/ecampania.it\/magazine\/atmosfere-medievali-gli-eventi-da-non-perdere-in-campania\/#primaryimage"},"thumbnailUrl":"https:\/\/ecampania.it\/magazine\/wp-content\/uploads\/2026\/09\/medioevo.jpg","datePublished":"2026-09-01T10:58:49+00:00","dateModified":"2026-09-01T14:17:15+00:00","breadcrumb":{"@id":"https:\/\/ecampania.it\/magazine\/atmosfere-medievali-gli-eventi-da-non-perdere-in-campania\/#breadcrumb"},"inLanguage":"it-IT","potentialAction":[{"@type":"ReadAction","target":["https:\/\/ecampania.it\/magazine\/atmosfere-medievali-gli-eventi-da-non-perdere-in-campania\/"]}]},{"@type":"ImageObject","inLanguage":"it-IT","@id":"https:\/\/ecampania.it\/magazine\/atmosfere-medievali-gli-eventi-da-non-perdere-in-campania\/#primaryimage","url":"https:\/\/ecampania.it\/magazine\/wp-content\/uploads\/2026\/09\/medioevo.jpg","contentUrl":"https:\/\/ecampania.it\/magazine\/wp-content\/uploads\/2026\/09\/medioevo.jpg","width":1435,"height":808},{"@type":"BreadcrumbList","@id":"https:\/\/ecampania.it\/magazine\/atmosfere-medievali-gli-eventi-da-non-perdere-in-campania\/#breadcrumb","itemListElement":[{"@type":"ListItem","position":1,"name":"Home","item":"https:\/\/ecampania.it\/magazine\/"},{"@type":"ListItem","position":2,"name":"Atmosfere Medievali: gli eventi da non perdere in Campania"}]},{"@type":"WebSite","@id":"https:\/\/ecampania.it\/magazine\/#website","url":"https:\/\/ecampania.it\/magazine\/","name":"Ecampania","description":"Il primo portale dedicato al turismo ed alla cultura in Campania","publisher":{"@id":"https:\/\/ecampania.it\/magazine\/#organization"},"potentialAction":[{"@type":"SearchAction","target":{"@type":"EntryPoint","urlTemplate":"https:\/\/ecampania.it\/magazine\/?s={search_term_string}"},"query-input":{"@type":"PropertyValueSpecification","valueRequired":true,"valueName":"search_term_string"}}],"inLanguage":"it-IT"},{"@type":"Organization","@id":"https:\/\/ecampania.it\/magazine\/#organization","name":"Ecampania","url":"https:\/\/ecampania.it\/magazine\/","logo":{"@type":"ImageObject","inLanguage":"it-IT","@id":"https:\/\/ecampania.it\/magazine\/#\/schema\/logo\/image\/","url":"https:\/\/ecampania.it\/magazine\/wp-content\/uploads\/2025\/01\/fb.png","contentUrl":"https:\/\/ecampania.it\/magazine\/wp-content\/uploads\/2025\/01\/fb.png","width":500,"height":500,"caption":"Ecampania"},"image":{"@id":"https:\/\/ecampania.it\/magazine\/#\/schema\/logo\/image\/"},"sameAs":["https:\/\/www.facebook.com\/ecampania.it","https:\/\/www.instagram.com\/ecampania.it\/"]},{"@type":"Person","@id":"https:\/\/ecampania.it\/magazine\/#\/schema\/person\/e0dce9a25efa1c8a87fce962d2423766","name":"Clelia Esposito","image":{"@type":"ImageObject","inLanguage":"it-IT","@id":"https:\/\/secure.gravatar.com\/avatar\/4a85b634852e02055cd8ec0e3babf24ebc40fd44d0b8e0b60532db6b2336f77e?s=96&d=mm&r=g","url":"https:\/\/secure.gravatar.com\/avatar\/4a85b634852e02055cd8ec0e3babf24ebc40fd44d0b8e0b60532db6b2336f77e?s=96&d=mm&r=g","contentUrl":"https:\/\/secure.gravatar.com\/avatar\/4a85b634852e02055cd8ec0e3babf24ebc40fd44d0b8e0b60532db6b2336f77e?s=96&d=mm&r=g","caption":"Clelia Esposito"},"url":"https:\/\/ecampania.it\/magazine\/author\/clelia-esposito\/"}]}},"_links":{"self":[{"href":"https:\/\/ecampania.it\/magazine\/wp-json\/wp\/v2\/posts\/11387","targetHints":{"allow":["GET"]}}],"collection":[{"href":"https:\/\/ecampania.it\/magazine\/wp-json\/wp\/v2\/posts"}],"about":[{"href":"https:\/\/ecampania.it\/magazine\/wp-json\/wp\/v2\/types\/post"}],"author":[{"embeddable":true,"href":"https:\/\/ecampania.it\/magazine\/wp-json\/wp\/v2\/users\/5"}],"replies":[{"embeddable":true,"href":"https:\/\/ecampania.it\/magazine\/wp-json\/wp\/v2\/comments?post=11387"}],"version-history":[{"count":6,"href":"https:\/\/ecampania.it\/magazine\/wp-json\/wp\/v2\/posts\/11387\/revisions"}],"predecessor-version":[{"id":11415,"href":"https:\/\/ecampania.it\/magazine\/wp-json\/wp\/v2\/posts\/11387\/revisions\/11415"}],"wp:featuredmedia":[{"embeddable":true,"href":"https:\/\/ecampania.it\/magazine\/wp-json\/wp\/v2\/media\/11401"}],"wp:attachment":[{"href":"https:\/\/ecampania.it\/magazine\/wp-json\/wp\/v2\/media?parent=11387"}],"wp:term":[{"taxonomy":"category","embeddable":true,"href":"https:\/\/ecampania.it\/magazine\/wp-json\/wp\/v2\/categories?post=11387"},{"taxonomy":"post_tag","embeddable":true,"href":"https:\/\/ecampania.it\/magazine\/wp-json\/wp\/v2\/tags?post=11387"}],"curies":[{"name":"wp","href":"https:\/\/api.w.org\/{rel}","templated":true}]}}