{"id":11430,"date":"2026-09-02T10:16:05","date_gmt":"2026-09-02T08:16:05","guid":{"rendered":"https:\/\/ecampania.it\/magazine\/?p=11430"},"modified":"2026-09-02T10:16:06","modified_gmt":"2026-09-02T08:16:06","slug":"maiori-risona-il-festival-delle-culture-e-delle-tradizioni-popolari","status":"publish","type":"post","link":"https:\/\/ecampania.it\/magazine\/maiori-risona-il-festival-delle-culture-e-delle-tradizioni-popolari\/","title":{"rendered":"Maiori Risona: il  Festival delle culture e delle tradizioni popolari"},"content":{"rendered":"\n<h4 class=\"wp-block-heading\"><strong>Un patrimonio fatto di devozione, musica, gesti<\/strong>, <strong>volti e appartenenza<\/strong><\/h4>\n\n\n\n<p class=\"wp-block-paragraph\">Maiori celebra la tradizione con <strong><em>\u201cMaiori Risona\u201d<\/em><\/strong>, il<em> Festival delle Culture e delle Tradizioni Popolari<\/em> in programma <strong>venerd\u00ec 4 e sabato 5 settembre<\/strong>. Un omaggio alla musica popolare che ha tanto pi\u00f9 valore perch\u00e9 celebrato nella citt\u00e0 della <strong>Madonna dell\u2019Avvocata<\/strong>, una delle Sette Madonne sorelle della Campania. Una tradizione secolare, ricca e complessa, che \u00e8 fede, identit\u00e0, cultura, storia e che per due giornate vivr\u00e0 nel centro cittadino, tra <em>Piazza Citarella, Palazzo Mezzacapo e i suoi Giardini,<\/em> portando al centro dell\u2019attenzione un patrimonio fatto di devozione e musica, gesti tramandati, racconti, volti e appartenenza.<\/p>\n\n\n\n<p class=\"wp-block-paragraph\">Maiori Risona non guarda alla tradizione come a una memoria immobile, n\u00e9 come a un repertorio da esibire. La riconosce per ci\u00f2 che \u00e8: <strong>una lingua ancora capace di unire le generazioni<\/strong>, custodire l\u2019identit\u00e0 dei luoghi e interrogare il presente. Il Festival mette cos\u00ec in dialogo artisti, studiosi, musicisti, cantori, custodi della memoria e nuove generazioni, costruendo uno spazio nel quale ricerca, festa e partecipazione tornano a essere parti di una stessa esperienza comunitaria.<\/p>\n\n\n\n<p class=\"wp-block-paragraph\">Venerd\u00ec 4 settembre il Festival, organizzato dal<strong> Comune di Maiori<\/strong> con la collaborazione del <strong>Forum dei Giovani di Maiori<\/strong> e con i promotori del festival Salvatore Di Martino,<strong> Luca Di Martino, Flavia Di Martino, Alfonso Pastore e Francesco Dipino<\/strong>, si aprir\u00e0 alle ore <em>16.30 <\/em>nei<em> Giardini di Palazzo Mezzacapo<\/em> con l\u2019inaugurazione della mostra fotografica \u201c<em>Avvocata Nostra. Memorie di una comunit\u00e0 in festa<\/em>\u201d, un racconto per immagini dedicato al r<strong>apporto profondo che lega Maiori alla sua Madonna<\/strong>. Fotografie storiche e contemporanee ricomporranno una memoria corale fatta di pellegrinaggi, volti, preghiere, canti, tammurriate e momenti di condivisione. Non una semplice documentazione della ricorrenza, ma l\u2019archivio vivo di una comunit\u00e0 che, riconoscendosi nei propri riti, continua a ridefinire la propria identit\u00e0.<\/p>\n\n\n\n<p class=\"wp-block-paragraph\">A seguire,<strong> Nunzia Saviano, Ciclamino Abate e Generoso Ferrara <\/strong>condurranno uno stage dedicato al ballo della<em> Tammurriata dell\u2019Avvocata<\/em>: un\u2019occasione per avvicinarsi, attraverso il corpo e il ritmo, a una delle forme espressive pi\u00f9 intimamente legata al pellegrinaggio maiorese. La <strong>partecipazione sar\u00e0 su prenotazione<\/strong>, fino a esaurimento dei posti disponibili.<\/p>\n\n\n\n<p class=\"wp-block-paragraph\">Alle ore <em>20.30,<\/em> in <em>Piazza Citarella<\/em>, saranno proprio i fedeli e i cantori locali di Maiori ad affidare alla tradizionale Tammurriata dell\u2019Avvocata l\u2019apertura musicale della manifestazione. Un gesto simbolico e insieme profondamente concreto: prima degli ospiti e del palcoscenico, la voce appartiene alla comunit\u00e0 dalla quale questa storia nasce. Intorno alla salita al santuario, arroccato sul monte <strong>Falerzio <\/strong>a<em> 827 metri <\/em>di altezza, che si svolge tradizionalmente il <em>luned\u00ec di Pentecoste<\/em>, si \u00e8 formato nei secoli un universo di canti, ritmi, danze, tammurriate e pratiche condivise che appartiene alla storia di Maiori e, insieme, alla pi\u00f9 ampia cultura popolare del Mezzogiorno.<\/p>\n\n\n\n<p class=\"wp-block-paragraph\">Dalle ore<em> 21.00<\/em> la serata proseguir\u00e0 con i <strong>Discede<\/strong>, formazione maiorese impegnata nella ricerca, nella riscoperta e nella rilettura dei canti e delle danze popolari della Campania, con particolare attenzione al patrimonio nato intorno al culto della Madonna dell\u2019Avvocata. La loro presenza radica il Festival nella comunit\u00e0 dalla quale questa tradizione continua a essere custodita e tramandata.<\/p>\n\n\n\n<p class=\"wp-block-paragraph\">A seguire, il<strong> Canzoniere Grecanico Salentino<\/strong>, fondato nel <em>1975 <\/em>e oggi tra le pi\u00f9 autorevoli realt\u00e0 della musica popolare italiana, porter\u00e0 in scena la forza rituale della pizzica insieme agli Inude, duo pugliese che intreccia elettronica, strumenti acustici e ricerca vocale. Il loro incontro costruisce un ponte tra generazioni e linguaggi: la tradizione conserva la propria identit\u00e0 e, aprendosi al contemporaneo, continua a produrre nuove forme, energia e partecipazione.<\/p>\n\n\n\n<p class=\"wp-block-paragraph\">Il Festival ritorna a vivere nelle strade della citt\u00e0 il giorno successivo, sabato<strong> 5 settembre<\/strong>, quando il respiro della manifestazione si amplier\u00e0 ancora di pi\u00f9 portando all\u2019incontro con tradizioni nate in altri territori della Campania. Alle ore <em>16.30<\/em>, nei<em> Giardini di Palazzo Mezzacapo<\/em>, il programma riprender\u00e0 con il workshop di tammurriata tradizionale curato da Ugo e Tania Maiorano, dedicato alla tammorra e al ballo. Anche in questo caso la pratica diventa strumento di conoscenza: il ritmo non viene soltanto ascoltato, ma attraversato e condiviso.<\/p>\n\n\n\n<p class=\"wp-block-paragraph\">Alle ore <em>17.30<\/em>, nei <em>Giardini di Palazzo Mezzacapo<\/em>, sar\u00e0 la volta di <em>\u201cNati in Musica. Canti, suoni e ritmi della tradizione popolare per i pi\u00f9 piccoli\u201d,<\/em> laboratorio curato dalla flautista ed educatrice musicale<strong> Gloria Falcone<\/strong>. Attraverso il gioco, il canto, il suono e il movimento, i bambini saranno accompagnati alla scoperta di un patrimonio che pu\u00f2 restare vivo soltanto se diventa esperienza delle nuove generazioni.<\/p>\n\n\n\n<p class=\"wp-block-paragraph\">La serata conclusiva inizier\u00e0 alle ore<strong> <\/strong><em>21.00 <\/em>in<em> Piazza Citarella<\/em> con i<strong> Song Ro Sud<\/strong>, formazione locale che riporta nella piazza le voci e le sonorit\u00e0 della musica popolare, riaffermando il ruolo delle comunit\u00e0 nella trasmissione del proprio patrimonio.<\/p>\n\n\n\n<p class=\"wp-block-paragraph\">A seguire,<strong> Vincenzo Romano<\/strong> si esibir\u00e0 con la <em>Uhanema Orchestra<\/em>. Originario di Pagani e conosciuto come il \u201cCantore Pellegrino delle Tradizioni\u201d, Romano porta avanti un percorso di ricerca e divulgazione dedicato ai canti, ai ritmi e ai riti popolari della Campania. La dimensione orchestrale di Uhanema amplia questa memoria in un racconto musicale corale, capace di unire devozione, cultura popolare e sensibilit\u00e0 contemporanea.<\/p>\n\n\n\n<p class=\"wp-block-paragraph\">La presenza di Romano chiude idealmente il percorso di Maiori Risona riconducendo il racconto alla figura del pellegrino: colui che cammina, porta con s\u00e9 una memoria e, condividendola, la consegna ad altri.<\/p>\n\n\n\n<p class=\"wp-block-paragraph\">La vicesindaco e assessore al turismo, spettacolo e tradizioni popolari <strong>Lucia Mammato<\/strong> dichiara: <em>\u201cMaiori Risona restituisce centralit\u00e0 alla musica popolare e a una delle espressioni pi\u00f9 profonde della nostra identit\u00e0, la devozione all\u2019Avvocata. La tradizione resta viva quando viene praticata e messa in dialogo con il presente, in questa ottica il Festival nasce per custodire e trasmettere il patrimonio culturale cresciuto nei secoli in Campania, coinvolgendo artisti, studiosi, musicisti, custodi, cittadini e bambini\u201d.<\/em><\/p>\n\n\n\n<p class=\"wp-block-paragraph\"><\/p>\n","protected":false},"excerpt":{"rendered":"<p>Un patrimonio fatto di devozione, musica, gesti, volti e appartenenza Maiori celebra la tradizione con \u201cMaiori Risona\u201d, il Festival delle Culture e delle Tradizioni Popolari in programma venerd\u00ec 4 e sabato 5 settembre. Un omaggio alla musica popolare che ha tanto pi\u00f9 valore perch\u00e9 celebrato nella citt\u00e0 della Madonna dell\u2019Avvocata, una delle Sette Madonne sorelle [&hellip;]<\/p>\n","protected":false},"author":36,"featured_media":11432,"comment_status":"open","ping_status":"open","sticky":false,"template":"","format":"standard","meta":{"jnews-multi-image_gallery":[],"jnews_single_post":{"format":"standard"},"jnews_primary_category":[],"jnews_override_counter":[],"footnotes":""},"categories":[7],"tags":[305,30,80],"class_list":["post-11430","post","type-post","status-publish","format-standard","has-post-thumbnail","hentry","category-eventi","tag-eventi","tag-musica","tag-spettacolo"],"yoast_head":"<!-- This site is optimized with the Yoast SEO plugin v28.1 - https:\/\/yoast.com\/product\/yoast-seo-wordpress\/ -->\n<title>Maiori Risona: il Festival delle culture e delle tradizioni popolari - \u00e8campania<\/title>\n<meta name=\"robots\" content=\"index, follow, max-snippet:-1, max-image-preview:large, max-video-preview:-1\" \/>\n<link rel=\"canonical\" href=\"https:\/\/ecampania.it\/magazine\/maiori-risona-il-festival-delle-culture-e-delle-tradizioni-popolari\/\" \/>\n<meta property=\"og:locale\" content=\"it_IT\" \/>\n<meta property=\"og:type\" content=\"article\" \/>\n<meta property=\"og:title\" content=\"Maiori Risona: il Festival delle culture e delle tradizioni popolari - \u00e8campania\" \/>\n<meta property=\"og:description\" content=\"Un patrimonio fatto di devozione, musica, gesti, volti e appartenenza Maiori celebra la tradizione con \u201cMaiori Risona\u201d, il Festival delle Culture e delle Tradizioni Popolari in programma venerd\u00ec 4 e sabato 5 settembre. Un omaggio alla musica popolare che ha tanto pi\u00f9 valore perch\u00e9 celebrato nella citt\u00e0 della Madonna dell\u2019Avvocata, una delle Sette Madonne sorelle [&hellip;]\" \/>\n<meta property=\"og:url\" content=\"https:\/\/ecampania.it\/magazine\/maiori-risona-il-festival-delle-culture-e-delle-tradizioni-popolari\/\" \/>\n<meta property=\"og:site_name\" content=\"\u00e8campania\" \/>\n<meta property=\"article:publisher\" content=\"https:\/\/www.facebook.com\/ecampania.it\" \/>\n<meta property=\"article:published_time\" content=\"2026-09-02T08:16:05+00:00\" \/>\n<meta property=\"article:modified_time\" content=\"2026-09-02T08:16:06+00:00\" \/>\n<meta property=\"og:image\" content=\"https:\/\/ecampania.it\/magazine\/wp-content\/uploads\/2026\/09\/Maiori-Risona-1.jpg\" \/>\n\t<meta property=\"og:image:width\" content=\"559\" \/>\n\t<meta property=\"og:image:height\" content=\"291\" \/>\n\t<meta property=\"og:image:type\" content=\"image\/jpeg\" \/>\n<meta name=\"author\" content=\"Giada Cuomo\" \/>\n<meta name=\"twitter:card\" content=\"summary_large_image\" \/>\n<meta name=\"twitter:label1\" content=\"Scritto da\" \/>\n\t<meta name=\"twitter:data1\" content=\"Giada Cuomo\" \/>\n\t<meta name=\"twitter:label2\" content=\"Tempo di lettura stimato\" \/>\n\t<meta name=\"twitter:data2\" content=\"6 minuti\" \/>\n<script type=\"application\/ld+json\" class=\"yoast-schema-graph\">{\"@context\":\"https:\\\/\\\/schema.org\",\"@graph\":[{\"@type\":\"Article\",\"@id\":\"https:\\\/\\\/ecampania.it\\\/magazine\\\/maiori-risona-il-festival-delle-culture-e-delle-tradizioni-popolari\\\/#article\",\"isPartOf\":{\"@id\":\"https:\\\/\\\/ecampania.it\\\/magazine\\\/maiori-risona-il-festival-delle-culture-e-delle-tradizioni-popolari\\\/\"},\"author\":{\"name\":\"Giada Cuomo\",\"@id\":\"https:\\\/\\\/ecampania.it\\\/magazine\\\/#\\\/schema\\\/person\\\/f372b853776f14766c01226091cd1381\"},\"headline\":\"Maiori Risona: il Festival delle culture e delle tradizioni popolari\",\"datePublished\":\"2026-09-02T08:16:05+00:00\",\"dateModified\":\"2026-09-02T08:16:06+00:00\",\"mainEntityOfPage\":{\"@id\":\"https:\\\/\\\/ecampania.it\\\/magazine\\\/maiori-risona-il-festival-delle-culture-e-delle-tradizioni-popolari\\\/\"},\"wordCount\":935,\"commentCount\":0,\"publisher\":{\"@id\":\"https:\\\/\\\/ecampania.it\\\/magazine\\\/#organization\"},\"image\":{\"@id\":\"https:\\\/\\\/ecampania.it\\\/magazine\\\/maiori-risona-il-festival-delle-culture-e-delle-tradizioni-popolari\\\/#primaryimage\"},\"thumbnailUrl\":\"https:\\\/\\\/ecampania.it\\\/magazine\\\/wp-content\\\/uploads\\\/2026\\\/09\\\/Maiori-Risona-1.jpg\",\"keywords\":[\"eventi\",\"musica\",\"spettacolo\"],\"articleSection\":[\"Eventi\"],\"inLanguage\":\"it-IT\",\"potentialAction\":[{\"@type\":\"CommentAction\",\"name\":\"Comment\",\"target\":[\"https:\\\/\\\/ecampania.it\\\/magazine\\\/maiori-risona-il-festival-delle-culture-e-delle-tradizioni-popolari\\\/#respond\"]}]},{\"@type\":\"WebPage\",\"@id\":\"https:\\\/\\\/ecampania.it\\\/magazine\\\/maiori-risona-il-festival-delle-culture-e-delle-tradizioni-popolari\\\/\",\"url\":\"https:\\\/\\\/ecampania.it\\\/magazine\\\/maiori-risona-il-festival-delle-culture-e-delle-tradizioni-popolari\\\/\",\"name\":\"Maiori Risona: il Festival delle culture e delle tradizioni popolari - \u00e8campania\",\"isPartOf\":{\"@id\":\"https:\\\/\\\/ecampania.it\\\/magazine\\\/#website\"},\"primaryImageOfPage\":{\"@id\":\"https:\\\/\\\/ecampania.it\\\/magazine\\\/maiori-risona-il-festival-delle-culture-e-delle-tradizioni-popolari\\\/#primaryimage\"},\"image\":{\"@id\":\"https:\\\/\\\/ecampania.it\\\/magazine\\\/maiori-risona-il-festival-delle-culture-e-delle-tradizioni-popolari\\\/#primaryimage\"},\"thumbnailUrl\":\"https:\\\/\\\/ecampania.it\\\/magazine\\\/wp-content\\\/uploads\\\/2026\\\/09\\\/Maiori-Risona-1.jpg\",\"datePublished\":\"2026-09-02T08:16:05+00:00\",\"dateModified\":\"2026-09-02T08:16:06+00:00\",\"breadcrumb\":{\"@id\":\"https:\\\/\\\/ecampania.it\\\/magazine\\\/maiori-risona-il-festival-delle-culture-e-delle-tradizioni-popolari\\\/#breadcrumb\"},\"inLanguage\":\"it-IT\",\"potentialAction\":[{\"@type\":\"ReadAction\",\"target\":[\"https:\\\/\\\/ecampania.it\\\/magazine\\\/maiori-risona-il-festival-delle-culture-e-delle-tradizioni-popolari\\\/\"]}]},{\"@type\":\"ImageObject\",\"inLanguage\":\"it-IT\",\"@id\":\"https:\\\/\\\/ecampania.it\\\/magazine\\\/maiori-risona-il-festival-delle-culture-e-delle-tradizioni-popolari\\\/#primaryimage\",\"url\":\"https:\\\/\\\/ecampania.it\\\/magazine\\\/wp-content\\\/uploads\\\/2026\\\/09\\\/Maiori-Risona-1.jpg\",\"contentUrl\":\"https:\\\/\\\/ecampania.it\\\/magazine\\\/wp-content\\\/uploads\\\/2026\\\/09\\\/Maiori-Risona-1.jpg\",\"width\":559,\"height\":291},{\"@type\":\"BreadcrumbList\",\"@id\":\"https:\\\/\\\/ecampania.it\\\/magazine\\\/maiori-risona-il-festival-delle-culture-e-delle-tradizioni-popolari\\\/#breadcrumb\",\"itemListElement\":[{\"@type\":\"ListItem\",\"position\":1,\"name\":\"Home\",\"item\":\"https:\\\/\\\/ecampania.it\\\/magazine\\\/\"},{\"@type\":\"ListItem\",\"position\":2,\"name\":\"Maiori Risona: il Festival delle culture e delle tradizioni popolari\"}]},{\"@type\":\"WebSite\",\"@id\":\"https:\\\/\\\/ecampania.it\\\/magazine\\\/#website\",\"url\":\"https:\\\/\\\/ecampania.it\\\/magazine\\\/\",\"name\":\"Ecampania\",\"description\":\"Il primo portale dedicato al turismo ed alla cultura in Campania\",\"publisher\":{\"@id\":\"https:\\\/\\\/ecampania.it\\\/magazine\\\/#organization\"},\"potentialAction\":[{\"@type\":\"SearchAction\",\"target\":{\"@type\":\"EntryPoint\",\"urlTemplate\":\"https:\\\/\\\/ecampania.it\\\/magazine\\\/?s={search_term_string}\"},\"query-input\":{\"@type\":\"PropertyValueSpecification\",\"valueRequired\":true,\"valueName\":\"search_term_string\"}}],\"inLanguage\":\"it-IT\"},{\"@type\":\"Organization\",\"@id\":\"https:\\\/\\\/ecampania.it\\\/magazine\\\/#organization\",\"name\":\"Ecampania\",\"url\":\"https:\\\/\\\/ecampania.it\\\/magazine\\\/\",\"logo\":{\"@type\":\"ImageObject\",\"inLanguage\":\"it-IT\",\"@id\":\"https:\\\/\\\/ecampania.it\\\/magazine\\\/#\\\/schema\\\/logo\\\/image\\\/\",\"url\":\"https:\\\/\\\/ecampania.it\\\/magazine\\\/wp-content\\\/uploads\\\/2025\\\/01\\\/fb.png\",\"contentUrl\":\"https:\\\/\\\/ecampania.it\\\/magazine\\\/wp-content\\\/uploads\\\/2025\\\/01\\\/fb.png\",\"width\":500,\"height\":500,\"caption\":\"Ecampania\"},\"image\":{\"@id\":\"https:\\\/\\\/ecampania.it\\\/magazine\\\/#\\\/schema\\\/logo\\\/image\\\/\"},\"sameAs\":[\"https:\\\/\\\/www.facebook.com\\\/ecampania.it\",\"https:\\\/\\\/www.instagram.com\\\/ecampania.it\\\/\"]},{\"@type\":\"Person\",\"@id\":\"https:\\\/\\\/ecampania.it\\\/magazine\\\/#\\\/schema\\\/person\\\/f372b853776f14766c01226091cd1381\",\"name\":\"Giada Cuomo\",\"image\":{\"@type\":\"ImageObject\",\"inLanguage\":\"it-IT\",\"@id\":\"https:\\\/\\\/secure.gravatar.com\\\/avatar\\\/146c6721e4d668a5b54e972781d98893d8c77afe8ac2754067e4820df8ed0fa0?s=96&d=mm&r=g\",\"url\":\"https:\\\/\\\/secure.gravatar.com\\\/avatar\\\/146c6721e4d668a5b54e972781d98893d8c77afe8ac2754067e4820df8ed0fa0?s=96&d=mm&r=g\",\"contentUrl\":\"https:\\\/\\\/secure.gravatar.com\\\/avatar\\\/146c6721e4d668a5b54e972781d98893d8c77afe8ac2754067e4820df8ed0fa0?s=96&d=mm&r=g\",\"caption\":\"Giada Cuomo\"},\"url\":\"https:\\\/\\\/ecampania.it\\\/magazine\\\/author\\\/giada\\\/\"}]}<\/script>\n<!-- \/ Yoast SEO plugin. -->","yoast_head_json":{"title":"Maiori Risona: il Festival delle culture e delle tradizioni popolari - \u00e8campania","robots":{"index":"index","follow":"follow","max-snippet":"max-snippet:-1","max-image-preview":"max-image-preview:large","max-video-preview":"max-video-preview:-1"},"canonical":"https:\/\/ecampania.it\/magazine\/maiori-risona-il-festival-delle-culture-e-delle-tradizioni-popolari\/","og_locale":"it_IT","og_type":"article","og_title":"Maiori Risona: il Festival delle culture e delle tradizioni popolari - \u00e8campania","og_description":"Un patrimonio fatto di devozione, musica, gesti, volti e appartenenza Maiori celebra la tradizione con \u201cMaiori Risona\u201d, il Festival delle Culture e delle Tradizioni Popolari in programma venerd\u00ec 4 e sabato 5 settembre. Un omaggio alla musica popolare che ha tanto pi\u00f9 valore perch\u00e9 celebrato nella citt\u00e0 della Madonna dell\u2019Avvocata, una delle Sette Madonne sorelle [&hellip;]","og_url":"https:\/\/ecampania.it\/magazine\/maiori-risona-il-festival-delle-culture-e-delle-tradizioni-popolari\/","og_site_name":"\u00e8campania","article_publisher":"https:\/\/www.facebook.com\/ecampania.it","article_published_time":"2026-09-02T08:16:05+00:00","article_modified_time":"2026-09-02T08:16:06+00:00","og_image":[{"width":559,"height":291,"url":"https:\/\/ecampania.it\/magazine\/wp-content\/uploads\/2026\/09\/Maiori-Risona-1.jpg","type":"image\/jpeg"}],"author":"Giada Cuomo","twitter_card":"summary_large_image","twitter_misc":{"Scritto da":"Giada Cuomo","Tempo di lettura stimato":"6 minuti"},"schema":{"@context":"https:\/\/schema.org","@graph":[{"@type":"Article","@id":"https:\/\/ecampania.it\/magazine\/maiori-risona-il-festival-delle-culture-e-delle-tradizioni-popolari\/#article","isPartOf":{"@id":"https:\/\/ecampania.it\/magazine\/maiori-risona-il-festival-delle-culture-e-delle-tradizioni-popolari\/"},"author":{"name":"Giada Cuomo","@id":"https:\/\/ecampania.it\/magazine\/#\/schema\/person\/f372b853776f14766c01226091cd1381"},"headline":"Maiori Risona: il Festival delle culture e delle tradizioni popolari","datePublished":"2026-09-02T08:16:05+00:00","dateModified":"2026-09-02T08:16:06+00:00","mainEntityOfPage":{"@id":"https:\/\/ecampania.it\/magazine\/maiori-risona-il-festival-delle-culture-e-delle-tradizioni-popolari\/"},"wordCount":935,"commentCount":0,"publisher":{"@id":"https:\/\/ecampania.it\/magazine\/#organization"},"image":{"@id":"https:\/\/ecampania.it\/magazine\/maiori-risona-il-festival-delle-culture-e-delle-tradizioni-popolari\/#primaryimage"},"thumbnailUrl":"https:\/\/ecampania.it\/magazine\/wp-content\/uploads\/2026\/09\/Maiori-Risona-1.jpg","keywords":["eventi","musica","spettacolo"],"articleSection":["Eventi"],"inLanguage":"it-IT","potentialAction":[{"@type":"CommentAction","name":"Comment","target":["https:\/\/ecampania.it\/magazine\/maiori-risona-il-festival-delle-culture-e-delle-tradizioni-popolari\/#respond"]}]},{"@type":"WebPage","@id":"https:\/\/ecampania.it\/magazine\/maiori-risona-il-festival-delle-culture-e-delle-tradizioni-popolari\/","url":"https:\/\/ecampania.it\/magazine\/maiori-risona-il-festival-delle-culture-e-delle-tradizioni-popolari\/","name":"Maiori Risona: il Festival delle culture e delle tradizioni popolari - \u00e8campania","isPartOf":{"@id":"https:\/\/ecampania.it\/magazine\/#website"},"primaryImageOfPage":{"@id":"https:\/\/ecampania.it\/magazine\/maiori-risona-il-festival-delle-culture-e-delle-tradizioni-popolari\/#primaryimage"},"image":{"@id":"https:\/\/ecampania.it\/magazine\/maiori-risona-il-festival-delle-culture-e-delle-tradizioni-popolari\/#primaryimage"},"thumbnailUrl":"https:\/\/ecampania.it\/magazine\/wp-content\/uploads\/2026\/09\/Maiori-Risona-1.jpg","datePublished":"2026-09-02T08:16:05+00:00","dateModified":"2026-09-02T08:16:06+00:00","breadcrumb":{"@id":"https:\/\/ecampania.it\/magazine\/maiori-risona-il-festival-delle-culture-e-delle-tradizioni-popolari\/#breadcrumb"},"inLanguage":"it-IT","potentialAction":[{"@type":"ReadAction","target":["https:\/\/ecampania.it\/magazine\/maiori-risona-il-festival-delle-culture-e-delle-tradizioni-popolari\/"]}]},{"@type":"ImageObject","inLanguage":"it-IT","@id":"https:\/\/ecampania.it\/magazine\/maiori-risona-il-festival-delle-culture-e-delle-tradizioni-popolari\/#primaryimage","url":"https:\/\/ecampania.it\/magazine\/wp-content\/uploads\/2026\/09\/Maiori-Risona-1.jpg","contentUrl":"https:\/\/ecampania.it\/magazine\/wp-content\/uploads\/2026\/09\/Maiori-Risona-1.jpg","width":559,"height":291},{"@type":"BreadcrumbList","@id":"https:\/\/ecampania.it\/magazine\/maiori-risona-il-festival-delle-culture-e-delle-tradizioni-popolari\/#breadcrumb","itemListElement":[{"@type":"ListItem","position":1,"name":"Home","item":"https:\/\/ecampania.it\/magazine\/"},{"@type":"ListItem","position":2,"name":"Maiori Risona: il Festival delle culture e delle tradizioni popolari"}]},{"@type":"WebSite","@id":"https:\/\/ecampania.it\/magazine\/#website","url":"https:\/\/ecampania.it\/magazine\/","name":"Ecampania","description":"Il primo portale dedicato al turismo ed alla cultura in Campania","publisher":{"@id":"https:\/\/ecampania.it\/magazine\/#organization"},"potentialAction":[{"@type":"SearchAction","target":{"@type":"EntryPoint","urlTemplate":"https:\/\/ecampania.it\/magazine\/?s={search_term_string}"},"query-input":{"@type":"PropertyValueSpecification","valueRequired":true,"valueName":"search_term_string"}}],"inLanguage":"it-IT"},{"@type":"Organization","@id":"https:\/\/ecampania.it\/magazine\/#organization","name":"Ecampania","url":"https:\/\/ecampania.it\/magazine\/","logo":{"@type":"ImageObject","inLanguage":"it-IT","@id":"https:\/\/ecampania.it\/magazine\/#\/schema\/logo\/image\/","url":"https:\/\/ecampania.it\/magazine\/wp-content\/uploads\/2025\/01\/fb.png","contentUrl":"https:\/\/ecampania.it\/magazine\/wp-content\/uploads\/2025\/01\/fb.png","width":500,"height":500,"caption":"Ecampania"},"image":{"@id":"https:\/\/ecampania.it\/magazine\/#\/schema\/logo\/image\/"},"sameAs":["https:\/\/www.facebook.com\/ecampania.it","https:\/\/www.instagram.com\/ecampania.it\/"]},{"@type":"Person","@id":"https:\/\/ecampania.it\/magazine\/#\/schema\/person\/f372b853776f14766c01226091cd1381","name":"Giada Cuomo","image":{"@type":"ImageObject","inLanguage":"it-IT","@id":"https:\/\/secure.gravatar.com\/avatar\/146c6721e4d668a5b54e972781d98893d8c77afe8ac2754067e4820df8ed0fa0?s=96&d=mm&r=g","url":"https:\/\/secure.gravatar.com\/avatar\/146c6721e4d668a5b54e972781d98893d8c77afe8ac2754067e4820df8ed0fa0?s=96&d=mm&r=g","contentUrl":"https:\/\/secure.gravatar.com\/avatar\/146c6721e4d668a5b54e972781d98893d8c77afe8ac2754067e4820df8ed0fa0?s=96&d=mm&r=g","caption":"Giada Cuomo"},"url":"https:\/\/ecampania.it\/magazine\/author\/giada\/"}]}},"_links":{"self":[{"href":"https:\/\/ecampania.it\/magazine\/wp-json\/wp\/v2\/posts\/11430","targetHints":{"allow":["GET"]}}],"collection":[{"href":"https:\/\/ecampania.it\/magazine\/wp-json\/wp\/v2\/posts"}],"about":[{"href":"https:\/\/ecampania.it\/magazine\/wp-json\/wp\/v2\/types\/post"}],"author":[{"embeddable":true,"href":"https:\/\/ecampania.it\/magazine\/wp-json\/wp\/v2\/users\/36"}],"replies":[{"embeddable":true,"href":"https:\/\/ecampania.it\/magazine\/wp-json\/wp\/v2\/comments?post=11430"}],"version-history":[{"count":1,"href":"https:\/\/ecampania.it\/magazine\/wp-json\/wp\/v2\/posts\/11430\/revisions"}],"predecessor-version":[{"id":11433,"href":"https:\/\/ecampania.it\/magazine\/wp-json\/wp\/v2\/posts\/11430\/revisions\/11433"}],"wp:featuredmedia":[{"embeddable":true,"href":"https:\/\/ecampania.it\/magazine\/wp-json\/wp\/v2\/media\/11432"}],"wp:attachment":[{"href":"https:\/\/ecampania.it\/magazine\/wp-json\/wp\/v2\/media?parent=11430"}],"wp:term":[{"taxonomy":"category","embeddable":true,"href":"https:\/\/ecampania.it\/magazine\/wp-json\/wp\/v2\/categories?post=11430"},{"taxonomy":"post_tag","embeddable":true,"href":"https:\/\/ecampania.it\/magazine\/wp-json\/wp\/v2\/tags?post=11430"}],"curies":[{"name":"wp","href":"https:\/\/api.w.org\/{rel}","templated":true}]}}