{"id":11462,"date":"2026-09-04T11:22:14","date_gmt":"2026-09-04T09:22:14","guid":{"rendered":"https:\/\/ecampania.it\/magazine\/?p=11462"},"modified":"2026-09-04T11:22:15","modified_gmt":"2026-09-04T09:22:15","slug":"acciaroli-viviamocilento-tra-musica-natura-e-sapori","status":"publish","type":"post","link":"https:\/\/ecampania.it\/magazine\/acciaroli-viviamocilento-tra-musica-natura-e-sapori\/","title":{"rendered":"Acciaroli. &#8216;Viviamocilento&#8217; tra musica, natura e sapori"},"content":{"rendered":"\n<h4 class=\"wp-block-heading\"><strong>Sul palco Levante, Ditonellapiaga, Margherita Vicario e tanti altri artisti <\/strong><\/h4>\n\n\n\n<p class=\"wp-block-paragraph\">Ci sono luoghi che non hanno bisogno di correre per arrivare lontano. Luoghi che invitano a fermarsi, ascoltare, guardare il mare e ritrovare il tempo delle cose che contano. \u00c8 da qui che riparte <strong>VIVIAMOCILENTO<\/strong>, il festival slow che <strong>dall\u201911 al 13 settembre<\/strong> torna ad <strong>Acciaroli, nel Comune di Pollica<\/strong>, con una nuova edizione costruita attorno al messaggio: <strong>\u201cL\u2019amare ci muove\u201d<\/strong>. Tre giorni nei quali musica, parole, natura, cultura e sapori si incontrano per raccontare un territorio attraverso le emozioni e le esperienze.<\/p>\n\n\n\n<p class=\"wp-block-paragraph\">Il programma mette insieme alcuni dei nomi pi\u00f9 interessanti della scena italiana. Si parte <strong>venerd\u00ec 11 settembre<\/strong> con l\u2019<em>Opening Concert<\/em> di <strong>Fabrizio Bosso e Julian Oliver Mazzariello<\/strong>, per aprire il festival con l&#8217;eleganza del jazz. <strong>Sabato 12 settembre<\/strong> vedr\u00e0 sul palco <strong>Stefano Fresi<\/strong> (<em>Dell\u2019amore, della guerra e degli ultimi<\/em>) ed <strong>Edoardo Prati<\/strong> (<em>Le parole e il mare<\/em>, in dialogo con Rossella Pisaturo), seguiti dalla musica di <strong>Ditonellapiaga e Levante<\/strong>. A chiudere la giornata sar\u00e0 <strong>Gabriele Rossi<\/strong> con un <em>Momento Blu<\/em>.<\/p>\n\n\n\n<p class=\"wp-block-paragraph\">Il viaggio proseguir\u00e0 <strong>domenica 13 settembre<\/strong> con <strong>Margherita Vicario<\/strong> e con <strong>Raiz e Solis String Quartet<\/strong> (<em>Chi tene \u2019o mare \u2013 Il nostro Pino Daniele<\/em>). <strong>Martina Martorano<\/strong> condurr\u00e0 gli appuntamenti musicali con Ditonellapiaga, Levante e Margherita Vicario.<\/p>\n\n\n\n<p class=\"wp-block-paragraph\">VIVIAMOCILENTO non \u00e8 soltanto un festival musicale: la sua identit\u00e0 nasce dalla volont\u00e0 di <strong>trasformare Acciaroli e il Cilento in uno spazio nel quale vivere un\u2019esperienza pi\u00f9 lenta e autentica<\/strong>. \u201cL\u2019amare ci muove\u201d diventa cos\u00ec una dichiarazione d\u2019intenti per ritrovare il filo che ci unisce agli altri.<\/p>\n\n\n\n<p class=\"wp-block-paragraph\">Accanto alla musica ci saranno <strong>Parole Blu<\/strong> (call letteraria per poesie e racconti brevi) e <strong>Cibocilento<\/strong> (percorso dedicato a gastronomia e <strong>Dieta Mediterranea<\/strong> con degustazioni). Non mancheranno <strong>attivit\u00e0 per bambini<\/strong> ed <strong>esperienze nei paesaggi cilentani<\/strong>.<\/p>\n\n\n\n<p class=\"wp-block-paragraph\">Una festa e un invito a cambiare ritmo: il claim <strong>\u201cIl tempo giusto \u00e8 lento\u201d<\/strong> trova ad Acciaroli la sua dimensione pi\u00f9 naturale, trasformando tre giorni in un\u2019occasione per guardare, ascoltare, assaporare e stare insieme.<\/p>\n","protected":false},"excerpt":{"rendered":"<p>Sul palco Levante, Ditonellapiaga, Margherita Vicario e tanti altri artisti Ci sono luoghi che non hanno bisogno di correre per arrivare lontano. Luoghi che invitano a fermarsi, ascoltare, guardare il mare e ritrovare il tempo delle cose che contano. \u00c8 da qui che riparte VIVIAMOCILENTO, il festival slow che dall\u201911 al 13 settembre torna ad [&hellip;]<\/p>\n","protected":false},"author":36,"featured_media":11464,"comment_status":"open","ping_status":"open","sticky":false,"template":"","format":"standard","meta":{"jnews-multi-image_gallery":[],"jnews_single_post":{"format":"standard"},"jnews_primary_category":[],"jnews_override_counter":[],"footnotes":""},"categories":[7],"tags":[305,30,49],"class_list":["post-11462","post","type-post","status-publish","format-standard","has-post-thumbnail","hentry","category-eventi","tag-eventi","tag-musica","tag-natura"],"yoast_head":"<!-- This site is optimized with the Yoast SEO plugin v28.1 - https:\/\/yoast.com\/product\/yoast-seo-wordpress\/ -->\n<title>Acciaroli. &#039;Viviamocilento&#039; tra musica, natura e sapori - \u00e8campania<\/title>\n<meta name=\"robots\" content=\"index, follow, max-snippet:-1, max-image-preview:large, max-video-preview:-1\" \/>\n<link rel=\"canonical\" href=\"https:\/\/ecampania.it\/magazine\/acciaroli-viviamocilento-tra-musica-natura-e-sapori\/\" \/>\n<meta property=\"og:locale\" content=\"it_IT\" \/>\n<meta property=\"og:type\" content=\"article\" \/>\n<meta property=\"og:title\" content=\"Acciaroli. &#039;Viviamocilento&#039; tra musica, natura e sapori - \u00e8campania\" \/>\n<meta property=\"og:description\" content=\"Sul palco Levante, Ditonellapiaga, Margherita Vicario e tanti altri artisti Ci sono luoghi che non hanno bisogno di correre per arrivare lontano. Luoghi che invitano a fermarsi, ascoltare, guardare il mare e ritrovare il tempo delle cose che contano. \u00c8 da qui che riparte VIVIAMOCILENTO, il festival slow che dall\u201911 al 13 settembre torna ad [&hellip;]\" \/>\n<meta property=\"og:url\" content=\"https:\/\/ecampania.it\/magazine\/acciaroli-viviamocilento-tra-musica-natura-e-sapori\/\" \/>\n<meta property=\"og:site_name\" content=\"\u00e8campania\" \/>\n<meta property=\"article:publisher\" content=\"https:\/\/www.facebook.com\/ecampania.it\" \/>\n<meta property=\"article:published_time\" content=\"2026-09-04T09:22:14+00:00\" \/>\n<meta property=\"article:modified_time\" content=\"2026-09-04T09:22:15+00:00\" \/>\n<meta property=\"og:image\" content=\"https:\/\/ecampania.it\/magazine\/wp-content\/uploads\/2026\/09\/Viviamocilento1.jpeg\" \/>\n\t<meta property=\"og:image:width\" content=\"2000\" \/>\n\t<meta property=\"og:image:height\" content=\"1333\" \/>\n\t<meta property=\"og:image:type\" content=\"image\/jpeg\" \/>\n<meta name=\"author\" content=\"Giada Cuomo\" \/>\n<meta name=\"twitter:card\" content=\"summary_large_image\" \/>\n<meta name=\"twitter:label1\" content=\"Scritto da\" \/>\n\t<meta name=\"twitter:data1\" content=\"Giada Cuomo\" \/>\n\t<meta name=\"twitter:label2\" content=\"Tempo di lettura stimato\" \/>\n\t<meta name=\"twitter:data2\" content=\"2 minuti\" \/>\n<script type=\"application\/ld+json\" class=\"yoast-schema-graph\">{\"@context\":\"https:\\\/\\\/schema.org\",\"@graph\":[{\"@type\":\"Article\",\"@id\":\"https:\\\/\\\/ecampania.it\\\/magazine\\\/acciaroli-viviamocilento-tra-musica-natura-e-sapori\\\/#article\",\"isPartOf\":{\"@id\":\"https:\\\/\\\/ecampania.it\\\/magazine\\\/acciaroli-viviamocilento-tra-musica-natura-e-sapori\\\/\"},\"author\":{\"name\":\"Giada Cuomo\",\"@id\":\"https:\\\/\\\/ecampania.it\\\/magazine\\\/#\\\/schema\\\/person\\\/f372b853776f14766c01226091cd1381\"},\"headline\":\"Acciaroli. &#8216;Viviamocilento&#8217; tra musica, natura e sapori\",\"datePublished\":\"2026-09-04T09:22:14+00:00\",\"dateModified\":\"2026-09-04T09:22:15+00:00\",\"mainEntityOfPage\":{\"@id\":\"https:\\\/\\\/ecampania.it\\\/magazine\\\/acciaroli-viviamocilento-tra-musica-natura-e-sapori\\\/\"},\"wordCount\":333,\"commentCount\":0,\"publisher\":{\"@id\":\"https:\\\/\\\/ecampania.it\\\/magazine\\\/#organization\"},\"image\":{\"@id\":\"https:\\\/\\\/ecampania.it\\\/magazine\\\/acciaroli-viviamocilento-tra-musica-natura-e-sapori\\\/#primaryimage\"},\"thumbnailUrl\":\"https:\\\/\\\/ecampania.it\\\/magazine\\\/wp-content\\\/uploads\\\/2026\\\/09\\\/Viviamocilento1.jpeg\",\"keywords\":[\"eventi\",\"musica\",\"natura\"],\"articleSection\":[\"Eventi\"],\"inLanguage\":\"it-IT\",\"potentialAction\":[{\"@type\":\"CommentAction\",\"name\":\"Comment\",\"target\":[\"https:\\\/\\\/ecampania.it\\\/magazine\\\/acciaroli-viviamocilento-tra-musica-natura-e-sapori\\\/#respond\"]}]},{\"@type\":\"WebPage\",\"@id\":\"https:\\\/\\\/ecampania.it\\\/magazine\\\/acciaroli-viviamocilento-tra-musica-natura-e-sapori\\\/\",\"url\":\"https:\\\/\\\/ecampania.it\\\/magazine\\\/acciaroli-viviamocilento-tra-musica-natura-e-sapori\\\/\",\"name\":\"Acciaroli. 'Viviamocilento' tra musica, natura e sapori - \u00e8campania\",\"isPartOf\":{\"@id\":\"https:\\\/\\\/ecampania.it\\\/magazine\\\/#website\"},\"primaryImageOfPage\":{\"@id\":\"https:\\\/\\\/ecampania.it\\\/magazine\\\/acciaroli-viviamocilento-tra-musica-natura-e-sapori\\\/#primaryimage\"},\"image\":{\"@id\":\"https:\\\/\\\/ecampania.it\\\/magazine\\\/acciaroli-viviamocilento-tra-musica-natura-e-sapori\\\/#primaryimage\"},\"thumbnailUrl\":\"https:\\\/\\\/ecampania.it\\\/magazine\\\/wp-content\\\/uploads\\\/2026\\\/09\\\/Viviamocilento1.jpeg\",\"datePublished\":\"2026-09-04T09:22:14+00:00\",\"dateModified\":\"2026-09-04T09:22:15+00:00\",\"breadcrumb\":{\"@id\":\"https:\\\/\\\/ecampania.it\\\/magazine\\\/acciaroli-viviamocilento-tra-musica-natura-e-sapori\\\/#breadcrumb\"},\"inLanguage\":\"it-IT\",\"potentialAction\":[{\"@type\":\"ReadAction\",\"target\":[\"https:\\\/\\\/ecampania.it\\\/magazine\\\/acciaroli-viviamocilento-tra-musica-natura-e-sapori\\\/\"]}]},{\"@type\":\"ImageObject\",\"inLanguage\":\"it-IT\",\"@id\":\"https:\\\/\\\/ecampania.it\\\/magazine\\\/acciaroli-viviamocilento-tra-musica-natura-e-sapori\\\/#primaryimage\",\"url\":\"https:\\\/\\\/ecampania.it\\\/magazine\\\/wp-content\\\/uploads\\\/2026\\\/09\\\/Viviamocilento1.jpeg\",\"contentUrl\":\"https:\\\/\\\/ecampania.it\\\/magazine\\\/wp-content\\\/uploads\\\/2026\\\/09\\\/Viviamocilento1.jpeg\",\"width\":2000,\"height\":1333},{\"@type\":\"BreadcrumbList\",\"@id\":\"https:\\\/\\\/ecampania.it\\\/magazine\\\/acciaroli-viviamocilento-tra-musica-natura-e-sapori\\\/#breadcrumb\",\"itemListElement\":[{\"@type\":\"ListItem\",\"position\":1,\"name\":\"Home\",\"item\":\"https:\\\/\\\/ecampania.it\\\/magazine\\\/\"},{\"@type\":\"ListItem\",\"position\":2,\"name\":\"Acciaroli. &#8216;Viviamocilento&#8217; tra musica, natura e sapori\"}]},{\"@type\":\"WebSite\",\"@id\":\"https:\\\/\\\/ecampania.it\\\/magazine\\\/#website\",\"url\":\"https:\\\/\\\/ecampania.it\\\/magazine\\\/\",\"name\":\"Ecampania\",\"description\":\"Il primo portale dedicato al turismo ed alla cultura in Campania\",\"publisher\":{\"@id\":\"https:\\\/\\\/ecampania.it\\\/magazine\\\/#organization\"},\"potentialAction\":[{\"@type\":\"SearchAction\",\"target\":{\"@type\":\"EntryPoint\",\"urlTemplate\":\"https:\\\/\\\/ecampania.it\\\/magazine\\\/?s={search_term_string}\"},\"query-input\":{\"@type\":\"PropertyValueSpecification\",\"valueRequired\":true,\"valueName\":\"search_term_string\"}}],\"inLanguage\":\"it-IT\"},{\"@type\":\"Organization\",\"@id\":\"https:\\\/\\\/ecampania.it\\\/magazine\\\/#organization\",\"name\":\"Ecampania\",\"url\":\"https:\\\/\\\/ecampania.it\\\/magazine\\\/\",\"logo\":{\"@type\":\"ImageObject\",\"inLanguage\":\"it-IT\",\"@id\":\"https:\\\/\\\/ecampania.it\\\/magazine\\\/#\\\/schema\\\/logo\\\/image\\\/\",\"url\":\"https:\\\/\\\/ecampania.it\\\/magazine\\\/wp-content\\\/uploads\\\/2025\\\/01\\\/fb.png\",\"contentUrl\":\"https:\\\/\\\/ecampania.it\\\/magazine\\\/wp-content\\\/uploads\\\/2025\\\/01\\\/fb.png\",\"width\":500,\"height\":500,\"caption\":\"Ecampania\"},\"image\":{\"@id\":\"https:\\\/\\\/ecampania.it\\\/magazine\\\/#\\\/schema\\\/logo\\\/image\\\/\"},\"sameAs\":[\"https:\\\/\\\/www.facebook.com\\\/ecampania.it\",\"https:\\\/\\\/www.instagram.com\\\/ecampania.it\\\/\"]},{\"@type\":\"Person\",\"@id\":\"https:\\\/\\\/ecampania.it\\\/magazine\\\/#\\\/schema\\\/person\\\/f372b853776f14766c01226091cd1381\",\"name\":\"Giada Cuomo\",\"image\":{\"@type\":\"ImageObject\",\"inLanguage\":\"it-IT\",\"@id\":\"https:\\\/\\\/secure.gravatar.com\\\/avatar\\\/146c6721e4d668a5b54e972781d98893d8c77afe8ac2754067e4820df8ed0fa0?s=96&d=mm&r=g\",\"url\":\"https:\\\/\\\/secure.gravatar.com\\\/avatar\\\/146c6721e4d668a5b54e972781d98893d8c77afe8ac2754067e4820df8ed0fa0?s=96&d=mm&r=g\",\"contentUrl\":\"https:\\\/\\\/secure.gravatar.com\\\/avatar\\\/146c6721e4d668a5b54e972781d98893d8c77afe8ac2754067e4820df8ed0fa0?s=96&d=mm&r=g\",\"caption\":\"Giada Cuomo\"},\"url\":\"https:\\\/\\\/ecampania.it\\\/magazine\\\/author\\\/giada\\\/\"}]}<\/script>\n<!-- \/ Yoast SEO plugin. -->","yoast_head_json":{"title":"Acciaroli. 'Viviamocilento' tra musica, natura e sapori - \u00e8campania","robots":{"index":"index","follow":"follow","max-snippet":"max-snippet:-1","max-image-preview":"max-image-preview:large","max-video-preview":"max-video-preview:-1"},"canonical":"https:\/\/ecampania.it\/magazine\/acciaroli-viviamocilento-tra-musica-natura-e-sapori\/","og_locale":"it_IT","og_type":"article","og_title":"Acciaroli. 'Viviamocilento' tra musica, natura e sapori - \u00e8campania","og_description":"Sul palco Levante, Ditonellapiaga, Margherita Vicario e tanti altri artisti Ci sono luoghi che non hanno bisogno di correre per arrivare lontano. Luoghi che invitano a fermarsi, ascoltare, guardare il mare e ritrovare il tempo delle cose che contano. \u00c8 da qui che riparte VIVIAMOCILENTO, il festival slow che dall\u201911 al 13 settembre torna ad [&hellip;]","og_url":"https:\/\/ecampania.it\/magazine\/acciaroli-viviamocilento-tra-musica-natura-e-sapori\/","og_site_name":"\u00e8campania","article_publisher":"https:\/\/www.facebook.com\/ecampania.it","article_published_time":"2026-09-04T09:22:14+00:00","article_modified_time":"2026-09-04T09:22:15+00:00","og_image":[{"width":2000,"height":1333,"url":"https:\/\/ecampania.it\/magazine\/wp-content\/uploads\/2026\/09\/Viviamocilento1.jpeg","type":"image\/jpeg"}],"author":"Giada Cuomo","twitter_card":"summary_large_image","twitter_misc":{"Scritto da":"Giada Cuomo","Tempo di lettura stimato":"2 minuti"},"schema":{"@context":"https:\/\/schema.org","@graph":[{"@type":"Article","@id":"https:\/\/ecampania.it\/magazine\/acciaroli-viviamocilento-tra-musica-natura-e-sapori\/#article","isPartOf":{"@id":"https:\/\/ecampania.it\/magazine\/acciaroli-viviamocilento-tra-musica-natura-e-sapori\/"},"author":{"name":"Giada Cuomo","@id":"https:\/\/ecampania.it\/magazine\/#\/schema\/person\/f372b853776f14766c01226091cd1381"},"headline":"Acciaroli. &#8216;Viviamocilento&#8217; tra musica, natura e sapori","datePublished":"2026-09-04T09:22:14+00:00","dateModified":"2026-09-04T09:22:15+00:00","mainEntityOfPage":{"@id":"https:\/\/ecampania.it\/magazine\/acciaroli-viviamocilento-tra-musica-natura-e-sapori\/"},"wordCount":333,"commentCount":0,"publisher":{"@id":"https:\/\/ecampania.it\/magazine\/#organization"},"image":{"@id":"https:\/\/ecampania.it\/magazine\/acciaroli-viviamocilento-tra-musica-natura-e-sapori\/#primaryimage"},"thumbnailUrl":"https:\/\/ecampania.it\/magazine\/wp-content\/uploads\/2026\/09\/Viviamocilento1.jpeg","keywords":["eventi","musica","natura"],"articleSection":["Eventi"],"inLanguage":"it-IT","potentialAction":[{"@type":"CommentAction","name":"Comment","target":["https:\/\/ecampania.it\/magazine\/acciaroli-viviamocilento-tra-musica-natura-e-sapori\/#respond"]}]},{"@type":"WebPage","@id":"https:\/\/ecampania.it\/magazine\/acciaroli-viviamocilento-tra-musica-natura-e-sapori\/","url":"https:\/\/ecampania.it\/magazine\/acciaroli-viviamocilento-tra-musica-natura-e-sapori\/","name":"Acciaroli. 'Viviamocilento' tra musica, natura e sapori - \u00e8campania","isPartOf":{"@id":"https:\/\/ecampania.it\/magazine\/#website"},"primaryImageOfPage":{"@id":"https:\/\/ecampania.it\/magazine\/acciaroli-viviamocilento-tra-musica-natura-e-sapori\/#primaryimage"},"image":{"@id":"https:\/\/ecampania.it\/magazine\/acciaroli-viviamocilento-tra-musica-natura-e-sapori\/#primaryimage"},"thumbnailUrl":"https:\/\/ecampania.it\/magazine\/wp-content\/uploads\/2026\/09\/Viviamocilento1.jpeg","datePublished":"2026-09-04T09:22:14+00:00","dateModified":"2026-09-04T09:22:15+00:00","breadcrumb":{"@id":"https:\/\/ecampania.it\/magazine\/acciaroli-viviamocilento-tra-musica-natura-e-sapori\/#breadcrumb"},"inLanguage":"it-IT","potentialAction":[{"@type":"ReadAction","target":["https:\/\/ecampania.it\/magazine\/acciaroli-viviamocilento-tra-musica-natura-e-sapori\/"]}]},{"@type":"ImageObject","inLanguage":"it-IT","@id":"https:\/\/ecampania.it\/magazine\/acciaroli-viviamocilento-tra-musica-natura-e-sapori\/#primaryimage","url":"https:\/\/ecampania.it\/magazine\/wp-content\/uploads\/2026\/09\/Viviamocilento1.jpeg","contentUrl":"https:\/\/ecampania.it\/magazine\/wp-content\/uploads\/2026\/09\/Viviamocilento1.jpeg","width":2000,"height":1333},{"@type":"BreadcrumbList","@id":"https:\/\/ecampania.it\/magazine\/acciaroli-viviamocilento-tra-musica-natura-e-sapori\/#breadcrumb","itemListElement":[{"@type":"ListItem","position":1,"name":"Home","item":"https:\/\/ecampania.it\/magazine\/"},{"@type":"ListItem","position":2,"name":"Acciaroli. &#8216;Viviamocilento&#8217; tra musica, natura e sapori"}]},{"@type":"WebSite","@id":"https:\/\/ecampania.it\/magazine\/#website","url":"https:\/\/ecampania.it\/magazine\/","name":"Ecampania","description":"Il primo portale dedicato al turismo ed alla cultura in Campania","publisher":{"@id":"https:\/\/ecampania.it\/magazine\/#organization"},"potentialAction":[{"@type":"SearchAction","target":{"@type":"EntryPoint","urlTemplate":"https:\/\/ecampania.it\/magazine\/?s={search_term_string}"},"query-input":{"@type":"PropertyValueSpecification","valueRequired":true,"valueName":"search_term_string"}}],"inLanguage":"it-IT"},{"@type":"Organization","@id":"https:\/\/ecampania.it\/magazine\/#organization","name":"Ecampania","url":"https:\/\/ecampania.it\/magazine\/","logo":{"@type":"ImageObject","inLanguage":"it-IT","@id":"https:\/\/ecampania.it\/magazine\/#\/schema\/logo\/image\/","url":"https:\/\/ecampania.it\/magazine\/wp-content\/uploads\/2025\/01\/fb.png","contentUrl":"https:\/\/ecampania.it\/magazine\/wp-content\/uploads\/2025\/01\/fb.png","width":500,"height":500,"caption":"Ecampania"},"image":{"@id":"https:\/\/ecampania.it\/magazine\/#\/schema\/logo\/image\/"},"sameAs":["https:\/\/www.facebook.com\/ecampania.it","https:\/\/www.instagram.com\/ecampania.it\/"]},{"@type":"Person","@id":"https:\/\/ecampania.it\/magazine\/#\/schema\/person\/f372b853776f14766c01226091cd1381","name":"Giada Cuomo","image":{"@type":"ImageObject","inLanguage":"it-IT","@id":"https:\/\/secure.gravatar.com\/avatar\/146c6721e4d668a5b54e972781d98893d8c77afe8ac2754067e4820df8ed0fa0?s=96&d=mm&r=g","url":"https:\/\/secure.gravatar.com\/avatar\/146c6721e4d668a5b54e972781d98893d8c77afe8ac2754067e4820df8ed0fa0?s=96&d=mm&r=g","contentUrl":"https:\/\/secure.gravatar.com\/avatar\/146c6721e4d668a5b54e972781d98893d8c77afe8ac2754067e4820df8ed0fa0?s=96&d=mm&r=g","caption":"Giada Cuomo"},"url":"https:\/\/ecampania.it\/magazine\/author\/giada\/"}]}},"_links":{"self":[{"href":"https:\/\/ecampania.it\/magazine\/wp-json\/wp\/v2\/posts\/11462","targetHints":{"allow":["GET"]}}],"collection":[{"href":"https:\/\/ecampania.it\/magazine\/wp-json\/wp\/v2\/posts"}],"about":[{"href":"https:\/\/ecampania.it\/magazine\/wp-json\/wp\/v2\/types\/post"}],"author":[{"embeddable":true,"href":"https:\/\/ecampania.it\/magazine\/wp-json\/wp\/v2\/users\/36"}],"replies":[{"embeddable":true,"href":"https:\/\/ecampania.it\/magazine\/wp-json\/wp\/v2\/comments?post=11462"}],"version-history":[{"count":2,"href":"https:\/\/ecampania.it\/magazine\/wp-json\/wp\/v2\/posts\/11462\/revisions"}],"predecessor-version":[{"id":11465,"href":"https:\/\/ecampania.it\/magazine\/wp-json\/wp\/v2\/posts\/11462\/revisions\/11465"}],"wp:featuredmedia":[{"embeddable":true,"href":"https:\/\/ecampania.it\/magazine\/wp-json\/wp\/v2\/media\/11464"}],"wp:attachment":[{"href":"https:\/\/ecampania.it\/magazine\/wp-json\/wp\/v2\/media?parent=11462"}],"wp:term":[{"taxonomy":"category","embeddable":true,"href":"https:\/\/ecampania.it\/magazine\/wp-json\/wp\/v2\/categories?post=11462"},{"taxonomy":"post_tag","embeddable":true,"href":"https:\/\/ecampania.it\/magazine\/wp-json\/wp\/v2\/tags?post=11462"}],"curies":[{"name":"wp","href":"https:\/\/api.w.org\/{rel}","templated":true}]}}