{"id":11467,"date":"2026-09-05T07:00:00","date_gmt":"2026-09-05T05:00:00","guid":{"rendered":"https:\/\/ecampania.it\/magazine\/?p=11467"},"modified":"2026-09-04T11:39:35","modified_gmt":"2026-09-04T09:39:35","slug":"quando-la-campania-da-spettacolo-gli-eventi-di-agosto-tra-costa-ed-entroterra","status":"publish","type":"post","link":"https:\/\/ecampania.it\/magazine\/quando-la-campania-da-spettacolo-gli-eventi-di-agosto-tra-costa-ed-entroterra\/","title":{"rendered":"Quando la Campania d\u00e0 spettacolo: gli eventi di agosto tra costa ed entroterra"},"content":{"rendered":"\n<p class=\"wp-block-paragraph\"><em>Agosto in Campania ha due volti. Da una parte c&#8217;\u00e8 la costa, con le sue piazzette affollate, i concerti sul mare e i fuochi d&#8217;artificio che si specchiano nell&#8217;acqua. Dall&#8217;altra c&#8217;\u00e8 l&#8217;entroterra, dove i paesi dell&#8217;Irpinia, del Sannio e del Cilento interno riempiono il calendario di sagre, feste patronali e notti bianche.<\/em><\/p>\n\n\n\n<p class=\"wp-block-paragraph\">Chi passa le vacanze in regione (o chi ci vive tutto l&#8217;anno) ha solo l&#8217;imbarazzo della scelta: il problema, semmai, \u00e8 decidere dove andare, perch\u00e9 nello stesso weekend possono coincidere una rassegna musicale in costiera e una festa di paese a pochi chilometri dall&#8217;autostrada. Ecco una panoramica di ci\u00f2 che il mese propone, tra appuntamenti storici e tradizioni meno note.<\/p>\n\n\n\n<h2 class=\"wp-block-heading\"><strong>La costiera amalfitana tra musica e tradizione<\/strong><\/h2>\n\n\n\n<p class=\"wp-block-paragraph\">Il Ravello Festival resta l&#8217;appuntamento simbolo dell&#8217;estate in costiera. I concerti sul belvedere di Villa Rufolo, con l&#8217;orchestra sospesa sul mare, richiamano ogni anno un pubblico internazionale, e il cartellone di agosto alterna musica sinfonica, jazz e serate d&#8217;autore. A pochi tornanti di distanza, Positano celebra a Ferragosto la festa dell&#8217;Assunta, con la rievocazione dello sbarco saraceno sulla spiaggia grande: una messa in scena che unisce fede, storia e spettacolo pirotecnico. Anche Minori e Maiori animano le serate con rassegne dedicate al gusto e alla musica popolare, mentre Amalfi punta su concerti in piazza Duomo e visite serali agli antichi arsenali.<\/p>\n\n\n\n<h2 class=\"wp-block-heading\"><strong>Napoli e il golfo: la citt\u00e0 non va in vacanza<\/strong><\/h2>\n\n\n\n<p class=\"wp-block-paragraph\">Chi resta a Napoli in agosto trova una citt\u00e0 pi\u00f9 lenta ma tutt&#8217;altro che ferma. Il lungomare Caracciolo diventa un palcoscenico naturale per eventi all&#8217;aperto, mentre cortili storici e chiostri ospitano rassegne di cinema sotto le stelle. Nelle isole del golfo il mese entra nel vivo: a Ischia le feste patronali si susseguono tra processioni a mare e luminarie, a Procida la marina di Corricella fa da sfondo a serate di musica e teatro. Capri, dal canto suo, concentra gli appuntamenti mondani tra la piazzetta e i giardini di Augusto, con un calendario che mescola arte contemporanea e concerti privati aperti al pubblico.<\/p>\n\n\n\n<h2 class=\"wp-block-heading\"><strong>L&#8217;entroterra e il trionfo delle sagre<\/strong><\/h2>\n\n\n\n<p class=\"wp-block-paragraph\">Se la costa punta sui grandi nomi, l&#8217;interno risponde con la forza della tradizione. Agosto \u00e8 il mese d&#8217;oro delle sagre campane, occasioni in cui i piccoli borghi si trasformano in ristoranti a cielo aperto. Tra le tappe pi\u00f9 amate dagli appassionati di cucina locale ci sono:<\/p>\n\n\n\n<ul class=\"wp-block-list\">\n<li>la sagra del fusillo di Felitto, nel Cilento, dedicata alla pasta fresca lavorata a mano;<\/li>\n\n\n\n<li>le feste del caciocavallo e dei formaggi d&#8217;alpeggio sui monti del Matese;<\/li>\n\n\n\n<li>gli appuntamenti irpini legati al vino, con degustazioni nei centri storici di Taurasi e dintorni;<\/li>\n\n\n\n<li>le serate del Sannio tra porchetta, cecatielli e musica popolare.<\/li>\n<\/ul>\n\n\n\n<p class=\"wp-block-paragraph\">Il 16 agosto, poi, decine di comuni celebrano San Rocco con processioni, bande e spari a salve: una festa sentita soprattutto nei paesi dell&#8217;Appennino, dove la ricorrenza chiude idealmente il periodo ferragostano.<\/p>\n\n\n\n<h2 class=\"wp-block-heading\"><strong>Ferragosto, il giorno che unisce la regione<\/strong><\/h2>\n\n\n\n<p class=\"wp-block-paragraph\">Il 15 agosto \u00e8 la data in cui costa ed entroterra parlano la stessa lingua. Sul litorale domitio e in penisola sorrentina i fuochi d&#8217;artificio illuminano la mezzanotte, mentre nei borghi interni si organizzano pranzi comunitari, tornei tra contrade e concerti in piazza. Molte localit\u00e0 marinare propongono anche processioni a mare, con le statue dei santi patroni portate in barca lungo la costa (una tradizione che a Positano, Cetara e Vietri richiama migliaia di spettatori). Per chi si sposta in auto conviene organizzarsi con anticipo: strade e parcheggi, in quei giorni, mettono a dura prova la pazienza di chiunque.<\/p>\n\n\n\n<h2 class=\"wp-block-heading\"><strong>Serate lunghe: cosa fare quando cala il sipario<\/strong><\/h2>\n\n\n\n<p class=\"wp-block-paragraph\">Terminati i concerti e spenti i fuochi, le serate d&#8217;agosto in Campania continuano a modo loro. C&#8217;\u00e8 chi allunga la notte nei locali sul mare, chi preferisce una passeggiata nei centri storici illuminati e chi, dopo giornate intense tra spiagge e sagre, sceglie il relax casalingo. In quest&#8217;ultimo caso l&#8217;intrattenimento digitale \u00e8 ormai parte delle abitudini serali di molti: dalle piattaforme di streaming ai giochi online, fino ai <a href=\"https:\/\/www.pokerstars.it\/casino\/live\">tavoli in diretta con croupier<\/a>, dove partite e puntate si svolgono in tempo reale con dealer professionisti in video, in un formato che ricrea a distanza l&#8217;atmosfera delle sale da gioco tradizionali.<\/p>\n\n\n\n<p class=\"wp-block-paragraph\">Per godersi al meglio il mese, qualche accorgimento pratico aiuta:<\/p>\n\n\n\n<ul class=\"wp-block-list\">\n<li>controllare i calendari ufficiali dei comuni, perch\u00e9 date e orari possono cambiare all&#8217;ultimo;<\/li>\n\n\n\n<li>prenotare con largo anticipo ristoranti e strutture nelle localit\u00e0 pi\u00f9 richieste;<\/li>\n\n\n\n<li>preferire i mezzi pubblici o le navette per raggiungere la costiera nei giorni di punta;<\/li>\n\n\n\n<li>portare con s\u00e9 contanti nelle sagre di paese, dove non sempre si paga con carta.<\/li>\n<\/ul>\n\n\n\n<p class=\"wp-block-paragraph\">Agosto, in fondo, racconta bene l&#8217;identit\u00e0 della Campania: una regione capace di passare in poche ore dal concerto d&#8217;orchestra a picco sul mare alla tavolata sotto le stelle di un borgo di montagna. Due mondi diversi, uno stesso spirito di festa, e un calendario che ogni anno trova il modo di sorprendere anche chi pensa di conoscerlo a memoria.<\/p>\n","protected":false},"excerpt":{"rendered":"<p>Agosto in Campania ha due volti. Da una parte c&#8217;\u00e8 la costa, con le sue piazzette affollate, i concerti sul mare e i fuochi d&#8217;artificio che si specchiano nell&#8217;acqua. Dall&#8217;altra c&#8217;\u00e8 l&#8217;entroterra, dove i paesi dell&#8217;Irpinia, del Sannio e del Cilento interno riempiono il calendario di sagre, feste patronali e notti bianche. Chi passa le [&hellip;]<\/p>\n","protected":false},"author":7,"featured_media":11468,"comment_status":"open","ping_status":"open","sticky":false,"template":"","format":"standard","meta":{"jnews-multi-image_gallery":[],"jnews_single_post":{"format":"standard"},"jnews_primary_category":[],"jnews_override_counter":[],"footnotes":""},"categories":[1],"tags":[],"class_list":["post-11467","post","type-post","status-publish","format-standard","has-post-thumbnail","hentry","category-news"],"yoast_head":"<!-- This site is optimized with the Yoast SEO plugin v28.1 - https:\/\/yoast.com\/product\/yoast-seo-wordpress\/ -->\n<title>Quando la Campania d\u00e0 spettacolo: gli eventi di agosto tra costa ed entroterra - \u00e8campania<\/title>\n<meta name=\"robots\" content=\"index, follow, max-snippet:-1, max-image-preview:large, max-video-preview:-1\" \/>\n<link rel=\"canonical\" href=\"https:\/\/ecampania.it\/magazine\/quando-la-campania-da-spettacolo-gli-eventi-di-agosto-tra-costa-ed-entroterra\/\" \/>\n<meta property=\"og:locale\" content=\"it_IT\" \/>\n<meta property=\"og:type\" content=\"article\" \/>\n<meta property=\"og:title\" content=\"Quando la Campania d\u00e0 spettacolo: gli eventi di agosto tra costa ed entroterra - \u00e8campania\" \/>\n<meta property=\"og:description\" content=\"Agosto in Campania ha due volti. Da una parte c&#8217;\u00e8 la costa, con le sue piazzette affollate, i concerti sul mare e i fuochi d&#8217;artificio che si specchiano nell&#8217;acqua. Dall&#8217;altra c&#8217;\u00e8 l&#8217;entroterra, dove i paesi dell&#8217;Irpinia, del Sannio e del Cilento interno riempiono il calendario di sagre, feste patronali e notti bianche. Chi passa le [&hellip;]\" \/>\n<meta property=\"og:url\" content=\"https:\/\/ecampania.it\/magazine\/quando-la-campania-da-spettacolo-gli-eventi-di-agosto-tra-costa-ed-entroterra\/\" \/>\n<meta property=\"og:site_name\" content=\"\u00e8campania\" \/>\n<meta property=\"article:publisher\" content=\"https:\/\/www.facebook.com\/ecampania.it\" \/>\n<meta property=\"article:published_time\" content=\"2026-09-05T05:00:00+00:00\" \/>\n<meta property=\"og:image\" content=\"https:\/\/ecampania.it\/magazine\/wp-content\/uploads\/2026\/09\/porto-maiori-scaled.jpg\" \/>\n\t<meta property=\"og:image:width\" content=\"2560\" \/>\n\t<meta property=\"og:image:height\" content=\"1440\" \/>\n\t<meta property=\"og:image:type\" content=\"image\/jpeg\" \/>\n<meta name=\"author\" content=\"Redazione\" \/>\n<meta name=\"twitter:card\" content=\"summary_large_image\" \/>\n<meta name=\"twitter:label1\" content=\"Scritto da\" \/>\n\t<meta name=\"twitter:data1\" content=\"Redazione\" \/>\n\t<meta name=\"twitter:label2\" content=\"Tempo di lettura stimato\" \/>\n\t<meta name=\"twitter:data2\" content=\"5 minuti\" \/>\n<script type=\"application\/ld+json\" class=\"yoast-schema-graph\">{\"@context\":\"https:\\\/\\\/schema.org\",\"@graph\":[{\"@type\":\"Article\",\"@id\":\"https:\\\/\\\/ecampania.it\\\/magazine\\\/quando-la-campania-da-spettacolo-gli-eventi-di-agosto-tra-costa-ed-entroterra\\\/#article\",\"isPartOf\":{\"@id\":\"https:\\\/\\\/ecampania.it\\\/magazine\\\/quando-la-campania-da-spettacolo-gli-eventi-di-agosto-tra-costa-ed-entroterra\\\/\"},\"author\":{\"name\":\"Redazione\",\"@id\":\"https:\\\/\\\/ecampania.it\\\/magazine\\\/#\\\/schema\\\/person\\\/f259cd7c01428ef3ac5db31dcac5ab70\"},\"headline\":\"Quando la Campania d\u00e0 spettacolo: gli eventi di agosto tra costa ed entroterra\",\"datePublished\":\"2026-09-05T05:00:00+00:00\",\"mainEntityOfPage\":{\"@id\":\"https:\\\/\\\/ecampania.it\\\/magazine\\\/quando-la-campania-da-spettacolo-gli-eventi-di-agosto-tra-costa-ed-entroterra\\\/\"},\"wordCount\":814,\"commentCount\":0,\"publisher\":{\"@id\":\"https:\\\/\\\/ecampania.it\\\/magazine\\\/#organization\"},\"image\":{\"@id\":\"https:\\\/\\\/ecampania.it\\\/magazine\\\/quando-la-campania-da-spettacolo-gli-eventi-di-agosto-tra-costa-ed-entroterra\\\/#primaryimage\"},\"thumbnailUrl\":\"https:\\\/\\\/ecampania.it\\\/magazine\\\/wp-content\\\/uploads\\\/2026\\\/09\\\/porto-maiori-scaled.jpg\",\"articleSection\":[\"News\"],\"inLanguage\":\"it-IT\",\"potentialAction\":[{\"@type\":\"CommentAction\",\"name\":\"Comment\",\"target\":[\"https:\\\/\\\/ecampania.it\\\/magazine\\\/quando-la-campania-da-spettacolo-gli-eventi-di-agosto-tra-costa-ed-entroterra\\\/#respond\"]}]},{\"@type\":\"WebPage\",\"@id\":\"https:\\\/\\\/ecampania.it\\\/magazine\\\/quando-la-campania-da-spettacolo-gli-eventi-di-agosto-tra-costa-ed-entroterra\\\/\",\"url\":\"https:\\\/\\\/ecampania.it\\\/magazine\\\/quando-la-campania-da-spettacolo-gli-eventi-di-agosto-tra-costa-ed-entroterra\\\/\",\"name\":\"Quando la Campania d\u00e0 spettacolo: gli eventi di agosto tra costa ed entroterra - \u00e8campania\",\"isPartOf\":{\"@id\":\"https:\\\/\\\/ecampania.it\\\/magazine\\\/#website\"},\"primaryImageOfPage\":{\"@id\":\"https:\\\/\\\/ecampania.it\\\/magazine\\\/quando-la-campania-da-spettacolo-gli-eventi-di-agosto-tra-costa-ed-entroterra\\\/#primaryimage\"},\"image\":{\"@id\":\"https:\\\/\\\/ecampania.it\\\/magazine\\\/quando-la-campania-da-spettacolo-gli-eventi-di-agosto-tra-costa-ed-entroterra\\\/#primaryimage\"},\"thumbnailUrl\":\"https:\\\/\\\/ecampania.it\\\/magazine\\\/wp-content\\\/uploads\\\/2026\\\/09\\\/porto-maiori-scaled.jpg\",\"datePublished\":\"2026-09-05T05:00:00+00:00\",\"breadcrumb\":{\"@id\":\"https:\\\/\\\/ecampania.it\\\/magazine\\\/quando-la-campania-da-spettacolo-gli-eventi-di-agosto-tra-costa-ed-entroterra\\\/#breadcrumb\"},\"inLanguage\":\"it-IT\",\"potentialAction\":[{\"@type\":\"ReadAction\",\"target\":[\"https:\\\/\\\/ecampania.it\\\/magazine\\\/quando-la-campania-da-spettacolo-gli-eventi-di-agosto-tra-costa-ed-entroterra\\\/\"]}]},{\"@type\":\"ImageObject\",\"inLanguage\":\"it-IT\",\"@id\":\"https:\\\/\\\/ecampania.it\\\/magazine\\\/quando-la-campania-da-spettacolo-gli-eventi-di-agosto-tra-costa-ed-entroterra\\\/#primaryimage\",\"url\":\"https:\\\/\\\/ecampania.it\\\/magazine\\\/wp-content\\\/uploads\\\/2026\\\/09\\\/porto-maiori-scaled.jpg\",\"contentUrl\":\"https:\\\/\\\/ecampania.it\\\/magazine\\\/wp-content\\\/uploads\\\/2026\\\/09\\\/porto-maiori-scaled.jpg\",\"width\":2560,\"height\":1440},{\"@type\":\"BreadcrumbList\",\"@id\":\"https:\\\/\\\/ecampania.it\\\/magazine\\\/quando-la-campania-da-spettacolo-gli-eventi-di-agosto-tra-costa-ed-entroterra\\\/#breadcrumb\",\"itemListElement\":[{\"@type\":\"ListItem\",\"position\":1,\"name\":\"Home\",\"item\":\"https:\\\/\\\/ecampania.it\\\/magazine\\\/\"},{\"@type\":\"ListItem\",\"position\":2,\"name\":\"Quando la Campania d\u00e0 spettacolo: gli eventi di agosto tra costa ed entroterra\"}]},{\"@type\":\"WebSite\",\"@id\":\"https:\\\/\\\/ecampania.it\\\/magazine\\\/#website\",\"url\":\"https:\\\/\\\/ecampania.it\\\/magazine\\\/\",\"name\":\"Ecampania\",\"description\":\"Il primo portale dedicato al turismo ed alla cultura in Campania\",\"publisher\":{\"@id\":\"https:\\\/\\\/ecampania.it\\\/magazine\\\/#organization\"},\"potentialAction\":[{\"@type\":\"SearchAction\",\"target\":{\"@type\":\"EntryPoint\",\"urlTemplate\":\"https:\\\/\\\/ecampania.it\\\/magazine\\\/?s={search_term_string}\"},\"query-input\":{\"@type\":\"PropertyValueSpecification\",\"valueRequired\":true,\"valueName\":\"search_term_string\"}}],\"inLanguage\":\"it-IT\"},{\"@type\":\"Organization\",\"@id\":\"https:\\\/\\\/ecampania.it\\\/magazine\\\/#organization\",\"name\":\"Ecampania\",\"url\":\"https:\\\/\\\/ecampania.it\\\/magazine\\\/\",\"logo\":{\"@type\":\"ImageObject\",\"inLanguage\":\"it-IT\",\"@id\":\"https:\\\/\\\/ecampania.it\\\/magazine\\\/#\\\/schema\\\/logo\\\/image\\\/\",\"url\":\"https:\\\/\\\/ecampania.it\\\/magazine\\\/wp-content\\\/uploads\\\/2025\\\/01\\\/fb.png\",\"contentUrl\":\"https:\\\/\\\/ecampania.it\\\/magazine\\\/wp-content\\\/uploads\\\/2025\\\/01\\\/fb.png\",\"width\":500,\"height\":500,\"caption\":\"Ecampania\"},\"image\":{\"@id\":\"https:\\\/\\\/ecampania.it\\\/magazine\\\/#\\\/schema\\\/logo\\\/image\\\/\"},\"sameAs\":[\"https:\\\/\\\/www.facebook.com\\\/ecampania.it\",\"https:\\\/\\\/www.instagram.com\\\/ecampania.it\\\/\"]},{\"@type\":\"Person\",\"@id\":\"https:\\\/\\\/ecampania.it\\\/magazine\\\/#\\\/schema\\\/person\\\/f259cd7c01428ef3ac5db31dcac5ab70\",\"name\":\"Redazione\",\"image\":{\"@type\":\"ImageObject\",\"inLanguage\":\"it-IT\",\"@id\":\"https:\\\/\\\/secure.gravatar.com\\\/avatar\\\/95816d083b7410def6d31c027c3ddb4f82515f84e68ea358ea75203bfac610a7?s=96&d=mm&r=g\",\"url\":\"https:\\\/\\\/secure.gravatar.com\\\/avatar\\\/95816d083b7410def6d31c027c3ddb4f82515f84e68ea358ea75203bfac610a7?s=96&d=mm&r=g\",\"contentUrl\":\"https:\\\/\\\/secure.gravatar.com\\\/avatar\\\/95816d083b7410def6d31c027c3ddb4f82515f84e68ea358ea75203bfac610a7?s=96&d=mm&r=g\",\"caption\":\"Redazione\"},\"url\":\"https:\\\/\\\/ecampania.it\\\/magazine\\\/author\\\/ecampania\\\/\"}]}<\/script>\n<!-- \/ Yoast SEO plugin. -->","yoast_head_json":{"title":"Quando la Campania d\u00e0 spettacolo: gli eventi di agosto tra costa ed entroterra - \u00e8campania","robots":{"index":"index","follow":"follow","max-snippet":"max-snippet:-1","max-image-preview":"max-image-preview:large","max-video-preview":"max-video-preview:-1"},"canonical":"https:\/\/ecampania.it\/magazine\/quando-la-campania-da-spettacolo-gli-eventi-di-agosto-tra-costa-ed-entroterra\/","og_locale":"it_IT","og_type":"article","og_title":"Quando la Campania d\u00e0 spettacolo: gli eventi di agosto tra costa ed entroterra - \u00e8campania","og_description":"Agosto in Campania ha due volti. Da una parte c&#8217;\u00e8 la costa, con le sue piazzette affollate, i concerti sul mare e i fuochi d&#8217;artificio che si specchiano nell&#8217;acqua. Dall&#8217;altra c&#8217;\u00e8 l&#8217;entroterra, dove i paesi dell&#8217;Irpinia, del Sannio e del Cilento interno riempiono il calendario di sagre, feste patronali e notti bianche. Chi passa le [&hellip;]","og_url":"https:\/\/ecampania.it\/magazine\/quando-la-campania-da-spettacolo-gli-eventi-di-agosto-tra-costa-ed-entroterra\/","og_site_name":"\u00e8campania","article_publisher":"https:\/\/www.facebook.com\/ecampania.it","article_published_time":"2026-09-05T05:00:00+00:00","og_image":[{"width":2560,"height":1440,"url":"https:\/\/ecampania.it\/magazine\/wp-content\/uploads\/2026\/09\/porto-maiori-scaled.jpg","type":"image\/jpeg"}],"author":"Redazione","twitter_card":"summary_large_image","twitter_misc":{"Scritto da":"Redazione","Tempo di lettura stimato":"5 minuti"},"schema":{"@context":"https:\/\/schema.org","@graph":[{"@type":"Article","@id":"https:\/\/ecampania.it\/magazine\/quando-la-campania-da-spettacolo-gli-eventi-di-agosto-tra-costa-ed-entroterra\/#article","isPartOf":{"@id":"https:\/\/ecampania.it\/magazine\/quando-la-campania-da-spettacolo-gli-eventi-di-agosto-tra-costa-ed-entroterra\/"},"author":{"name":"Redazione","@id":"https:\/\/ecampania.it\/magazine\/#\/schema\/person\/f259cd7c01428ef3ac5db31dcac5ab70"},"headline":"Quando la Campania d\u00e0 spettacolo: gli eventi di agosto tra costa ed entroterra","datePublished":"2026-09-05T05:00:00+00:00","mainEntityOfPage":{"@id":"https:\/\/ecampania.it\/magazine\/quando-la-campania-da-spettacolo-gli-eventi-di-agosto-tra-costa-ed-entroterra\/"},"wordCount":814,"commentCount":0,"publisher":{"@id":"https:\/\/ecampania.it\/magazine\/#organization"},"image":{"@id":"https:\/\/ecampania.it\/magazine\/quando-la-campania-da-spettacolo-gli-eventi-di-agosto-tra-costa-ed-entroterra\/#primaryimage"},"thumbnailUrl":"https:\/\/ecampania.it\/magazine\/wp-content\/uploads\/2026\/09\/porto-maiori-scaled.jpg","articleSection":["News"],"inLanguage":"it-IT","potentialAction":[{"@type":"CommentAction","name":"Comment","target":["https:\/\/ecampania.it\/magazine\/quando-la-campania-da-spettacolo-gli-eventi-di-agosto-tra-costa-ed-entroterra\/#respond"]}]},{"@type":"WebPage","@id":"https:\/\/ecampania.it\/magazine\/quando-la-campania-da-spettacolo-gli-eventi-di-agosto-tra-costa-ed-entroterra\/","url":"https:\/\/ecampania.it\/magazine\/quando-la-campania-da-spettacolo-gli-eventi-di-agosto-tra-costa-ed-entroterra\/","name":"Quando la Campania d\u00e0 spettacolo: gli eventi di agosto tra costa ed entroterra - \u00e8campania","isPartOf":{"@id":"https:\/\/ecampania.it\/magazine\/#website"},"primaryImageOfPage":{"@id":"https:\/\/ecampania.it\/magazine\/quando-la-campania-da-spettacolo-gli-eventi-di-agosto-tra-costa-ed-entroterra\/#primaryimage"},"image":{"@id":"https:\/\/ecampania.it\/magazine\/quando-la-campania-da-spettacolo-gli-eventi-di-agosto-tra-costa-ed-entroterra\/#primaryimage"},"thumbnailUrl":"https:\/\/ecampania.it\/magazine\/wp-content\/uploads\/2026\/09\/porto-maiori-scaled.jpg","datePublished":"2026-09-05T05:00:00+00:00","breadcrumb":{"@id":"https:\/\/ecampania.it\/magazine\/quando-la-campania-da-spettacolo-gli-eventi-di-agosto-tra-costa-ed-entroterra\/#breadcrumb"},"inLanguage":"it-IT","potentialAction":[{"@type":"ReadAction","target":["https:\/\/ecampania.it\/magazine\/quando-la-campania-da-spettacolo-gli-eventi-di-agosto-tra-costa-ed-entroterra\/"]}]},{"@type":"ImageObject","inLanguage":"it-IT","@id":"https:\/\/ecampania.it\/magazine\/quando-la-campania-da-spettacolo-gli-eventi-di-agosto-tra-costa-ed-entroterra\/#primaryimage","url":"https:\/\/ecampania.it\/magazine\/wp-content\/uploads\/2026\/09\/porto-maiori-scaled.jpg","contentUrl":"https:\/\/ecampania.it\/magazine\/wp-content\/uploads\/2026\/09\/porto-maiori-scaled.jpg","width":2560,"height":1440},{"@type":"BreadcrumbList","@id":"https:\/\/ecampania.it\/magazine\/quando-la-campania-da-spettacolo-gli-eventi-di-agosto-tra-costa-ed-entroterra\/#breadcrumb","itemListElement":[{"@type":"ListItem","position":1,"name":"Home","item":"https:\/\/ecampania.it\/magazine\/"},{"@type":"ListItem","position":2,"name":"Quando la Campania d\u00e0 spettacolo: gli eventi di agosto tra costa ed entroterra"}]},{"@type":"WebSite","@id":"https:\/\/ecampania.it\/magazine\/#website","url":"https:\/\/ecampania.it\/magazine\/","name":"Ecampania","description":"Il primo portale dedicato al turismo ed alla cultura in Campania","publisher":{"@id":"https:\/\/ecampania.it\/magazine\/#organization"},"potentialAction":[{"@type":"SearchAction","target":{"@type":"EntryPoint","urlTemplate":"https:\/\/ecampania.it\/magazine\/?s={search_term_string}"},"query-input":{"@type":"PropertyValueSpecification","valueRequired":true,"valueName":"search_term_string"}}],"inLanguage":"it-IT"},{"@type":"Organization","@id":"https:\/\/ecampania.it\/magazine\/#organization","name":"Ecampania","url":"https:\/\/ecampania.it\/magazine\/","logo":{"@type":"ImageObject","inLanguage":"it-IT","@id":"https:\/\/ecampania.it\/magazine\/#\/schema\/logo\/image\/","url":"https:\/\/ecampania.it\/magazine\/wp-content\/uploads\/2025\/01\/fb.png","contentUrl":"https:\/\/ecampania.it\/magazine\/wp-content\/uploads\/2025\/01\/fb.png","width":500,"height":500,"caption":"Ecampania"},"image":{"@id":"https:\/\/ecampania.it\/magazine\/#\/schema\/logo\/image\/"},"sameAs":["https:\/\/www.facebook.com\/ecampania.it","https:\/\/www.instagram.com\/ecampania.it\/"]},{"@type":"Person","@id":"https:\/\/ecampania.it\/magazine\/#\/schema\/person\/f259cd7c01428ef3ac5db31dcac5ab70","name":"Redazione","image":{"@type":"ImageObject","inLanguage":"it-IT","@id":"https:\/\/secure.gravatar.com\/avatar\/95816d083b7410def6d31c027c3ddb4f82515f84e68ea358ea75203bfac610a7?s=96&d=mm&r=g","url":"https:\/\/secure.gravatar.com\/avatar\/95816d083b7410def6d31c027c3ddb4f82515f84e68ea358ea75203bfac610a7?s=96&d=mm&r=g","contentUrl":"https:\/\/secure.gravatar.com\/avatar\/95816d083b7410def6d31c027c3ddb4f82515f84e68ea358ea75203bfac610a7?s=96&d=mm&r=g","caption":"Redazione"},"url":"https:\/\/ecampania.it\/magazine\/author\/ecampania\/"}]}},"_links":{"self":[{"href":"https:\/\/ecampania.it\/magazine\/wp-json\/wp\/v2\/posts\/11467","targetHints":{"allow":["GET"]}}],"collection":[{"href":"https:\/\/ecampania.it\/magazine\/wp-json\/wp\/v2\/posts"}],"about":[{"href":"https:\/\/ecampania.it\/magazine\/wp-json\/wp\/v2\/types\/post"}],"author":[{"embeddable":true,"href":"https:\/\/ecampania.it\/magazine\/wp-json\/wp\/v2\/users\/7"}],"replies":[{"embeddable":true,"href":"https:\/\/ecampania.it\/magazine\/wp-json\/wp\/v2\/comments?post=11467"}],"version-history":[{"count":1,"href":"https:\/\/ecampania.it\/magazine\/wp-json\/wp\/v2\/posts\/11467\/revisions"}],"predecessor-version":[{"id":11469,"href":"https:\/\/ecampania.it\/magazine\/wp-json\/wp\/v2\/posts\/11467\/revisions\/11469"}],"wp:featuredmedia":[{"embeddable":true,"href":"https:\/\/ecampania.it\/magazine\/wp-json\/wp\/v2\/media\/11468"}],"wp:attachment":[{"href":"https:\/\/ecampania.it\/magazine\/wp-json\/wp\/v2\/media?parent=11467"}],"wp:term":[{"taxonomy":"category","embeddable":true,"href":"https:\/\/ecampania.it\/magazine\/wp-json\/wp\/v2\/categories?post=11467"},{"taxonomy":"post_tag","embeddable":true,"href":"https:\/\/ecampania.it\/magazine\/wp-json\/wp\/v2\/tags?post=11467"}],"curies":[{"name":"wp","href":"https:\/\/api.w.org\/{rel}","templated":true}]}}