{"id":11471,"date":"2026-09-04T12:45:10","date_gmt":"2026-09-04T10:45:10","guid":{"rendered":"https:\/\/ecampania.it\/magazine\/?p=11471"},"modified":"2026-09-04T12:45:11","modified_gmt":"2026-09-04T10:45:11","slug":"fiano-festival-2026-una-festa-di-famiglia-tra-luci-e-brindisi","status":"publish","type":"post","link":"https:\/\/ecampania.it\/magazine\/fiano-festival-2026-una-festa-di-famiglia-tra-luci-e-brindisi\/","title":{"rendered":"Fiano Festival 2026: una festa di famiglia tra luci e brindisi"},"content":{"rendered":"\n<h4 class=\"wp-block-heading\">Dall&#8217;11 al 13 settembre Aiello del Sabato si accende di luminarie e ruota panoramica, tra street food, musica dal vivo e i talk di Fiano sul Divano<\/h4>\n\n\n\n<p class=\"wp-block-paragraph\">Torna<strong> il Fiano Festival<\/strong>, che nel 2026 sceglie di raccontarsi con un tema semplice e sincero: &#8220;<strong>Festa di famiglia<\/strong>&#8220;. Tre giorni, dall&#8217;11 al 13 settembre, ad Aiello del Sabato, in Irpinia, tra degustazioni, masterclass itineranti, musica, arte e cultura enogastronomica, per raccontare il Fiano di Avellino DOCG e la provincia che lo produce.<br><br>Il mondo del vino attraversa oggi tensioni concrete: dazi, instabilit\u00e0 internazionale, aumento dei costi di produzione, mercati sempre pi\u00f9 complessi. Sono difficolt\u00e0 che pesano soprattutto su chi lavora sulla qualit\u00e0, i produttori. In questo scenario, per il Fiano Festival fermarsi a fare festa non \u00e8 un passo indietro, ma un modo per rimettere ordine.<br><br>&#8220;Festa di famiglia&#8221; non \u00e8 quindi una formula di circostanza, ma una ripartenza: il momento in cui cantine, territorio, pubblico e operatori si ritrovano per fare il punto, condividere esperienze e capire insieme dove si sta andando. Una famiglia intesa come rete reale di aziende, persone e relazioni costruite nel tempo.<br><br>Il Fiano \u00e8 da sempre un vino mediterraneo, capace di guardare oltre i confini e di dialogare con pubblici e culture diverse. Per continuare a farlo, oggi pi\u00f9 che mai, servono solidit\u00e0, consapevolezza e visione: qualit\u00e0 che si costruiscono senza forzare i processi, lasciando che ogni cosa raggiunga la propria maturazione. Accanto alle degustazioni e alla proposta food, il festival conferma il proprio impegno su momenti di confronto e approfondimento, perch\u00e9 il vino, per gli organizzatori, non \u00e8 solo consumo ma cultura, economia e identit\u00e0.<br><br>L&#8217;Irpinia \u00e8 la prova concreta di questo equilibrio tra radici e crescita: un territorio capace d  produrre vini di altissima qualit\u00e0, riconosciuti a livello nazionale e internazionale, ma con ancora ampi margini di crescita, confronto e posizionamento. Investire su questo, per gli organizzatori del festival, \u00e8 una scelta necessaria: costruire valore, creare connessioni, sostenere chi lavora con seriet\u00e0 e offrire al pubblico un&#8217;esperienza autentica.<br><br><strong>Vagare, brindare, ritrovarsi<\/strong><br><strong><br><\/strong>Giro Fiano \u2013 Le masterclass abbandonano la formula statica per diventare percorsi esperienziali nel centro storico: ogni giorno una guida d&#8217;eccezione accompagna i partecipanti alla scoperta diretta dei produttori e delle loro storie. Fiano Hour \u2013 Degustazioni diffuse dalle 18.30 alle 21.00 (la domenica dalle 17.00): con un ticket da 10 euro si potranno assaggiare 3 etichette diverse, un modo per avvicinare a questa DOCG anche chi si affaccia per la prima volta al mondo del vino.<br><br>ll pranzo della domenica \u2013 Il pranzo di famiglia del festival, con fuochi accesi e piatti in tavola ad accogliere il pubblico. Festival nel festival \u2013 Un&#8217;ampia e diversificata offerta gastronomica, street band, dj set, esibizioni, palchi per i concerti, esposizioni e i talk di Fiano sul Divano. Vignaioli, artisti e artigiani &#8220;in residenza&#8221; temporanea nel centro storico, per tre giorni di festa popolare e rito di comunit\u00e0. Ruota panoramica e luminarie \u2013 Le luminarie si rincorrono lungo le vie del centro storico, i bicchieri tintinnano tra una risata e l&#8217;altra, e a dominare la scena c&#8217;\u00e8 una ruota panoramica gratuita: per tre giorni Aiello del Sabato si veste di un&#8217;atmosfera antica e spensierata, quella dei paesi che d&#8217;estate si trasformano in una festa a cielo aperto.<br><br>La formula si arricchisce quest&#8217;anno di nuovi angoli suggestivi tra i vicoli intorno a Piazza Garibaldi, con la riapertura dei portoni dei &#8220;bassi&#8221; affacciati sulle strade di Aiello del Sabato: nuovi spazi per perdersi, per il gusto di vagare senza una meta precisa e scoprire,<br>passo dopo passo, il mondo del vino, dalla vigna alla bottiglia.<\/p>\n","protected":false},"excerpt":{"rendered":"<p>Dall&#8217;11 al 13 settembre Aiello del Sabato si accende di luminarie e ruota panoramica, tra street food, musica dal vivo e i talk di Fiano sul Divano Torna il Fiano Festival, che nel 2026 sceglie di raccontarsi con un tema semplice e sincero: &#8220;Festa di famiglia&#8220;. Tre giorni, dall&#8217;11 al 13 settembre, ad Aiello del [&hellip;]<\/p>\n","protected":false},"author":7,"featured_media":11472,"comment_status":"open","ping_status":"open","sticky":false,"template":"","format":"standard","meta":{"jnews-multi-image_gallery":[],"jnews_single_post":{"format":"standard"},"jnews_primary_category":[],"jnews_override_counter":[],"footnotes":""},"categories":[8],"tags":[474,473,28],"class_list":["post-11471","post","type-post","status-publish","format-standard","has-post-thumbnail","hentry","category-cultura","tag-aiellodelsabato","tag-fiano","tag-prima"],"yoast_head":"<!-- This site is optimized with the Yoast SEO plugin v28.1 - https:\/\/yoast.com\/product\/yoast-seo-wordpress\/ -->\n<title>Fiano Festival 2026: una festa di famiglia tra luci e brindisi - \u00e8campania<\/title>\n<meta name=\"robots\" content=\"index, follow, max-snippet:-1, max-image-preview:large, max-video-preview:-1\" \/>\n<link rel=\"canonical\" href=\"https:\/\/ecampania.it\/magazine\/fiano-festival-2026-una-festa-di-famiglia-tra-luci-e-brindisi\/\" \/>\n<meta property=\"og:locale\" content=\"it_IT\" \/>\n<meta property=\"og:type\" content=\"article\" \/>\n<meta property=\"og:title\" content=\"Fiano Festival 2026: una festa di famiglia tra luci e brindisi - \u00e8campania\" \/>\n<meta property=\"og:description\" content=\"Dall&#8217;11 al 13 settembre Aiello del Sabato si accende di luminarie e ruota panoramica, tra street food, musica dal vivo e i talk di Fiano sul Divano Torna il Fiano Festival, che nel 2026 sceglie di raccontarsi con un tema semplice e sincero: &#8220;Festa di famiglia&#8220;. Tre giorni, dall&#8217;11 al 13 settembre, ad Aiello del [&hellip;]\" \/>\n<meta property=\"og:url\" content=\"https:\/\/ecampania.it\/magazine\/fiano-festival-2026-una-festa-di-famiglia-tra-luci-e-brindisi\/\" \/>\n<meta property=\"og:site_name\" content=\"\u00e8campania\" \/>\n<meta property=\"article:publisher\" content=\"https:\/\/www.facebook.com\/ecampania.it\" \/>\n<meta property=\"article:published_time\" content=\"2026-09-04T10:45:10+00:00\" \/>\n<meta property=\"article:modified_time\" content=\"2026-09-04T10:45:11+00:00\" \/>\n<meta property=\"og:image\" content=\"https:\/\/ecampania.it\/magazine\/wp-content\/uploads\/2026\/09\/fiANO-FESTIVAL-scaled.jpg\" \/>\n\t<meta property=\"og:image:width\" content=\"2560\" \/>\n\t<meta property=\"og:image:height\" content=\"948\" \/>\n\t<meta property=\"og:image:type\" content=\"image\/jpeg\" \/>\n<meta name=\"author\" content=\"Redazione\" \/>\n<meta name=\"twitter:card\" content=\"summary_large_image\" \/>\n<meta name=\"twitter:label1\" content=\"Scritto da\" \/>\n\t<meta name=\"twitter:data1\" content=\"Redazione\" \/>\n\t<meta name=\"twitter:label2\" content=\"Tempo di lettura stimato\" \/>\n\t<meta name=\"twitter:data2\" content=\"4 minuti\" \/>\n<script type=\"application\/ld+json\" class=\"yoast-schema-graph\">{\"@context\":\"https:\\\/\\\/schema.org\",\"@graph\":[{\"@type\":\"Article\",\"@id\":\"https:\\\/\\\/ecampania.it\\\/magazine\\\/fiano-festival-2026-una-festa-di-famiglia-tra-luci-e-brindisi\\\/#article\",\"isPartOf\":{\"@id\":\"https:\\\/\\\/ecampania.it\\\/magazine\\\/fiano-festival-2026-una-festa-di-famiglia-tra-luci-e-brindisi\\\/\"},\"author\":{\"name\":\"Redazione\",\"@id\":\"https:\\\/\\\/ecampania.it\\\/magazine\\\/#\\\/schema\\\/person\\\/f259cd7c01428ef3ac5db31dcac5ab70\"},\"headline\":\"Fiano Festival 2026: una festa di famiglia tra luci e brindisi\",\"datePublished\":\"2026-09-04T10:45:10+00:00\",\"dateModified\":\"2026-09-04T10:45:11+00:00\",\"mainEntityOfPage\":{\"@id\":\"https:\\\/\\\/ecampania.it\\\/magazine\\\/fiano-festival-2026-una-festa-di-famiglia-tra-luci-e-brindisi\\\/\"},\"wordCount\":588,\"commentCount\":0,\"publisher\":{\"@id\":\"https:\\\/\\\/ecampania.it\\\/magazine\\\/#organization\"},\"image\":{\"@id\":\"https:\\\/\\\/ecampania.it\\\/magazine\\\/fiano-festival-2026-una-festa-di-famiglia-tra-luci-e-brindisi\\\/#primaryimage\"},\"thumbnailUrl\":\"https:\\\/\\\/ecampania.it\\\/magazine\\\/wp-content\\\/uploads\\\/2026\\\/09\\\/fiANO-FESTIVAL-scaled.jpg\",\"keywords\":[\"aiellodelsabato\",\"fiano\",\"prima\"],\"articleSection\":[\"Cultura\"],\"inLanguage\":\"it-IT\",\"potentialAction\":[{\"@type\":\"CommentAction\",\"name\":\"Comment\",\"target\":[\"https:\\\/\\\/ecampania.it\\\/magazine\\\/fiano-festival-2026-una-festa-di-famiglia-tra-luci-e-brindisi\\\/#respond\"]}]},{\"@type\":\"WebPage\",\"@id\":\"https:\\\/\\\/ecampania.it\\\/magazine\\\/fiano-festival-2026-una-festa-di-famiglia-tra-luci-e-brindisi\\\/\",\"url\":\"https:\\\/\\\/ecampania.it\\\/magazine\\\/fiano-festival-2026-una-festa-di-famiglia-tra-luci-e-brindisi\\\/\",\"name\":\"Fiano Festival 2026: una festa di famiglia tra luci e brindisi - \u00e8campania\",\"isPartOf\":{\"@id\":\"https:\\\/\\\/ecampania.it\\\/magazine\\\/#website\"},\"primaryImageOfPage\":{\"@id\":\"https:\\\/\\\/ecampania.it\\\/magazine\\\/fiano-festival-2026-una-festa-di-famiglia-tra-luci-e-brindisi\\\/#primaryimage\"},\"image\":{\"@id\":\"https:\\\/\\\/ecampania.it\\\/magazine\\\/fiano-festival-2026-una-festa-di-famiglia-tra-luci-e-brindisi\\\/#primaryimage\"},\"thumbnailUrl\":\"https:\\\/\\\/ecampania.it\\\/magazine\\\/wp-content\\\/uploads\\\/2026\\\/09\\\/fiANO-FESTIVAL-scaled.jpg\",\"datePublished\":\"2026-09-04T10:45:10+00:00\",\"dateModified\":\"2026-09-04T10:45:11+00:00\",\"breadcrumb\":{\"@id\":\"https:\\\/\\\/ecampania.it\\\/magazine\\\/fiano-festival-2026-una-festa-di-famiglia-tra-luci-e-brindisi\\\/#breadcrumb\"},\"inLanguage\":\"it-IT\",\"potentialAction\":[{\"@type\":\"ReadAction\",\"target\":[\"https:\\\/\\\/ecampania.it\\\/magazine\\\/fiano-festival-2026-una-festa-di-famiglia-tra-luci-e-brindisi\\\/\"]}]},{\"@type\":\"ImageObject\",\"inLanguage\":\"it-IT\",\"@id\":\"https:\\\/\\\/ecampania.it\\\/magazine\\\/fiano-festival-2026-una-festa-di-famiglia-tra-luci-e-brindisi\\\/#primaryimage\",\"url\":\"https:\\\/\\\/ecampania.it\\\/magazine\\\/wp-content\\\/uploads\\\/2026\\\/09\\\/fiANO-FESTIVAL-scaled.jpg\",\"contentUrl\":\"https:\\\/\\\/ecampania.it\\\/magazine\\\/wp-content\\\/uploads\\\/2026\\\/09\\\/fiANO-FESTIVAL-scaled.jpg\",\"width\":2560,\"height\":948},{\"@type\":\"BreadcrumbList\",\"@id\":\"https:\\\/\\\/ecampania.it\\\/magazine\\\/fiano-festival-2026-una-festa-di-famiglia-tra-luci-e-brindisi\\\/#breadcrumb\",\"itemListElement\":[{\"@type\":\"ListItem\",\"position\":1,\"name\":\"Home\",\"item\":\"https:\\\/\\\/ecampania.it\\\/magazine\\\/\"},{\"@type\":\"ListItem\",\"position\":2,\"name\":\"Fiano Festival 2026: una festa di famiglia tra luci e brindisi\"}]},{\"@type\":\"WebSite\",\"@id\":\"https:\\\/\\\/ecampania.it\\\/magazine\\\/#website\",\"url\":\"https:\\\/\\\/ecampania.it\\\/magazine\\\/\",\"name\":\"Ecampania\",\"description\":\"Il primo portale dedicato al turismo ed alla cultura in Campania\",\"publisher\":{\"@id\":\"https:\\\/\\\/ecampania.it\\\/magazine\\\/#organization\"},\"potentialAction\":[{\"@type\":\"SearchAction\",\"target\":{\"@type\":\"EntryPoint\",\"urlTemplate\":\"https:\\\/\\\/ecampania.it\\\/magazine\\\/?s={search_term_string}\"},\"query-input\":{\"@type\":\"PropertyValueSpecification\",\"valueRequired\":true,\"valueName\":\"search_term_string\"}}],\"inLanguage\":\"it-IT\"},{\"@type\":\"Organization\",\"@id\":\"https:\\\/\\\/ecampania.it\\\/magazine\\\/#organization\",\"name\":\"Ecampania\",\"url\":\"https:\\\/\\\/ecampania.it\\\/magazine\\\/\",\"logo\":{\"@type\":\"ImageObject\",\"inLanguage\":\"it-IT\",\"@id\":\"https:\\\/\\\/ecampania.it\\\/magazine\\\/#\\\/schema\\\/logo\\\/image\\\/\",\"url\":\"https:\\\/\\\/ecampania.it\\\/magazine\\\/wp-content\\\/uploads\\\/2025\\\/01\\\/fb.png\",\"contentUrl\":\"https:\\\/\\\/ecampania.it\\\/magazine\\\/wp-content\\\/uploads\\\/2025\\\/01\\\/fb.png\",\"width\":500,\"height\":500,\"caption\":\"Ecampania\"},\"image\":{\"@id\":\"https:\\\/\\\/ecampania.it\\\/magazine\\\/#\\\/schema\\\/logo\\\/image\\\/\"},\"sameAs\":[\"https:\\\/\\\/www.facebook.com\\\/ecampania.it\",\"https:\\\/\\\/www.instagram.com\\\/ecampania.it\\\/\"]},{\"@type\":\"Person\",\"@id\":\"https:\\\/\\\/ecampania.it\\\/magazine\\\/#\\\/schema\\\/person\\\/f259cd7c01428ef3ac5db31dcac5ab70\",\"name\":\"Redazione\",\"image\":{\"@type\":\"ImageObject\",\"inLanguage\":\"it-IT\",\"@id\":\"https:\\\/\\\/secure.gravatar.com\\\/avatar\\\/95816d083b7410def6d31c027c3ddb4f82515f84e68ea358ea75203bfac610a7?s=96&d=mm&r=g\",\"url\":\"https:\\\/\\\/secure.gravatar.com\\\/avatar\\\/95816d083b7410def6d31c027c3ddb4f82515f84e68ea358ea75203bfac610a7?s=96&d=mm&r=g\",\"contentUrl\":\"https:\\\/\\\/secure.gravatar.com\\\/avatar\\\/95816d083b7410def6d31c027c3ddb4f82515f84e68ea358ea75203bfac610a7?s=96&d=mm&r=g\",\"caption\":\"Redazione\"},\"url\":\"https:\\\/\\\/ecampania.it\\\/magazine\\\/author\\\/ecampania\\\/\"}]}<\/script>\n<!-- \/ Yoast SEO plugin. -->","yoast_head_json":{"title":"Fiano Festival 2026: una festa di famiglia tra luci e brindisi - \u00e8campania","robots":{"index":"index","follow":"follow","max-snippet":"max-snippet:-1","max-image-preview":"max-image-preview:large","max-video-preview":"max-video-preview:-1"},"canonical":"https:\/\/ecampania.it\/magazine\/fiano-festival-2026-una-festa-di-famiglia-tra-luci-e-brindisi\/","og_locale":"it_IT","og_type":"article","og_title":"Fiano Festival 2026: una festa di famiglia tra luci e brindisi - \u00e8campania","og_description":"Dall&#8217;11 al 13 settembre Aiello del Sabato si accende di luminarie e ruota panoramica, tra street food, musica dal vivo e i talk di Fiano sul Divano Torna il Fiano Festival, che nel 2026 sceglie di raccontarsi con un tema semplice e sincero: &#8220;Festa di famiglia&#8220;. Tre giorni, dall&#8217;11 al 13 settembre, ad Aiello del [&hellip;]","og_url":"https:\/\/ecampania.it\/magazine\/fiano-festival-2026-una-festa-di-famiglia-tra-luci-e-brindisi\/","og_site_name":"\u00e8campania","article_publisher":"https:\/\/www.facebook.com\/ecampania.it","article_published_time":"2026-09-04T10:45:10+00:00","article_modified_time":"2026-09-04T10:45:11+00:00","og_image":[{"width":2560,"height":948,"url":"https:\/\/ecampania.it\/magazine\/wp-content\/uploads\/2026\/09\/fiANO-FESTIVAL-scaled.jpg","type":"image\/jpeg"}],"author":"Redazione","twitter_card":"summary_large_image","twitter_misc":{"Scritto da":"Redazione","Tempo di lettura stimato":"4 minuti"},"schema":{"@context":"https:\/\/schema.org","@graph":[{"@type":"Article","@id":"https:\/\/ecampania.it\/magazine\/fiano-festival-2026-una-festa-di-famiglia-tra-luci-e-brindisi\/#article","isPartOf":{"@id":"https:\/\/ecampania.it\/magazine\/fiano-festival-2026-una-festa-di-famiglia-tra-luci-e-brindisi\/"},"author":{"name":"Redazione","@id":"https:\/\/ecampania.it\/magazine\/#\/schema\/person\/f259cd7c01428ef3ac5db31dcac5ab70"},"headline":"Fiano Festival 2026: una festa di famiglia tra luci e brindisi","datePublished":"2026-09-04T10:45:10+00:00","dateModified":"2026-09-04T10:45:11+00:00","mainEntityOfPage":{"@id":"https:\/\/ecampania.it\/magazine\/fiano-festival-2026-una-festa-di-famiglia-tra-luci-e-brindisi\/"},"wordCount":588,"commentCount":0,"publisher":{"@id":"https:\/\/ecampania.it\/magazine\/#organization"},"image":{"@id":"https:\/\/ecampania.it\/magazine\/fiano-festival-2026-una-festa-di-famiglia-tra-luci-e-brindisi\/#primaryimage"},"thumbnailUrl":"https:\/\/ecampania.it\/magazine\/wp-content\/uploads\/2026\/09\/fiANO-FESTIVAL-scaled.jpg","keywords":["aiellodelsabato","fiano","prima"],"articleSection":["Cultura"],"inLanguage":"it-IT","potentialAction":[{"@type":"CommentAction","name":"Comment","target":["https:\/\/ecampania.it\/magazine\/fiano-festival-2026-una-festa-di-famiglia-tra-luci-e-brindisi\/#respond"]}]},{"@type":"WebPage","@id":"https:\/\/ecampania.it\/magazine\/fiano-festival-2026-una-festa-di-famiglia-tra-luci-e-brindisi\/","url":"https:\/\/ecampania.it\/magazine\/fiano-festival-2026-una-festa-di-famiglia-tra-luci-e-brindisi\/","name":"Fiano Festival 2026: una festa di famiglia tra luci e brindisi - \u00e8campania","isPartOf":{"@id":"https:\/\/ecampania.it\/magazine\/#website"},"primaryImageOfPage":{"@id":"https:\/\/ecampania.it\/magazine\/fiano-festival-2026-una-festa-di-famiglia-tra-luci-e-brindisi\/#primaryimage"},"image":{"@id":"https:\/\/ecampania.it\/magazine\/fiano-festival-2026-una-festa-di-famiglia-tra-luci-e-brindisi\/#primaryimage"},"thumbnailUrl":"https:\/\/ecampania.it\/magazine\/wp-content\/uploads\/2026\/09\/fiANO-FESTIVAL-scaled.jpg","datePublished":"2026-09-04T10:45:10+00:00","dateModified":"2026-09-04T10:45:11+00:00","breadcrumb":{"@id":"https:\/\/ecampania.it\/magazine\/fiano-festival-2026-una-festa-di-famiglia-tra-luci-e-brindisi\/#breadcrumb"},"inLanguage":"it-IT","potentialAction":[{"@type":"ReadAction","target":["https:\/\/ecampania.it\/magazine\/fiano-festival-2026-una-festa-di-famiglia-tra-luci-e-brindisi\/"]}]},{"@type":"ImageObject","inLanguage":"it-IT","@id":"https:\/\/ecampania.it\/magazine\/fiano-festival-2026-una-festa-di-famiglia-tra-luci-e-brindisi\/#primaryimage","url":"https:\/\/ecampania.it\/magazine\/wp-content\/uploads\/2026\/09\/fiANO-FESTIVAL-scaled.jpg","contentUrl":"https:\/\/ecampania.it\/magazine\/wp-content\/uploads\/2026\/09\/fiANO-FESTIVAL-scaled.jpg","width":2560,"height":948},{"@type":"BreadcrumbList","@id":"https:\/\/ecampania.it\/magazine\/fiano-festival-2026-una-festa-di-famiglia-tra-luci-e-brindisi\/#breadcrumb","itemListElement":[{"@type":"ListItem","position":1,"name":"Home","item":"https:\/\/ecampania.it\/magazine\/"},{"@type":"ListItem","position":2,"name":"Fiano Festival 2026: una festa di famiglia tra luci e brindisi"}]},{"@type":"WebSite","@id":"https:\/\/ecampania.it\/magazine\/#website","url":"https:\/\/ecampania.it\/magazine\/","name":"Ecampania","description":"Il primo portale dedicato al turismo ed alla cultura in Campania","publisher":{"@id":"https:\/\/ecampania.it\/magazine\/#organization"},"potentialAction":[{"@type":"SearchAction","target":{"@type":"EntryPoint","urlTemplate":"https:\/\/ecampania.it\/magazine\/?s={search_term_string}"},"query-input":{"@type":"PropertyValueSpecification","valueRequired":true,"valueName":"search_term_string"}}],"inLanguage":"it-IT"},{"@type":"Organization","@id":"https:\/\/ecampania.it\/magazine\/#organization","name":"Ecampania","url":"https:\/\/ecampania.it\/magazine\/","logo":{"@type":"ImageObject","inLanguage":"it-IT","@id":"https:\/\/ecampania.it\/magazine\/#\/schema\/logo\/image\/","url":"https:\/\/ecampania.it\/magazine\/wp-content\/uploads\/2025\/01\/fb.png","contentUrl":"https:\/\/ecampania.it\/magazine\/wp-content\/uploads\/2025\/01\/fb.png","width":500,"height":500,"caption":"Ecampania"},"image":{"@id":"https:\/\/ecampania.it\/magazine\/#\/schema\/logo\/image\/"},"sameAs":["https:\/\/www.facebook.com\/ecampania.it","https:\/\/www.instagram.com\/ecampania.it\/"]},{"@type":"Person","@id":"https:\/\/ecampania.it\/magazine\/#\/schema\/person\/f259cd7c01428ef3ac5db31dcac5ab70","name":"Redazione","image":{"@type":"ImageObject","inLanguage":"it-IT","@id":"https:\/\/secure.gravatar.com\/avatar\/95816d083b7410def6d31c027c3ddb4f82515f84e68ea358ea75203bfac610a7?s=96&d=mm&r=g","url":"https:\/\/secure.gravatar.com\/avatar\/95816d083b7410def6d31c027c3ddb4f82515f84e68ea358ea75203bfac610a7?s=96&d=mm&r=g","contentUrl":"https:\/\/secure.gravatar.com\/avatar\/95816d083b7410def6d31c027c3ddb4f82515f84e68ea358ea75203bfac610a7?s=96&d=mm&r=g","caption":"Redazione"},"url":"https:\/\/ecampania.it\/magazine\/author\/ecampania\/"}]}},"_links":{"self":[{"href":"https:\/\/ecampania.it\/magazine\/wp-json\/wp\/v2\/posts\/11471","targetHints":{"allow":["GET"]}}],"collection":[{"href":"https:\/\/ecampania.it\/magazine\/wp-json\/wp\/v2\/posts"}],"about":[{"href":"https:\/\/ecampania.it\/magazine\/wp-json\/wp\/v2\/types\/post"}],"author":[{"embeddable":true,"href":"https:\/\/ecampania.it\/magazine\/wp-json\/wp\/v2\/users\/7"}],"replies":[{"embeddable":true,"href":"https:\/\/ecampania.it\/magazine\/wp-json\/wp\/v2\/comments?post=11471"}],"version-history":[{"count":1,"href":"https:\/\/ecampania.it\/magazine\/wp-json\/wp\/v2\/posts\/11471\/revisions"}],"predecessor-version":[{"id":11473,"href":"https:\/\/ecampania.it\/magazine\/wp-json\/wp\/v2\/posts\/11471\/revisions\/11473"}],"wp:featuredmedia":[{"embeddable":true,"href":"https:\/\/ecampania.it\/magazine\/wp-json\/wp\/v2\/media\/11472"}],"wp:attachment":[{"href":"https:\/\/ecampania.it\/magazine\/wp-json\/wp\/v2\/media?parent=11471"}],"wp:term":[{"taxonomy":"category","embeddable":true,"href":"https:\/\/ecampania.it\/magazine\/wp-json\/wp\/v2\/categories?post=11471"},{"taxonomy":"post_tag","embeddable":true,"href":"https:\/\/ecampania.it\/magazine\/wp-json\/wp\/v2\/tags?post=11471"}],"curies":[{"name":"wp","href":"https:\/\/api.w.org\/{rel}","templated":true}]}}