{"id":11500,"date":"2026-09-05T12:06:16","date_gmt":"2026-09-05T10:06:16","guid":{"rendered":"https:\/\/ecampania.it\/magazine\/?p=11500"},"modified":"2026-09-05T12:06:17","modified_gmt":"2026-09-05T10:06:17","slug":"sulle-orme-di-maria-una-passeggiata-tra-fede-e-natura-sul-vesuvio","status":"publish","type":"post","link":"https:\/\/ecampania.it\/magazine\/sulle-orme-di-maria-una-passeggiata-tra-fede-e-natura-sul-vesuvio\/","title":{"rendered":"Sulle orme di Maria, una passeggiata tra fede e natura sul Vesuvio"},"content":{"rendered":"\n<p class=\"wp-block-paragraph\"><strong>Domenica 6 Settembre, alle ore 9, un percorso di riflessione sul creato, sul rapporto tra Maria e il vulcano e sul paesaggio vesuviano<\/strong>.<\/p>\n\n\n\n<p class=\"wp-block-paragraph\">La Pro Loco Terzigno, insieme alla Comunit\u00e0 Parrocchiale di Maria Immacolata di Terzigno e all&#8217;associazione &#8220;Insieme per una Comunit\u00e0 Unita&#8221;, organizza &#8220;Sulle orme di Maria &#8211; Passeggiata tra fede e natura&#8221;, in programma Domenica 6 Settembre 2026 alle ore 9 sul sentiero n. 11 del Parco Nazionale del Vesuvio. L&#8217;iniziativa si inserisce nel quadro delle celebrazioni di Maria Immacolata, patrona della Citt\u00e0 di Terzigno, e nasce con l&#8217;intento di unire il cammino nella natura a un momento di conoscenza e riflessione.<\/p>\n\n\n\n<p class=\"wp-block-paragraph\">Durante la passeggiata si parler\u00e0 del valore della tutela dell&#8217;ambiente e del creato, del rapporto tra fede e natura e del legame tra Maria e il Vesuvio, raccontando cosa la figura mariana rappresenta da secoli per la comunit\u00e0 e come questo rapporto si intrecci con la storia, la cultura e il paesaggio del vulcano.Il percorso sar\u00e0 anche un&#8217;occasione per osservare il paesaggio vesuviano e i suoi mutamenti, approfondendo gli effetti dei fattori antropici e dei cambiamenti climatici in corso, con l&#8217;obiettivo di favorire una maggiore consapevolezza sul rapporto tra comunit\u00e0, ambiente e patrimonio naturale.La passeggiata sar\u00e0 libera e accessibile a tutti.<\/p>\n\n\n\n<p class=\"wp-block-paragraph\"> L&#8217;appuntamento \u00e8 fissato alle ore 9 e la partenza avverr\u00e0 puntualmente; la durata prevista \u00e8 di circa un&#8217;ora. Si consiglia di portare con s\u00e9 uno zainetto contenente una bottiglia d&#8217;acqua, o comunque di avere almeno dell&#8217;acqua a disposizione. A condurre il percorso sar\u00e0 Francesco Servino, accompagnatore e divulgatore del territorio, vicepresidente della Pro Loco Terzigno. Per maggiori informazioni \u00e8 possibile contattare il numero 393 457 7654.<\/p>\n","protected":false},"excerpt":{"rendered":"<p>Domenica 6 Settembre, alle ore 9, un percorso di riflessione sul creato, sul rapporto tra Maria e il vulcano e sul paesaggio vesuviano. La Pro Loco Terzigno, insieme alla Comunit\u00e0 Parrocchiale di Maria Immacolata di Terzigno e all&#8217;associazione &#8220;Insieme per una Comunit\u00e0 Unita&#8221;, organizza &#8220;Sulle orme di Maria &#8211; Passeggiata tra fede e natura&#8221;, in [&hellip;]<\/p>\n","protected":false},"author":7,"featured_media":11501,"comment_status":"open","ping_status":"open","sticky":false,"template":"","format":"standard","meta":{"jnews-multi-image_gallery":[],"jnews_single_post":{"format":"standard"},"jnews_primary_category":[],"jnews_override_counter":[],"footnotes":""},"categories":[8],"tags":[424,49,99,38],"class_list":["post-11500","post","type-post","status-publish","format-standard","has-post-thumbnail","hentry","category-cultura","tag-fede","tag-natura","tag-terzigno","tag-vesuvio"],"yoast_head":"<!-- This site is optimized with the Yoast SEO plugin v28.1 - https:\/\/yoast.com\/product\/yoast-seo-wordpress\/ -->\n<title>Sulle orme di Maria, una passeggiata tra fede e natura sul Vesuvio - \u00e8campania<\/title>\n<meta name=\"robots\" content=\"index, follow, max-snippet:-1, max-image-preview:large, max-video-preview:-1\" \/>\n<link rel=\"canonical\" href=\"https:\/\/ecampania.it\/magazine\/sulle-orme-di-maria-una-passeggiata-tra-fede-e-natura-sul-vesuvio\/\" \/>\n<meta property=\"og:locale\" content=\"it_IT\" \/>\n<meta property=\"og:type\" content=\"article\" \/>\n<meta property=\"og:title\" content=\"Sulle orme di Maria, una passeggiata tra fede e natura sul Vesuvio - \u00e8campania\" \/>\n<meta property=\"og:description\" content=\"Domenica 6 Settembre, alle ore 9, un percorso di riflessione sul creato, sul rapporto tra Maria e il vulcano e sul paesaggio vesuviano. La Pro Loco Terzigno, insieme alla Comunit\u00e0 Parrocchiale di Maria Immacolata di Terzigno e all&#8217;associazione &#8220;Insieme per una Comunit\u00e0 Unita&#8221;, organizza &#8220;Sulle orme di Maria &#8211; Passeggiata tra fede e natura&#8221;, in [&hellip;]\" \/>\n<meta property=\"og:url\" content=\"https:\/\/ecampania.it\/magazine\/sulle-orme-di-maria-una-passeggiata-tra-fede-e-natura-sul-vesuvio\/\" \/>\n<meta property=\"og:site_name\" content=\"\u00e8campania\" \/>\n<meta property=\"article:publisher\" content=\"https:\/\/www.facebook.com\/ecampania.it\" \/>\n<meta property=\"article:published_time\" content=\"2026-09-05T10:06:16+00:00\" \/>\n<meta property=\"article:modified_time\" content=\"2026-09-05T10:06:17+00:00\" \/>\n<meta property=\"og:image\" content=\"https:\/\/ecampania.it\/magazine\/wp-content\/uploads\/2026\/09\/55750_vesuvio-riparte-il-piano-contro-gli-incendi-una-vasca-antincendio-nella-pineta-devastata-dalle-fiamme.jpg\" \/>\n\t<meta property=\"og:image:width\" content=\"1280\" \/>\n\t<meta property=\"og:image:height\" content=\"720\" \/>\n\t<meta property=\"og:image:type\" content=\"image\/jpeg\" \/>\n<meta name=\"author\" content=\"Redazione\" \/>\n<meta name=\"twitter:card\" content=\"summary_large_image\" \/>\n<meta name=\"twitter:label1\" content=\"Scritto da\" \/>\n\t<meta name=\"twitter:data1\" content=\"Redazione\" \/>\n\t<meta name=\"twitter:label2\" content=\"Tempo di lettura stimato\" \/>\n\t<meta name=\"twitter:data2\" content=\"2 minuti\" \/>\n<script type=\"application\/ld+json\" class=\"yoast-schema-graph\">{\"@context\":\"https:\\\/\\\/schema.org\",\"@graph\":[{\"@type\":\"Article\",\"@id\":\"https:\\\/\\\/ecampania.it\\\/magazine\\\/sulle-orme-di-maria-una-passeggiata-tra-fede-e-natura-sul-vesuvio\\\/#article\",\"isPartOf\":{\"@id\":\"https:\\\/\\\/ecampania.it\\\/magazine\\\/sulle-orme-di-maria-una-passeggiata-tra-fede-e-natura-sul-vesuvio\\\/\"},\"author\":{\"name\":\"Redazione\",\"@id\":\"https:\\\/\\\/ecampania.it\\\/magazine\\\/#\\\/schema\\\/person\\\/f259cd7c01428ef3ac5db31dcac5ab70\"},\"headline\":\"Sulle orme di Maria, una passeggiata tra fede e natura sul Vesuvio\",\"datePublished\":\"2026-09-05T10:06:16+00:00\",\"dateModified\":\"2026-09-05T10:06:17+00:00\",\"mainEntityOfPage\":{\"@id\":\"https:\\\/\\\/ecampania.it\\\/magazine\\\/sulle-orme-di-maria-una-passeggiata-tra-fede-e-natura-sul-vesuvio\\\/\"},\"wordCount\":272,\"commentCount\":0,\"publisher\":{\"@id\":\"https:\\\/\\\/ecampania.it\\\/magazine\\\/#organization\"},\"image\":{\"@id\":\"https:\\\/\\\/ecampania.it\\\/magazine\\\/sulle-orme-di-maria-una-passeggiata-tra-fede-e-natura-sul-vesuvio\\\/#primaryimage\"},\"thumbnailUrl\":\"https:\\\/\\\/ecampania.it\\\/magazine\\\/wp-content\\\/uploads\\\/2026\\\/09\\\/55750_vesuvio-riparte-il-piano-contro-gli-incendi-una-vasca-antincendio-nella-pineta-devastata-dalle-fiamme.jpg\",\"keywords\":[\"fede\",\"natura\",\"terzigno\",\"Vesuvio\"],\"articleSection\":[\"Cultura\"],\"inLanguage\":\"it-IT\",\"potentialAction\":[{\"@type\":\"CommentAction\",\"name\":\"Comment\",\"target\":[\"https:\\\/\\\/ecampania.it\\\/magazine\\\/sulle-orme-di-maria-una-passeggiata-tra-fede-e-natura-sul-vesuvio\\\/#respond\"]}]},{\"@type\":\"WebPage\",\"@id\":\"https:\\\/\\\/ecampania.it\\\/magazine\\\/sulle-orme-di-maria-una-passeggiata-tra-fede-e-natura-sul-vesuvio\\\/\",\"url\":\"https:\\\/\\\/ecampania.it\\\/magazine\\\/sulle-orme-di-maria-una-passeggiata-tra-fede-e-natura-sul-vesuvio\\\/\",\"name\":\"Sulle orme di Maria, una passeggiata tra fede e natura sul Vesuvio - \u00e8campania\",\"isPartOf\":{\"@id\":\"https:\\\/\\\/ecampania.it\\\/magazine\\\/#website\"},\"primaryImageOfPage\":{\"@id\":\"https:\\\/\\\/ecampania.it\\\/magazine\\\/sulle-orme-di-maria-una-passeggiata-tra-fede-e-natura-sul-vesuvio\\\/#primaryimage\"},\"image\":{\"@id\":\"https:\\\/\\\/ecampania.it\\\/magazine\\\/sulle-orme-di-maria-una-passeggiata-tra-fede-e-natura-sul-vesuvio\\\/#primaryimage\"},\"thumbnailUrl\":\"https:\\\/\\\/ecampania.it\\\/magazine\\\/wp-content\\\/uploads\\\/2026\\\/09\\\/55750_vesuvio-riparte-il-piano-contro-gli-incendi-una-vasca-antincendio-nella-pineta-devastata-dalle-fiamme.jpg\",\"datePublished\":\"2026-09-05T10:06:16+00:00\",\"dateModified\":\"2026-09-05T10:06:17+00:00\",\"breadcrumb\":{\"@id\":\"https:\\\/\\\/ecampania.it\\\/magazine\\\/sulle-orme-di-maria-una-passeggiata-tra-fede-e-natura-sul-vesuvio\\\/#breadcrumb\"},\"inLanguage\":\"it-IT\",\"potentialAction\":[{\"@type\":\"ReadAction\",\"target\":[\"https:\\\/\\\/ecampania.it\\\/magazine\\\/sulle-orme-di-maria-una-passeggiata-tra-fede-e-natura-sul-vesuvio\\\/\"]}]},{\"@type\":\"ImageObject\",\"inLanguage\":\"it-IT\",\"@id\":\"https:\\\/\\\/ecampania.it\\\/magazine\\\/sulle-orme-di-maria-una-passeggiata-tra-fede-e-natura-sul-vesuvio\\\/#primaryimage\",\"url\":\"https:\\\/\\\/ecampania.it\\\/magazine\\\/wp-content\\\/uploads\\\/2026\\\/09\\\/55750_vesuvio-riparte-il-piano-contro-gli-incendi-una-vasca-antincendio-nella-pineta-devastata-dalle-fiamme.jpg\",\"contentUrl\":\"https:\\\/\\\/ecampania.it\\\/magazine\\\/wp-content\\\/uploads\\\/2026\\\/09\\\/55750_vesuvio-riparte-il-piano-contro-gli-incendi-una-vasca-antincendio-nella-pineta-devastata-dalle-fiamme.jpg\",\"width\":1280,\"height\":720},{\"@type\":\"BreadcrumbList\",\"@id\":\"https:\\\/\\\/ecampania.it\\\/magazine\\\/sulle-orme-di-maria-una-passeggiata-tra-fede-e-natura-sul-vesuvio\\\/#breadcrumb\",\"itemListElement\":[{\"@type\":\"ListItem\",\"position\":1,\"name\":\"Home\",\"item\":\"https:\\\/\\\/ecampania.it\\\/magazine\\\/\"},{\"@type\":\"ListItem\",\"position\":2,\"name\":\"Sulle orme di Maria, una passeggiata tra fede e natura sul Vesuvio\"}]},{\"@type\":\"WebSite\",\"@id\":\"https:\\\/\\\/ecampania.it\\\/magazine\\\/#website\",\"url\":\"https:\\\/\\\/ecampania.it\\\/magazine\\\/\",\"name\":\"Ecampania\",\"description\":\"Il primo portale dedicato al turismo ed alla cultura in Campania\",\"publisher\":{\"@id\":\"https:\\\/\\\/ecampania.it\\\/magazine\\\/#organization\"},\"potentialAction\":[{\"@type\":\"SearchAction\",\"target\":{\"@type\":\"EntryPoint\",\"urlTemplate\":\"https:\\\/\\\/ecampania.it\\\/magazine\\\/?s={search_term_string}\"},\"query-input\":{\"@type\":\"PropertyValueSpecification\",\"valueRequired\":true,\"valueName\":\"search_term_string\"}}],\"inLanguage\":\"it-IT\"},{\"@type\":\"Organization\",\"@id\":\"https:\\\/\\\/ecampania.it\\\/magazine\\\/#organization\",\"name\":\"Ecampania\",\"url\":\"https:\\\/\\\/ecampania.it\\\/magazine\\\/\",\"logo\":{\"@type\":\"ImageObject\",\"inLanguage\":\"it-IT\",\"@id\":\"https:\\\/\\\/ecampania.it\\\/magazine\\\/#\\\/schema\\\/logo\\\/image\\\/\",\"url\":\"https:\\\/\\\/ecampania.it\\\/magazine\\\/wp-content\\\/uploads\\\/2025\\\/01\\\/fb.png\",\"contentUrl\":\"https:\\\/\\\/ecampania.it\\\/magazine\\\/wp-content\\\/uploads\\\/2025\\\/01\\\/fb.png\",\"width\":500,\"height\":500,\"caption\":\"Ecampania\"},\"image\":{\"@id\":\"https:\\\/\\\/ecampania.it\\\/magazine\\\/#\\\/schema\\\/logo\\\/image\\\/\"},\"sameAs\":[\"https:\\\/\\\/www.facebook.com\\\/ecampania.it\",\"https:\\\/\\\/www.instagram.com\\\/ecampania.it\\\/\"]},{\"@type\":\"Person\",\"@id\":\"https:\\\/\\\/ecampania.it\\\/magazine\\\/#\\\/schema\\\/person\\\/f259cd7c01428ef3ac5db31dcac5ab70\",\"name\":\"Redazione\",\"image\":{\"@type\":\"ImageObject\",\"inLanguage\":\"it-IT\",\"@id\":\"https:\\\/\\\/secure.gravatar.com\\\/avatar\\\/95816d083b7410def6d31c027c3ddb4f82515f84e68ea358ea75203bfac610a7?s=96&d=mm&r=g\",\"url\":\"https:\\\/\\\/secure.gravatar.com\\\/avatar\\\/95816d083b7410def6d31c027c3ddb4f82515f84e68ea358ea75203bfac610a7?s=96&d=mm&r=g\",\"contentUrl\":\"https:\\\/\\\/secure.gravatar.com\\\/avatar\\\/95816d083b7410def6d31c027c3ddb4f82515f84e68ea358ea75203bfac610a7?s=96&d=mm&r=g\",\"caption\":\"Redazione\"},\"url\":\"https:\\\/\\\/ecampania.it\\\/magazine\\\/author\\\/ecampania\\\/\"}]}<\/script>\n<!-- \/ Yoast SEO plugin. -->","yoast_head_json":{"title":"Sulle orme di Maria, una passeggiata tra fede e natura sul Vesuvio - \u00e8campania","robots":{"index":"index","follow":"follow","max-snippet":"max-snippet:-1","max-image-preview":"max-image-preview:large","max-video-preview":"max-video-preview:-1"},"canonical":"https:\/\/ecampania.it\/magazine\/sulle-orme-di-maria-una-passeggiata-tra-fede-e-natura-sul-vesuvio\/","og_locale":"it_IT","og_type":"article","og_title":"Sulle orme di Maria, una passeggiata tra fede e natura sul Vesuvio - \u00e8campania","og_description":"Domenica 6 Settembre, alle ore 9, un percorso di riflessione sul creato, sul rapporto tra Maria e il vulcano e sul paesaggio vesuviano. La Pro Loco Terzigno, insieme alla Comunit\u00e0 Parrocchiale di Maria Immacolata di Terzigno e all&#8217;associazione &#8220;Insieme per una Comunit\u00e0 Unita&#8221;, organizza &#8220;Sulle orme di Maria &#8211; Passeggiata tra fede e natura&#8221;, in [&hellip;]","og_url":"https:\/\/ecampania.it\/magazine\/sulle-orme-di-maria-una-passeggiata-tra-fede-e-natura-sul-vesuvio\/","og_site_name":"\u00e8campania","article_publisher":"https:\/\/www.facebook.com\/ecampania.it","article_published_time":"2026-09-05T10:06:16+00:00","article_modified_time":"2026-09-05T10:06:17+00:00","og_image":[{"width":1280,"height":720,"url":"https:\/\/ecampania.it\/magazine\/wp-content\/uploads\/2026\/09\/55750_vesuvio-riparte-il-piano-contro-gli-incendi-una-vasca-antincendio-nella-pineta-devastata-dalle-fiamme.jpg","type":"image\/jpeg"}],"author":"Redazione","twitter_card":"summary_large_image","twitter_misc":{"Scritto da":"Redazione","Tempo di lettura stimato":"2 minuti"},"schema":{"@context":"https:\/\/schema.org","@graph":[{"@type":"Article","@id":"https:\/\/ecampania.it\/magazine\/sulle-orme-di-maria-una-passeggiata-tra-fede-e-natura-sul-vesuvio\/#article","isPartOf":{"@id":"https:\/\/ecampania.it\/magazine\/sulle-orme-di-maria-una-passeggiata-tra-fede-e-natura-sul-vesuvio\/"},"author":{"name":"Redazione","@id":"https:\/\/ecampania.it\/magazine\/#\/schema\/person\/f259cd7c01428ef3ac5db31dcac5ab70"},"headline":"Sulle orme di Maria, una passeggiata tra fede e natura sul Vesuvio","datePublished":"2026-09-05T10:06:16+00:00","dateModified":"2026-09-05T10:06:17+00:00","mainEntityOfPage":{"@id":"https:\/\/ecampania.it\/magazine\/sulle-orme-di-maria-una-passeggiata-tra-fede-e-natura-sul-vesuvio\/"},"wordCount":272,"commentCount":0,"publisher":{"@id":"https:\/\/ecampania.it\/magazine\/#organization"},"image":{"@id":"https:\/\/ecampania.it\/magazine\/sulle-orme-di-maria-una-passeggiata-tra-fede-e-natura-sul-vesuvio\/#primaryimage"},"thumbnailUrl":"https:\/\/ecampania.it\/magazine\/wp-content\/uploads\/2026\/09\/55750_vesuvio-riparte-il-piano-contro-gli-incendi-una-vasca-antincendio-nella-pineta-devastata-dalle-fiamme.jpg","keywords":["fede","natura","terzigno","Vesuvio"],"articleSection":["Cultura"],"inLanguage":"it-IT","potentialAction":[{"@type":"CommentAction","name":"Comment","target":["https:\/\/ecampania.it\/magazine\/sulle-orme-di-maria-una-passeggiata-tra-fede-e-natura-sul-vesuvio\/#respond"]}]},{"@type":"WebPage","@id":"https:\/\/ecampania.it\/magazine\/sulle-orme-di-maria-una-passeggiata-tra-fede-e-natura-sul-vesuvio\/","url":"https:\/\/ecampania.it\/magazine\/sulle-orme-di-maria-una-passeggiata-tra-fede-e-natura-sul-vesuvio\/","name":"Sulle orme di Maria, una passeggiata tra fede e natura sul Vesuvio - \u00e8campania","isPartOf":{"@id":"https:\/\/ecampania.it\/magazine\/#website"},"primaryImageOfPage":{"@id":"https:\/\/ecampania.it\/magazine\/sulle-orme-di-maria-una-passeggiata-tra-fede-e-natura-sul-vesuvio\/#primaryimage"},"image":{"@id":"https:\/\/ecampania.it\/magazine\/sulle-orme-di-maria-una-passeggiata-tra-fede-e-natura-sul-vesuvio\/#primaryimage"},"thumbnailUrl":"https:\/\/ecampania.it\/magazine\/wp-content\/uploads\/2026\/09\/55750_vesuvio-riparte-il-piano-contro-gli-incendi-una-vasca-antincendio-nella-pineta-devastata-dalle-fiamme.jpg","datePublished":"2026-09-05T10:06:16+00:00","dateModified":"2026-09-05T10:06:17+00:00","breadcrumb":{"@id":"https:\/\/ecampania.it\/magazine\/sulle-orme-di-maria-una-passeggiata-tra-fede-e-natura-sul-vesuvio\/#breadcrumb"},"inLanguage":"it-IT","potentialAction":[{"@type":"ReadAction","target":["https:\/\/ecampania.it\/magazine\/sulle-orme-di-maria-una-passeggiata-tra-fede-e-natura-sul-vesuvio\/"]}]},{"@type":"ImageObject","inLanguage":"it-IT","@id":"https:\/\/ecampania.it\/magazine\/sulle-orme-di-maria-una-passeggiata-tra-fede-e-natura-sul-vesuvio\/#primaryimage","url":"https:\/\/ecampania.it\/magazine\/wp-content\/uploads\/2026\/09\/55750_vesuvio-riparte-il-piano-contro-gli-incendi-una-vasca-antincendio-nella-pineta-devastata-dalle-fiamme.jpg","contentUrl":"https:\/\/ecampania.it\/magazine\/wp-content\/uploads\/2026\/09\/55750_vesuvio-riparte-il-piano-contro-gli-incendi-una-vasca-antincendio-nella-pineta-devastata-dalle-fiamme.jpg","width":1280,"height":720},{"@type":"BreadcrumbList","@id":"https:\/\/ecampania.it\/magazine\/sulle-orme-di-maria-una-passeggiata-tra-fede-e-natura-sul-vesuvio\/#breadcrumb","itemListElement":[{"@type":"ListItem","position":1,"name":"Home","item":"https:\/\/ecampania.it\/magazine\/"},{"@type":"ListItem","position":2,"name":"Sulle orme di Maria, una passeggiata tra fede e natura sul Vesuvio"}]},{"@type":"WebSite","@id":"https:\/\/ecampania.it\/magazine\/#website","url":"https:\/\/ecampania.it\/magazine\/","name":"Ecampania","description":"Il primo portale dedicato al turismo ed alla cultura in Campania","publisher":{"@id":"https:\/\/ecampania.it\/magazine\/#organization"},"potentialAction":[{"@type":"SearchAction","target":{"@type":"EntryPoint","urlTemplate":"https:\/\/ecampania.it\/magazine\/?s={search_term_string}"},"query-input":{"@type":"PropertyValueSpecification","valueRequired":true,"valueName":"search_term_string"}}],"inLanguage":"it-IT"},{"@type":"Organization","@id":"https:\/\/ecampania.it\/magazine\/#organization","name":"Ecampania","url":"https:\/\/ecampania.it\/magazine\/","logo":{"@type":"ImageObject","inLanguage":"it-IT","@id":"https:\/\/ecampania.it\/magazine\/#\/schema\/logo\/image\/","url":"https:\/\/ecampania.it\/magazine\/wp-content\/uploads\/2025\/01\/fb.png","contentUrl":"https:\/\/ecampania.it\/magazine\/wp-content\/uploads\/2025\/01\/fb.png","width":500,"height":500,"caption":"Ecampania"},"image":{"@id":"https:\/\/ecampania.it\/magazine\/#\/schema\/logo\/image\/"},"sameAs":["https:\/\/www.facebook.com\/ecampania.it","https:\/\/www.instagram.com\/ecampania.it\/"]},{"@type":"Person","@id":"https:\/\/ecampania.it\/magazine\/#\/schema\/person\/f259cd7c01428ef3ac5db31dcac5ab70","name":"Redazione","image":{"@type":"ImageObject","inLanguage":"it-IT","@id":"https:\/\/secure.gravatar.com\/avatar\/95816d083b7410def6d31c027c3ddb4f82515f84e68ea358ea75203bfac610a7?s=96&d=mm&r=g","url":"https:\/\/secure.gravatar.com\/avatar\/95816d083b7410def6d31c027c3ddb4f82515f84e68ea358ea75203bfac610a7?s=96&d=mm&r=g","contentUrl":"https:\/\/secure.gravatar.com\/avatar\/95816d083b7410def6d31c027c3ddb4f82515f84e68ea358ea75203bfac610a7?s=96&d=mm&r=g","caption":"Redazione"},"url":"https:\/\/ecampania.it\/magazine\/author\/ecampania\/"}]}},"_links":{"self":[{"href":"https:\/\/ecampania.it\/magazine\/wp-json\/wp\/v2\/posts\/11500","targetHints":{"allow":["GET"]}}],"collection":[{"href":"https:\/\/ecampania.it\/magazine\/wp-json\/wp\/v2\/posts"}],"about":[{"href":"https:\/\/ecampania.it\/magazine\/wp-json\/wp\/v2\/types\/post"}],"author":[{"embeddable":true,"href":"https:\/\/ecampania.it\/magazine\/wp-json\/wp\/v2\/users\/7"}],"replies":[{"embeddable":true,"href":"https:\/\/ecampania.it\/magazine\/wp-json\/wp\/v2\/comments?post=11500"}],"version-history":[{"count":1,"href":"https:\/\/ecampania.it\/magazine\/wp-json\/wp\/v2\/posts\/11500\/revisions"}],"predecessor-version":[{"id":11502,"href":"https:\/\/ecampania.it\/magazine\/wp-json\/wp\/v2\/posts\/11500\/revisions\/11502"}],"wp:featuredmedia":[{"embeddable":true,"href":"https:\/\/ecampania.it\/magazine\/wp-json\/wp\/v2\/media\/11501"}],"wp:attachment":[{"href":"https:\/\/ecampania.it\/magazine\/wp-json\/wp\/v2\/media?parent=11500"}],"wp:term":[{"taxonomy":"category","embeddable":true,"href":"https:\/\/ecampania.it\/magazine\/wp-json\/wp\/v2\/categories?post=11500"},{"taxonomy":"post_tag","embeddable":true,"href":"https:\/\/ecampania.it\/magazine\/wp-json\/wp\/v2\/tags?post=11500"}],"curies":[{"name":"wp","href":"https:\/\/api.w.org\/{rel}","templated":true}]}}