{"id":3659,"date":"2025-06-24T10:17:44","date_gmt":"2025-06-24T08:17:44","guid":{"rendered":"https:\/\/ecampania.it\/magazine\/?p=3659"},"modified":"2025-10-03T10:02:11","modified_gmt":"2025-10-03T08:02:11","slug":"amalfi-summer-fest-2025-il-programma-completo","status":"publish","type":"post","link":"https:\/\/ecampania.it\/magazine\/amalfi-summer-fest-2025-il-programma-completo\/","title":{"rendered":"Amalfi Summer Fest 2025: il programma completo"},"content":{"rendered":"\n<h4 class=\"wp-block-heading\">Mario Biondi, Nina Zilli, Roy Paci, i Gemelli di Guidonia, l&#8217;omaggio a Roberto De Simone e Mandolini Sotto le Stelle: i grandi concerti e gli spettacoli dell&#8217;estate ad Amalfi<\/h4>\n\n\n\n<p>L&#8217;estate di Amalfi si accende con <strong>Mario Biondi, Nina Zilli, Roy Paci, i Gemelli di Guidonia e il concerto omaggio a Roberto De Simone.<\/strong> Sono solo alcuni dei grandi artisti protagonisti della decima edizione di <strong>\u201cAmalfi Summer Fest 2025\u201d<\/strong>, il programma di eventi 2025 promosso dal Comune di Amalfi guidato dal Sindaco Daniele Milano .<\/p>\n\n\n\n<p>Dalle sonorit\u00e0 soul e della black music, alle atmosfere jazz, passando per i ritmi pi\u00f9 tradizionali: una programmazione variegata in cui non mancher\u00e0 il fascino dei mandolini sotto le stelle o la disco dance al chiaro di luna. Piazza Duomo si trasforma in un sofisticato anfiteatro naturale \u201cen plein air\u201d, con la sua scala monumentale che diventa una scenografia unica al mondo, mentre le luci architetturali illuminano le arcate della Cattedrale, aggiungendo maestosit\u00e0 ad ogni evento, per poi spostarsi attraverso i luoghi pi\u00f9 iconici di Amalfi, dall&#8217;Antico Arsenale della Repubblica alla rinnovata Piazza Municipio.<\/p>\n\n\n\n<p>\u00abIl 2025 \u00e8 un anno straordinario per gli eventi nella nostra Citt\u00e0: Ferrari World Premiere, la 70\u00b0 Regata delle Antiche Repubbliche Marinare e prima ancora il Summit nazionale sulle Destinazioni turistiche da cui \u00e8 nata la \u201cCarta di Amalfi\u201d. \u2013 sottolinea il Sindaco Daniele Milano \u2013 \u201cAmalfi Summer Fest\u201d non sar\u00e0 da meno, con una proposta culturale ed artistica di grande respiro, variegata, per vivere tutti momenti insieme di aggregazione, spensieratezza e allegria\u00bb.<\/p>\n\n\n\n<p>Punto di riferimento in Costa d&#8217;Amalfi, Amalfi Summer Fest \u00e8 un crossover di generi, tra musica d&#8217;autore, contaminazioni funky e soul, rock, black music, latin jazz . Un groove dal forte impatto emozionale, che incrocia la musica pop e l&#8217;energia della disco dance, per un&#8217;estate indimenticabile. \u201cAmalfi in Jazz\u201d, le cover night nella rinnovata Piazza Municipio, fino alle affascinanti celebrazioni del Capodanno Bizantino, che quest&#8217;anno festeggia la 25esima edizione, tra rievocazioni storiche, investitura del Magister, spettacoli di fuoco e il concerto della vigilia in Piazza Duomo.<\/p>\n\n\n\n<p>Un tributo alla creativit\u00e0 di grandi musicisti diventati un&#8217;icona della storia della musica, ma anche l&#8217;energia pura e dirompente della musica suonata dal vivo, da ballare e cantare tutti insieme in piazza.<\/p>\n\n\n\n<p>\u00ab Piazza Duomo si trasforma in un elegante salotto, con musica d&#8217;atmosfera sotto le stelle. Le luci si spengono, il Duomo si illumina e la poesia si spalanca allo sguardo dello spettatore. \u00c8 una vibrazione evocativa e potente Amalfi Summer Fest \u2013 spiega Enza Cobalto, consigliera con delega agli Eventi, curatrice del programma di eventi estivi \u2013 La rassegna si caratterizza per la vocazione internazionale. Avremo il jazz, che quest&#8217; anno giunge alla sua decima edizione, in tutte le sue sfumature, dall&#8217;interplay e l&#8217;improvvisazione jazzistica al pop-jazz, con artisti incredibili, come Nina Zilli che conquister\u00e0 il pubblico con il suo fascino: con la sua voce potente e il suo stile unico. Uno spettacolo dal vivo imperdibile, in cui classe, passione e talento si fondono. Ci prepariamo ad accogliere Roy Paci, in una versione pi\u00f9 intimista, con una formazione jazz, pronto a sperimentare le mille sfumature della sua tromba. Non mancher\u00e0 uno degli appuntamenti pi\u00f9 identitari con Napoli Mandolin Orchestra . A Ferragosto esplode l&#8217;energia di Frankie &amp; Canthina Band, evento cult dell&#8217;estate ad Amalfi, che partir\u00e0 dalla prima serata con lo straordinario live set in vinile per tutti gli appassionati ei cultori del 45 giri. Avremo una novit\u00e0 indiscussa, che celebra la grande arte partenopea con l&#8217;omaggio alla musica del maestro Roberto De Simone ei versi di Salvatore Di Giacomo: un&#8217;esperienza immersiva da non perdere. E infine le celebrazioni del Capodanno Bizantino con il concerto dello straordinario Mario Biondi\u00bb.<\/p>\n\n\n\n<h4 class=\"wp-block-heading\">Il programma<\/h4>\n\n\n\n<p>Amalfi Summer Fest si apre con la rassegna \u201cAmalfi in Jazz\u201d sabato 12 luglio 2025\u00a0alle ore 22 in Piazza Duomo con Amy Winehouse Band, la band originale dell&#8217;artista scomparsa troppo presto, guidata dal suo storico direttore musicale e bassista Dale Davis. Uno spettacolo che mantiene vivo lo spirito, l&#8217;eredit\u00e0 e il suono unico di Amy, in una connessione autentica, con la straordinaria voce di Bronte Shand\u00e9.<\/p>\n\n\n\n<p>Venerd\u00ec 18 luglio 2025 sempre alle ore 22 sul palco Nina Zilli, con la sua voce inconfondibile e la sua anima soul, in uno spettacolo che \u00e8 un viaggio tra sonorit\u00e0 vintage, pop contemporaneo e raffinate influenze internazionali.<\/p>\n\n\n\n<p>Un viaggio sonoro raffinato venerd\u00ec&nbsp;<strong><\/strong>25 Luglio 2025 con Roy Paci: un artista eclettico che, in questa veste pi\u00f9 intima ed elegante, esplora le radici del jazz, dello swing e della musica d&#8217;autore, con incursioni in territori latini e mediterranei. Dalla sua inseparabile tromba nascono atmosfere calde, sofisticate, a tratti nostalgiche, ma sempre vibranti. Un&#8217;occasione speciale per ascoltare uno dei musicisti pi\u00f9 versatili della scena italiana in una dimensione pi\u00f9 raccolta, ma non meno potente.<\/p>\n\n\n\n<p>Agosto \u00e8 nel segno dell&#8217;allegria pura e della musica che fluisce, irrompe.<\/p>\n\n\n\n<p>Venerd\u00ec 1\u00b0 agosto 2025 alle ore 22 in Piazza Municipio \u201c Jovaband\u201d, il tributo a Jovanotti che fa ballare l&#8217;Italia.&nbsp;<em><\/em>L&#8217;omaggio a uno degli artisti pi\u00f9 amati della musica italiana, capace di far ballare, emozionare e riflettere con uno stile unico. Tra sonorit\u00e0 pop, funk, rap e atmosfere estive, lo spettacolo \u00e8 pensato per far divertire il pubblico di tutte le et\u00e0, trasformando Amalfi in una grande festa sotto le stelle.<\/p>\n\n\n\n<p><br>Venerd\u00ec 8 agosto 2025 in Piazza Duomo alle ore 21 il suggestivo concerto dedicato alla musica classica napoletana e ai suoi maestri, con l&#8217;ensemble Napoli Mandolin Orchestra . Dieci strumenti a plettro con il Maestro Mauro Squillante&nbsp;<strong><\/strong>primo mandolino, e sette elementi d&#8217;orchestra diretti da&nbsp;<em><\/em>Antonello Cascone , autore degli arrangiamenti e il canto di Valentina Assorto, Marianna Corrado e Lello Giulivo.<\/p>\n\n\n\n<p>La vigilia di Ferragosto, il 14 agosto 2025, \u00e8 incandescente con Amalfi Dance Floor: dalle ore 21 in Piazza Duomo l&#8217;immancabile appuntamento dell&#8217;estate amalfitana, un&#8217;esperienza musicale unica tra eleganza, ritmo e divertimento. In apertura una selezione di musica in vinile, curata da Dj Alfonso Liguori e Filippo Di Costanzo e, a seguire, l&#8217;energia travolgente di Frankie &amp; Canthina Band , noti per la potente e coinvolgente capacit\u00e0 di unire generi e stili in un live ricco di emozioni.<\/p>\n\n\n\n<p>Il trio che ha conquistato tutta Italia, i Gemelli di Guidonia , sar\u00e0 protagonista ad Amalfi domenica 22 agosto 2025 alle ore 21.30 in Piazza Municipio con il concerto, spettacolo variet\u00e0 in un mix esplosivo di musica, teatro e televisione con i loro inconfondibili 33 giri di divertimento.<\/p>\n\n\n\n<p>Si cambia registrazione marted\u00ec 26 agosto 2025&nbsp;<strong><\/strong>alle ore 21. Nella stupenda cornice dell&#8217;Arsenale della Repubblica, Amalfi si prepara a vivere una serata unica, intensa e profondamente evocativa. Il concerto \u201cDi Giacomo in the Mood\u201d, sar\u00e0 un viaggio sonoro nei grandi classici del grande poeta partenopeo, in un omaggio sentito e coinvolgente, con un ensemble di 14 elementi e voci liriche di altissimo livello, il tutto con la direzione di Raffaello Converso. Il concerto sar\u00e0 anche l&#8217;occasione per ricordare e rendere omaggio a Roberto De Simone, musicologo, compositore e maestro del teatro musicale italiano, gi\u00e0 insignito del titolo di Magister di Civilt\u00e0 Amalfitana nell&#8217;ambito del Capodanno Bizantino . Il suo genio artistico ha segnato un&#8217;epoca, e Amalfi gli dedica un ricordo carico di gratitudine e ispirazione. La serata sar\u00e0 arricchita da alcuni momenti teatrali che intendono restituire voce e corpo alle storie vere e leggendarie che hanno costruito l&#8217;identit\u00e0 della gloriosa repubblica marinara.<\/p>\n\n\n\n<p>Domenica 31 agosto 2025 alle ore 22 evento speciale in Piazza Duomo con lo straordinario concerto di Mario Biondi, in occasione delle celebrazioni del Capodanno Bizantino.<\/p>\n\n\n\n<p><\/p>\n","protected":false},"excerpt":{"rendered":"<p>Mario Biondi, Nina Zilli, Roy Paci, i Gemelli di Guidonia, l&#8217;omaggio a Roberto De Simone e Mandolini Sotto le Stelle: i grandi concerti e gli spettacoli dell&#8217;estate ad Amalfi L&#8217;estate di Amalfi si accende con Mario Biondi, Nina Zilli, Roy Paci, i Gemelli di Guidonia e il concerto omaggio a Roberto De Simone. Sono solo [&hellip;]<\/p>\n","protected":false},"author":7,"featured_media":3660,"comment_status":"open","ping_status":"open","sticky":false,"template":"","format":"standard","meta":{"jnews-multi-image_gallery":[],"jnews_single_post":{"format":"standard"},"jnews_primary_category":[],"jnews_override_counter":[],"footnotes":""},"categories":[7],"tags":[119],"class_list":["post-3659","post","type-post","status-publish","format-standard","has-post-thumbnail","hentry","category-eventi","tag-estate"],"yoast_head":"<!-- This site is optimized with the Yoast SEO plugin v24.2 - https:\/\/yoast.com\/wordpress\/plugins\/seo\/ -->\n<title>Amalfi Summer Fest 2025: il programma completo - \u00e8campania<\/title>\n<meta name=\"robots\" content=\"index, follow, max-snippet:-1, max-image-preview:large, max-video-preview:-1\" \/>\n<link rel=\"canonical\" href=\"https:\/\/ecampania.it\/magazine\/amalfi-summer-fest-2025-il-programma-completo\/\" \/>\n<meta property=\"og:locale\" content=\"it_IT\" \/>\n<meta property=\"og:type\" content=\"article\" \/>\n<meta property=\"og:title\" content=\"Amalfi Summer Fest 2025: il programma completo - \u00e8campania\" \/>\n<meta property=\"og:description\" content=\"Mario Biondi, Nina Zilli, Roy Paci, i Gemelli di Guidonia, l&#8217;omaggio a Roberto De Simone e Mandolini Sotto le Stelle: i grandi concerti e gli spettacoli dell&#8217;estate ad Amalfi L&#8217;estate di Amalfi si accende con Mario Biondi, Nina Zilli, Roy Paci, i Gemelli di Guidonia e il concerto omaggio a Roberto De Simone. Sono solo [&hellip;]\" \/>\n<meta property=\"og:url\" content=\"https:\/\/ecampania.it\/magazine\/amalfi-summer-fest-2025-il-programma-completo\/\" \/>\n<meta property=\"og:site_name\" content=\"\u00e8campania\" \/>\n<meta property=\"article:publisher\" content=\"https:\/\/www.facebook.com\/ecampania.it\" \/>\n<meta property=\"article:published_time\" content=\"2025-06-24T08:17:44+00:00\" \/>\n<meta property=\"article:modified_time\" content=\"2025-10-03T08:02:11+00:00\" \/>\n<meta property=\"og:image\" content=\"https:\/\/ecampania.it\/magazine\/wp-content\/uploads\/2025\/06\/Summer-2-amalfi.jpg\" \/>\n\t<meta property=\"og:image:width\" content=\"960\" \/>\n\t<meta property=\"og:image:height\" content=\"640\" \/>\n\t<meta property=\"og:image:type\" content=\"image\/jpeg\" \/>\n<meta name=\"author\" content=\"Redazione\" \/>\n<meta name=\"twitter:card\" content=\"summary_large_image\" \/>\n<meta name=\"twitter:label1\" content=\"Scritto da\" \/>\n\t<meta name=\"twitter:data1\" content=\"Redazione\" \/>\n\t<meta name=\"twitter:label2\" content=\"Tempo di lettura stimato\" \/>\n\t<meta name=\"twitter:data2\" content=\"7 minuti\" \/>\n<script type=\"application\/ld+json\" class=\"yoast-schema-graph\">{\"@context\":\"https:\/\/schema.org\",\"@graph\":[{\"@type\":\"Article\",\"@id\":\"https:\/\/ecampania.it\/magazine\/amalfi-summer-fest-2025-il-programma-completo\/#article\",\"isPartOf\":{\"@id\":\"https:\/\/ecampania.it\/magazine\/amalfi-summer-fest-2025-il-programma-completo\/\"},\"author\":{\"name\":\"Redazione\",\"@id\":\"https:\/\/ecampania.it\/magazine\/#\/schema\/person\/f259cd7c01428ef3ac5db31dcac5ab70\"},\"headline\":\"Amalfi Summer Fest 2025: il programma completo\",\"datePublished\":\"2025-06-24T08:17:44+00:00\",\"dateModified\":\"2025-10-03T08:02:11+00:00\",\"mainEntityOfPage\":{\"@id\":\"https:\/\/ecampania.it\/magazine\/amalfi-summer-fest-2025-il-programma-completo\/\"},\"wordCount\":1196,\"commentCount\":0,\"publisher\":{\"@id\":\"https:\/\/ecampania.it\/magazine\/#organization\"},\"image\":{\"@id\":\"https:\/\/ecampania.it\/magazine\/amalfi-summer-fest-2025-il-programma-completo\/#primaryimage\"},\"thumbnailUrl\":\"https:\/\/ecampania.it\/magazine\/wp-content\/uploads\/2025\/06\/Summer-2-amalfi.jpg\",\"keywords\":[\"estate\"],\"articleSection\":[\"Eventi\"],\"inLanguage\":\"it-IT\",\"potentialAction\":[{\"@type\":\"CommentAction\",\"name\":\"Comment\",\"target\":[\"https:\/\/ecampania.it\/magazine\/amalfi-summer-fest-2025-il-programma-completo\/#respond\"]}]},{\"@type\":\"WebPage\",\"@id\":\"https:\/\/ecampania.it\/magazine\/amalfi-summer-fest-2025-il-programma-completo\/\",\"url\":\"https:\/\/ecampania.it\/magazine\/amalfi-summer-fest-2025-il-programma-completo\/\",\"name\":\"Amalfi Summer Fest 2025: il programma completo - \u00e8campania\",\"isPartOf\":{\"@id\":\"https:\/\/ecampania.it\/magazine\/#website\"},\"primaryImageOfPage\":{\"@id\":\"https:\/\/ecampania.it\/magazine\/amalfi-summer-fest-2025-il-programma-completo\/#primaryimage\"},\"image\":{\"@id\":\"https:\/\/ecampania.it\/magazine\/amalfi-summer-fest-2025-il-programma-completo\/#primaryimage\"},\"thumbnailUrl\":\"https:\/\/ecampania.it\/magazine\/wp-content\/uploads\/2025\/06\/Summer-2-amalfi.jpg\",\"datePublished\":\"2025-06-24T08:17:44+00:00\",\"dateModified\":\"2025-10-03T08:02:11+00:00\",\"breadcrumb\":{\"@id\":\"https:\/\/ecampania.it\/magazine\/amalfi-summer-fest-2025-il-programma-completo\/#breadcrumb\"},\"inLanguage\":\"it-IT\",\"potentialAction\":[{\"@type\":\"ReadAction\",\"target\":[\"https:\/\/ecampania.it\/magazine\/amalfi-summer-fest-2025-il-programma-completo\/\"]}]},{\"@type\":\"ImageObject\",\"inLanguage\":\"it-IT\",\"@id\":\"https:\/\/ecampania.it\/magazine\/amalfi-summer-fest-2025-il-programma-completo\/#primaryimage\",\"url\":\"https:\/\/ecampania.it\/magazine\/wp-content\/uploads\/2025\/06\/Summer-2-amalfi.jpg\",\"contentUrl\":\"https:\/\/ecampania.it\/magazine\/wp-content\/uploads\/2025\/06\/Summer-2-amalfi.jpg\",\"width\":960,\"height\":640},{\"@type\":\"BreadcrumbList\",\"@id\":\"https:\/\/ecampania.it\/magazine\/amalfi-summer-fest-2025-il-programma-completo\/#breadcrumb\",\"itemListElement\":[{\"@type\":\"ListItem\",\"position\":1,\"name\":\"Home\",\"item\":\"https:\/\/ecampania.it\/magazine\/\"},{\"@type\":\"ListItem\",\"position\":2,\"name\":\"Amalfi Summer Fest 2025: il programma completo\"}]},{\"@type\":\"WebSite\",\"@id\":\"https:\/\/ecampania.it\/magazine\/#website\",\"url\":\"https:\/\/ecampania.it\/magazine\/\",\"name\":\"Ecampania\",\"description\":\"Il primo portale dedicato al turismo ed alla cultura in Campania\",\"publisher\":{\"@id\":\"https:\/\/ecampania.it\/magazine\/#organization\"},\"potentialAction\":[{\"@type\":\"SearchAction\",\"target\":{\"@type\":\"EntryPoint\",\"urlTemplate\":\"https:\/\/ecampania.it\/magazine\/?s={search_term_string}\"},\"query-input\":{\"@type\":\"PropertyValueSpecification\",\"valueRequired\":true,\"valueName\":\"search_term_string\"}}],\"inLanguage\":\"it-IT\"},{\"@type\":\"Organization\",\"@id\":\"https:\/\/ecampania.it\/magazine\/#organization\",\"name\":\"Ecampania\",\"url\":\"https:\/\/ecampania.it\/magazine\/\",\"logo\":{\"@type\":\"ImageObject\",\"inLanguage\":\"it-IT\",\"@id\":\"https:\/\/ecampania.it\/magazine\/#\/schema\/logo\/image\/\",\"url\":\"https:\/\/ecampania.it\/magazine\/wp-content\/uploads\/2025\/01\/fb.png\",\"contentUrl\":\"https:\/\/ecampania.it\/magazine\/wp-content\/uploads\/2025\/01\/fb.png\",\"width\":500,\"height\":500,\"caption\":\"Ecampania\"},\"image\":{\"@id\":\"https:\/\/ecampania.it\/magazine\/#\/schema\/logo\/image\/\"},\"sameAs\":[\"https:\/\/www.facebook.com\/ecampania.it\",\"https:\/\/www.instagram.com\/ecampania.it\/\"]},{\"@type\":\"Person\",\"@id\":\"https:\/\/ecampania.it\/magazine\/#\/schema\/person\/f259cd7c01428ef3ac5db31dcac5ab70\",\"name\":\"Redazione\",\"image\":{\"@type\":\"ImageObject\",\"inLanguage\":\"it-IT\",\"@id\":\"https:\/\/ecampania.it\/magazine\/#\/schema\/person\/image\/\",\"url\":\"https:\/\/secure.gravatar.com\/avatar\/95816d083b7410def6d31c027c3ddb4f82515f84e68ea358ea75203bfac610a7?s=96&d=mm&r=g\",\"contentUrl\":\"https:\/\/secure.gravatar.com\/avatar\/95816d083b7410def6d31c027c3ddb4f82515f84e68ea358ea75203bfac610a7?s=96&d=mm&r=g\",\"caption\":\"Redazione\"},\"url\":\"https:\/\/ecampania.it\/magazine\/author\/ecampania\/\"}]}<\/script>\n<!-- \/ Yoast SEO plugin. -->","yoast_head_json":{"title":"Amalfi Summer Fest 2025: il programma completo - \u00e8campania","robots":{"index":"index","follow":"follow","max-snippet":"max-snippet:-1","max-image-preview":"max-image-preview:large","max-video-preview":"max-video-preview:-1"},"canonical":"https:\/\/ecampania.it\/magazine\/amalfi-summer-fest-2025-il-programma-completo\/","og_locale":"it_IT","og_type":"article","og_title":"Amalfi Summer Fest 2025: il programma completo - \u00e8campania","og_description":"Mario Biondi, Nina Zilli, Roy Paci, i Gemelli di Guidonia, l&#8217;omaggio a Roberto De Simone e Mandolini Sotto le Stelle: i grandi concerti e gli spettacoli dell&#8217;estate ad Amalfi L&#8217;estate di Amalfi si accende con Mario Biondi, Nina Zilli, Roy Paci, i Gemelli di Guidonia e il concerto omaggio a Roberto De Simone. Sono solo [&hellip;]","og_url":"https:\/\/ecampania.it\/magazine\/amalfi-summer-fest-2025-il-programma-completo\/","og_site_name":"\u00e8campania","article_publisher":"https:\/\/www.facebook.com\/ecampania.it","article_published_time":"2025-06-24T08:17:44+00:00","article_modified_time":"2025-10-03T08:02:11+00:00","og_image":[{"width":960,"height":640,"url":"https:\/\/ecampania.it\/magazine\/wp-content\/uploads\/2025\/06\/Summer-2-amalfi.jpg","type":"image\/jpeg"}],"author":"Redazione","twitter_card":"summary_large_image","twitter_misc":{"Scritto da":"Redazione","Tempo di lettura stimato":"7 minuti"},"schema":{"@context":"https:\/\/schema.org","@graph":[{"@type":"Article","@id":"https:\/\/ecampania.it\/magazine\/amalfi-summer-fest-2025-il-programma-completo\/#article","isPartOf":{"@id":"https:\/\/ecampania.it\/magazine\/amalfi-summer-fest-2025-il-programma-completo\/"},"author":{"name":"Redazione","@id":"https:\/\/ecampania.it\/magazine\/#\/schema\/person\/f259cd7c01428ef3ac5db31dcac5ab70"},"headline":"Amalfi Summer Fest 2025: il programma completo","datePublished":"2025-06-24T08:17:44+00:00","dateModified":"2025-10-03T08:02:11+00:00","mainEntityOfPage":{"@id":"https:\/\/ecampania.it\/magazine\/amalfi-summer-fest-2025-il-programma-completo\/"},"wordCount":1196,"commentCount":0,"publisher":{"@id":"https:\/\/ecampania.it\/magazine\/#organization"},"image":{"@id":"https:\/\/ecampania.it\/magazine\/amalfi-summer-fest-2025-il-programma-completo\/#primaryimage"},"thumbnailUrl":"https:\/\/ecampania.it\/magazine\/wp-content\/uploads\/2025\/06\/Summer-2-amalfi.jpg","keywords":["estate"],"articleSection":["Eventi"],"inLanguage":"it-IT","potentialAction":[{"@type":"CommentAction","name":"Comment","target":["https:\/\/ecampania.it\/magazine\/amalfi-summer-fest-2025-il-programma-completo\/#respond"]}]},{"@type":"WebPage","@id":"https:\/\/ecampania.it\/magazine\/amalfi-summer-fest-2025-il-programma-completo\/","url":"https:\/\/ecampania.it\/magazine\/amalfi-summer-fest-2025-il-programma-completo\/","name":"Amalfi Summer Fest 2025: il programma completo - \u00e8campania","isPartOf":{"@id":"https:\/\/ecampania.it\/magazine\/#website"},"primaryImageOfPage":{"@id":"https:\/\/ecampania.it\/magazine\/amalfi-summer-fest-2025-il-programma-completo\/#primaryimage"},"image":{"@id":"https:\/\/ecampania.it\/magazine\/amalfi-summer-fest-2025-il-programma-completo\/#primaryimage"},"thumbnailUrl":"https:\/\/ecampania.it\/magazine\/wp-content\/uploads\/2025\/06\/Summer-2-amalfi.jpg","datePublished":"2025-06-24T08:17:44+00:00","dateModified":"2025-10-03T08:02:11+00:00","breadcrumb":{"@id":"https:\/\/ecampania.it\/magazine\/amalfi-summer-fest-2025-il-programma-completo\/#breadcrumb"},"inLanguage":"it-IT","potentialAction":[{"@type":"ReadAction","target":["https:\/\/ecampania.it\/magazine\/amalfi-summer-fest-2025-il-programma-completo\/"]}]},{"@type":"ImageObject","inLanguage":"it-IT","@id":"https:\/\/ecampania.it\/magazine\/amalfi-summer-fest-2025-il-programma-completo\/#primaryimage","url":"https:\/\/ecampania.it\/magazine\/wp-content\/uploads\/2025\/06\/Summer-2-amalfi.jpg","contentUrl":"https:\/\/ecampania.it\/magazine\/wp-content\/uploads\/2025\/06\/Summer-2-amalfi.jpg","width":960,"height":640},{"@type":"BreadcrumbList","@id":"https:\/\/ecampania.it\/magazine\/amalfi-summer-fest-2025-il-programma-completo\/#breadcrumb","itemListElement":[{"@type":"ListItem","position":1,"name":"Home","item":"https:\/\/ecampania.it\/magazine\/"},{"@type":"ListItem","position":2,"name":"Amalfi Summer Fest 2025: il programma completo"}]},{"@type":"WebSite","@id":"https:\/\/ecampania.it\/magazine\/#website","url":"https:\/\/ecampania.it\/magazine\/","name":"Ecampania","description":"Il primo portale dedicato al turismo ed alla cultura in Campania","publisher":{"@id":"https:\/\/ecampania.it\/magazine\/#organization"},"potentialAction":[{"@type":"SearchAction","target":{"@type":"EntryPoint","urlTemplate":"https:\/\/ecampania.it\/magazine\/?s={search_term_string}"},"query-input":{"@type":"PropertyValueSpecification","valueRequired":true,"valueName":"search_term_string"}}],"inLanguage":"it-IT"},{"@type":"Organization","@id":"https:\/\/ecampania.it\/magazine\/#organization","name":"Ecampania","url":"https:\/\/ecampania.it\/magazine\/","logo":{"@type":"ImageObject","inLanguage":"it-IT","@id":"https:\/\/ecampania.it\/magazine\/#\/schema\/logo\/image\/","url":"https:\/\/ecampania.it\/magazine\/wp-content\/uploads\/2025\/01\/fb.png","contentUrl":"https:\/\/ecampania.it\/magazine\/wp-content\/uploads\/2025\/01\/fb.png","width":500,"height":500,"caption":"Ecampania"},"image":{"@id":"https:\/\/ecampania.it\/magazine\/#\/schema\/logo\/image\/"},"sameAs":["https:\/\/www.facebook.com\/ecampania.it","https:\/\/www.instagram.com\/ecampania.it\/"]},{"@type":"Person","@id":"https:\/\/ecampania.it\/magazine\/#\/schema\/person\/f259cd7c01428ef3ac5db31dcac5ab70","name":"Redazione","image":{"@type":"ImageObject","inLanguage":"it-IT","@id":"https:\/\/ecampania.it\/magazine\/#\/schema\/person\/image\/","url":"https:\/\/secure.gravatar.com\/avatar\/95816d083b7410def6d31c027c3ddb4f82515f84e68ea358ea75203bfac610a7?s=96&d=mm&r=g","contentUrl":"https:\/\/secure.gravatar.com\/avatar\/95816d083b7410def6d31c027c3ddb4f82515f84e68ea358ea75203bfac610a7?s=96&d=mm&r=g","caption":"Redazione"},"url":"https:\/\/ecampania.it\/magazine\/author\/ecampania\/"}]}},"_links":{"self":[{"href":"https:\/\/ecampania.it\/magazine\/wp-json\/wp\/v2\/posts\/3659","targetHints":{"allow":["GET"]}}],"collection":[{"href":"https:\/\/ecampania.it\/magazine\/wp-json\/wp\/v2\/posts"}],"about":[{"href":"https:\/\/ecampania.it\/magazine\/wp-json\/wp\/v2\/types\/post"}],"author":[{"embeddable":true,"href":"https:\/\/ecampania.it\/magazine\/wp-json\/wp\/v2\/users\/7"}],"replies":[{"embeddable":true,"href":"https:\/\/ecampania.it\/magazine\/wp-json\/wp\/v2\/comments?post=3659"}],"version-history":[{"count":1,"href":"https:\/\/ecampania.it\/magazine\/wp-json\/wp\/v2\/posts\/3659\/revisions"}],"predecessor-version":[{"id":3661,"href":"https:\/\/ecampania.it\/magazine\/wp-json\/wp\/v2\/posts\/3659\/revisions\/3661"}],"wp:featuredmedia":[{"embeddable":true,"href":"https:\/\/ecampania.it\/magazine\/wp-json\/wp\/v2\/media\/3660"}],"wp:attachment":[{"href":"https:\/\/ecampania.it\/magazine\/wp-json\/wp\/v2\/media?parent=3659"}],"wp:term":[{"taxonomy":"category","embeddable":true,"href":"https:\/\/ecampania.it\/magazine\/wp-json\/wp\/v2\/categories?post=3659"},{"taxonomy":"post_tag","embeddable":true,"href":"https:\/\/ecampania.it\/magazine\/wp-json\/wp\/v2\/tags?post=3659"}],"curies":[{"name":"wp","href":"https:\/\/api.w.org\/{rel}","templated":true}]}}