{"id":4681,"date":"2025-09-05T11:46:21","date_gmt":"2025-09-05T09:46:21","guid":{"rendered":"https:\/\/ecampania.it\/magazine\/?p=4681"},"modified":"2025-10-03T09:59:00","modified_gmt":"2025-10-03T07:59:00","slug":"torna-pizza-a-vico-lappuntamento-che-celebra-la-tradizione-e-lidentita-della-pizza-di-vico-equense","status":"publish","type":"post","link":"https:\/\/ecampania.it\/magazine\/torna-pizza-a-vico-lappuntamento-che-celebra-la-tradizione-e-lidentita-della-pizza-di-vico-equense\/","title":{"rendered":"Torna &#8216;Pizza a Vico&#8217;, l&#8217;appuntamento che celebra la tradizione e l&#8217;identit\u00e0 della pizza di Vico Equense"},"content":{"rendered":"\n<h4 class=\"wp-block-heading\">&#8216;Pizza e Vino, il piacere di stare insieme&#8217;, il claim scelto per l&#8217;edizione 2025 ancora all\u2019insegna della beneficenza<\/h4>\n\n\n\n<p>Torna \u201c<strong>Pizza a Vico<\/strong>\u201d, l\u2019appuntamento che celebra la tradizione e l\u2019identit\u00e0 della pizza di Vico Equense. Dal 16 al 18 settembre, dalle ore 19 alle 23.30, il centro di <strong>Vico Equense<\/strong> ospita l\u2019ottava edizione della manifestazione che vedr\u00e0, per tre giorni, gli abili pizzaioli di ben trenta pizzerie: la quali totalit\u00e0 delle attivit\u00e0 che operano nella localit\u00e0 costiera, rinomata per il suo patrimonio gastronomico. Insieme a loro, numerose aziende vitivinicole campane, nuove protagoniste da quest\u2019anno dell\u2019atteso appuntamento con il gusto.<\/p>\n\n\n\n<p>Promossa dall\u2019Associazione Pizza a Vico, con il patrocinio di Regione Campania, Citt\u00e0 Metropolitana, Camera di Commercio di Napoli, Coldiretti Campania, Pro Loco Vico Equense, ACOVE &#8211; Associazione commercianti di Vico Equense e della locale sezione dell\u2019Aicast &#8211; Associazione Industria, Commercio, Artigianato, Servizi e Turismo, l\u2019iniziativa si avvale del contributo del Comune di Vico Equense, che nel 2023 ha varato la <strong>De.Co.<\/strong> ossia la Denominazione Comunale per la pizza di Vico, e di numerosi partner tra i quali Mulino Caputo e La Torrente.<\/p>\n\n\n\n<p>&#8220;<strong>Pizza a Vico<\/strong>&#8221; si prepara nel 2025 a superare il record dello scorso anno, quando circa 40mila persone hanno affollato strade e piazze della citt\u00e0 &#8211; negli stand allestiti tra corso Filangieri, piazzale Siani, corso Umberto, via Roma, via Monsignor Natale, largo dei Tigli, via Vescovado e Punta a Mare &#8211; per gustare le tante proposte di pizze, tutte rigorosamente ispirate alla tradizione, con l\u2019utilizzo di prodotti tipici locali. Ogni sera sar\u00e0 inoltre disponibile un forno dedicato alle pizze senza glutine.<\/p>\n\n\n\n<p>Parte del ricavato della tre giorni, sar\u00e0 destinato all\u2019acquisto di un <strong>veicolo speciale<\/strong>, attrezzato per il trasporto di persone con disabilit\u00e0, con ridotta mobilit\u00e0 ed anziani, che grazie ai volontari dell\u2019Associazione Nazionale Carabinieri e dell\u2019Associazione Oltre il Guscio, potranno spostarsi per effettuare visite mediche o per coprire altre necessit\u00e0.<\/p>\n\n\n\n<p>I <strong>ticket<\/strong> saranno disponibili nei pressi degli stand e all\u2019interno del percorso, al costo di 20 euro, che dar\u00e0 diritto a 3 tranci di pizza Margherita, 2 tranci di pizza con gusti speciali, un dolce tipico vicano, una bottiglia acqua e una bibita a scelta tra soft drink e birra.<\/p>\n\n\n\n<p>Sar\u00e0 inoltre possibile acquistare percorsi di <strong>degustazione<\/strong> dei vini delle cantine presenti e anche prenotare l\u2019esperienza \u201cMani in pizza\u201d: una masterclass personalizzata, per imparare a realizzare una pizza sotto la guida di esperti pizzaioli (costo 20 euro).<\/p>\n\n\n\n<p>A \u201c<strong>Pizza a Vico<\/strong>\u201d, che sar\u00e0 preceduta la sera del <strong>15 settembre<\/strong>, da una serata di presentazione riservata a istituzioni, giornalisti e sponsor, hanno aderito Aequa, Agriturismo Nonno Luigino, Al Buco, Al Fosso, Anema e Core da zio Claudio, Ceras\u00e8, Covo del Buongustaio, Cuore di Pizza, Da Franco, Da Gigino Pizza a metro, Da Gighetto, Da Giovanni, Frate Cosimo, Il Casale del Golfo, Il Bikini, La Casa del Mirto,&nbsp; La Curva del Gusto, L\u2019Uliveto, Ma che Bont\u00e0, Millestelle, Mordi e Fuggi, Oste Verace, Oasi da Baldino, Pizza Taxi, Ristorante degli Amici, Sapori, Terra mia, Tigabelas, Titos.<\/p>\n\n\n\n<p>Anche quest\u2019anno uno spazio importante sar\u00e0 dedicato al <strong>Premio Dell&#8217;Amura<\/strong>, il riconoscimento che premia la migliore pizza di Vico Equense, nato per onorare la memoria di Luigi Dell&#8217;Amura, inventore della \u201cpizza a metro\u201d, un\u2019eccellenza riconosciuta in tutto il mondo. A presiedere quest\u2019anno la giuria sar\u00e0 Giuseppe Buonocore, responsabile commerciale per il Sud Italia e il Triveneto del Gambero Rosso, affiancato dal maestro pizzaiolo Gino Sorbillo, da Bernard B\u00e8darida, giornalista delle emittenti francesi TF1 e France 24, da Vincenzo Peretti, docente presso l\u2019Universit\u00e0 Federico II ed esperto in biodiversit\u00e0 alimentare, e da un rappresentante della famiglia Dell\u2019Amura. A condurre la cerimonia di consegna del Premio, la giornalista Barbara Politi.<\/p>\n\n\n\n<p>Riconoscimenti saranno assegnati dal presidente della Camera di Commercio di Napoli, <strong>Ciro Fiola<\/strong>, anche a tre pizzerie storiche vicane: Pizza a metro, Da Franco e Da Giovanni.<\/p>\n\n\n\n<p>Per il sindaco, <strong>Giuseppe Aiello<\/strong>: \u201cVico Equense \u00e8 una citt\u00e0 che sa trasformarsi, che sa accendere i suoi vicoli di luce e di vita. La nostra pizza non \u00e8 soltanto un\u2019eccellenza gastronomica, \u00e8 il frutto di un sapere antico che le nostre famiglie hanno custodito e tramandato di generazione in generazione. Dietro ogni impasto c\u2019\u00e8 una storia: ci sono mani che lavorano con passione, ci sono i gesti ripetuti e perfezionati nel tempo, c\u2019\u00e8 l\u2019amore per una tradizione che ci identifica e ci rende unici. Con questo evento, Vico Equense non celebra solo il gusto, ma anche i valori che ci uniscono. La convivialit\u00e0, l\u2019incontro tra culture e territori, l\u2019attenzione alla solidariet\u00e0: perch\u00e9 la pizza, simbolo universale di condivisione, diventa qui anche strumento per fare del bene. Dal 16 settembre, la nostra citt\u00e0 sar\u00e0 capitale della pizza, ma soprattutto capitale di una comunit\u00e0 che apre le proprie porte e il proprio cuore. Vi invito tutti a vivere con noi questi tre giorni, certi che il profumo della nostra tradizione porter\u00e0 con s\u00e9 anche il calore della nostra solidariet\u00e0\u201d.<\/p>\n\n\n\n<p>\u201cPizza a Vico promuovere l&#8217;eccellenza enogastronomica della nostra citt\u00e0 attraverso una serie di attivit\u00e0 ed incontri, con l\u2019obiettivo di valorizzare l&#8217;identit\u00e0 culinaria, celebrando la dieta mediterranea e le tradizioni locali, in un percorso sensoriale che promuove un turismo di settore &#8211; interviene <strong>Margherita Aiello<\/strong>, presidente dell\u2019Acove e dell\u2019Aicast di Vico Equense, che coordina l\u2019evento \u2013 Quello che emerge prepotentemente dal nostro evento \u00e8 il senso di comunit\u00e0 che riesce a generare, con la quasi totalit\u00e0 delle pizzerie del territorio, dal mare alla montagna, che lavorano fianco a fianco nell&#8217;ottica promuovere il territorio e le sue tipicit\u00e0. Prologo dell\u2019edizione 2025 di \u201cPizza a Vico\u201d \u00e8 stata infatti la partecipazione a numerosi eventi all\u2019estero, da Boston a Las Vegas, e in numerose localit\u00e0 italiane, per fare conoscere ovunque la nostra tipicit\u00e0 e la nostra magnifica terra\u201d.<\/p>\n\n\n\n<p>Le fa eco <strong>Michele Cuomo<\/strong>, presidente dell\u2019Associazione Pizza a Vico: \u201cL\u2019anima di questa manifestazione sono i pizzaioli e i loro locali. Ce ne sono alcuni che per tre giorni chiudono le loro attivit\u00e0 per contribuire pienamente alla buona riuscita di una iniziativa che, ogni anno, cresce sempre di pi\u00f9, con l\u2019ingresso di nuove realt\u00e0. Un ringraziamento particolare all\u2019amministrazione comunale e al sindaco, Giuseppe Aiello, che supporta i nostri sforzi, in un gioco di squadra vincente, testimoniato dai risultati delle passate edizioni, che puntiamo quest\u2019anno a superare\u201d.<\/p>\n\n\n\n<p>Informazioni e aggiornamenti sul sito web dell&#8217;evento www.pizzaavico.com e sulle pagine social.<\/p>\n","protected":false},"excerpt":{"rendered":"<p>&#8216;Pizza e Vino, il piacere di stare insieme&#8217;, il claim scelto per l&#8217;edizione 2025 ancora all\u2019insegna della beneficenza Torna \u201cPizza a Vico\u201d, l\u2019appuntamento che celebra la tradizione e l\u2019identit\u00e0 della pizza di Vico Equense. Dal 16 al 18 settembre, dalle ore 19 alle 23.30, il centro di Vico Equense ospita l\u2019ottava edizione della manifestazione che [&hellip;]<\/p>\n","protected":false},"author":7,"featured_media":4682,"comment_status":"open","ping_status":"open","sticky":false,"template":"","format":"standard","meta":{"jnews-multi-image_gallery":[],"jnews_single_post":{"format":"standard"},"jnews_primary_category":[],"jnews_override_counter":[],"footnotes":""},"categories":[7],"tags":[33],"class_list":["post-4681","post","type-post","status-publish","format-standard","has-post-thumbnail","hentry","category-eventi","tag-pizza"],"yoast_head":"<!-- This site is optimized with the Yoast SEO plugin v24.2 - https:\/\/yoast.com\/wordpress\/plugins\/seo\/ -->\n<title>Torna &#039;Pizza a Vico&#039;, l&#039;appuntamento che celebra la tradizione e l&#039;identit\u00e0 della pizza di Vico Equense - \u00e8campania<\/title>\n<meta name=\"robots\" content=\"index, follow, max-snippet:-1, max-image-preview:large, max-video-preview:-1\" \/>\n<link rel=\"canonical\" href=\"https:\/\/ecampania.it\/magazine\/torna-pizza-a-vico-lappuntamento-che-celebra-la-tradizione-e-lidentita-della-pizza-di-vico-equense\/\" \/>\n<meta property=\"og:locale\" content=\"it_IT\" \/>\n<meta property=\"og:type\" content=\"article\" \/>\n<meta property=\"og:title\" content=\"Torna &#039;Pizza a Vico&#039;, l&#039;appuntamento che celebra la tradizione e l&#039;identit\u00e0 della pizza di Vico Equense - \u00e8campania\" \/>\n<meta property=\"og:description\" content=\"&#8216;Pizza e Vino, il piacere di stare insieme&#8217;, il claim scelto per l&#8217;edizione 2025 ancora all\u2019insegna della beneficenza Torna \u201cPizza a Vico\u201d, l\u2019appuntamento che celebra la tradizione e l\u2019identit\u00e0 della pizza di Vico Equense. Dal 16 al 18 settembre, dalle ore 19 alle 23.30, il centro di Vico Equense ospita l\u2019ottava edizione della manifestazione che [&hellip;]\" \/>\n<meta property=\"og:url\" content=\"https:\/\/ecampania.it\/magazine\/torna-pizza-a-vico-lappuntamento-che-celebra-la-tradizione-e-lidentita-della-pizza-di-vico-equense\/\" \/>\n<meta property=\"og:site_name\" content=\"\u00e8campania\" \/>\n<meta property=\"article:publisher\" content=\"https:\/\/www.facebook.com\/ecampania.it\" \/>\n<meta property=\"article:published_time\" content=\"2025-09-05T09:46:21+00:00\" \/>\n<meta property=\"article:modified_time\" content=\"2025-10-03T07:59:00+00:00\" \/>\n<meta property=\"og:image\" content=\"https:\/\/ecampania.it\/magazine\/wp-content\/uploads\/2025\/09\/pizza-a-vico.jpg\" \/>\n\t<meta property=\"og:image:width\" content=\"1280\" \/>\n\t<meta property=\"og:image:height\" content=\"720\" \/>\n\t<meta property=\"og:image:type\" content=\"image\/jpeg\" \/>\n<meta name=\"author\" content=\"Redazione\" \/>\n<meta name=\"twitter:card\" content=\"summary_large_image\" \/>\n<meta name=\"twitter:label1\" content=\"Scritto da\" \/>\n\t<meta name=\"twitter:data1\" content=\"Redazione\" \/>\n\t<meta name=\"twitter:label2\" content=\"Tempo di lettura stimato\" \/>\n\t<meta name=\"twitter:data2\" content=\"6 minuti\" \/>\n<script type=\"application\/ld+json\" class=\"yoast-schema-graph\">{\"@context\":\"https:\/\/schema.org\",\"@graph\":[{\"@type\":\"Article\",\"@id\":\"https:\/\/ecampania.it\/magazine\/torna-pizza-a-vico-lappuntamento-che-celebra-la-tradizione-e-lidentita-della-pizza-di-vico-equense\/#article\",\"isPartOf\":{\"@id\":\"https:\/\/ecampania.it\/magazine\/torna-pizza-a-vico-lappuntamento-che-celebra-la-tradizione-e-lidentita-della-pizza-di-vico-equense\/\"},\"author\":{\"name\":\"Redazione\",\"@id\":\"https:\/\/ecampania.it\/magazine\/#\/schema\/person\/f259cd7c01428ef3ac5db31dcac5ab70\"},\"headline\":\"Torna &#8216;Pizza a Vico&#8217;, l&#8217;appuntamento che celebra la tradizione e l&#8217;identit\u00e0 della pizza di Vico Equense\",\"datePublished\":\"2025-09-05T09:46:21+00:00\",\"dateModified\":\"2025-10-03T07:59:00+00:00\",\"mainEntityOfPage\":{\"@id\":\"https:\/\/ecampania.it\/magazine\/torna-pizza-a-vico-lappuntamento-che-celebra-la-tradizione-e-lidentita-della-pizza-di-vico-equense\/\"},\"wordCount\":1074,\"commentCount\":0,\"publisher\":{\"@id\":\"https:\/\/ecampania.it\/magazine\/#organization\"},\"image\":{\"@id\":\"https:\/\/ecampania.it\/magazine\/torna-pizza-a-vico-lappuntamento-che-celebra-la-tradizione-e-lidentita-della-pizza-di-vico-equense\/#primaryimage\"},\"thumbnailUrl\":\"https:\/\/ecampania.it\/magazine\/wp-content\/uploads\/2025\/09\/pizza-a-vico.jpg\",\"keywords\":[\"pizza\"],\"articleSection\":[\"Eventi\"],\"inLanguage\":\"it-IT\",\"potentialAction\":[{\"@type\":\"CommentAction\",\"name\":\"Comment\",\"target\":[\"https:\/\/ecampania.it\/magazine\/torna-pizza-a-vico-lappuntamento-che-celebra-la-tradizione-e-lidentita-della-pizza-di-vico-equense\/#respond\"]}]},{\"@type\":\"WebPage\",\"@id\":\"https:\/\/ecampania.it\/magazine\/torna-pizza-a-vico-lappuntamento-che-celebra-la-tradizione-e-lidentita-della-pizza-di-vico-equense\/\",\"url\":\"https:\/\/ecampania.it\/magazine\/torna-pizza-a-vico-lappuntamento-che-celebra-la-tradizione-e-lidentita-della-pizza-di-vico-equense\/\",\"name\":\"Torna 'Pizza a Vico', l'appuntamento che celebra la tradizione e l'identit\u00e0 della pizza di Vico Equense - \u00e8campania\",\"isPartOf\":{\"@id\":\"https:\/\/ecampania.it\/magazine\/#website\"},\"primaryImageOfPage\":{\"@id\":\"https:\/\/ecampania.it\/magazine\/torna-pizza-a-vico-lappuntamento-che-celebra-la-tradizione-e-lidentita-della-pizza-di-vico-equense\/#primaryimage\"},\"image\":{\"@id\":\"https:\/\/ecampania.it\/magazine\/torna-pizza-a-vico-lappuntamento-che-celebra-la-tradizione-e-lidentita-della-pizza-di-vico-equense\/#primaryimage\"},\"thumbnailUrl\":\"https:\/\/ecampania.it\/magazine\/wp-content\/uploads\/2025\/09\/pizza-a-vico.jpg\",\"datePublished\":\"2025-09-05T09:46:21+00:00\",\"dateModified\":\"2025-10-03T07:59:00+00:00\",\"breadcrumb\":{\"@id\":\"https:\/\/ecampania.it\/magazine\/torna-pizza-a-vico-lappuntamento-che-celebra-la-tradizione-e-lidentita-della-pizza-di-vico-equense\/#breadcrumb\"},\"inLanguage\":\"it-IT\",\"potentialAction\":[{\"@type\":\"ReadAction\",\"target\":[\"https:\/\/ecampania.it\/magazine\/torna-pizza-a-vico-lappuntamento-che-celebra-la-tradizione-e-lidentita-della-pizza-di-vico-equense\/\"]}]},{\"@type\":\"ImageObject\",\"inLanguage\":\"it-IT\",\"@id\":\"https:\/\/ecampania.it\/magazine\/torna-pizza-a-vico-lappuntamento-che-celebra-la-tradizione-e-lidentita-della-pizza-di-vico-equense\/#primaryimage\",\"url\":\"https:\/\/ecampania.it\/magazine\/wp-content\/uploads\/2025\/09\/pizza-a-vico.jpg\",\"contentUrl\":\"https:\/\/ecampania.it\/magazine\/wp-content\/uploads\/2025\/09\/pizza-a-vico.jpg\",\"width\":1280,\"height\":720},{\"@type\":\"BreadcrumbList\",\"@id\":\"https:\/\/ecampania.it\/magazine\/torna-pizza-a-vico-lappuntamento-che-celebra-la-tradizione-e-lidentita-della-pizza-di-vico-equense\/#breadcrumb\",\"itemListElement\":[{\"@type\":\"ListItem\",\"position\":1,\"name\":\"Home\",\"item\":\"https:\/\/ecampania.it\/magazine\/\"},{\"@type\":\"ListItem\",\"position\":2,\"name\":\"Torna &#8216;Pizza a Vico&#8217;, l&#8217;appuntamento che celebra la tradizione e l&#8217;identit\u00e0 della pizza di Vico Equense\"}]},{\"@type\":\"WebSite\",\"@id\":\"https:\/\/ecampania.it\/magazine\/#website\",\"url\":\"https:\/\/ecampania.it\/magazine\/\",\"name\":\"Ecampania\",\"description\":\"Il primo portale dedicato al turismo ed alla cultura in Campania\",\"publisher\":{\"@id\":\"https:\/\/ecampania.it\/magazine\/#organization\"},\"potentialAction\":[{\"@type\":\"SearchAction\",\"target\":{\"@type\":\"EntryPoint\",\"urlTemplate\":\"https:\/\/ecampania.it\/magazine\/?s={search_term_string}\"},\"query-input\":{\"@type\":\"PropertyValueSpecification\",\"valueRequired\":true,\"valueName\":\"search_term_string\"}}],\"inLanguage\":\"it-IT\"},{\"@type\":\"Organization\",\"@id\":\"https:\/\/ecampania.it\/magazine\/#organization\",\"name\":\"Ecampania\",\"url\":\"https:\/\/ecampania.it\/magazine\/\",\"logo\":{\"@type\":\"ImageObject\",\"inLanguage\":\"it-IT\",\"@id\":\"https:\/\/ecampania.it\/magazine\/#\/schema\/logo\/image\/\",\"url\":\"https:\/\/ecampania.it\/magazine\/wp-content\/uploads\/2025\/01\/fb.png\",\"contentUrl\":\"https:\/\/ecampania.it\/magazine\/wp-content\/uploads\/2025\/01\/fb.png\",\"width\":500,\"height\":500,\"caption\":\"Ecampania\"},\"image\":{\"@id\":\"https:\/\/ecampania.it\/magazine\/#\/schema\/logo\/image\/\"},\"sameAs\":[\"https:\/\/www.facebook.com\/ecampania.it\",\"https:\/\/www.instagram.com\/ecampania.it\/\"]},{\"@type\":\"Person\",\"@id\":\"https:\/\/ecampania.it\/magazine\/#\/schema\/person\/f259cd7c01428ef3ac5db31dcac5ab70\",\"name\":\"Redazione\",\"image\":{\"@type\":\"ImageObject\",\"inLanguage\":\"it-IT\",\"@id\":\"https:\/\/ecampania.it\/magazine\/#\/schema\/person\/image\/\",\"url\":\"https:\/\/secure.gravatar.com\/avatar\/95816d083b7410def6d31c027c3ddb4f82515f84e68ea358ea75203bfac610a7?s=96&d=mm&r=g\",\"contentUrl\":\"https:\/\/secure.gravatar.com\/avatar\/95816d083b7410def6d31c027c3ddb4f82515f84e68ea358ea75203bfac610a7?s=96&d=mm&r=g\",\"caption\":\"Redazione\"},\"url\":\"https:\/\/ecampania.it\/magazine\/author\/ecampania\/\"}]}<\/script>\n<!-- \/ Yoast SEO plugin. -->","yoast_head_json":{"title":"Torna 'Pizza a Vico', l'appuntamento che celebra la tradizione e l'identit\u00e0 della pizza di Vico Equense - \u00e8campania","robots":{"index":"index","follow":"follow","max-snippet":"max-snippet:-1","max-image-preview":"max-image-preview:large","max-video-preview":"max-video-preview:-1"},"canonical":"https:\/\/ecampania.it\/magazine\/torna-pizza-a-vico-lappuntamento-che-celebra-la-tradizione-e-lidentita-della-pizza-di-vico-equense\/","og_locale":"it_IT","og_type":"article","og_title":"Torna 'Pizza a Vico', l'appuntamento che celebra la tradizione e l'identit\u00e0 della pizza di Vico Equense - \u00e8campania","og_description":"&#8216;Pizza e Vino, il piacere di stare insieme&#8217;, il claim scelto per l&#8217;edizione 2025 ancora all\u2019insegna della beneficenza Torna \u201cPizza a Vico\u201d, l\u2019appuntamento che celebra la tradizione e l\u2019identit\u00e0 della pizza di Vico Equense. Dal 16 al 18 settembre, dalle ore 19 alle 23.30, il centro di Vico Equense ospita l\u2019ottava edizione della manifestazione che [&hellip;]","og_url":"https:\/\/ecampania.it\/magazine\/torna-pizza-a-vico-lappuntamento-che-celebra-la-tradizione-e-lidentita-della-pizza-di-vico-equense\/","og_site_name":"\u00e8campania","article_publisher":"https:\/\/www.facebook.com\/ecampania.it","article_published_time":"2025-09-05T09:46:21+00:00","article_modified_time":"2025-10-03T07:59:00+00:00","og_image":[{"width":1280,"height":720,"url":"https:\/\/ecampania.it\/magazine\/wp-content\/uploads\/2025\/09\/pizza-a-vico.jpg","type":"image\/jpeg"}],"author":"Redazione","twitter_card":"summary_large_image","twitter_misc":{"Scritto da":"Redazione","Tempo di lettura stimato":"6 minuti"},"schema":{"@context":"https:\/\/schema.org","@graph":[{"@type":"Article","@id":"https:\/\/ecampania.it\/magazine\/torna-pizza-a-vico-lappuntamento-che-celebra-la-tradizione-e-lidentita-della-pizza-di-vico-equense\/#article","isPartOf":{"@id":"https:\/\/ecampania.it\/magazine\/torna-pizza-a-vico-lappuntamento-che-celebra-la-tradizione-e-lidentita-della-pizza-di-vico-equense\/"},"author":{"name":"Redazione","@id":"https:\/\/ecampania.it\/magazine\/#\/schema\/person\/f259cd7c01428ef3ac5db31dcac5ab70"},"headline":"Torna &#8216;Pizza a Vico&#8217;, l&#8217;appuntamento che celebra la tradizione e l&#8217;identit\u00e0 della pizza di Vico Equense","datePublished":"2025-09-05T09:46:21+00:00","dateModified":"2025-10-03T07:59:00+00:00","mainEntityOfPage":{"@id":"https:\/\/ecampania.it\/magazine\/torna-pizza-a-vico-lappuntamento-che-celebra-la-tradizione-e-lidentita-della-pizza-di-vico-equense\/"},"wordCount":1074,"commentCount":0,"publisher":{"@id":"https:\/\/ecampania.it\/magazine\/#organization"},"image":{"@id":"https:\/\/ecampania.it\/magazine\/torna-pizza-a-vico-lappuntamento-che-celebra-la-tradizione-e-lidentita-della-pizza-di-vico-equense\/#primaryimage"},"thumbnailUrl":"https:\/\/ecampania.it\/magazine\/wp-content\/uploads\/2025\/09\/pizza-a-vico.jpg","keywords":["pizza"],"articleSection":["Eventi"],"inLanguage":"it-IT","potentialAction":[{"@type":"CommentAction","name":"Comment","target":["https:\/\/ecampania.it\/magazine\/torna-pizza-a-vico-lappuntamento-che-celebra-la-tradizione-e-lidentita-della-pizza-di-vico-equense\/#respond"]}]},{"@type":"WebPage","@id":"https:\/\/ecampania.it\/magazine\/torna-pizza-a-vico-lappuntamento-che-celebra-la-tradizione-e-lidentita-della-pizza-di-vico-equense\/","url":"https:\/\/ecampania.it\/magazine\/torna-pizza-a-vico-lappuntamento-che-celebra-la-tradizione-e-lidentita-della-pizza-di-vico-equense\/","name":"Torna 'Pizza a Vico', l'appuntamento che celebra la tradizione e l'identit\u00e0 della pizza di Vico Equense - \u00e8campania","isPartOf":{"@id":"https:\/\/ecampania.it\/magazine\/#website"},"primaryImageOfPage":{"@id":"https:\/\/ecampania.it\/magazine\/torna-pizza-a-vico-lappuntamento-che-celebra-la-tradizione-e-lidentita-della-pizza-di-vico-equense\/#primaryimage"},"image":{"@id":"https:\/\/ecampania.it\/magazine\/torna-pizza-a-vico-lappuntamento-che-celebra-la-tradizione-e-lidentita-della-pizza-di-vico-equense\/#primaryimage"},"thumbnailUrl":"https:\/\/ecampania.it\/magazine\/wp-content\/uploads\/2025\/09\/pizza-a-vico.jpg","datePublished":"2025-09-05T09:46:21+00:00","dateModified":"2025-10-03T07:59:00+00:00","breadcrumb":{"@id":"https:\/\/ecampania.it\/magazine\/torna-pizza-a-vico-lappuntamento-che-celebra-la-tradizione-e-lidentita-della-pizza-di-vico-equense\/#breadcrumb"},"inLanguage":"it-IT","potentialAction":[{"@type":"ReadAction","target":["https:\/\/ecampania.it\/magazine\/torna-pizza-a-vico-lappuntamento-che-celebra-la-tradizione-e-lidentita-della-pizza-di-vico-equense\/"]}]},{"@type":"ImageObject","inLanguage":"it-IT","@id":"https:\/\/ecampania.it\/magazine\/torna-pizza-a-vico-lappuntamento-che-celebra-la-tradizione-e-lidentita-della-pizza-di-vico-equense\/#primaryimage","url":"https:\/\/ecampania.it\/magazine\/wp-content\/uploads\/2025\/09\/pizza-a-vico.jpg","contentUrl":"https:\/\/ecampania.it\/magazine\/wp-content\/uploads\/2025\/09\/pizza-a-vico.jpg","width":1280,"height":720},{"@type":"BreadcrumbList","@id":"https:\/\/ecampania.it\/magazine\/torna-pizza-a-vico-lappuntamento-che-celebra-la-tradizione-e-lidentita-della-pizza-di-vico-equense\/#breadcrumb","itemListElement":[{"@type":"ListItem","position":1,"name":"Home","item":"https:\/\/ecampania.it\/magazine\/"},{"@type":"ListItem","position":2,"name":"Torna &#8216;Pizza a Vico&#8217;, l&#8217;appuntamento che celebra la tradizione e l&#8217;identit\u00e0 della pizza di Vico Equense"}]},{"@type":"WebSite","@id":"https:\/\/ecampania.it\/magazine\/#website","url":"https:\/\/ecampania.it\/magazine\/","name":"Ecampania","description":"Il primo portale dedicato al turismo ed alla cultura in Campania","publisher":{"@id":"https:\/\/ecampania.it\/magazine\/#organization"},"potentialAction":[{"@type":"SearchAction","target":{"@type":"EntryPoint","urlTemplate":"https:\/\/ecampania.it\/magazine\/?s={search_term_string}"},"query-input":{"@type":"PropertyValueSpecification","valueRequired":true,"valueName":"search_term_string"}}],"inLanguage":"it-IT"},{"@type":"Organization","@id":"https:\/\/ecampania.it\/magazine\/#organization","name":"Ecampania","url":"https:\/\/ecampania.it\/magazine\/","logo":{"@type":"ImageObject","inLanguage":"it-IT","@id":"https:\/\/ecampania.it\/magazine\/#\/schema\/logo\/image\/","url":"https:\/\/ecampania.it\/magazine\/wp-content\/uploads\/2025\/01\/fb.png","contentUrl":"https:\/\/ecampania.it\/magazine\/wp-content\/uploads\/2025\/01\/fb.png","width":500,"height":500,"caption":"Ecampania"},"image":{"@id":"https:\/\/ecampania.it\/magazine\/#\/schema\/logo\/image\/"},"sameAs":["https:\/\/www.facebook.com\/ecampania.it","https:\/\/www.instagram.com\/ecampania.it\/"]},{"@type":"Person","@id":"https:\/\/ecampania.it\/magazine\/#\/schema\/person\/f259cd7c01428ef3ac5db31dcac5ab70","name":"Redazione","image":{"@type":"ImageObject","inLanguage":"it-IT","@id":"https:\/\/ecampania.it\/magazine\/#\/schema\/person\/image\/","url":"https:\/\/secure.gravatar.com\/avatar\/95816d083b7410def6d31c027c3ddb4f82515f84e68ea358ea75203bfac610a7?s=96&d=mm&r=g","contentUrl":"https:\/\/secure.gravatar.com\/avatar\/95816d083b7410def6d31c027c3ddb4f82515f84e68ea358ea75203bfac610a7?s=96&d=mm&r=g","caption":"Redazione"},"url":"https:\/\/ecampania.it\/magazine\/author\/ecampania\/"}]}},"_links":{"self":[{"href":"https:\/\/ecampania.it\/magazine\/wp-json\/wp\/v2\/posts\/4681","targetHints":{"allow":["GET"]}}],"collection":[{"href":"https:\/\/ecampania.it\/magazine\/wp-json\/wp\/v2\/posts"}],"about":[{"href":"https:\/\/ecampania.it\/magazine\/wp-json\/wp\/v2\/types\/post"}],"author":[{"embeddable":true,"href":"https:\/\/ecampania.it\/magazine\/wp-json\/wp\/v2\/users\/7"}],"replies":[{"embeddable":true,"href":"https:\/\/ecampania.it\/magazine\/wp-json\/wp\/v2\/comments?post=4681"}],"version-history":[{"count":1,"href":"https:\/\/ecampania.it\/magazine\/wp-json\/wp\/v2\/posts\/4681\/revisions"}],"predecessor-version":[{"id":4683,"href":"https:\/\/ecampania.it\/magazine\/wp-json\/wp\/v2\/posts\/4681\/revisions\/4683"}],"wp:featuredmedia":[{"embeddable":true,"href":"https:\/\/ecampania.it\/magazine\/wp-json\/wp\/v2\/media\/4682"}],"wp:attachment":[{"href":"https:\/\/ecampania.it\/magazine\/wp-json\/wp\/v2\/media?parent=4681"}],"wp:term":[{"taxonomy":"category","embeddable":true,"href":"https:\/\/ecampania.it\/magazine\/wp-json\/wp\/v2\/categories?post=4681"},{"taxonomy":"post_tag","embeddable":true,"href":"https:\/\/ecampania.it\/magazine\/wp-json\/wp\/v2\/tags?post=4681"}],"curies":[{"name":"wp","href":"https:\/\/api.w.org\/{rel}","templated":true}]}}