{"id":8320,"date":"2026-03-03T16:32:47","date_gmt":"2026-03-03T15:32:47","guid":{"rendered":"https:\/\/ecampania.it\/magazine\/?p=8320"},"modified":"2026-03-03T16:32:48","modified_gmt":"2026-03-03T15:32:48","slug":"napoli-capitale-mondiale-del-rock","status":"publish","type":"post","link":"https:\/\/ecampania.it\/magazine\/napoli-capitale-mondiale-del-rock\/","title":{"rendered":"Napoli capitale mondiale del Rock"},"content":{"rendered":"\n<h4 class=\"wp-block-heading\"><strong>L&#8217;evento esclusivo per i trent&#8217;anni di Frontiers Record <\/strong><\/h4>\n\n\n\n<p>Il Gotha del rock internazionale festeggiare i tre decenni della label partenopea: Napoli capitale del Rock. Nei giorni scorsi, lo scenario post-industriale dell&#8217; <strong>HBtoo<\/strong>, a pochi passi da quel mare che il prossimo anno ospiter\u00e0 le regate dell&#8217;America&#8217;s Cup, ha fatto da cornice a un evento senza precedenti: il party celebrativo per i\u00a0 <strong>30 anni di Frontiers Records<\/strong>.<\/p>\n\n\n\n<p>L&#8217;etichetta discografica napoletana, oggi ai massimi vertici della discografia globale, ha riunito&nbsp;<strong>oltre 200 invitati provenienti da ogni angolo del pianeta<\/strong>&nbsp;per celebrare un percorso straordinario. Un&#8217;occasione resa ancora pi\u00f9 memorabile dal recente e storico traguardo: il raggiungimento della&nbsp;<strong>vetta della prestigiosa Billboard 200 statunitense<\/strong>&nbsp;con l&#8217;ultimo album dei&nbsp;<strong>Megadeth<\/strong>, portando la leggendaria band per la prima volta al numero uno negli USA proprio grazie alla visione della label campana.<\/p>\n\n\n\n<p>L\u2019evento \u00e8 stato presentato da<strong>&nbsp;Giulia Salvi&nbsp;<\/strong>(\u2018Personal Giulia\u2019) e ha visto una elettrizzante parata di stelle della musica calcare il palco dell\u2019HBtoo, al fianco di una resident band d&#8217;eccellenza costituita dai musicisti&nbsp;<strong>Alessandro Mammola<\/strong>,&nbsp;<strong>Alfonso Mocerino<\/strong>,&nbsp;<strong>Alessio Lucatti<\/strong>,&nbsp;<strong>Andrea Buratto<\/strong>,&nbsp;<strong>Andrea Piccardi<\/strong>&nbsp;e&nbsp;<strong>Aldo Lonobile<\/strong>.<\/p>\n\n\n\n<p>Tra le performance pi\u00f9 emozionanti, le voci leggendarie di&nbsp;<strong>Ronnie Romero<\/strong>&nbsp;(Rainbow, MSG),&nbsp;<strong>Jim Peterik<\/strong>&nbsp;e&nbsp;<strong>Toby Hitchcock<\/strong>&nbsp;(Pride of Lions),&nbsp;<strong>Harry Hess<\/strong>&nbsp;(Harem Scarem),&nbsp;<strong>Robin McAuley<\/strong>&nbsp;(MSG),&nbsp;<strong>Ronnie Atkins<\/strong>&nbsp;(Pretty Maids), affiancati da virtuosi come&nbsp;<strong>Gus G<\/strong>&nbsp;(Firewind, ex-Ozzy),&nbsp;<strong>Nicklas Sonne<\/strong>&nbsp;e&nbsp;<strong>Dyan Mair<\/strong>.<\/p>\n\n\n\n<p>Particolarmente emozionante \u00e8 stato l&#8217;intervento di&nbsp;<strong>Serafino Perugino<\/strong>, fondatore e anima del&nbsp;<strong>Frontiers Label Group:<\/strong>&nbsp;<em>&#8220;Questi 30 anni sono stati autentiche montagne russe, fatte di sfide e di ripartenze, ma la musica \u00e8 sempre venuta prima del business\u201d<\/em>&nbsp;ha dichiarato Perugino.&nbsp;<em>&#8220;Siamo partiti dallo &#8216;studiolo&#8217; di mio padre e oggi celebriamo un traguardo che sembrava impossibile: il numero uno su Billboard con i Megadeth. Da soli non si va da nessuna parte: questa \u00e8 una storia costruita sulla famiglia e sulla lealt\u00e0 verso gli artisti. Frontiers vuole essere il punto di riferimento per chi ama davvero questo lavoro. E allora s\u00ec: Don\u2019t Stop Believin\u2019!, non smettiamo di credere nei nostri sogni\u201d.<\/em><\/p>\n\n\n\n<p>La serata\/evento ha visto la partecipazione dei vertici globali di&nbsp;<strong>The Orchard<\/strong>, partner della distribuzione internazionale dell\u2019etichetta partenopea. Hanno preso parte ai festeggiamenti la Chief Operating Officer&nbsp;<strong>Colleen Theis<\/strong>, il senior consultant&nbsp;<strong>Manlio Celotti<\/strong>,&nbsp;<strong>Tricia Arnold<\/strong>&nbsp;(EVP, Relationships &amp; International Sales),&nbsp;<strong>Joanna Noyes<\/strong>&nbsp;(SVP, Global Marketing &amp; Brand Strategy) e il Director del Label Management&nbsp;<strong>Ben Burnstein<\/strong>. Il team \u00e8 stato completato dalla presenza di&nbsp;<strong>Susanna Moro<\/strong>,&nbsp;<strong>Ben Poliszczuk<\/strong>&nbsp;e&nbsp;<strong>Alex Berry<\/strong>&nbsp;(Label Management UK), insieme a&nbsp;<strong>Frank Uhle<\/strong>, Managing Director di Orchard Physical European Network (OPEN).<\/p>\n\n\n\n<p>Il respiro globale dell\u2019etichetta \u00e8 stato ulteriormente sottolineato dalla presenza dei label manager della distribuzione internazionale:&nbsp;<strong>Rob Willemse<\/strong>&nbsp;di Suburban (Benelux),&nbsp;<strong>Simone Rossi<\/strong>&nbsp;e&nbsp;<strong>Mauro Ragnini<\/strong>&nbsp;di Audioglobe (Italia),&nbsp;<strong>Suzan Kverh<\/strong>&nbsp;di Playground (Scandinavia) e&nbsp;<strong>Michal Wardzala<\/strong>&nbsp;di Mystic (Polonia, Repubblica Ceca e Slovacca), oltre a&nbsp;<strong>Nozomu Wakai<\/strong>&nbsp;della Ward Records, partner storico per il mercato giapponese.<\/p>\n\n\n\n<p>A rendere omaggio alla &#8220;creatura&#8221; di Serafino Perugino sono intervenuti alcuni dei pi\u00f9 influenti manager della scena rock e metal mondiale. Tra i presenti figuravano&nbsp;<strong>Ach Dhillon<\/strong>&nbsp;di Velvet Hammer (manager di icone come Korn e System Of A Down),&nbsp;<strong>Mario Rubio<\/strong>&nbsp;di 5B Artist Management (Amon Amarth, Kreator),&nbsp;<strong>Nikolas Krofta<\/strong>&nbsp;di Bottom Row (Helloween, Gotthard),&nbsp;<strong>Andrew Farrow<\/strong>&nbsp;di Northern Music (Opeth, Devin Townsend),&nbsp;<strong>Don Jenkins<\/strong>&nbsp;di Raw Power Management (Bring Me the Horizon, Bullet for my Valentine), oltre a&nbsp;<strong>Daryl Prior<\/strong>&nbsp;(Capital Artist Management),&nbsp;<strong>Simon Barbour Brown<\/strong>&nbsp;(Sharper Group) e&nbsp;<strong>Steph Van Spronsen<\/strong>&nbsp;(Baroness Music).<\/p>\n\n\n\n<p>Con uffici a&nbsp;<strong>Napoli, Boston e Londra<\/strong>, Frontiers Records si proietta nel futuro confermando la propria missione: dare agli artisti una casa e una nuova vita creativa, con il coraggio e la &#8220;lucida follia&#8221; che l&#8217;hanno resa unica nel mondo.<\/p>\n","protected":false},"excerpt":{"rendered":"<p>L&#8217;evento esclusivo per i trent&#8217;anni di Frontiers Record Il Gotha del rock internazionale festeggiare i tre decenni della label partenopea: Napoli capitale del Rock. Nei giorni scorsi, lo scenario post-industriale dell&#8217; HBtoo, a pochi passi da quel mare che il prossimo anno ospiter\u00e0 le regate dell&#8217;America&#8217;s Cup, ha fatto da cornice a un evento senza [&hellip;]<\/p>\n","protected":false},"author":36,"featured_media":8321,"comment_status":"open","ping_status":"open","sticky":false,"template":"","format":"standard","meta":{"jnews-multi-image_gallery":[],"jnews_single_post":{"format":"standard"},"jnews_primary_category":[],"jnews_override_counter":[],"footnotes":""},"categories":[1],"tags":[30,357],"class_list":["post-8320","post","type-post","status-publish","format-standard","has-post-thumbnail","hentry","category-news","tag-musica","tag-rock"],"yoast_head":"<!-- This site is optimized with the Yoast SEO plugin v24.2 - https:\/\/yoast.com\/wordpress\/plugins\/seo\/ -->\n<title>Napoli capitale mondiale del Rock - \u00e8campania<\/title>\n<meta name=\"robots\" content=\"index, follow, max-snippet:-1, max-image-preview:large, max-video-preview:-1\" \/>\n<link rel=\"canonical\" href=\"https:\/\/ecampania.it\/magazine\/napoli-capitale-mondiale-del-rock\/\" \/>\n<meta property=\"og:locale\" content=\"it_IT\" \/>\n<meta property=\"og:type\" content=\"article\" \/>\n<meta property=\"og:title\" content=\"Napoli capitale mondiale del Rock - \u00e8campania\" \/>\n<meta property=\"og:description\" content=\"L&#8217;evento esclusivo per i trent&#8217;anni di Frontiers Record Il Gotha del rock internazionale festeggiare i tre decenni della label partenopea: Napoli capitale del Rock. Nei giorni scorsi, lo scenario post-industriale dell&#8217; HBtoo, a pochi passi da quel mare che il prossimo anno ospiter\u00e0 le regate dell&#8217;America&#8217;s Cup, ha fatto da cornice a un evento senza [&hellip;]\" \/>\n<meta property=\"og:url\" content=\"https:\/\/ecampania.it\/magazine\/napoli-capitale-mondiale-del-rock\/\" \/>\n<meta property=\"og:site_name\" content=\"\u00e8campania\" \/>\n<meta property=\"article:publisher\" content=\"https:\/\/www.facebook.com\/ecampania.it\" \/>\n<meta property=\"article:published_time\" content=\"2026-03-03T15:32:47+00:00\" \/>\n<meta property=\"article:modified_time\" content=\"2026-03-03T15:32:48+00:00\" \/>\n<meta property=\"og:image\" content=\"https:\/\/ecampania.it\/magazine\/wp-content\/uploads\/2026\/03\/Frontier-Records-party-30th-anniversary-Napoli-4.jpg\" \/>\n\t<meta property=\"og:image:width\" content=\"2048\" \/>\n\t<meta property=\"og:image:height\" content=\"1365\" \/>\n\t<meta property=\"og:image:type\" content=\"image\/jpeg\" \/>\n<meta name=\"author\" content=\"Giada Cuomo\" \/>\n<meta name=\"twitter:card\" content=\"summary_large_image\" \/>\n<meta name=\"twitter:label1\" content=\"Scritto da\" \/>\n\t<meta name=\"twitter:data1\" content=\"Giada Cuomo\" \/>\n\t<meta name=\"twitter:label2\" content=\"Tempo di lettura stimato\" \/>\n\t<meta name=\"twitter:data2\" content=\"4 minuti\" \/>\n<script type=\"application\/ld+json\" class=\"yoast-schema-graph\">{\"@context\":\"https:\/\/schema.org\",\"@graph\":[{\"@type\":\"Article\",\"@id\":\"https:\/\/ecampania.it\/magazine\/napoli-capitale-mondiale-del-rock\/#article\",\"isPartOf\":{\"@id\":\"https:\/\/ecampania.it\/magazine\/napoli-capitale-mondiale-del-rock\/\"},\"author\":{\"name\":\"Giada Cuomo\",\"@id\":\"https:\/\/ecampania.it\/magazine\/#\/schema\/person\/f372b853776f14766c01226091cd1381\"},\"headline\":\"Napoli capitale mondiale del Rock\",\"datePublished\":\"2026-03-03T15:32:47+00:00\",\"dateModified\":\"2026-03-03T15:32:48+00:00\",\"mainEntityOfPage\":{\"@id\":\"https:\/\/ecampania.it\/magazine\/napoli-capitale-mondiale-del-rock\/\"},\"wordCount\":698,\"commentCount\":0,\"publisher\":{\"@id\":\"https:\/\/ecampania.it\/magazine\/#organization\"},\"image\":{\"@id\":\"https:\/\/ecampania.it\/magazine\/napoli-capitale-mondiale-del-rock\/#primaryimage\"},\"thumbnailUrl\":\"https:\/\/ecampania.it\/magazine\/wp-content\/uploads\/2026\/03\/Frontier-Records-party-30th-anniversary-Napoli-4.jpg\",\"keywords\":[\"musica\",\"rock\"],\"articleSection\":[\"News\"],\"inLanguage\":\"it-IT\",\"potentialAction\":[{\"@type\":\"CommentAction\",\"name\":\"Comment\",\"target\":[\"https:\/\/ecampania.it\/magazine\/napoli-capitale-mondiale-del-rock\/#respond\"]}]},{\"@type\":\"WebPage\",\"@id\":\"https:\/\/ecampania.it\/magazine\/napoli-capitale-mondiale-del-rock\/\",\"url\":\"https:\/\/ecampania.it\/magazine\/napoli-capitale-mondiale-del-rock\/\",\"name\":\"Napoli capitale mondiale del Rock - \u00e8campania\",\"isPartOf\":{\"@id\":\"https:\/\/ecampania.it\/magazine\/#website\"},\"primaryImageOfPage\":{\"@id\":\"https:\/\/ecampania.it\/magazine\/napoli-capitale-mondiale-del-rock\/#primaryimage\"},\"image\":{\"@id\":\"https:\/\/ecampania.it\/magazine\/napoli-capitale-mondiale-del-rock\/#primaryimage\"},\"thumbnailUrl\":\"https:\/\/ecampania.it\/magazine\/wp-content\/uploads\/2026\/03\/Frontier-Records-party-30th-anniversary-Napoli-4.jpg\",\"datePublished\":\"2026-03-03T15:32:47+00:00\",\"dateModified\":\"2026-03-03T15:32:48+00:00\",\"breadcrumb\":{\"@id\":\"https:\/\/ecampania.it\/magazine\/napoli-capitale-mondiale-del-rock\/#breadcrumb\"},\"inLanguage\":\"it-IT\",\"potentialAction\":[{\"@type\":\"ReadAction\",\"target\":[\"https:\/\/ecampania.it\/magazine\/napoli-capitale-mondiale-del-rock\/\"]}]},{\"@type\":\"ImageObject\",\"inLanguage\":\"it-IT\",\"@id\":\"https:\/\/ecampania.it\/magazine\/napoli-capitale-mondiale-del-rock\/#primaryimage\",\"url\":\"https:\/\/ecampania.it\/magazine\/wp-content\/uploads\/2026\/03\/Frontier-Records-party-30th-anniversary-Napoli-4.jpg\",\"contentUrl\":\"https:\/\/ecampania.it\/magazine\/wp-content\/uploads\/2026\/03\/Frontier-Records-party-30th-anniversary-Napoli-4.jpg\",\"width\":2048,\"height\":1365},{\"@type\":\"BreadcrumbList\",\"@id\":\"https:\/\/ecampania.it\/magazine\/napoli-capitale-mondiale-del-rock\/#breadcrumb\",\"itemListElement\":[{\"@type\":\"ListItem\",\"position\":1,\"name\":\"Home\",\"item\":\"https:\/\/ecampania.it\/magazine\/\"},{\"@type\":\"ListItem\",\"position\":2,\"name\":\"Napoli capitale mondiale del Rock\"}]},{\"@type\":\"WebSite\",\"@id\":\"https:\/\/ecampania.it\/magazine\/#website\",\"url\":\"https:\/\/ecampania.it\/magazine\/\",\"name\":\"Ecampania\",\"description\":\"Il primo portale dedicato al turismo ed alla cultura in Campania\",\"publisher\":{\"@id\":\"https:\/\/ecampania.it\/magazine\/#organization\"},\"potentialAction\":[{\"@type\":\"SearchAction\",\"target\":{\"@type\":\"EntryPoint\",\"urlTemplate\":\"https:\/\/ecampania.it\/magazine\/?s={search_term_string}\"},\"query-input\":{\"@type\":\"PropertyValueSpecification\",\"valueRequired\":true,\"valueName\":\"search_term_string\"}}],\"inLanguage\":\"it-IT\"},{\"@type\":\"Organization\",\"@id\":\"https:\/\/ecampania.it\/magazine\/#organization\",\"name\":\"Ecampania\",\"url\":\"https:\/\/ecampania.it\/magazine\/\",\"logo\":{\"@type\":\"ImageObject\",\"inLanguage\":\"it-IT\",\"@id\":\"https:\/\/ecampania.it\/magazine\/#\/schema\/logo\/image\/\",\"url\":\"https:\/\/ecampania.it\/magazine\/wp-content\/uploads\/2025\/01\/fb.png\",\"contentUrl\":\"https:\/\/ecampania.it\/magazine\/wp-content\/uploads\/2025\/01\/fb.png\",\"width\":500,\"height\":500,\"caption\":\"Ecampania\"},\"image\":{\"@id\":\"https:\/\/ecampania.it\/magazine\/#\/schema\/logo\/image\/\"},\"sameAs\":[\"https:\/\/www.facebook.com\/ecampania.it\",\"https:\/\/www.instagram.com\/ecampania.it\/\"]},{\"@type\":\"Person\",\"@id\":\"https:\/\/ecampania.it\/magazine\/#\/schema\/person\/f372b853776f14766c01226091cd1381\",\"name\":\"Giada Cuomo\",\"image\":{\"@type\":\"ImageObject\",\"inLanguage\":\"it-IT\",\"@id\":\"https:\/\/ecampania.it\/magazine\/#\/schema\/person\/image\/\",\"url\":\"https:\/\/secure.gravatar.com\/avatar\/146c6721e4d668a5b54e972781d98893d8c77afe8ac2754067e4820df8ed0fa0?s=96&d=mm&r=g\",\"contentUrl\":\"https:\/\/secure.gravatar.com\/avatar\/146c6721e4d668a5b54e972781d98893d8c77afe8ac2754067e4820df8ed0fa0?s=96&d=mm&r=g\",\"caption\":\"Giada Cuomo\"},\"url\":\"https:\/\/ecampania.it\/magazine\/author\/giada\/\"}]}<\/script>\n<!-- \/ Yoast SEO plugin. -->","yoast_head_json":{"title":"Napoli capitale mondiale del Rock - \u00e8campania","robots":{"index":"index","follow":"follow","max-snippet":"max-snippet:-1","max-image-preview":"max-image-preview:large","max-video-preview":"max-video-preview:-1"},"canonical":"https:\/\/ecampania.it\/magazine\/napoli-capitale-mondiale-del-rock\/","og_locale":"it_IT","og_type":"article","og_title":"Napoli capitale mondiale del Rock - \u00e8campania","og_description":"L&#8217;evento esclusivo per i trent&#8217;anni di Frontiers Record Il Gotha del rock internazionale festeggiare i tre decenni della label partenopea: Napoli capitale del Rock. Nei giorni scorsi, lo scenario post-industriale dell&#8217; HBtoo, a pochi passi da quel mare che il prossimo anno ospiter\u00e0 le regate dell&#8217;America&#8217;s Cup, ha fatto da cornice a un evento senza [&hellip;]","og_url":"https:\/\/ecampania.it\/magazine\/napoli-capitale-mondiale-del-rock\/","og_site_name":"\u00e8campania","article_publisher":"https:\/\/www.facebook.com\/ecampania.it","article_published_time":"2026-03-03T15:32:47+00:00","article_modified_time":"2026-03-03T15:32:48+00:00","og_image":[{"width":2048,"height":1365,"url":"https:\/\/ecampania.it\/magazine\/wp-content\/uploads\/2026\/03\/Frontier-Records-party-30th-anniversary-Napoli-4.jpg","type":"image\/jpeg"}],"author":"Giada Cuomo","twitter_card":"summary_large_image","twitter_misc":{"Scritto da":"Giada Cuomo","Tempo di lettura stimato":"4 minuti"},"schema":{"@context":"https:\/\/schema.org","@graph":[{"@type":"Article","@id":"https:\/\/ecampania.it\/magazine\/napoli-capitale-mondiale-del-rock\/#article","isPartOf":{"@id":"https:\/\/ecampania.it\/magazine\/napoli-capitale-mondiale-del-rock\/"},"author":{"name":"Giada Cuomo","@id":"https:\/\/ecampania.it\/magazine\/#\/schema\/person\/f372b853776f14766c01226091cd1381"},"headline":"Napoli capitale mondiale del Rock","datePublished":"2026-03-03T15:32:47+00:00","dateModified":"2026-03-03T15:32:48+00:00","mainEntityOfPage":{"@id":"https:\/\/ecampania.it\/magazine\/napoli-capitale-mondiale-del-rock\/"},"wordCount":698,"commentCount":0,"publisher":{"@id":"https:\/\/ecampania.it\/magazine\/#organization"},"image":{"@id":"https:\/\/ecampania.it\/magazine\/napoli-capitale-mondiale-del-rock\/#primaryimage"},"thumbnailUrl":"https:\/\/ecampania.it\/magazine\/wp-content\/uploads\/2026\/03\/Frontier-Records-party-30th-anniversary-Napoli-4.jpg","keywords":["musica","rock"],"articleSection":["News"],"inLanguage":"it-IT","potentialAction":[{"@type":"CommentAction","name":"Comment","target":["https:\/\/ecampania.it\/magazine\/napoli-capitale-mondiale-del-rock\/#respond"]}]},{"@type":"WebPage","@id":"https:\/\/ecampania.it\/magazine\/napoli-capitale-mondiale-del-rock\/","url":"https:\/\/ecampania.it\/magazine\/napoli-capitale-mondiale-del-rock\/","name":"Napoli capitale mondiale del Rock - \u00e8campania","isPartOf":{"@id":"https:\/\/ecampania.it\/magazine\/#website"},"primaryImageOfPage":{"@id":"https:\/\/ecampania.it\/magazine\/napoli-capitale-mondiale-del-rock\/#primaryimage"},"image":{"@id":"https:\/\/ecampania.it\/magazine\/napoli-capitale-mondiale-del-rock\/#primaryimage"},"thumbnailUrl":"https:\/\/ecampania.it\/magazine\/wp-content\/uploads\/2026\/03\/Frontier-Records-party-30th-anniversary-Napoli-4.jpg","datePublished":"2026-03-03T15:32:47+00:00","dateModified":"2026-03-03T15:32:48+00:00","breadcrumb":{"@id":"https:\/\/ecampania.it\/magazine\/napoli-capitale-mondiale-del-rock\/#breadcrumb"},"inLanguage":"it-IT","potentialAction":[{"@type":"ReadAction","target":["https:\/\/ecampania.it\/magazine\/napoli-capitale-mondiale-del-rock\/"]}]},{"@type":"ImageObject","inLanguage":"it-IT","@id":"https:\/\/ecampania.it\/magazine\/napoli-capitale-mondiale-del-rock\/#primaryimage","url":"https:\/\/ecampania.it\/magazine\/wp-content\/uploads\/2026\/03\/Frontier-Records-party-30th-anniversary-Napoli-4.jpg","contentUrl":"https:\/\/ecampania.it\/magazine\/wp-content\/uploads\/2026\/03\/Frontier-Records-party-30th-anniversary-Napoli-4.jpg","width":2048,"height":1365},{"@type":"BreadcrumbList","@id":"https:\/\/ecampania.it\/magazine\/napoli-capitale-mondiale-del-rock\/#breadcrumb","itemListElement":[{"@type":"ListItem","position":1,"name":"Home","item":"https:\/\/ecampania.it\/magazine\/"},{"@type":"ListItem","position":2,"name":"Napoli capitale mondiale del Rock"}]},{"@type":"WebSite","@id":"https:\/\/ecampania.it\/magazine\/#website","url":"https:\/\/ecampania.it\/magazine\/","name":"Ecampania","description":"Il primo portale dedicato al turismo ed alla cultura in Campania","publisher":{"@id":"https:\/\/ecampania.it\/magazine\/#organization"},"potentialAction":[{"@type":"SearchAction","target":{"@type":"EntryPoint","urlTemplate":"https:\/\/ecampania.it\/magazine\/?s={search_term_string}"},"query-input":{"@type":"PropertyValueSpecification","valueRequired":true,"valueName":"search_term_string"}}],"inLanguage":"it-IT"},{"@type":"Organization","@id":"https:\/\/ecampania.it\/magazine\/#organization","name":"Ecampania","url":"https:\/\/ecampania.it\/magazine\/","logo":{"@type":"ImageObject","inLanguage":"it-IT","@id":"https:\/\/ecampania.it\/magazine\/#\/schema\/logo\/image\/","url":"https:\/\/ecampania.it\/magazine\/wp-content\/uploads\/2025\/01\/fb.png","contentUrl":"https:\/\/ecampania.it\/magazine\/wp-content\/uploads\/2025\/01\/fb.png","width":500,"height":500,"caption":"Ecampania"},"image":{"@id":"https:\/\/ecampania.it\/magazine\/#\/schema\/logo\/image\/"},"sameAs":["https:\/\/www.facebook.com\/ecampania.it","https:\/\/www.instagram.com\/ecampania.it\/"]},{"@type":"Person","@id":"https:\/\/ecampania.it\/magazine\/#\/schema\/person\/f372b853776f14766c01226091cd1381","name":"Giada Cuomo","image":{"@type":"ImageObject","inLanguage":"it-IT","@id":"https:\/\/ecampania.it\/magazine\/#\/schema\/person\/image\/","url":"https:\/\/secure.gravatar.com\/avatar\/146c6721e4d668a5b54e972781d98893d8c77afe8ac2754067e4820df8ed0fa0?s=96&d=mm&r=g","contentUrl":"https:\/\/secure.gravatar.com\/avatar\/146c6721e4d668a5b54e972781d98893d8c77afe8ac2754067e4820df8ed0fa0?s=96&d=mm&r=g","caption":"Giada Cuomo"},"url":"https:\/\/ecampania.it\/magazine\/author\/giada\/"}]}},"_links":{"self":[{"href":"https:\/\/ecampania.it\/magazine\/wp-json\/wp\/v2\/posts\/8320","targetHints":{"allow":["GET"]}}],"collection":[{"href":"https:\/\/ecampania.it\/magazine\/wp-json\/wp\/v2\/posts"}],"about":[{"href":"https:\/\/ecampania.it\/magazine\/wp-json\/wp\/v2\/types\/post"}],"author":[{"embeddable":true,"href":"https:\/\/ecampania.it\/magazine\/wp-json\/wp\/v2\/users\/36"}],"replies":[{"embeddable":true,"href":"https:\/\/ecampania.it\/magazine\/wp-json\/wp\/v2\/comments?post=8320"}],"version-history":[{"count":1,"href":"https:\/\/ecampania.it\/magazine\/wp-json\/wp\/v2\/posts\/8320\/revisions"}],"predecessor-version":[{"id":8322,"href":"https:\/\/ecampania.it\/magazine\/wp-json\/wp\/v2\/posts\/8320\/revisions\/8322"}],"wp:featuredmedia":[{"embeddable":true,"href":"https:\/\/ecampania.it\/magazine\/wp-json\/wp\/v2\/media\/8321"}],"wp:attachment":[{"href":"https:\/\/ecampania.it\/magazine\/wp-json\/wp\/v2\/media?parent=8320"}],"wp:term":[{"taxonomy":"category","embeddable":true,"href":"https:\/\/ecampania.it\/magazine\/wp-json\/wp\/v2\/categories?post=8320"},{"taxonomy":"post_tag","embeddable":true,"href":"https:\/\/ecampania.it\/magazine\/wp-json\/wp\/v2\/tags?post=8320"}],"curies":[{"name":"wp","href":"https:\/\/api.w.org\/{rel}","templated":true}]}}