{"id":8327,"date":"2026-03-03T18:49:57","date_gmt":"2026-03-03T17:49:57","guid":{"rendered":"https:\/\/ecampania.it\/magazine\/?p=8327"},"modified":"2026-03-04T10:40:59","modified_gmt":"2026-03-04T09:40:59","slug":"napoli-in-mostra-all-archivio-pariso-troncone","status":"publish","type":"post","link":"https:\/\/ecampania.it\/magazine\/napoli-in-mostra-all-archivio-pariso-troncone\/","title":{"rendered":"Napoli in mostra all&#8217;Archivio Pariso-Troncone"},"content":{"rendered":"\n<h4 class=\"wp-block-heading\">Una delle pi\u00f9 importanti raccolte fotografiche private dedicate alla memoria visiva della citt\u00e0<\/h4>\n\n\n\n<p>Nel cuore di <strong>Napoli<\/strong>, sotto al Porticato della Basilica di San Francesco da Paola a Piazza Plebiscito, <strong>l\u2019Archivio Parisio-Troncone<\/strong> rappresenta una delle pi\u00f9 importanti raccolte fotografiche private dedicate alla memoria visiva della citt\u00e0 tra la fine dell\u2019Ottocento e la seconda met\u00e0 del Novecento. Non si tratta soltanto di un deposito di immagini, ma di un vero e proprio patrimonio culturale che documenta le trasformazioni urbane, i mutamenti sociali e la storia del costume. Attraverso 700000 negativi, l\u2019Archivio restituisce una narrazione continua della storia napoletana, osservata dall\u2019interno.<\/p>\n\n\n\n<p>Le radici di questa eredit\u00e0 affondano nel lavoro di<strong> Giuseppe Parisio<\/strong>, fondatore dello studio fotografico nel 1924, che divenne punto di riferimento per l\u2019\u00e9lite culturale e borghese cittadina. La sua fotografia si distingue per l\u2019equilibrio compositivo, la cura della luce e l\u2019attenzione al ritratto come costruzione identitaria: nei suoi scatti, la posa diventa linguaggio sociale, affermazione di ruolo, dichiarazione di modernit\u00e0. In quegli anni Roberto Troncone fond\u00f2, verso il 1912, la casa cinematografica Partenope film, nella quale lavoravano i suoi due fratelli Vincenzo e Guglielmo. Cessata l&#8217;esperienza del cinema questi ultimi aprirono uno studio fotografico, che \u00e8 stato attivo fino al 1996 con Vittorio e il figlio di Guglielmo. Coi Troncone abbiamo invece\u00a0una documentazione pi\u00f9 ampia della vita pubblica: celebrazioni civili, eventi, trasformazioni urbane. La fotografia diventa cos\u00ec testimonianza storica, cronaca visiva di una citt\u00e0 in costante ridefinizione.<\/p>\n\n\n\n<figure class=\"wp-block-gallery has-nested-images columns-default is-cropped wp-block-gallery-1 is-layout-flex wp-block-gallery-is-layout-flex\">\n<figure class=\"wp-block-image size-large\"><img fetchpriority=\"high\" decoding=\"async\" width=\"740\" height=\"1024\" data-id=\"8330\" src=\"https:\/\/ecampania.it\/magazine\/wp-content\/uploads\/2026\/03\/mostra-parisio-02-1-740x1024.jpg\" alt=\"\" class=\"wp-image-8330\" srcset=\"https:\/\/ecampania.it\/magazine\/wp-content\/uploads\/2026\/03\/mostra-parisio-02-1-740x1024.jpg 740w, https:\/\/ecampania.it\/magazine\/wp-content\/uploads\/2026\/03\/mostra-parisio-02-1-217x300.jpg 217w, https:\/\/ecampania.it\/magazine\/wp-content\/uploads\/2026\/03\/mostra-parisio-02-1-768x1063.jpg 768w, https:\/\/ecampania.it\/magazine\/wp-content\/uploads\/2026\/03\/mostra-parisio-02-1-1110x1536.jpg 1110w, https:\/\/ecampania.it\/magazine\/wp-content\/uploads\/2026\/03\/mostra-parisio-02-1-1480x2048.jpg 1480w, https:\/\/ecampania.it\/magazine\/wp-content\/uploads\/2026\/03\/mostra-parisio-02-1-750x1038.jpg 750w, https:\/\/ecampania.it\/magazine\/wp-content\/uploads\/2026\/03\/mostra-parisio-02-1-1140x1578.jpg 1140w, https:\/\/ecampania.it\/magazine\/wp-content\/uploads\/2026\/03\/mostra-parisio-02-1-scaled.jpg 1849w\" sizes=\"(max-width: 740px) 100vw, 740px\" \/><\/figure>\n\n\n\n<figure class=\"wp-block-image size-large\"><img decoding=\"async\" width=\"1024\" height=\"991\" data-id=\"8329\" src=\"https:\/\/ecampania.it\/magazine\/wp-content\/uploads\/2026\/03\/mostra-parisio-02-2-1024x991.jpg\" alt=\"\" class=\"wp-image-8329\" srcset=\"https:\/\/ecampania.it\/magazine\/wp-content\/uploads\/2026\/03\/mostra-parisio-02-2-1024x991.jpg 1024w, https:\/\/ecampania.it\/magazine\/wp-content\/uploads\/2026\/03\/mostra-parisio-02-2-300x290.jpg 300w, https:\/\/ecampania.it\/magazine\/wp-content\/uploads\/2026\/03\/mostra-parisio-02-2-768x743.jpg 768w, https:\/\/ecampania.it\/magazine\/wp-content\/uploads\/2026\/03\/mostra-parisio-02-2-1536x1486.jpg 1536w, https:\/\/ecampania.it\/magazine\/wp-content\/uploads\/2026\/03\/mostra-parisio-02-2-2048x1981.jpg 2048w, https:\/\/ecampania.it\/magazine\/wp-content\/uploads\/2026\/03\/mostra-parisio-02-2-750x726.jpg 750w, https:\/\/ecampania.it\/magazine\/wp-content\/uploads\/2026\/03\/mostra-parisio-02-2-1140x1103.jpg 1140w\" sizes=\"(max-width: 1024px) 100vw, 1024px\" \/><\/figure>\n\n\n\n<figure class=\"wp-block-image size-large\"><img decoding=\"async\" width=\"1024\" height=\"768\" data-id=\"8331\" src=\"https:\/\/ecampania.it\/magazine\/wp-content\/uploads\/2026\/03\/mostra-parisio-03-1-1024x768.jpg\" alt=\"\" class=\"wp-image-8331\" srcset=\"https:\/\/ecampania.it\/magazine\/wp-content\/uploads\/2026\/03\/mostra-parisio-03-1-1024x768.jpg 1024w, https:\/\/ecampania.it\/magazine\/wp-content\/uploads\/2026\/03\/mostra-parisio-03-1-300x225.jpg 300w, https:\/\/ecampania.it\/magazine\/wp-content\/uploads\/2026\/03\/mostra-parisio-03-1-768x576.jpg 768w, https:\/\/ecampania.it\/magazine\/wp-content\/uploads\/2026\/03\/mostra-parisio-03-1-1536x1152.jpg 1536w, https:\/\/ecampania.it\/magazine\/wp-content\/uploads\/2026\/03\/mostra-parisio-03-1-2048x1536.jpg 2048w, https:\/\/ecampania.it\/magazine\/wp-content\/uploads\/2026\/03\/mostra-parisio-03-1-750x563.jpg 750w, https:\/\/ecampania.it\/magazine\/wp-content\/uploads\/2026\/03\/mostra-parisio-03-1-1140x855.jpg 1140w\" sizes=\"(max-width: 1024px) 100vw, 1024px\" \/><\/figure>\n<\/figure>\n\n\n\n<p>L&#8217;Archivio Parisio-Troncone rappresenta una memoria condivisa. Le immagini custodite non appartengono soltanto alla storia della fotografia, ma alla storia collettiva della citt\u00e0. In esse si riconoscono volti, luoghi, gesti e atmosfere che hanno contribuito a costruire l\u2019identit\u00e0 napoletana. Preservare e valorizzare questo Archivio significa dunque proteggere un patrimonio culturale che intreccia arte e memoria, documento e racconto, passato e presente.<\/p>\n\n\n\n<p>In occasione degli ottant&#8217;anni di <strong>Stefano Fittipaldi<\/strong>, che cura con amore questa eredit\u00e0 nella bottega storica dove oper\u00f2 Parisio, sono esposte ottanta fotografie di entrambi i fondi che raccontano di come i due studi fotografici restituiscono appieno la bellezza di Napoli. Articolata in sezioni, non si pu\u00f2 non partire che dal mare, che bagna la citt\u00e0 nata sul corpo della sirena Parthenope. Vedute del Golfo, il mare in tempesta davanti Palazzo Donn&#8217;Anna, le navi con Ischia sullo sfondo lasciano poi il posto a scene di vita quotidiana col mercato di Forcella e Sant&#8217;Antonio Abate e antichi mestieri oggi scomparsi. C&#8217;\u00e8 la citt\u00e0 antica, con le vedute di Porta Capuana e Piazza Carit\u00e0 e quella moderna, con la Fontana dell&#8217;Esedra alla Mostra d&#8217;Oltremare, la Stazione Marittima, il Porto. Infine nella saletta superiore il visitatore trover\u00e0 i ritratti di alcuni dei pi\u00f9 grandi pittori napoletani del secolo scorso, come Giuseppe Casciaro, Leon Giuseppe Buono, Gaetano Chiaromonte ed un&#8217;ampia esposizione dedicata a Vincenzo Gemito. Infine, a dimostrazione della sperimentazione e dell&#8217;audacia che caratterizzava le composizioni di Parisio, sono esposte delle fotografie futuriste e quelle realizzate per le pubblicit\u00e0, come quella del Liquore Strega.<\/p>\n\n\n\n<p><strong>80 FOTOGRAFIE IN MOSTRA&#8230; E NON SOLO<\/strong><br><strong>a cura di Giuliana Leucci e Viviana Negri<\/strong><\/p>\n\n\n\n<p><strong>Archivio Parisio<\/strong><br><strong>Piazza del Plebiscito &#8211; Porticato di San Francesco da Paola 10, Napoli<\/strong><br><strong>2 &#8211; 8 marzo 2026<\/strong><br><strong>10:00 &#8211; 13:00 e 16:00 &#8211; 18:30<\/strong><\/p>\n","protected":false},"excerpt":{"rendered":"<p>Una delle pi\u00f9 importanti raccolte fotografiche private dedicate alla memoria visiva della citt\u00e0 Nel cuore di Napoli, sotto al Porticato della Basilica di San Francesco da Paola a Piazza Plebiscito, l\u2019Archivio Parisio-Troncone rappresenta una delle pi\u00f9 importanti raccolte fotografiche private dedicate alla memoria visiva della citt\u00e0 tra la fine dell\u2019Ottocento e la seconda met\u00e0 del [&hellip;]<\/p>\n","protected":false},"author":3,"featured_media":8328,"comment_status":"open","ping_status":"open","sticky":false,"template":"","format":"standard","meta":{"jnews-multi-image_gallery":[],"jnews_single_post":{"format":"standard"},"jnews_primary_category":[],"jnews_override_counter":[],"footnotes":""},"categories":[8],"tags":[45,28],"class_list":["post-8327","post","type-post","status-publish","format-standard","has-post-thumbnail","hentry","category-cultura","tag-mostra","tag-prima"],"yoast_head":"<!-- This site is optimized with the Yoast SEO plugin v24.2 - https:\/\/yoast.com\/wordpress\/plugins\/seo\/ -->\n<title>Napoli in mostra all&#039;Archivio Pariso-Troncone - \u00e8campania<\/title>\n<meta name=\"robots\" content=\"index, follow, max-snippet:-1, max-image-preview:large, max-video-preview:-1\" \/>\n<link rel=\"canonical\" href=\"https:\/\/ecampania.it\/magazine\/napoli-in-mostra-all-archivio-pariso-troncone\/\" \/>\n<meta property=\"og:locale\" content=\"it_IT\" \/>\n<meta property=\"og:type\" content=\"article\" \/>\n<meta property=\"og:title\" content=\"Napoli in mostra all&#039;Archivio Pariso-Troncone - \u00e8campania\" \/>\n<meta property=\"og:description\" content=\"Una delle pi\u00f9 importanti raccolte fotografiche private dedicate alla memoria visiva della citt\u00e0 Nel cuore di Napoli, sotto al Porticato della Basilica di San Francesco da Paola a Piazza Plebiscito, l\u2019Archivio Parisio-Troncone rappresenta una delle pi\u00f9 importanti raccolte fotografiche private dedicate alla memoria visiva della citt\u00e0 tra la fine dell\u2019Ottocento e la seconda met\u00e0 del [&hellip;]\" \/>\n<meta property=\"og:url\" content=\"https:\/\/ecampania.it\/magazine\/napoli-in-mostra-all-archivio-pariso-troncone\/\" \/>\n<meta property=\"og:site_name\" content=\"\u00e8campania\" \/>\n<meta property=\"article:publisher\" content=\"https:\/\/www.facebook.com\/ecampania.it\" \/>\n<meta property=\"article:published_time\" content=\"2026-03-03T17:49:57+00:00\" \/>\n<meta property=\"article:modified_time\" content=\"2026-03-04T09:40:59+00:00\" \/>\n<meta property=\"og:image\" content=\"https:\/\/ecampania.it\/magazine\/wp-content\/uploads\/2026\/03\/mostra-parisio-03-scaled.jpg\" \/>\n\t<meta property=\"og:image:width\" content=\"2560\" \/>\n\t<meta property=\"og:image:height\" content=\"1920\" \/>\n\t<meta property=\"og:image:type\" content=\"image\/jpeg\" \/>\n<meta name=\"author\" content=\"Antonio Sorrentino\" \/>\n<meta name=\"twitter:card\" content=\"summary_large_image\" \/>\n<meta name=\"twitter:label1\" content=\"Scritto da\" \/>\n\t<meta name=\"twitter:data1\" content=\"Antonio Sorrentino\" \/>\n\t<meta name=\"twitter:label2\" content=\"Tempo di lettura stimato\" \/>\n\t<meta name=\"twitter:data2\" content=\"4 minuti\" \/>\n<script type=\"application\/ld+json\" class=\"yoast-schema-graph\">{\"@context\":\"https:\/\/schema.org\",\"@graph\":[{\"@type\":\"Article\",\"@id\":\"https:\/\/ecampania.it\/magazine\/napoli-in-mostra-all-archivio-pariso-troncone\/#article\",\"isPartOf\":{\"@id\":\"https:\/\/ecampania.it\/magazine\/napoli-in-mostra-all-archivio-pariso-troncone\/\"},\"author\":{\"name\":\"Antonio Sorrentino\",\"@id\":\"https:\/\/ecampania.it\/magazine\/#\/schema\/person\/fdf5202d7167dfdc97cb2a5fb8752ce1\"},\"headline\":\"Napoli in mostra all&#8217;Archivio Pariso-Troncone\",\"datePublished\":\"2026-03-03T17:49:57+00:00\",\"dateModified\":\"2026-03-04T09:40:59+00:00\",\"mainEntityOfPage\":{\"@id\":\"https:\/\/ecampania.it\/magazine\/napoli-in-mostra-all-archivio-pariso-troncone\/\"},\"wordCount\":528,\"commentCount\":0,\"publisher\":{\"@id\":\"https:\/\/ecampania.it\/magazine\/#organization\"},\"image\":{\"@id\":\"https:\/\/ecampania.it\/magazine\/napoli-in-mostra-all-archivio-pariso-troncone\/#primaryimage\"},\"thumbnailUrl\":\"https:\/\/ecampania.it\/magazine\/wp-content\/uploads\/2026\/03\/mostra-parisio-03-scaled.jpg\",\"keywords\":[\"mostra\",\"prima\"],\"articleSection\":[\"Cultura\"],\"inLanguage\":\"it-IT\",\"potentialAction\":[{\"@type\":\"CommentAction\",\"name\":\"Comment\",\"target\":[\"https:\/\/ecampania.it\/magazine\/napoli-in-mostra-all-archivio-pariso-troncone\/#respond\"]}]},{\"@type\":\"WebPage\",\"@id\":\"https:\/\/ecampania.it\/magazine\/napoli-in-mostra-all-archivio-pariso-troncone\/\",\"url\":\"https:\/\/ecampania.it\/magazine\/napoli-in-mostra-all-archivio-pariso-troncone\/\",\"name\":\"Napoli in mostra all'Archivio Pariso-Troncone - \u00e8campania\",\"isPartOf\":{\"@id\":\"https:\/\/ecampania.it\/magazine\/#website\"},\"primaryImageOfPage\":{\"@id\":\"https:\/\/ecampania.it\/magazine\/napoli-in-mostra-all-archivio-pariso-troncone\/#primaryimage\"},\"image\":{\"@id\":\"https:\/\/ecampania.it\/magazine\/napoli-in-mostra-all-archivio-pariso-troncone\/#primaryimage\"},\"thumbnailUrl\":\"https:\/\/ecampania.it\/magazine\/wp-content\/uploads\/2026\/03\/mostra-parisio-03-scaled.jpg\",\"datePublished\":\"2026-03-03T17:49:57+00:00\",\"dateModified\":\"2026-03-04T09:40:59+00:00\",\"breadcrumb\":{\"@id\":\"https:\/\/ecampania.it\/magazine\/napoli-in-mostra-all-archivio-pariso-troncone\/#breadcrumb\"},\"inLanguage\":\"it-IT\",\"potentialAction\":[{\"@type\":\"ReadAction\",\"target\":[\"https:\/\/ecampania.it\/magazine\/napoli-in-mostra-all-archivio-pariso-troncone\/\"]}]},{\"@type\":\"ImageObject\",\"inLanguage\":\"it-IT\",\"@id\":\"https:\/\/ecampania.it\/magazine\/napoli-in-mostra-all-archivio-pariso-troncone\/#primaryimage\",\"url\":\"https:\/\/ecampania.it\/magazine\/wp-content\/uploads\/2026\/03\/mostra-parisio-03-scaled.jpg\",\"contentUrl\":\"https:\/\/ecampania.it\/magazine\/wp-content\/uploads\/2026\/03\/mostra-parisio-03-scaled.jpg\",\"width\":2560,\"height\":1920},{\"@type\":\"BreadcrumbList\",\"@id\":\"https:\/\/ecampania.it\/magazine\/napoli-in-mostra-all-archivio-pariso-troncone\/#breadcrumb\",\"itemListElement\":[{\"@type\":\"ListItem\",\"position\":1,\"name\":\"Home\",\"item\":\"https:\/\/ecampania.it\/magazine\/\"},{\"@type\":\"ListItem\",\"position\":2,\"name\":\"Napoli in mostra all&#8217;Archivio Pariso-Troncone\"}]},{\"@type\":\"WebSite\",\"@id\":\"https:\/\/ecampania.it\/magazine\/#website\",\"url\":\"https:\/\/ecampania.it\/magazine\/\",\"name\":\"Ecampania\",\"description\":\"Il primo portale dedicato al turismo ed alla cultura in Campania\",\"publisher\":{\"@id\":\"https:\/\/ecampania.it\/magazine\/#organization\"},\"potentialAction\":[{\"@type\":\"SearchAction\",\"target\":{\"@type\":\"EntryPoint\",\"urlTemplate\":\"https:\/\/ecampania.it\/magazine\/?s={search_term_string}\"},\"query-input\":{\"@type\":\"PropertyValueSpecification\",\"valueRequired\":true,\"valueName\":\"search_term_string\"}}],\"inLanguage\":\"it-IT\"},{\"@type\":\"Organization\",\"@id\":\"https:\/\/ecampania.it\/magazine\/#organization\",\"name\":\"Ecampania\",\"url\":\"https:\/\/ecampania.it\/magazine\/\",\"logo\":{\"@type\":\"ImageObject\",\"inLanguage\":\"it-IT\",\"@id\":\"https:\/\/ecampania.it\/magazine\/#\/schema\/logo\/image\/\",\"url\":\"https:\/\/ecampania.it\/magazine\/wp-content\/uploads\/2025\/01\/fb.png\",\"contentUrl\":\"https:\/\/ecampania.it\/magazine\/wp-content\/uploads\/2025\/01\/fb.png\",\"width\":500,\"height\":500,\"caption\":\"Ecampania\"},\"image\":{\"@id\":\"https:\/\/ecampania.it\/magazine\/#\/schema\/logo\/image\/\"},\"sameAs\":[\"https:\/\/www.facebook.com\/ecampania.it\",\"https:\/\/www.instagram.com\/ecampania.it\/\"]},{\"@type\":\"Person\",\"@id\":\"https:\/\/ecampania.it\/magazine\/#\/schema\/person\/fdf5202d7167dfdc97cb2a5fb8752ce1\",\"name\":\"Antonio Sorrentino\",\"image\":{\"@type\":\"ImageObject\",\"inLanguage\":\"it-IT\",\"@id\":\"https:\/\/ecampania.it\/magazine\/#\/schema\/person\/image\/\",\"url\":\"https:\/\/secure.gravatar.com\/avatar\/66b77b0929385651cf507bd8dc2764159fdfc796eeb62e1f6b6dfe600b82bee4?s=96&d=mm&r=g\",\"contentUrl\":\"https:\/\/secure.gravatar.com\/avatar\/66b77b0929385651cf507bd8dc2764159fdfc796eeb62e1f6b6dfe600b82bee4?s=96&d=mm&r=g\",\"caption\":\"Antonio Sorrentino\"},\"description\":\"\\\"Possa la mia anima rifiorire innamorata per tutta l'esistenza\\\" Rudolf Steiner\",\"sameAs\":[\"https:\/\/www.instagram.com\/arrethos?igsh=MWZ2NmI1eDN0OGUwZw==\"],\"url\":\"https:\/\/ecampania.it\/magazine\/author\/antonio-sorrentino\/\"}]}<\/script>\n<!-- \/ Yoast SEO plugin. -->","yoast_head_json":{"title":"Napoli in mostra all'Archivio Pariso-Troncone - \u00e8campania","robots":{"index":"index","follow":"follow","max-snippet":"max-snippet:-1","max-image-preview":"max-image-preview:large","max-video-preview":"max-video-preview:-1"},"canonical":"https:\/\/ecampania.it\/magazine\/napoli-in-mostra-all-archivio-pariso-troncone\/","og_locale":"it_IT","og_type":"article","og_title":"Napoli in mostra all'Archivio Pariso-Troncone - \u00e8campania","og_description":"Una delle pi\u00f9 importanti raccolte fotografiche private dedicate alla memoria visiva della citt\u00e0 Nel cuore di Napoli, sotto al Porticato della Basilica di San Francesco da Paola a Piazza Plebiscito, l\u2019Archivio Parisio-Troncone rappresenta una delle pi\u00f9 importanti raccolte fotografiche private dedicate alla memoria visiva della citt\u00e0 tra la fine dell\u2019Ottocento e la seconda met\u00e0 del [&hellip;]","og_url":"https:\/\/ecampania.it\/magazine\/napoli-in-mostra-all-archivio-pariso-troncone\/","og_site_name":"\u00e8campania","article_publisher":"https:\/\/www.facebook.com\/ecampania.it","article_published_time":"2026-03-03T17:49:57+00:00","article_modified_time":"2026-03-04T09:40:59+00:00","og_image":[{"width":2560,"height":1920,"url":"https:\/\/ecampania.it\/magazine\/wp-content\/uploads\/2026\/03\/mostra-parisio-03-scaled.jpg","type":"image\/jpeg"}],"author":"Antonio Sorrentino","twitter_card":"summary_large_image","twitter_misc":{"Scritto da":"Antonio Sorrentino","Tempo di lettura stimato":"4 minuti"},"schema":{"@context":"https:\/\/schema.org","@graph":[{"@type":"Article","@id":"https:\/\/ecampania.it\/magazine\/napoli-in-mostra-all-archivio-pariso-troncone\/#article","isPartOf":{"@id":"https:\/\/ecampania.it\/magazine\/napoli-in-mostra-all-archivio-pariso-troncone\/"},"author":{"name":"Antonio Sorrentino","@id":"https:\/\/ecampania.it\/magazine\/#\/schema\/person\/fdf5202d7167dfdc97cb2a5fb8752ce1"},"headline":"Napoli in mostra all&#8217;Archivio Pariso-Troncone","datePublished":"2026-03-03T17:49:57+00:00","dateModified":"2026-03-04T09:40:59+00:00","mainEntityOfPage":{"@id":"https:\/\/ecampania.it\/magazine\/napoli-in-mostra-all-archivio-pariso-troncone\/"},"wordCount":528,"commentCount":0,"publisher":{"@id":"https:\/\/ecampania.it\/magazine\/#organization"},"image":{"@id":"https:\/\/ecampania.it\/magazine\/napoli-in-mostra-all-archivio-pariso-troncone\/#primaryimage"},"thumbnailUrl":"https:\/\/ecampania.it\/magazine\/wp-content\/uploads\/2026\/03\/mostra-parisio-03-scaled.jpg","keywords":["mostra","prima"],"articleSection":["Cultura"],"inLanguage":"it-IT","potentialAction":[{"@type":"CommentAction","name":"Comment","target":["https:\/\/ecampania.it\/magazine\/napoli-in-mostra-all-archivio-pariso-troncone\/#respond"]}]},{"@type":"WebPage","@id":"https:\/\/ecampania.it\/magazine\/napoli-in-mostra-all-archivio-pariso-troncone\/","url":"https:\/\/ecampania.it\/magazine\/napoli-in-mostra-all-archivio-pariso-troncone\/","name":"Napoli in mostra all'Archivio Pariso-Troncone - \u00e8campania","isPartOf":{"@id":"https:\/\/ecampania.it\/magazine\/#website"},"primaryImageOfPage":{"@id":"https:\/\/ecampania.it\/magazine\/napoli-in-mostra-all-archivio-pariso-troncone\/#primaryimage"},"image":{"@id":"https:\/\/ecampania.it\/magazine\/napoli-in-mostra-all-archivio-pariso-troncone\/#primaryimage"},"thumbnailUrl":"https:\/\/ecampania.it\/magazine\/wp-content\/uploads\/2026\/03\/mostra-parisio-03-scaled.jpg","datePublished":"2026-03-03T17:49:57+00:00","dateModified":"2026-03-04T09:40:59+00:00","breadcrumb":{"@id":"https:\/\/ecampania.it\/magazine\/napoli-in-mostra-all-archivio-pariso-troncone\/#breadcrumb"},"inLanguage":"it-IT","potentialAction":[{"@type":"ReadAction","target":["https:\/\/ecampania.it\/magazine\/napoli-in-mostra-all-archivio-pariso-troncone\/"]}]},{"@type":"ImageObject","inLanguage":"it-IT","@id":"https:\/\/ecampania.it\/magazine\/napoli-in-mostra-all-archivio-pariso-troncone\/#primaryimage","url":"https:\/\/ecampania.it\/magazine\/wp-content\/uploads\/2026\/03\/mostra-parisio-03-scaled.jpg","contentUrl":"https:\/\/ecampania.it\/magazine\/wp-content\/uploads\/2026\/03\/mostra-parisio-03-scaled.jpg","width":2560,"height":1920},{"@type":"BreadcrumbList","@id":"https:\/\/ecampania.it\/magazine\/napoli-in-mostra-all-archivio-pariso-troncone\/#breadcrumb","itemListElement":[{"@type":"ListItem","position":1,"name":"Home","item":"https:\/\/ecampania.it\/magazine\/"},{"@type":"ListItem","position":2,"name":"Napoli in mostra all&#8217;Archivio Pariso-Troncone"}]},{"@type":"WebSite","@id":"https:\/\/ecampania.it\/magazine\/#website","url":"https:\/\/ecampania.it\/magazine\/","name":"Ecampania","description":"Il primo portale dedicato al turismo ed alla cultura in Campania","publisher":{"@id":"https:\/\/ecampania.it\/magazine\/#organization"},"potentialAction":[{"@type":"SearchAction","target":{"@type":"EntryPoint","urlTemplate":"https:\/\/ecampania.it\/magazine\/?s={search_term_string}"},"query-input":{"@type":"PropertyValueSpecification","valueRequired":true,"valueName":"search_term_string"}}],"inLanguage":"it-IT"},{"@type":"Organization","@id":"https:\/\/ecampania.it\/magazine\/#organization","name":"Ecampania","url":"https:\/\/ecampania.it\/magazine\/","logo":{"@type":"ImageObject","inLanguage":"it-IT","@id":"https:\/\/ecampania.it\/magazine\/#\/schema\/logo\/image\/","url":"https:\/\/ecampania.it\/magazine\/wp-content\/uploads\/2025\/01\/fb.png","contentUrl":"https:\/\/ecampania.it\/magazine\/wp-content\/uploads\/2025\/01\/fb.png","width":500,"height":500,"caption":"Ecampania"},"image":{"@id":"https:\/\/ecampania.it\/magazine\/#\/schema\/logo\/image\/"},"sameAs":["https:\/\/www.facebook.com\/ecampania.it","https:\/\/www.instagram.com\/ecampania.it\/"]},{"@type":"Person","@id":"https:\/\/ecampania.it\/magazine\/#\/schema\/person\/fdf5202d7167dfdc97cb2a5fb8752ce1","name":"Antonio Sorrentino","image":{"@type":"ImageObject","inLanguage":"it-IT","@id":"https:\/\/ecampania.it\/magazine\/#\/schema\/person\/image\/","url":"https:\/\/secure.gravatar.com\/avatar\/66b77b0929385651cf507bd8dc2764159fdfc796eeb62e1f6b6dfe600b82bee4?s=96&d=mm&r=g","contentUrl":"https:\/\/secure.gravatar.com\/avatar\/66b77b0929385651cf507bd8dc2764159fdfc796eeb62e1f6b6dfe600b82bee4?s=96&d=mm&r=g","caption":"Antonio Sorrentino"},"description":"\"Possa la mia anima rifiorire innamorata per tutta l'esistenza\" Rudolf Steiner","sameAs":["https:\/\/www.instagram.com\/arrethos?igsh=MWZ2NmI1eDN0OGUwZw=="],"url":"https:\/\/ecampania.it\/magazine\/author\/antonio-sorrentino\/"}]}},"_links":{"self":[{"href":"https:\/\/ecampania.it\/magazine\/wp-json\/wp\/v2\/posts\/8327","targetHints":{"allow":["GET"]}}],"collection":[{"href":"https:\/\/ecampania.it\/magazine\/wp-json\/wp\/v2\/posts"}],"about":[{"href":"https:\/\/ecampania.it\/magazine\/wp-json\/wp\/v2\/types\/post"}],"author":[{"embeddable":true,"href":"https:\/\/ecampania.it\/magazine\/wp-json\/wp\/v2\/users\/3"}],"replies":[{"embeddable":true,"href":"https:\/\/ecampania.it\/magazine\/wp-json\/wp\/v2\/comments?post=8327"}],"version-history":[{"count":1,"href":"https:\/\/ecampania.it\/magazine\/wp-json\/wp\/v2\/posts\/8327\/revisions"}],"predecessor-version":[{"id":8332,"href":"https:\/\/ecampania.it\/magazine\/wp-json\/wp\/v2\/posts\/8327\/revisions\/8332"}],"wp:featuredmedia":[{"embeddable":true,"href":"https:\/\/ecampania.it\/magazine\/wp-json\/wp\/v2\/media\/8328"}],"wp:attachment":[{"href":"https:\/\/ecampania.it\/magazine\/wp-json\/wp\/v2\/media?parent=8327"}],"wp:term":[{"taxonomy":"category","embeddable":true,"href":"https:\/\/ecampania.it\/magazine\/wp-json\/wp\/v2\/categories?post=8327"},{"taxonomy":"post_tag","embeddable":true,"href":"https:\/\/ecampania.it\/magazine\/wp-json\/wp\/v2\/tags?post=8327"}],"curies":[{"name":"wp","href":"https:\/\/api.w.org\/{rel}","templated":true}]}}