{"id":8384,"date":"2026-03-05T15:38:56","date_gmt":"2026-03-05T14:38:56","guid":{"rendered":"https:\/\/ecampania.it\/magazine\/?p=8384"},"modified":"2026-03-05T15:38:56","modified_gmt":"2026-03-05T14:38:56","slug":"casagiove-in-the-mood-for-marilyn-il-mito-si-spoglia-e-la-donna-si-racconta","status":"publish","type":"post","link":"https:\/\/ecampania.it\/magazine\/casagiove-in-the-mood-for-marilyn-il-mito-si-spoglia-e-la-donna-si-racconta\/","title":{"rendered":"Casagiove. &#8216;In the mood for Marilyn&#8217;: il mito si spoglia e la donna si racconta"},"content":{"rendered":"\n<h4 class=\"wp-block-heading\"><strong>Maggie Salice protagonista del monologo scritto da\u00a0Letizia Rita Amoreo<\/strong><\/h4>\n\n\n\n<p>Un omaggio ad un&#8217;icona immortale: al Teatro Civico 14 \u201cIn the mood for Marilyn\u201d, lo spettacolo che parla alle donne. per la giornata mondiale <strong>Domenica 8 marzo, alle ore 18.00,<\/strong>\u00a0in data unica, va in scena al Teatro Civico 14,\u00a0<strong><em>In the mood for Marilyn<\/em><\/strong>, monologo scritto da Letizia Rita Amoreo, interpretato da Maggie Salice e diretto da Roberto Galano, con scene di Cristiano Russo, consulenza coreografica di Pau Aran Gimeno ed editing audio di Vito Scudo. Lo spettacolo, prodotto da Teatro dei Limoni, accende i riflettori su una delle figure pi\u00f9 iconiche e controverse del Novecento: Marilyn Monroe. I biglietti sono disponibili online su\u00a0<a href=\"http:\/\/www.teatrocivico14.it\/\" target=\"_blank\" rel=\"noreferrer noopener\">www.teatrocivico14.it<\/a>\u00a0al costo di \u20ac15 (intero) e \u20ac12 (ridotto: under 30, over 65 e convenzioni).<\/p>\n\n\n\n<p>Attraverso la forma del monologo contaminato dal teatro-danza, lo spettacolo indaga la frattura tra l\u2019immagine pubblica e l\u2019identit\u00e0 privata dell\u2019attrice, interrogandosi su chi siamo quando nessuno ci osserva e su quale prezzo siamo disposti a pagare per aderire ai modelli imposti dalla societ\u00e0. A pi\u00f9 di sessant\u2019anni dalla sua tragica e discussa scomparsa, la figura di Marilyn \u2014 nata Norma Jean Mortenson \u2014 continua a essere oggetto di riflessione culturale, simbolo di una celebrit\u00e0 che consuma e trasforma. La societ\u00e0 costruisce modelli di felicit\u00e0 preconfezionata, sorrisi calibrati e vite in serie: Marilyn ne \u00e8 l\u2019emblema pi\u00f9 potente. Pi\u00f9 ci si conforma, pi\u00f9 si rincorre un\u2019idea di successo che promette salvezza; eppure, dentro, qualcosa continua a gridare. \u00c8 in quella frattura che lo spettacolo affonda le sue radici, esplorando il conflitto tra Norma Jean e Marilyn, tra la donna e il personaggio, tra l\u2019essere e l\u2019apparire. Due identit\u00e0, una sola anima. O forse nemmeno due, ma una moltitudine che si moltiplica sotto lo sguardo del pubblico e dei media. Il linguaggio scenico, arricchito dalla dimensione corporea e coreografica, amplifica questo sdoppiamento, trasformando il monologo in un\u2019esperienza immersiva e sensoriale.<\/p>\n\n\n\n<p><strong><em>In the mood for Marilyn<\/em><\/strong>&nbsp;\u00e8 un invito a guardare oltre lo schermo, non \u00e8 solo un omaggio a un\u2019icona immortale, ma uno specchio potente e attuale in cui il pubblico pu\u00f2 riconoscersi; non un semplice ritratto biografico, ma un viaggio nei labirinti della psiche. La scena diventa spazio mentale, territorio sospeso tra creazione e dissoluzione, tra il big bang dell\u2019identit\u00e0 e il buco nero dell\u2019annullamento.<\/p>\n\n\n\n<p><\/p>\n","protected":false},"excerpt":{"rendered":"<p>Maggie Salice protagonista del monologo scritto da\u00a0Letizia Rita Amoreo Un omaggio ad un&#8217;icona immortale: al Teatro Civico 14 \u201cIn the mood for Marilyn\u201d, lo spettacolo che parla alle donne. per la giornata mondiale Domenica 8 marzo, alle ore 18.00,\u00a0in data unica, va in scena al Teatro Civico 14,\u00a0In the mood for Marilyn, monologo scritto da [&hellip;]<\/p>\n","protected":false},"author":36,"featured_media":8385,"comment_status":"open","ping_status":"open","sticky":false,"template":"","format":"standard","meta":{"jnews-multi-image_gallery":[],"jnews_single_post":{"format":"standard"},"jnews_primary_category":[],"jnews_override_counter":[],"footnotes":""},"categories":[7],"tags":[80,29],"class_list":["post-8384","post","type-post","status-publish","format-standard","has-post-thumbnail","hentry","category-eventi","tag-spettacolo","tag-teatro"],"yoast_head":"<!-- This site is optimized with the Yoast SEO plugin v24.2 - https:\/\/yoast.com\/wordpress\/plugins\/seo\/ -->\n<title>Casagiove. &#039;In the mood for Marilyn&#039;: il mito si spoglia e la donna si racconta - \u00e8campania<\/title>\n<meta name=\"robots\" content=\"index, follow, max-snippet:-1, max-image-preview:large, max-video-preview:-1\" \/>\n<link rel=\"canonical\" href=\"https:\/\/ecampania.it\/magazine\/casagiove-in-the-mood-for-marilyn-il-mito-si-spoglia-e-la-donna-si-racconta\/\" \/>\n<meta property=\"og:locale\" content=\"it_IT\" \/>\n<meta property=\"og:type\" content=\"article\" \/>\n<meta property=\"og:title\" content=\"Casagiove. &#039;In the mood for Marilyn&#039;: il mito si spoglia e la donna si racconta - \u00e8campania\" \/>\n<meta property=\"og:description\" content=\"Maggie Salice protagonista del monologo scritto da\u00a0Letizia Rita Amoreo Un omaggio ad un&#8217;icona immortale: al Teatro Civico 14 \u201cIn the mood for Marilyn\u201d, lo spettacolo che parla alle donne. per la giornata mondiale Domenica 8 marzo, alle ore 18.00,\u00a0in data unica, va in scena al Teatro Civico 14,\u00a0In the mood for Marilyn, monologo scritto da [&hellip;]\" \/>\n<meta property=\"og:url\" content=\"https:\/\/ecampania.it\/magazine\/casagiove-in-the-mood-for-marilyn-il-mito-si-spoglia-e-la-donna-si-racconta\/\" \/>\n<meta property=\"og:site_name\" content=\"\u00e8campania\" \/>\n<meta property=\"article:publisher\" content=\"https:\/\/www.facebook.com\/ecampania.it\" \/>\n<meta property=\"article:published_time\" content=\"2026-03-05T14:38:56+00:00\" \/>\n<meta property=\"og:image\" content=\"https:\/\/ecampania.it\/magazine\/wp-content\/uploads\/2026\/03\/PHOTO-2025-06-17-13-11-16.jpg\" \/>\n\t<meta property=\"og:image:width\" content=\"2048\" \/>\n\t<meta property=\"og:image:height\" content=\"1366\" \/>\n\t<meta property=\"og:image:type\" content=\"image\/jpeg\" \/>\n<meta name=\"author\" content=\"Giada Cuomo\" \/>\n<meta name=\"twitter:card\" content=\"summary_large_image\" \/>\n<meta name=\"twitter:label1\" content=\"Scritto da\" \/>\n\t<meta name=\"twitter:data1\" content=\"Giada Cuomo\" \/>\n\t<meta name=\"twitter:label2\" content=\"Tempo di lettura stimato\" \/>\n\t<meta name=\"twitter:data2\" content=\"3 minuti\" \/>\n<script type=\"application\/ld+json\" class=\"yoast-schema-graph\">{\"@context\":\"https:\/\/schema.org\",\"@graph\":[{\"@type\":\"Article\",\"@id\":\"https:\/\/ecampania.it\/magazine\/casagiove-in-the-mood-for-marilyn-il-mito-si-spoglia-e-la-donna-si-racconta\/#article\",\"isPartOf\":{\"@id\":\"https:\/\/ecampania.it\/magazine\/casagiove-in-the-mood-for-marilyn-il-mito-si-spoglia-e-la-donna-si-racconta\/\"},\"author\":{\"name\":\"Giada Cuomo\",\"@id\":\"https:\/\/ecampania.it\/magazine\/#\/schema\/person\/f372b853776f14766c01226091cd1381\"},\"headline\":\"Casagiove. &#8216;In the mood for Marilyn&#8217;: il mito si spoglia e la donna si racconta\",\"datePublished\":\"2026-03-05T14:38:56+00:00\",\"dateModified\":\"2026-03-05T14:38:56+00:00\",\"mainEntityOfPage\":{\"@id\":\"https:\/\/ecampania.it\/magazine\/casagiove-in-the-mood-for-marilyn-il-mito-si-spoglia-e-la-donna-si-racconta\/\"},\"wordCount\":400,\"commentCount\":0,\"publisher\":{\"@id\":\"https:\/\/ecampania.it\/magazine\/#organization\"},\"image\":{\"@id\":\"https:\/\/ecampania.it\/magazine\/casagiove-in-the-mood-for-marilyn-il-mito-si-spoglia-e-la-donna-si-racconta\/#primaryimage\"},\"thumbnailUrl\":\"https:\/\/ecampania.it\/magazine\/wp-content\/uploads\/2026\/03\/PHOTO-2025-06-17-13-11-16.jpg\",\"keywords\":[\"spettacolo\",\"teatro\"],\"articleSection\":[\"Eventi\"],\"inLanguage\":\"it-IT\",\"potentialAction\":[{\"@type\":\"CommentAction\",\"name\":\"Comment\",\"target\":[\"https:\/\/ecampania.it\/magazine\/casagiove-in-the-mood-for-marilyn-il-mito-si-spoglia-e-la-donna-si-racconta\/#respond\"]}]},{\"@type\":\"WebPage\",\"@id\":\"https:\/\/ecampania.it\/magazine\/casagiove-in-the-mood-for-marilyn-il-mito-si-spoglia-e-la-donna-si-racconta\/\",\"url\":\"https:\/\/ecampania.it\/magazine\/casagiove-in-the-mood-for-marilyn-il-mito-si-spoglia-e-la-donna-si-racconta\/\",\"name\":\"Casagiove. 'In the mood for Marilyn': il mito si spoglia e la donna si racconta - \u00e8campania\",\"isPartOf\":{\"@id\":\"https:\/\/ecampania.it\/magazine\/#website\"},\"primaryImageOfPage\":{\"@id\":\"https:\/\/ecampania.it\/magazine\/casagiove-in-the-mood-for-marilyn-il-mito-si-spoglia-e-la-donna-si-racconta\/#primaryimage\"},\"image\":{\"@id\":\"https:\/\/ecampania.it\/magazine\/casagiove-in-the-mood-for-marilyn-il-mito-si-spoglia-e-la-donna-si-racconta\/#primaryimage\"},\"thumbnailUrl\":\"https:\/\/ecampania.it\/magazine\/wp-content\/uploads\/2026\/03\/PHOTO-2025-06-17-13-11-16.jpg\",\"datePublished\":\"2026-03-05T14:38:56+00:00\",\"dateModified\":\"2026-03-05T14:38:56+00:00\",\"breadcrumb\":{\"@id\":\"https:\/\/ecampania.it\/magazine\/casagiove-in-the-mood-for-marilyn-il-mito-si-spoglia-e-la-donna-si-racconta\/#breadcrumb\"},\"inLanguage\":\"it-IT\",\"potentialAction\":[{\"@type\":\"ReadAction\",\"target\":[\"https:\/\/ecampania.it\/magazine\/casagiove-in-the-mood-for-marilyn-il-mito-si-spoglia-e-la-donna-si-racconta\/\"]}]},{\"@type\":\"ImageObject\",\"inLanguage\":\"it-IT\",\"@id\":\"https:\/\/ecampania.it\/magazine\/casagiove-in-the-mood-for-marilyn-il-mito-si-spoglia-e-la-donna-si-racconta\/#primaryimage\",\"url\":\"https:\/\/ecampania.it\/magazine\/wp-content\/uploads\/2026\/03\/PHOTO-2025-06-17-13-11-16.jpg\",\"contentUrl\":\"https:\/\/ecampania.it\/magazine\/wp-content\/uploads\/2026\/03\/PHOTO-2025-06-17-13-11-16.jpg\",\"width\":2048,\"height\":1366},{\"@type\":\"BreadcrumbList\",\"@id\":\"https:\/\/ecampania.it\/magazine\/casagiove-in-the-mood-for-marilyn-il-mito-si-spoglia-e-la-donna-si-racconta\/#breadcrumb\",\"itemListElement\":[{\"@type\":\"ListItem\",\"position\":1,\"name\":\"Home\",\"item\":\"https:\/\/ecampania.it\/magazine\/\"},{\"@type\":\"ListItem\",\"position\":2,\"name\":\"Casagiove. &#8216;In the mood for Marilyn&#8217;: il mito si spoglia e la donna si racconta\"}]},{\"@type\":\"WebSite\",\"@id\":\"https:\/\/ecampania.it\/magazine\/#website\",\"url\":\"https:\/\/ecampania.it\/magazine\/\",\"name\":\"Ecampania\",\"description\":\"Il primo portale dedicato al turismo ed alla cultura in Campania\",\"publisher\":{\"@id\":\"https:\/\/ecampania.it\/magazine\/#organization\"},\"potentialAction\":[{\"@type\":\"SearchAction\",\"target\":{\"@type\":\"EntryPoint\",\"urlTemplate\":\"https:\/\/ecampania.it\/magazine\/?s={search_term_string}\"},\"query-input\":{\"@type\":\"PropertyValueSpecification\",\"valueRequired\":true,\"valueName\":\"search_term_string\"}}],\"inLanguage\":\"it-IT\"},{\"@type\":\"Organization\",\"@id\":\"https:\/\/ecampania.it\/magazine\/#organization\",\"name\":\"Ecampania\",\"url\":\"https:\/\/ecampania.it\/magazine\/\",\"logo\":{\"@type\":\"ImageObject\",\"inLanguage\":\"it-IT\",\"@id\":\"https:\/\/ecampania.it\/magazine\/#\/schema\/logo\/image\/\",\"url\":\"https:\/\/ecampania.it\/magazine\/wp-content\/uploads\/2025\/01\/fb.png\",\"contentUrl\":\"https:\/\/ecampania.it\/magazine\/wp-content\/uploads\/2025\/01\/fb.png\",\"width\":500,\"height\":500,\"caption\":\"Ecampania\"},\"image\":{\"@id\":\"https:\/\/ecampania.it\/magazine\/#\/schema\/logo\/image\/\"},\"sameAs\":[\"https:\/\/www.facebook.com\/ecampania.it\",\"https:\/\/www.instagram.com\/ecampania.it\/\"]},{\"@type\":\"Person\",\"@id\":\"https:\/\/ecampania.it\/magazine\/#\/schema\/person\/f372b853776f14766c01226091cd1381\",\"name\":\"Giada Cuomo\",\"image\":{\"@type\":\"ImageObject\",\"inLanguage\":\"it-IT\",\"@id\":\"https:\/\/ecampania.it\/magazine\/#\/schema\/person\/image\/\",\"url\":\"https:\/\/secure.gravatar.com\/avatar\/146c6721e4d668a5b54e972781d98893d8c77afe8ac2754067e4820df8ed0fa0?s=96&d=mm&r=g\",\"contentUrl\":\"https:\/\/secure.gravatar.com\/avatar\/146c6721e4d668a5b54e972781d98893d8c77afe8ac2754067e4820df8ed0fa0?s=96&d=mm&r=g\",\"caption\":\"Giada Cuomo\"},\"url\":\"https:\/\/ecampania.it\/magazine\/author\/giada\/\"}]}<\/script>\n<!-- \/ Yoast SEO plugin. -->","yoast_head_json":{"title":"Casagiove. 'In the mood for Marilyn': il mito si spoglia e la donna si racconta - \u00e8campania","robots":{"index":"index","follow":"follow","max-snippet":"max-snippet:-1","max-image-preview":"max-image-preview:large","max-video-preview":"max-video-preview:-1"},"canonical":"https:\/\/ecampania.it\/magazine\/casagiove-in-the-mood-for-marilyn-il-mito-si-spoglia-e-la-donna-si-racconta\/","og_locale":"it_IT","og_type":"article","og_title":"Casagiove. 'In the mood for Marilyn': il mito si spoglia e la donna si racconta - \u00e8campania","og_description":"Maggie Salice protagonista del monologo scritto da\u00a0Letizia Rita Amoreo Un omaggio ad un&#8217;icona immortale: al Teatro Civico 14 \u201cIn the mood for Marilyn\u201d, lo spettacolo che parla alle donne. per la giornata mondiale Domenica 8 marzo, alle ore 18.00,\u00a0in data unica, va in scena al Teatro Civico 14,\u00a0In the mood for Marilyn, monologo scritto da [&hellip;]","og_url":"https:\/\/ecampania.it\/magazine\/casagiove-in-the-mood-for-marilyn-il-mito-si-spoglia-e-la-donna-si-racconta\/","og_site_name":"\u00e8campania","article_publisher":"https:\/\/www.facebook.com\/ecampania.it","article_published_time":"2026-03-05T14:38:56+00:00","og_image":[{"width":2048,"height":1366,"url":"https:\/\/ecampania.it\/magazine\/wp-content\/uploads\/2026\/03\/PHOTO-2025-06-17-13-11-16.jpg","type":"image\/jpeg"}],"author":"Giada Cuomo","twitter_card":"summary_large_image","twitter_misc":{"Scritto da":"Giada Cuomo","Tempo di lettura stimato":"3 minuti"},"schema":{"@context":"https:\/\/schema.org","@graph":[{"@type":"Article","@id":"https:\/\/ecampania.it\/magazine\/casagiove-in-the-mood-for-marilyn-il-mito-si-spoglia-e-la-donna-si-racconta\/#article","isPartOf":{"@id":"https:\/\/ecampania.it\/magazine\/casagiove-in-the-mood-for-marilyn-il-mito-si-spoglia-e-la-donna-si-racconta\/"},"author":{"name":"Giada Cuomo","@id":"https:\/\/ecampania.it\/magazine\/#\/schema\/person\/f372b853776f14766c01226091cd1381"},"headline":"Casagiove. &#8216;In the mood for Marilyn&#8217;: il mito si spoglia e la donna si racconta","datePublished":"2026-03-05T14:38:56+00:00","dateModified":"2026-03-05T14:38:56+00:00","mainEntityOfPage":{"@id":"https:\/\/ecampania.it\/magazine\/casagiove-in-the-mood-for-marilyn-il-mito-si-spoglia-e-la-donna-si-racconta\/"},"wordCount":400,"commentCount":0,"publisher":{"@id":"https:\/\/ecampania.it\/magazine\/#organization"},"image":{"@id":"https:\/\/ecampania.it\/magazine\/casagiove-in-the-mood-for-marilyn-il-mito-si-spoglia-e-la-donna-si-racconta\/#primaryimage"},"thumbnailUrl":"https:\/\/ecampania.it\/magazine\/wp-content\/uploads\/2026\/03\/PHOTO-2025-06-17-13-11-16.jpg","keywords":["spettacolo","teatro"],"articleSection":["Eventi"],"inLanguage":"it-IT","potentialAction":[{"@type":"CommentAction","name":"Comment","target":["https:\/\/ecampania.it\/magazine\/casagiove-in-the-mood-for-marilyn-il-mito-si-spoglia-e-la-donna-si-racconta\/#respond"]}]},{"@type":"WebPage","@id":"https:\/\/ecampania.it\/magazine\/casagiove-in-the-mood-for-marilyn-il-mito-si-spoglia-e-la-donna-si-racconta\/","url":"https:\/\/ecampania.it\/magazine\/casagiove-in-the-mood-for-marilyn-il-mito-si-spoglia-e-la-donna-si-racconta\/","name":"Casagiove. 'In the mood for Marilyn': il mito si spoglia e la donna si racconta - \u00e8campania","isPartOf":{"@id":"https:\/\/ecampania.it\/magazine\/#website"},"primaryImageOfPage":{"@id":"https:\/\/ecampania.it\/magazine\/casagiove-in-the-mood-for-marilyn-il-mito-si-spoglia-e-la-donna-si-racconta\/#primaryimage"},"image":{"@id":"https:\/\/ecampania.it\/magazine\/casagiove-in-the-mood-for-marilyn-il-mito-si-spoglia-e-la-donna-si-racconta\/#primaryimage"},"thumbnailUrl":"https:\/\/ecampania.it\/magazine\/wp-content\/uploads\/2026\/03\/PHOTO-2025-06-17-13-11-16.jpg","datePublished":"2026-03-05T14:38:56+00:00","dateModified":"2026-03-05T14:38:56+00:00","breadcrumb":{"@id":"https:\/\/ecampania.it\/magazine\/casagiove-in-the-mood-for-marilyn-il-mito-si-spoglia-e-la-donna-si-racconta\/#breadcrumb"},"inLanguage":"it-IT","potentialAction":[{"@type":"ReadAction","target":["https:\/\/ecampania.it\/magazine\/casagiove-in-the-mood-for-marilyn-il-mito-si-spoglia-e-la-donna-si-racconta\/"]}]},{"@type":"ImageObject","inLanguage":"it-IT","@id":"https:\/\/ecampania.it\/magazine\/casagiove-in-the-mood-for-marilyn-il-mito-si-spoglia-e-la-donna-si-racconta\/#primaryimage","url":"https:\/\/ecampania.it\/magazine\/wp-content\/uploads\/2026\/03\/PHOTO-2025-06-17-13-11-16.jpg","contentUrl":"https:\/\/ecampania.it\/magazine\/wp-content\/uploads\/2026\/03\/PHOTO-2025-06-17-13-11-16.jpg","width":2048,"height":1366},{"@type":"BreadcrumbList","@id":"https:\/\/ecampania.it\/magazine\/casagiove-in-the-mood-for-marilyn-il-mito-si-spoglia-e-la-donna-si-racconta\/#breadcrumb","itemListElement":[{"@type":"ListItem","position":1,"name":"Home","item":"https:\/\/ecampania.it\/magazine\/"},{"@type":"ListItem","position":2,"name":"Casagiove. &#8216;In the mood for Marilyn&#8217;: il mito si spoglia e la donna si racconta"}]},{"@type":"WebSite","@id":"https:\/\/ecampania.it\/magazine\/#website","url":"https:\/\/ecampania.it\/magazine\/","name":"Ecampania","description":"Il primo portale dedicato al turismo ed alla cultura in Campania","publisher":{"@id":"https:\/\/ecampania.it\/magazine\/#organization"},"potentialAction":[{"@type":"SearchAction","target":{"@type":"EntryPoint","urlTemplate":"https:\/\/ecampania.it\/magazine\/?s={search_term_string}"},"query-input":{"@type":"PropertyValueSpecification","valueRequired":true,"valueName":"search_term_string"}}],"inLanguage":"it-IT"},{"@type":"Organization","@id":"https:\/\/ecampania.it\/magazine\/#organization","name":"Ecampania","url":"https:\/\/ecampania.it\/magazine\/","logo":{"@type":"ImageObject","inLanguage":"it-IT","@id":"https:\/\/ecampania.it\/magazine\/#\/schema\/logo\/image\/","url":"https:\/\/ecampania.it\/magazine\/wp-content\/uploads\/2025\/01\/fb.png","contentUrl":"https:\/\/ecampania.it\/magazine\/wp-content\/uploads\/2025\/01\/fb.png","width":500,"height":500,"caption":"Ecampania"},"image":{"@id":"https:\/\/ecampania.it\/magazine\/#\/schema\/logo\/image\/"},"sameAs":["https:\/\/www.facebook.com\/ecampania.it","https:\/\/www.instagram.com\/ecampania.it\/"]},{"@type":"Person","@id":"https:\/\/ecampania.it\/magazine\/#\/schema\/person\/f372b853776f14766c01226091cd1381","name":"Giada Cuomo","image":{"@type":"ImageObject","inLanguage":"it-IT","@id":"https:\/\/ecampania.it\/magazine\/#\/schema\/person\/image\/","url":"https:\/\/secure.gravatar.com\/avatar\/146c6721e4d668a5b54e972781d98893d8c77afe8ac2754067e4820df8ed0fa0?s=96&d=mm&r=g","contentUrl":"https:\/\/secure.gravatar.com\/avatar\/146c6721e4d668a5b54e972781d98893d8c77afe8ac2754067e4820df8ed0fa0?s=96&d=mm&r=g","caption":"Giada Cuomo"},"url":"https:\/\/ecampania.it\/magazine\/author\/giada\/"}]}},"_links":{"self":[{"href":"https:\/\/ecampania.it\/magazine\/wp-json\/wp\/v2\/posts\/8384","targetHints":{"allow":["GET"]}}],"collection":[{"href":"https:\/\/ecampania.it\/magazine\/wp-json\/wp\/v2\/posts"}],"about":[{"href":"https:\/\/ecampania.it\/magazine\/wp-json\/wp\/v2\/types\/post"}],"author":[{"embeddable":true,"href":"https:\/\/ecampania.it\/magazine\/wp-json\/wp\/v2\/users\/36"}],"replies":[{"embeddable":true,"href":"https:\/\/ecampania.it\/magazine\/wp-json\/wp\/v2\/comments?post=8384"}],"version-history":[{"count":1,"href":"https:\/\/ecampania.it\/magazine\/wp-json\/wp\/v2\/posts\/8384\/revisions"}],"predecessor-version":[{"id":8386,"href":"https:\/\/ecampania.it\/magazine\/wp-json\/wp\/v2\/posts\/8384\/revisions\/8386"}],"wp:featuredmedia":[{"embeddable":true,"href":"https:\/\/ecampania.it\/magazine\/wp-json\/wp\/v2\/media\/8385"}],"wp:attachment":[{"href":"https:\/\/ecampania.it\/magazine\/wp-json\/wp\/v2\/media?parent=8384"}],"wp:term":[{"taxonomy":"category","embeddable":true,"href":"https:\/\/ecampania.it\/magazine\/wp-json\/wp\/v2\/categories?post=8384"},{"taxonomy":"post_tag","embeddable":true,"href":"https:\/\/ecampania.it\/magazine\/wp-json\/wp\/v2\/tags?post=8384"}],"curies":[{"name":"wp","href":"https:\/\/api.w.org\/{rel}","templated":true}]}}