{"id":8389,"date":"2026-03-05T16:25:28","date_gmt":"2026-03-05T15:25:28","guid":{"rendered":"https:\/\/ecampania.it\/magazine\/?p=8389"},"modified":"2026-03-05T16:28:59","modified_gmt":"2026-03-05T15:28:59","slug":"napoli-tra-memoria-famiglia-e-ricerca-se-lepoca-felice-di-cristina-comencini","status":"publish","type":"post","link":"https:\/\/ecampania.it\/magazine\/napoli-tra-memoria-famiglia-e-ricerca-se-lepoca-felice-di-cristina-comencini\/","title":{"rendered":"Napoli. Tra memoria, famiglia e ricerca s\u00e9: &#8216;L&#8217;epoca Felice&#8217;, il nuovo libro di Cristina Comencini\u00a0"},"content":{"rendered":"\n<h4 class=\"wp-block-heading\"><strong>Incontro con la regista e scrittrice in un appuntamento aperto a tutti <\/strong><\/h4>\n\n\n\n<p>Alla scoperta del tempo perduto: &#8220;L&#8217;epoca Felice&#8221; \u00e8 il nuovo romanzo della scrittrice e regista <strong>Cristina Comencini<\/strong>. Il <strong>7 marzo<\/strong>\u00a0alle ore\u00a0<strong>18:00<\/strong>, presso la\u00a0<strong>Feltrinelli di Napoli piazza dei Martiri,<\/strong>\u00a0la scrittrice e regista\u00a0<strong>Cristina Comencini\u00a0<\/strong>presenta il suo nuovo libro<strong>\u00a0<em>L&#8217;epoca Felice<\/em>\u00a0(Feltrinelli)<\/strong>. L\u2019autrice dialogher\u00e0 con<strong>\u00a0Ippolita Di Majo<\/strong>\u00a0in un incontro aperto al pubblico. L\u2019appuntamento offrir\u00e0 uno spazio di dialogo sul romanzo e sui temi che attraversano la storia della protagonista, tra memoria, famiglia e ricerca di s\u00e9. Ingresso libero fino a esaurimento posti.<\/p>\n\n\n\n<p><em>Rosa sa di avere un vuoto nella memoria, un lungo intervallo di tempo che segna con una riga netta la fine della sua adolescenza: la ragazzina vitale, inquieta, fantasiosa \u00e8 diventata una giovane diligente e fin troppo responsabile. Quei mesi \u2013 persi, cancellati \u2013 sono gli stessi in cui i genitori, spaventati dalla sua esuberanza e dai cattivi risultati a scuola, l\u2019avevano ricoverata in una clinica del sonno, come usava negli anni settanta. Ora che Rosa \u00e8 una donna matura, dopo anni trascorsi all\u2019estero in missioni umanitarie, rientra in Italia. Ed ecco che il tempo perduto si riaffaccia da una vecchia fotografia che la ritrae durante una gita in montagna. Da quello scatto, i suoi quindici anni cocciuti e felici la interrogano: dov\u2019\u00e8 finita la ragazzina che preoccupava tanto i genitori, ormai scomparsi, e che adesso a lei sembra la parte pi\u00f9 autentica e vitale di s\u00e9? E chi \u00e8 il ragazzo che ha scattato quella fotografia, perch\u00e9 sente che c\u2019\u00e8 con lui qualcosa da recuperare, un sentimento da trarre in salvo dall\u2019oblio? Per ricomporre la sua vita spezzata e recuperare il passato, Rosa ha bisogno delle sorelle: Margherita, la maggiore, che quella gita la ricorda bene, e Viola, la pi\u00f9 giovane, pronta a scardinare insieme a lei segreti e silenzi di famiglia.<\/em><\/p>\n\n\n\n<p><br><strong>Cristina Comencini\u00a0<\/strong>nasce a Roma nel 1956. Figlia del regista<em> Luigi Comencini<\/em> e madre di <em>Carlo, Giulia e Luigi<\/em>, esordisce al cinema come attrice nel 1969, diretta dal padre in &#8216;Infanzia, vocazione e prime esperienze&#8217; di <em>Giacomo Casanova<\/em>, veneziano, accanto a <em>Tina Aumont e Maria Grazia Buccella<\/em>. Laureata in Economia e Commercio con Federico Caff\u00e8, lavora per alcuni anni come giornalista economica e ricercatrice. Inizia la carriera di scrittrice nel cinema sceneggiando insieme al padre il film TV &#8216;Il matrimonio di Caterina (1982)&#8217; e il lungometraggio &#8216;Buon Natale&#8230; Buon anno del 1989&#8217;; \u00e8 co-sceneggiatrice di<em> Ennio De Concini<\/em> in &#8216;Quattro storie di donne&#8217; (1986) e autrice insieme a <em>Suso Cecchi D\u2019Amico<\/em> dei televisivi &#8216;Cuore e La Storia&#8217;, entrambi diretti dal padre. Nel 1988 esordisce alla regia con una fiaba lieve e aggraziata, &#8216;Zoo&#8217;, cui fanno seguito altri ambiziosi ed eleganti progetti. Cristina Comencini \u00e8, infatti, anche autrice e regista di pi\u00e8ces teatrali\u00a0e di numerosi romanzi editi da Einaudi e da Feltrinelli. <\/p>\n","protected":false},"excerpt":{"rendered":"<p>Incontro con la regista e scrittrice in un appuntamento aperto a tutti Alla scoperta del tempo perduto: &#8220;L&#8217;epoca Felice&#8221; \u00e8 il nuovo romanzo della scrittrice e regista Cristina Comencini. Il 7 marzo\u00a0alle ore\u00a018:00, presso la\u00a0Feltrinelli di Napoli piazza dei Martiri,\u00a0la scrittrice e regista\u00a0Cristina Comencini\u00a0presenta il suo nuovo libro\u00a0L&#8217;epoca Felice\u00a0(Feltrinelli). L\u2019autrice dialogher\u00e0 con\u00a0Ippolita Di Majo\u00a0in un [&hellip;]<\/p>\n","protected":false},"author":36,"featured_media":8390,"comment_status":"open","ping_status":"open","sticky":false,"template":"","format":"standard","meta":{"jnews-multi-image_gallery":[],"jnews_single_post":{"format":"standard"},"jnews_primary_category":[],"jnews_override_counter":[],"footnotes":""},"categories":[8],"tags":[279,52],"class_list":["post-8389","post","type-post","status-publish","format-standard","has-post-thumbnail","hentry","category-cultura","tag-evento","tag-libro"],"yoast_head":"<!-- This site is optimized with the Yoast SEO plugin v24.2 - https:\/\/yoast.com\/wordpress\/plugins\/seo\/ -->\n<title>Napoli. Tra memoria, famiglia e ricerca s\u00e9: &#039;L&#039;epoca Felice&#039;, il nuovo libro di Cristina Comencini\u00a0 - \u00e8campania<\/title>\n<meta name=\"robots\" content=\"index, follow, max-snippet:-1, max-image-preview:large, max-video-preview:-1\" \/>\n<link rel=\"canonical\" href=\"https:\/\/ecampania.it\/magazine\/napoli-tra-memoria-famiglia-e-ricerca-se-lepoca-felice-di-cristina-comencini\/\" \/>\n<meta property=\"og:locale\" content=\"it_IT\" \/>\n<meta property=\"og:type\" content=\"article\" \/>\n<meta property=\"og:title\" content=\"Napoli. Tra memoria, famiglia e ricerca s\u00e9: &#039;L&#039;epoca Felice&#039;, il nuovo libro di Cristina Comencini\u00a0 - \u00e8campania\" \/>\n<meta property=\"og:description\" content=\"Incontro con la regista e scrittrice in un appuntamento aperto a tutti Alla scoperta del tempo perduto: &#8220;L&#8217;epoca Felice&#8221; \u00e8 il nuovo romanzo della scrittrice e regista Cristina Comencini. Il 7 marzo\u00a0alle ore\u00a018:00, presso la\u00a0Feltrinelli di Napoli piazza dei Martiri,\u00a0la scrittrice e regista\u00a0Cristina Comencini\u00a0presenta il suo nuovo libro\u00a0L&#8217;epoca Felice\u00a0(Feltrinelli). L\u2019autrice dialogher\u00e0 con\u00a0Ippolita Di Majo\u00a0in un [&hellip;]\" \/>\n<meta property=\"og:url\" content=\"https:\/\/ecampania.it\/magazine\/napoli-tra-memoria-famiglia-e-ricerca-se-lepoca-felice-di-cristina-comencini\/\" \/>\n<meta property=\"og:site_name\" content=\"\u00e8campania\" \/>\n<meta property=\"article:publisher\" content=\"https:\/\/www.facebook.com\/ecampania.it\" \/>\n<meta property=\"article:published_time\" content=\"2026-03-05T15:25:28+00:00\" \/>\n<meta property=\"article:modified_time\" content=\"2026-03-05T15:28:59+00:00\" \/>\n<meta property=\"og:image\" content=\"https:\/\/ecampania.it\/magazine\/wp-content\/uploads\/2026\/03\/cover-lepoca-felice.jpg\" \/>\n\t<meta property=\"og:image:width\" content=\"536\" \/>\n\t<meta property=\"og:image:height\" content=\"840\" \/>\n\t<meta property=\"og:image:type\" content=\"image\/jpeg\" \/>\n<meta name=\"author\" content=\"Giada Cuomo\" \/>\n<meta name=\"twitter:card\" content=\"summary_large_image\" \/>\n<meta name=\"twitter:label1\" content=\"Scritto da\" \/>\n\t<meta name=\"twitter:data1\" content=\"Giada Cuomo\" \/>\n\t<meta name=\"twitter:label2\" content=\"Tempo di lettura stimato\" \/>\n\t<meta name=\"twitter:data2\" content=\"3 minuti\" \/>\n<script type=\"application\/ld+json\" class=\"yoast-schema-graph\">{\"@context\":\"https:\/\/schema.org\",\"@graph\":[{\"@type\":\"Article\",\"@id\":\"https:\/\/ecampania.it\/magazine\/napoli-tra-memoria-famiglia-e-ricerca-se-lepoca-felice-di-cristina-comencini\/#article\",\"isPartOf\":{\"@id\":\"https:\/\/ecampania.it\/magazine\/napoli-tra-memoria-famiglia-e-ricerca-se-lepoca-felice-di-cristina-comencini\/\"},\"author\":{\"name\":\"Giada Cuomo\",\"@id\":\"https:\/\/ecampania.it\/magazine\/#\/schema\/person\/f372b853776f14766c01226091cd1381\"},\"headline\":\"Napoli. Tra memoria, famiglia e ricerca s\u00e9: &#8216;L&#8217;epoca Felice&#8217;, il nuovo libro di Cristina Comencini\u00a0\",\"datePublished\":\"2026-03-05T15:25:28+00:00\",\"dateModified\":\"2026-03-05T15:28:59+00:00\",\"mainEntityOfPage\":{\"@id\":\"https:\/\/ecampania.it\/magazine\/napoli-tra-memoria-famiglia-e-ricerca-se-lepoca-felice-di-cristina-comencini\/\"},\"wordCount\":482,\"commentCount\":0,\"publisher\":{\"@id\":\"https:\/\/ecampania.it\/magazine\/#organization\"},\"image\":{\"@id\":\"https:\/\/ecampania.it\/magazine\/napoli-tra-memoria-famiglia-e-ricerca-se-lepoca-felice-di-cristina-comencini\/#primaryimage\"},\"thumbnailUrl\":\"https:\/\/ecampania.it\/magazine\/wp-content\/uploads\/2026\/03\/cover-lepoca-felice.jpg\",\"keywords\":[\"evento\",\"libro\"],\"articleSection\":[\"Cultura\"],\"inLanguage\":\"it-IT\",\"potentialAction\":[{\"@type\":\"CommentAction\",\"name\":\"Comment\",\"target\":[\"https:\/\/ecampania.it\/magazine\/napoli-tra-memoria-famiglia-e-ricerca-se-lepoca-felice-di-cristina-comencini\/#respond\"]}]},{\"@type\":\"WebPage\",\"@id\":\"https:\/\/ecampania.it\/magazine\/napoli-tra-memoria-famiglia-e-ricerca-se-lepoca-felice-di-cristina-comencini\/\",\"url\":\"https:\/\/ecampania.it\/magazine\/napoli-tra-memoria-famiglia-e-ricerca-se-lepoca-felice-di-cristina-comencini\/\",\"name\":\"Napoli. Tra memoria, famiglia e ricerca s\u00e9: 'L'epoca Felice', il nuovo libro di Cristina Comencini\u00a0 - \u00e8campania\",\"isPartOf\":{\"@id\":\"https:\/\/ecampania.it\/magazine\/#website\"},\"primaryImageOfPage\":{\"@id\":\"https:\/\/ecampania.it\/magazine\/napoli-tra-memoria-famiglia-e-ricerca-se-lepoca-felice-di-cristina-comencini\/#primaryimage\"},\"image\":{\"@id\":\"https:\/\/ecampania.it\/magazine\/napoli-tra-memoria-famiglia-e-ricerca-se-lepoca-felice-di-cristina-comencini\/#primaryimage\"},\"thumbnailUrl\":\"https:\/\/ecampania.it\/magazine\/wp-content\/uploads\/2026\/03\/cover-lepoca-felice.jpg\",\"datePublished\":\"2026-03-05T15:25:28+00:00\",\"dateModified\":\"2026-03-05T15:28:59+00:00\",\"breadcrumb\":{\"@id\":\"https:\/\/ecampania.it\/magazine\/napoli-tra-memoria-famiglia-e-ricerca-se-lepoca-felice-di-cristina-comencini\/#breadcrumb\"},\"inLanguage\":\"it-IT\",\"potentialAction\":[{\"@type\":\"ReadAction\",\"target\":[\"https:\/\/ecampania.it\/magazine\/napoli-tra-memoria-famiglia-e-ricerca-se-lepoca-felice-di-cristina-comencini\/\"]}]},{\"@type\":\"ImageObject\",\"inLanguage\":\"it-IT\",\"@id\":\"https:\/\/ecampania.it\/magazine\/napoli-tra-memoria-famiglia-e-ricerca-se-lepoca-felice-di-cristina-comencini\/#primaryimage\",\"url\":\"https:\/\/ecampania.it\/magazine\/wp-content\/uploads\/2026\/03\/cover-lepoca-felice.jpg\",\"contentUrl\":\"https:\/\/ecampania.it\/magazine\/wp-content\/uploads\/2026\/03\/cover-lepoca-felice.jpg\",\"width\":536,\"height\":840},{\"@type\":\"BreadcrumbList\",\"@id\":\"https:\/\/ecampania.it\/magazine\/napoli-tra-memoria-famiglia-e-ricerca-se-lepoca-felice-di-cristina-comencini\/#breadcrumb\",\"itemListElement\":[{\"@type\":\"ListItem\",\"position\":1,\"name\":\"Home\",\"item\":\"https:\/\/ecampania.it\/magazine\/\"},{\"@type\":\"ListItem\",\"position\":2,\"name\":\"Napoli. Tra memoria, famiglia e ricerca s\u00e9: &#8216;L&#8217;epoca Felice&#8217;, il nuovo libro di Cristina Comencini\u00a0\"}]},{\"@type\":\"WebSite\",\"@id\":\"https:\/\/ecampania.it\/magazine\/#website\",\"url\":\"https:\/\/ecampania.it\/magazine\/\",\"name\":\"Ecampania\",\"description\":\"Il primo portale dedicato al turismo ed alla cultura in Campania\",\"publisher\":{\"@id\":\"https:\/\/ecampania.it\/magazine\/#organization\"},\"potentialAction\":[{\"@type\":\"SearchAction\",\"target\":{\"@type\":\"EntryPoint\",\"urlTemplate\":\"https:\/\/ecampania.it\/magazine\/?s={search_term_string}\"},\"query-input\":{\"@type\":\"PropertyValueSpecification\",\"valueRequired\":true,\"valueName\":\"search_term_string\"}}],\"inLanguage\":\"it-IT\"},{\"@type\":\"Organization\",\"@id\":\"https:\/\/ecampania.it\/magazine\/#organization\",\"name\":\"Ecampania\",\"url\":\"https:\/\/ecampania.it\/magazine\/\",\"logo\":{\"@type\":\"ImageObject\",\"inLanguage\":\"it-IT\",\"@id\":\"https:\/\/ecampania.it\/magazine\/#\/schema\/logo\/image\/\",\"url\":\"https:\/\/ecampania.it\/magazine\/wp-content\/uploads\/2025\/01\/fb.png\",\"contentUrl\":\"https:\/\/ecampania.it\/magazine\/wp-content\/uploads\/2025\/01\/fb.png\",\"width\":500,\"height\":500,\"caption\":\"Ecampania\"},\"image\":{\"@id\":\"https:\/\/ecampania.it\/magazine\/#\/schema\/logo\/image\/\"},\"sameAs\":[\"https:\/\/www.facebook.com\/ecampania.it\",\"https:\/\/www.instagram.com\/ecampania.it\/\"]},{\"@type\":\"Person\",\"@id\":\"https:\/\/ecampania.it\/magazine\/#\/schema\/person\/f372b853776f14766c01226091cd1381\",\"name\":\"Giada Cuomo\",\"image\":{\"@type\":\"ImageObject\",\"inLanguage\":\"it-IT\",\"@id\":\"https:\/\/ecampania.it\/magazine\/#\/schema\/person\/image\/\",\"url\":\"https:\/\/secure.gravatar.com\/avatar\/146c6721e4d668a5b54e972781d98893d8c77afe8ac2754067e4820df8ed0fa0?s=96&d=mm&r=g\",\"contentUrl\":\"https:\/\/secure.gravatar.com\/avatar\/146c6721e4d668a5b54e972781d98893d8c77afe8ac2754067e4820df8ed0fa0?s=96&d=mm&r=g\",\"caption\":\"Giada Cuomo\"},\"url\":\"https:\/\/ecampania.it\/magazine\/author\/giada\/\"}]}<\/script>\n<!-- \/ Yoast SEO plugin. -->","yoast_head_json":{"title":"Napoli. Tra memoria, famiglia e ricerca s\u00e9: 'L'epoca Felice', il nuovo libro di Cristina Comencini\u00a0 - \u00e8campania","robots":{"index":"index","follow":"follow","max-snippet":"max-snippet:-1","max-image-preview":"max-image-preview:large","max-video-preview":"max-video-preview:-1"},"canonical":"https:\/\/ecampania.it\/magazine\/napoli-tra-memoria-famiglia-e-ricerca-se-lepoca-felice-di-cristina-comencini\/","og_locale":"it_IT","og_type":"article","og_title":"Napoli. Tra memoria, famiglia e ricerca s\u00e9: 'L'epoca Felice', il nuovo libro di Cristina Comencini\u00a0 - \u00e8campania","og_description":"Incontro con la regista e scrittrice in un appuntamento aperto a tutti Alla scoperta del tempo perduto: &#8220;L&#8217;epoca Felice&#8221; \u00e8 il nuovo romanzo della scrittrice e regista Cristina Comencini. Il 7 marzo\u00a0alle ore\u00a018:00, presso la\u00a0Feltrinelli di Napoli piazza dei Martiri,\u00a0la scrittrice e regista\u00a0Cristina Comencini\u00a0presenta il suo nuovo libro\u00a0L&#8217;epoca Felice\u00a0(Feltrinelli). L\u2019autrice dialogher\u00e0 con\u00a0Ippolita Di Majo\u00a0in un [&hellip;]","og_url":"https:\/\/ecampania.it\/magazine\/napoli-tra-memoria-famiglia-e-ricerca-se-lepoca-felice-di-cristina-comencini\/","og_site_name":"\u00e8campania","article_publisher":"https:\/\/www.facebook.com\/ecampania.it","article_published_time":"2026-03-05T15:25:28+00:00","article_modified_time":"2026-03-05T15:28:59+00:00","og_image":[{"width":536,"height":840,"url":"https:\/\/ecampania.it\/magazine\/wp-content\/uploads\/2026\/03\/cover-lepoca-felice.jpg","type":"image\/jpeg"}],"author":"Giada Cuomo","twitter_card":"summary_large_image","twitter_misc":{"Scritto da":"Giada Cuomo","Tempo di lettura stimato":"3 minuti"},"schema":{"@context":"https:\/\/schema.org","@graph":[{"@type":"Article","@id":"https:\/\/ecampania.it\/magazine\/napoli-tra-memoria-famiglia-e-ricerca-se-lepoca-felice-di-cristina-comencini\/#article","isPartOf":{"@id":"https:\/\/ecampania.it\/magazine\/napoli-tra-memoria-famiglia-e-ricerca-se-lepoca-felice-di-cristina-comencini\/"},"author":{"name":"Giada Cuomo","@id":"https:\/\/ecampania.it\/magazine\/#\/schema\/person\/f372b853776f14766c01226091cd1381"},"headline":"Napoli. Tra memoria, famiglia e ricerca s\u00e9: &#8216;L&#8217;epoca Felice&#8217;, il nuovo libro di Cristina Comencini\u00a0","datePublished":"2026-03-05T15:25:28+00:00","dateModified":"2026-03-05T15:28:59+00:00","mainEntityOfPage":{"@id":"https:\/\/ecampania.it\/magazine\/napoli-tra-memoria-famiglia-e-ricerca-se-lepoca-felice-di-cristina-comencini\/"},"wordCount":482,"commentCount":0,"publisher":{"@id":"https:\/\/ecampania.it\/magazine\/#organization"},"image":{"@id":"https:\/\/ecampania.it\/magazine\/napoli-tra-memoria-famiglia-e-ricerca-se-lepoca-felice-di-cristina-comencini\/#primaryimage"},"thumbnailUrl":"https:\/\/ecampania.it\/magazine\/wp-content\/uploads\/2026\/03\/cover-lepoca-felice.jpg","keywords":["evento","libro"],"articleSection":["Cultura"],"inLanguage":"it-IT","potentialAction":[{"@type":"CommentAction","name":"Comment","target":["https:\/\/ecampania.it\/magazine\/napoli-tra-memoria-famiglia-e-ricerca-se-lepoca-felice-di-cristina-comencini\/#respond"]}]},{"@type":"WebPage","@id":"https:\/\/ecampania.it\/magazine\/napoli-tra-memoria-famiglia-e-ricerca-se-lepoca-felice-di-cristina-comencini\/","url":"https:\/\/ecampania.it\/magazine\/napoli-tra-memoria-famiglia-e-ricerca-se-lepoca-felice-di-cristina-comencini\/","name":"Napoli. Tra memoria, famiglia e ricerca s\u00e9: 'L'epoca Felice', il nuovo libro di Cristina Comencini\u00a0 - \u00e8campania","isPartOf":{"@id":"https:\/\/ecampania.it\/magazine\/#website"},"primaryImageOfPage":{"@id":"https:\/\/ecampania.it\/magazine\/napoli-tra-memoria-famiglia-e-ricerca-se-lepoca-felice-di-cristina-comencini\/#primaryimage"},"image":{"@id":"https:\/\/ecampania.it\/magazine\/napoli-tra-memoria-famiglia-e-ricerca-se-lepoca-felice-di-cristina-comencini\/#primaryimage"},"thumbnailUrl":"https:\/\/ecampania.it\/magazine\/wp-content\/uploads\/2026\/03\/cover-lepoca-felice.jpg","datePublished":"2026-03-05T15:25:28+00:00","dateModified":"2026-03-05T15:28:59+00:00","breadcrumb":{"@id":"https:\/\/ecampania.it\/magazine\/napoli-tra-memoria-famiglia-e-ricerca-se-lepoca-felice-di-cristina-comencini\/#breadcrumb"},"inLanguage":"it-IT","potentialAction":[{"@type":"ReadAction","target":["https:\/\/ecampania.it\/magazine\/napoli-tra-memoria-famiglia-e-ricerca-se-lepoca-felice-di-cristina-comencini\/"]}]},{"@type":"ImageObject","inLanguage":"it-IT","@id":"https:\/\/ecampania.it\/magazine\/napoli-tra-memoria-famiglia-e-ricerca-se-lepoca-felice-di-cristina-comencini\/#primaryimage","url":"https:\/\/ecampania.it\/magazine\/wp-content\/uploads\/2026\/03\/cover-lepoca-felice.jpg","contentUrl":"https:\/\/ecampania.it\/magazine\/wp-content\/uploads\/2026\/03\/cover-lepoca-felice.jpg","width":536,"height":840},{"@type":"BreadcrumbList","@id":"https:\/\/ecampania.it\/magazine\/napoli-tra-memoria-famiglia-e-ricerca-se-lepoca-felice-di-cristina-comencini\/#breadcrumb","itemListElement":[{"@type":"ListItem","position":1,"name":"Home","item":"https:\/\/ecampania.it\/magazine\/"},{"@type":"ListItem","position":2,"name":"Napoli. Tra memoria, famiglia e ricerca s\u00e9: &#8216;L&#8217;epoca Felice&#8217;, il nuovo libro di Cristina Comencini\u00a0"}]},{"@type":"WebSite","@id":"https:\/\/ecampania.it\/magazine\/#website","url":"https:\/\/ecampania.it\/magazine\/","name":"Ecampania","description":"Il primo portale dedicato al turismo ed alla cultura in Campania","publisher":{"@id":"https:\/\/ecampania.it\/magazine\/#organization"},"potentialAction":[{"@type":"SearchAction","target":{"@type":"EntryPoint","urlTemplate":"https:\/\/ecampania.it\/magazine\/?s={search_term_string}"},"query-input":{"@type":"PropertyValueSpecification","valueRequired":true,"valueName":"search_term_string"}}],"inLanguage":"it-IT"},{"@type":"Organization","@id":"https:\/\/ecampania.it\/magazine\/#organization","name":"Ecampania","url":"https:\/\/ecampania.it\/magazine\/","logo":{"@type":"ImageObject","inLanguage":"it-IT","@id":"https:\/\/ecampania.it\/magazine\/#\/schema\/logo\/image\/","url":"https:\/\/ecampania.it\/magazine\/wp-content\/uploads\/2025\/01\/fb.png","contentUrl":"https:\/\/ecampania.it\/magazine\/wp-content\/uploads\/2025\/01\/fb.png","width":500,"height":500,"caption":"Ecampania"},"image":{"@id":"https:\/\/ecampania.it\/magazine\/#\/schema\/logo\/image\/"},"sameAs":["https:\/\/www.facebook.com\/ecampania.it","https:\/\/www.instagram.com\/ecampania.it\/"]},{"@type":"Person","@id":"https:\/\/ecampania.it\/magazine\/#\/schema\/person\/f372b853776f14766c01226091cd1381","name":"Giada Cuomo","image":{"@type":"ImageObject","inLanguage":"it-IT","@id":"https:\/\/ecampania.it\/magazine\/#\/schema\/person\/image\/","url":"https:\/\/secure.gravatar.com\/avatar\/146c6721e4d668a5b54e972781d98893d8c77afe8ac2754067e4820df8ed0fa0?s=96&d=mm&r=g","contentUrl":"https:\/\/secure.gravatar.com\/avatar\/146c6721e4d668a5b54e972781d98893d8c77afe8ac2754067e4820df8ed0fa0?s=96&d=mm&r=g","caption":"Giada Cuomo"},"url":"https:\/\/ecampania.it\/magazine\/author\/giada\/"}]}},"_links":{"self":[{"href":"https:\/\/ecampania.it\/magazine\/wp-json\/wp\/v2\/posts\/8389","targetHints":{"allow":["GET"]}}],"collection":[{"href":"https:\/\/ecampania.it\/magazine\/wp-json\/wp\/v2\/posts"}],"about":[{"href":"https:\/\/ecampania.it\/magazine\/wp-json\/wp\/v2\/types\/post"}],"author":[{"embeddable":true,"href":"https:\/\/ecampania.it\/magazine\/wp-json\/wp\/v2\/users\/36"}],"replies":[{"embeddable":true,"href":"https:\/\/ecampania.it\/magazine\/wp-json\/wp\/v2\/comments?post=8389"}],"version-history":[{"count":2,"href":"https:\/\/ecampania.it\/magazine\/wp-json\/wp\/v2\/posts\/8389\/revisions"}],"predecessor-version":[{"id":8392,"href":"https:\/\/ecampania.it\/magazine\/wp-json\/wp\/v2\/posts\/8389\/revisions\/8392"}],"wp:featuredmedia":[{"embeddable":true,"href":"https:\/\/ecampania.it\/magazine\/wp-json\/wp\/v2\/media\/8390"}],"wp:attachment":[{"href":"https:\/\/ecampania.it\/magazine\/wp-json\/wp\/v2\/media?parent=8389"}],"wp:term":[{"taxonomy":"category","embeddable":true,"href":"https:\/\/ecampania.it\/magazine\/wp-json\/wp\/v2\/categories?post=8389"},{"taxonomy":"post_tag","embeddable":true,"href":"https:\/\/ecampania.it\/magazine\/wp-json\/wp\/v2\/tags?post=8389"}],"curies":[{"name":"wp","href":"https:\/\/api.w.org\/{rel}","templated":true}]}}