{"id":8450,"date":"2026-03-10T11:27:26","date_gmt":"2026-03-10T10:27:26","guid":{"rendered":"https:\/\/ecampania.it\/magazine\/?p=8450"},"modified":"2026-03-10T11:27:26","modified_gmt":"2026-03-10T10:27:26","slug":"santarpino-lartista-partenopeo-franco-ricciardi-vince-il-premio-pulcinellamente","status":"publish","type":"post","link":"https:\/\/ecampania.it\/magazine\/santarpino-lartista-partenopeo-franco-ricciardi-vince-il-premio-pulcinellamente\/","title":{"rendered":"Sant&#8217;Arpino. L&#8217;artista partenopeo Franco Ricciardi vince il premio &#8216;PulciNellaMente&#8217;"},"content":{"rendered":"\n<h4 class=\"wp-block-heading\"><strong>Appuntamento al Cinema Lendi gioved\u00ec 12 marzo<\/strong><\/h4>\n\n\n\n<p>L&#8217;artista pluripremiato <strong>Franco Ricciardi<\/strong>, costruttore di un linguaggio musicale unico, capace di fondere la tradizione napoletana con sonorit\u00e0 contemporanee e internazionali, gioved\u00ec <strong>12 marzo<\/strong>, alle ore<em> 18.00<\/em>, a Sant\u2019Arpino, presso il <strong>Cinema Lendi<\/strong> (in via Volta), ricever\u00e0 il\u00a0<em>Premio PulciNellaMente<\/em><strong>.\u00a0<\/strong><\/p>\n\n\n\n<p>Alla cerimonia, coordinata dal direttore di&nbsp;<em>PulciNellaMente<\/em>&nbsp;<strong>Elpidio Iorio<\/strong>, saranno presenti il sindaco di Sant\u2019Arpino&nbsp;<strong>Ernesto Di Mattia<\/strong>, la responsabile formazione e scuola di&nbsp;<em>PulciNellaMente<\/em>&nbsp;<strong>Carmela Barbato<\/strong>, e l\u2019attrice&nbsp;<strong>Raffaella Di Caprio<\/strong>.<\/p>\n\n\n\n<p>A condurre l\u2019intervista pubblica sar\u00e0&nbsp;<strong>Carmine Aymone<\/strong>, critico musicale, giornalista del&nbsp;<em>Corriere del Mezzogiorno\/Corriere della Sera<\/em>&nbsp;e docente universitario.<\/p>\n\n\n\n<p>La rassegna&nbsp;<em>PulciNellaMente<\/em>&nbsp;\u2013 Festival di Teatro Scuola, da ventotto anni impegnata nella promozione della cultura, dell\u2019educazione e dei linguaggi artistici contemporanei, conferir\u00e0 gioved\u00ec un riconoscimento al cantautore napoletano Franco Ricciardi.<\/p>\n\n\n\n<p>La scelta nasce dalla volont\u00e0 di guardare con attenzione a un percorso artistico che ha saputo attraversare mondi musicali diversi e parlare a un pubblico vastissimo. Ricciardi rappresenta una delle voci pi\u00f9 riconoscibili della canzone popolare napoletana contemporanea, capace nel tempo di mettere in dialogo la tradizione melodica con sonorit\u00e0 pop, urban e rap, ampliando il pubblico della canzone napoletana e portandola verso nuovi linguaggi.<\/p>\n\n\n\n<p>La sua storia artistica comincia molto presto: appena undicenne, Ricciardi scopre una vocazione forte e immediata per il canto, trasformando una passione personale in un percorso professionale che negli anni lo porter\u00e0 a calcare palcoscenici importanti e a conquistare un pubblico sempre pi\u00f9 ampio e trasversale.<\/p>\n\n\n\n<p>Il suo lavoro ha inoltre ricevuto importanti riconoscimenti nazionali, tra cui due premi assegnati nell\u2019ambito dei David di Donatello per la migliore canzone originale, a testimonianza della capacit\u00e0 della sua musica di dialogare anche con il linguaggio cinematografico.<\/p>\n\n\n\n<p>In un tempo in cui il dibattito culturale tende spesso a semplificare fenomeni complessi,&nbsp;<em>PulciNellaMente<\/em>&nbsp;ritiene importante mettersi in ascolto. Ascoltare i linguaggi popolari, le passioni che attraversano le nuove generazioni, le forme di espressione che nascono nei territori. Farlo significa anche provare a superare stereotipi e pregiudizi, riconoscendo dignit\u00e0 culturale a pubblici che talvolta non trovano spazio nei contesti pi\u00f9 tradizionali della produzione artistica.<\/p>\n\n\n\n<p>La musica popolare, quando riesce a parlare a comunit\u00e0 ampie e diverse, diventa infatti uno strumento di racconto collettivo, di identit\u00e0 e di appartenenza. Ed \u00e8 proprio in questa capacit\u00e0 di intercettare emozioni diffuse e di dare voce a un pubblico numeroso che risiede una parte significativa del percorso artistico di Franco Ricciardi.<\/p>\n\n\n\n<p>Il riconoscimento apre ufficialmente l\u2019anno della ventiseiesima edizione della rassegna&nbsp;<em>PulciNellaMente<\/em>, che continua a promuovere occasioni di incontro tra le nuove generazioni, il teatro, la musica e le diverse forme della creativit\u00e0 contemporanea, nella convinzione che la cultura debba restare prima di tutto uno spazio aperto di ascolto, confronto e partecipazione.<\/p>\n\n\n\n<p>Un particolare ringraziamento per la preziosa collaborazione a:&nbsp;<em>Pink House Group<\/em>&nbsp;della famiglia Vitale,&nbsp;<em>Elba<\/em>&nbsp;industria imballaggi della famiglia Capasso;&nbsp;<em>Picano Rent<\/em>,&nbsp;<em>Marlen Pens<\/em>,&nbsp;<em>EventArt,<\/em>&nbsp;<em>Studiomono<\/em>&nbsp;studio di grafica e design. &nbsp;<\/p>\n\n\n\n<p>Ingresso su invito: per partecipare occorre inviare un messaggio WhatsApp al <strong>3403901307<\/strong>.<\/p>\n","protected":false},"excerpt":{"rendered":"<p>Appuntamento al Cinema Lendi gioved\u00ec 12 marzo L&#8217;artista pluripremiato Franco Ricciardi, costruttore di un linguaggio musicale unico, capace di fondere la tradizione napoletana con sonorit\u00e0 contemporanee e internazionali, gioved\u00ec 12 marzo, alle ore 18.00, a Sant\u2019Arpino, presso il Cinema Lendi (in via Volta), ricever\u00e0 il\u00a0Premio PulciNellaMente.\u00a0 Alla cerimonia, coordinata dal direttore di&nbsp;PulciNellaMente&nbsp;Elpidio Iorio, saranno presenti [&hellip;]<\/p>\n","protected":false},"author":36,"featured_media":8451,"comment_status":"open","ping_status":"open","sticky":false,"template":"","format":"standard","meta":{"jnews-multi-image_gallery":[],"jnews_single_post":{"format":"standard"},"jnews_primary_category":[],"jnews_override_counter":[],"footnotes":""},"categories":[7],"tags":[30,29],"class_list":["post-8450","post","type-post","status-publish","format-standard","has-post-thumbnail","hentry","category-eventi","tag-musica","tag-teatro"],"yoast_head":"<!-- This site is optimized with the Yoast SEO plugin v24.2 - https:\/\/yoast.com\/wordpress\/plugins\/seo\/ -->\n<title>Sant&#039;Arpino. L&#039;artista partenopeo Franco Ricciardi vince il premio &#039;PulciNellaMente&#039; - \u00e8campania<\/title>\n<meta name=\"robots\" content=\"index, follow, max-snippet:-1, max-image-preview:large, max-video-preview:-1\" \/>\n<link rel=\"canonical\" href=\"https:\/\/ecampania.it\/magazine\/santarpino-lartista-partenopeo-franco-ricciardi-vince-il-premio-pulcinellamente\/\" \/>\n<meta property=\"og:locale\" content=\"it_IT\" \/>\n<meta property=\"og:type\" content=\"article\" \/>\n<meta property=\"og:title\" content=\"Sant&#039;Arpino. L&#039;artista partenopeo Franco Ricciardi vince il premio &#039;PulciNellaMente&#039; - \u00e8campania\" \/>\n<meta property=\"og:description\" content=\"Appuntamento al Cinema Lendi gioved\u00ec 12 marzo L&#8217;artista pluripremiato Franco Ricciardi, costruttore di un linguaggio musicale unico, capace di fondere la tradizione napoletana con sonorit\u00e0 contemporanee e internazionali, gioved\u00ec 12 marzo, alle ore 18.00, a Sant\u2019Arpino, presso il Cinema Lendi (in via Volta), ricever\u00e0 il\u00a0Premio PulciNellaMente.\u00a0 Alla cerimonia, coordinata dal direttore di&nbsp;PulciNellaMente&nbsp;Elpidio Iorio, saranno presenti [&hellip;]\" \/>\n<meta property=\"og:url\" content=\"https:\/\/ecampania.it\/magazine\/santarpino-lartista-partenopeo-franco-ricciardi-vince-il-premio-pulcinellamente\/\" \/>\n<meta property=\"og:site_name\" content=\"\u00e8campania\" \/>\n<meta property=\"article:publisher\" content=\"https:\/\/www.facebook.com\/ecampania.it\" \/>\n<meta property=\"article:published_time\" content=\"2026-03-10T10:27:26+00:00\" \/>\n<meta property=\"og:image\" content=\"https:\/\/ecampania.it\/magazine\/wp-content\/uploads\/2026\/03\/Locandina-Ricciardi.jpeg\" \/>\n\t<meta property=\"og:image:width\" content=\"1004\" \/>\n\t<meta property=\"og:image:height\" content=\"852\" \/>\n\t<meta property=\"og:image:type\" content=\"image\/jpeg\" \/>\n<meta name=\"author\" content=\"Giada Cuomo\" \/>\n<meta name=\"twitter:card\" content=\"summary_large_image\" \/>\n<meta name=\"twitter:label1\" content=\"Scritto da\" \/>\n\t<meta name=\"twitter:data1\" content=\"Giada Cuomo\" \/>\n\t<meta name=\"twitter:label2\" content=\"Tempo di lettura stimato\" \/>\n\t<meta name=\"twitter:data2\" content=\"3 minuti\" \/>\n<script type=\"application\/ld+json\" class=\"yoast-schema-graph\">{\"@context\":\"https:\/\/schema.org\",\"@graph\":[{\"@type\":\"Article\",\"@id\":\"https:\/\/ecampania.it\/magazine\/santarpino-lartista-partenopeo-franco-ricciardi-vince-il-premio-pulcinellamente\/#article\",\"isPartOf\":{\"@id\":\"https:\/\/ecampania.it\/magazine\/santarpino-lartista-partenopeo-franco-ricciardi-vince-il-premio-pulcinellamente\/\"},\"author\":{\"name\":\"Giada Cuomo\",\"@id\":\"https:\/\/ecampania.it\/magazine\/#\/schema\/person\/f372b853776f14766c01226091cd1381\"},\"headline\":\"Sant&#8217;Arpino. L&#8217;artista partenopeo Franco Ricciardi vince il premio &#8216;PulciNellaMente&#8217;\",\"datePublished\":\"2026-03-10T10:27:26+00:00\",\"dateModified\":\"2026-03-10T10:27:26+00:00\",\"mainEntityOfPage\":{\"@id\":\"https:\/\/ecampania.it\/magazine\/santarpino-lartista-partenopeo-franco-ricciardi-vince-il-premio-pulcinellamente\/\"},\"wordCount\":525,\"commentCount\":0,\"publisher\":{\"@id\":\"https:\/\/ecampania.it\/magazine\/#organization\"},\"image\":{\"@id\":\"https:\/\/ecampania.it\/magazine\/santarpino-lartista-partenopeo-franco-ricciardi-vince-il-premio-pulcinellamente\/#primaryimage\"},\"thumbnailUrl\":\"https:\/\/ecampania.it\/magazine\/wp-content\/uploads\/2026\/03\/Locandina-Ricciardi.jpeg\",\"keywords\":[\"musica\",\"teatro\"],\"articleSection\":[\"Eventi\"],\"inLanguage\":\"it-IT\",\"potentialAction\":[{\"@type\":\"CommentAction\",\"name\":\"Comment\",\"target\":[\"https:\/\/ecampania.it\/magazine\/santarpino-lartista-partenopeo-franco-ricciardi-vince-il-premio-pulcinellamente\/#respond\"]}]},{\"@type\":\"WebPage\",\"@id\":\"https:\/\/ecampania.it\/magazine\/santarpino-lartista-partenopeo-franco-ricciardi-vince-il-premio-pulcinellamente\/\",\"url\":\"https:\/\/ecampania.it\/magazine\/santarpino-lartista-partenopeo-franco-ricciardi-vince-il-premio-pulcinellamente\/\",\"name\":\"Sant'Arpino. L'artista partenopeo Franco Ricciardi vince il premio 'PulciNellaMente' - \u00e8campania\",\"isPartOf\":{\"@id\":\"https:\/\/ecampania.it\/magazine\/#website\"},\"primaryImageOfPage\":{\"@id\":\"https:\/\/ecampania.it\/magazine\/santarpino-lartista-partenopeo-franco-ricciardi-vince-il-premio-pulcinellamente\/#primaryimage\"},\"image\":{\"@id\":\"https:\/\/ecampania.it\/magazine\/santarpino-lartista-partenopeo-franco-ricciardi-vince-il-premio-pulcinellamente\/#primaryimage\"},\"thumbnailUrl\":\"https:\/\/ecampania.it\/magazine\/wp-content\/uploads\/2026\/03\/Locandina-Ricciardi.jpeg\",\"datePublished\":\"2026-03-10T10:27:26+00:00\",\"dateModified\":\"2026-03-10T10:27:26+00:00\",\"breadcrumb\":{\"@id\":\"https:\/\/ecampania.it\/magazine\/santarpino-lartista-partenopeo-franco-ricciardi-vince-il-premio-pulcinellamente\/#breadcrumb\"},\"inLanguage\":\"it-IT\",\"potentialAction\":[{\"@type\":\"ReadAction\",\"target\":[\"https:\/\/ecampania.it\/magazine\/santarpino-lartista-partenopeo-franco-ricciardi-vince-il-premio-pulcinellamente\/\"]}]},{\"@type\":\"ImageObject\",\"inLanguage\":\"it-IT\",\"@id\":\"https:\/\/ecampania.it\/magazine\/santarpino-lartista-partenopeo-franco-ricciardi-vince-il-premio-pulcinellamente\/#primaryimage\",\"url\":\"https:\/\/ecampania.it\/magazine\/wp-content\/uploads\/2026\/03\/Locandina-Ricciardi.jpeg\",\"contentUrl\":\"https:\/\/ecampania.it\/magazine\/wp-content\/uploads\/2026\/03\/Locandina-Ricciardi.jpeg\",\"width\":1004,\"height\":852},{\"@type\":\"BreadcrumbList\",\"@id\":\"https:\/\/ecampania.it\/magazine\/santarpino-lartista-partenopeo-franco-ricciardi-vince-il-premio-pulcinellamente\/#breadcrumb\",\"itemListElement\":[{\"@type\":\"ListItem\",\"position\":1,\"name\":\"Home\",\"item\":\"https:\/\/ecampania.it\/magazine\/\"},{\"@type\":\"ListItem\",\"position\":2,\"name\":\"Sant&#8217;Arpino. L&#8217;artista partenopeo Franco Ricciardi vince il premio &#8216;PulciNellaMente&#8217;\"}]},{\"@type\":\"WebSite\",\"@id\":\"https:\/\/ecampania.it\/magazine\/#website\",\"url\":\"https:\/\/ecampania.it\/magazine\/\",\"name\":\"Ecampania\",\"description\":\"Il primo portale dedicato al turismo ed alla cultura in Campania\",\"publisher\":{\"@id\":\"https:\/\/ecampania.it\/magazine\/#organization\"},\"potentialAction\":[{\"@type\":\"SearchAction\",\"target\":{\"@type\":\"EntryPoint\",\"urlTemplate\":\"https:\/\/ecampania.it\/magazine\/?s={search_term_string}\"},\"query-input\":{\"@type\":\"PropertyValueSpecification\",\"valueRequired\":true,\"valueName\":\"search_term_string\"}}],\"inLanguage\":\"it-IT\"},{\"@type\":\"Organization\",\"@id\":\"https:\/\/ecampania.it\/magazine\/#organization\",\"name\":\"Ecampania\",\"url\":\"https:\/\/ecampania.it\/magazine\/\",\"logo\":{\"@type\":\"ImageObject\",\"inLanguage\":\"it-IT\",\"@id\":\"https:\/\/ecampania.it\/magazine\/#\/schema\/logo\/image\/\",\"url\":\"https:\/\/ecampania.it\/magazine\/wp-content\/uploads\/2025\/01\/fb.png\",\"contentUrl\":\"https:\/\/ecampania.it\/magazine\/wp-content\/uploads\/2025\/01\/fb.png\",\"width\":500,\"height\":500,\"caption\":\"Ecampania\"},\"image\":{\"@id\":\"https:\/\/ecampania.it\/magazine\/#\/schema\/logo\/image\/\"},\"sameAs\":[\"https:\/\/www.facebook.com\/ecampania.it\",\"https:\/\/www.instagram.com\/ecampania.it\/\"]},{\"@type\":\"Person\",\"@id\":\"https:\/\/ecampania.it\/magazine\/#\/schema\/person\/f372b853776f14766c01226091cd1381\",\"name\":\"Giada Cuomo\",\"image\":{\"@type\":\"ImageObject\",\"inLanguage\":\"it-IT\",\"@id\":\"https:\/\/ecampania.it\/magazine\/#\/schema\/person\/image\/\",\"url\":\"https:\/\/secure.gravatar.com\/avatar\/146c6721e4d668a5b54e972781d98893d8c77afe8ac2754067e4820df8ed0fa0?s=96&d=mm&r=g\",\"contentUrl\":\"https:\/\/secure.gravatar.com\/avatar\/146c6721e4d668a5b54e972781d98893d8c77afe8ac2754067e4820df8ed0fa0?s=96&d=mm&r=g\",\"caption\":\"Giada Cuomo\"},\"url\":\"https:\/\/ecampania.it\/magazine\/author\/giada\/\"}]}<\/script>\n<!-- \/ Yoast SEO plugin. -->","yoast_head_json":{"title":"Sant'Arpino. L'artista partenopeo Franco Ricciardi vince il premio 'PulciNellaMente' - \u00e8campania","robots":{"index":"index","follow":"follow","max-snippet":"max-snippet:-1","max-image-preview":"max-image-preview:large","max-video-preview":"max-video-preview:-1"},"canonical":"https:\/\/ecampania.it\/magazine\/santarpino-lartista-partenopeo-franco-ricciardi-vince-il-premio-pulcinellamente\/","og_locale":"it_IT","og_type":"article","og_title":"Sant'Arpino. L'artista partenopeo Franco Ricciardi vince il premio 'PulciNellaMente' - \u00e8campania","og_description":"Appuntamento al Cinema Lendi gioved\u00ec 12 marzo L&#8217;artista pluripremiato Franco Ricciardi, costruttore di un linguaggio musicale unico, capace di fondere la tradizione napoletana con sonorit\u00e0 contemporanee e internazionali, gioved\u00ec 12 marzo, alle ore 18.00, a Sant\u2019Arpino, presso il Cinema Lendi (in via Volta), ricever\u00e0 il\u00a0Premio PulciNellaMente.\u00a0 Alla cerimonia, coordinata dal direttore di&nbsp;PulciNellaMente&nbsp;Elpidio Iorio, saranno presenti [&hellip;]","og_url":"https:\/\/ecampania.it\/magazine\/santarpino-lartista-partenopeo-franco-ricciardi-vince-il-premio-pulcinellamente\/","og_site_name":"\u00e8campania","article_publisher":"https:\/\/www.facebook.com\/ecampania.it","article_published_time":"2026-03-10T10:27:26+00:00","og_image":[{"width":1004,"height":852,"url":"https:\/\/ecampania.it\/magazine\/wp-content\/uploads\/2026\/03\/Locandina-Ricciardi.jpeg","type":"image\/jpeg"}],"author":"Giada Cuomo","twitter_card":"summary_large_image","twitter_misc":{"Scritto da":"Giada Cuomo","Tempo di lettura stimato":"3 minuti"},"schema":{"@context":"https:\/\/schema.org","@graph":[{"@type":"Article","@id":"https:\/\/ecampania.it\/magazine\/santarpino-lartista-partenopeo-franco-ricciardi-vince-il-premio-pulcinellamente\/#article","isPartOf":{"@id":"https:\/\/ecampania.it\/magazine\/santarpino-lartista-partenopeo-franco-ricciardi-vince-il-premio-pulcinellamente\/"},"author":{"name":"Giada Cuomo","@id":"https:\/\/ecampania.it\/magazine\/#\/schema\/person\/f372b853776f14766c01226091cd1381"},"headline":"Sant&#8217;Arpino. L&#8217;artista partenopeo Franco Ricciardi vince il premio &#8216;PulciNellaMente&#8217;","datePublished":"2026-03-10T10:27:26+00:00","dateModified":"2026-03-10T10:27:26+00:00","mainEntityOfPage":{"@id":"https:\/\/ecampania.it\/magazine\/santarpino-lartista-partenopeo-franco-ricciardi-vince-il-premio-pulcinellamente\/"},"wordCount":525,"commentCount":0,"publisher":{"@id":"https:\/\/ecampania.it\/magazine\/#organization"},"image":{"@id":"https:\/\/ecampania.it\/magazine\/santarpino-lartista-partenopeo-franco-ricciardi-vince-il-premio-pulcinellamente\/#primaryimage"},"thumbnailUrl":"https:\/\/ecampania.it\/magazine\/wp-content\/uploads\/2026\/03\/Locandina-Ricciardi.jpeg","keywords":["musica","teatro"],"articleSection":["Eventi"],"inLanguage":"it-IT","potentialAction":[{"@type":"CommentAction","name":"Comment","target":["https:\/\/ecampania.it\/magazine\/santarpino-lartista-partenopeo-franco-ricciardi-vince-il-premio-pulcinellamente\/#respond"]}]},{"@type":"WebPage","@id":"https:\/\/ecampania.it\/magazine\/santarpino-lartista-partenopeo-franco-ricciardi-vince-il-premio-pulcinellamente\/","url":"https:\/\/ecampania.it\/magazine\/santarpino-lartista-partenopeo-franco-ricciardi-vince-il-premio-pulcinellamente\/","name":"Sant'Arpino. L'artista partenopeo Franco Ricciardi vince il premio 'PulciNellaMente' - \u00e8campania","isPartOf":{"@id":"https:\/\/ecampania.it\/magazine\/#website"},"primaryImageOfPage":{"@id":"https:\/\/ecampania.it\/magazine\/santarpino-lartista-partenopeo-franco-ricciardi-vince-il-premio-pulcinellamente\/#primaryimage"},"image":{"@id":"https:\/\/ecampania.it\/magazine\/santarpino-lartista-partenopeo-franco-ricciardi-vince-il-premio-pulcinellamente\/#primaryimage"},"thumbnailUrl":"https:\/\/ecampania.it\/magazine\/wp-content\/uploads\/2026\/03\/Locandina-Ricciardi.jpeg","datePublished":"2026-03-10T10:27:26+00:00","dateModified":"2026-03-10T10:27:26+00:00","breadcrumb":{"@id":"https:\/\/ecampania.it\/magazine\/santarpino-lartista-partenopeo-franco-ricciardi-vince-il-premio-pulcinellamente\/#breadcrumb"},"inLanguage":"it-IT","potentialAction":[{"@type":"ReadAction","target":["https:\/\/ecampania.it\/magazine\/santarpino-lartista-partenopeo-franco-ricciardi-vince-il-premio-pulcinellamente\/"]}]},{"@type":"ImageObject","inLanguage":"it-IT","@id":"https:\/\/ecampania.it\/magazine\/santarpino-lartista-partenopeo-franco-ricciardi-vince-il-premio-pulcinellamente\/#primaryimage","url":"https:\/\/ecampania.it\/magazine\/wp-content\/uploads\/2026\/03\/Locandina-Ricciardi.jpeg","contentUrl":"https:\/\/ecampania.it\/magazine\/wp-content\/uploads\/2026\/03\/Locandina-Ricciardi.jpeg","width":1004,"height":852},{"@type":"BreadcrumbList","@id":"https:\/\/ecampania.it\/magazine\/santarpino-lartista-partenopeo-franco-ricciardi-vince-il-premio-pulcinellamente\/#breadcrumb","itemListElement":[{"@type":"ListItem","position":1,"name":"Home","item":"https:\/\/ecampania.it\/magazine\/"},{"@type":"ListItem","position":2,"name":"Sant&#8217;Arpino. L&#8217;artista partenopeo Franco Ricciardi vince il premio &#8216;PulciNellaMente&#8217;"}]},{"@type":"WebSite","@id":"https:\/\/ecampania.it\/magazine\/#website","url":"https:\/\/ecampania.it\/magazine\/","name":"Ecampania","description":"Il primo portale dedicato al turismo ed alla cultura in Campania","publisher":{"@id":"https:\/\/ecampania.it\/magazine\/#organization"},"potentialAction":[{"@type":"SearchAction","target":{"@type":"EntryPoint","urlTemplate":"https:\/\/ecampania.it\/magazine\/?s={search_term_string}"},"query-input":{"@type":"PropertyValueSpecification","valueRequired":true,"valueName":"search_term_string"}}],"inLanguage":"it-IT"},{"@type":"Organization","@id":"https:\/\/ecampania.it\/magazine\/#organization","name":"Ecampania","url":"https:\/\/ecampania.it\/magazine\/","logo":{"@type":"ImageObject","inLanguage":"it-IT","@id":"https:\/\/ecampania.it\/magazine\/#\/schema\/logo\/image\/","url":"https:\/\/ecampania.it\/magazine\/wp-content\/uploads\/2025\/01\/fb.png","contentUrl":"https:\/\/ecampania.it\/magazine\/wp-content\/uploads\/2025\/01\/fb.png","width":500,"height":500,"caption":"Ecampania"},"image":{"@id":"https:\/\/ecampania.it\/magazine\/#\/schema\/logo\/image\/"},"sameAs":["https:\/\/www.facebook.com\/ecampania.it","https:\/\/www.instagram.com\/ecampania.it\/"]},{"@type":"Person","@id":"https:\/\/ecampania.it\/magazine\/#\/schema\/person\/f372b853776f14766c01226091cd1381","name":"Giada Cuomo","image":{"@type":"ImageObject","inLanguage":"it-IT","@id":"https:\/\/ecampania.it\/magazine\/#\/schema\/person\/image\/","url":"https:\/\/secure.gravatar.com\/avatar\/146c6721e4d668a5b54e972781d98893d8c77afe8ac2754067e4820df8ed0fa0?s=96&d=mm&r=g","contentUrl":"https:\/\/secure.gravatar.com\/avatar\/146c6721e4d668a5b54e972781d98893d8c77afe8ac2754067e4820df8ed0fa0?s=96&d=mm&r=g","caption":"Giada Cuomo"},"url":"https:\/\/ecampania.it\/magazine\/author\/giada\/"}]}},"_links":{"self":[{"href":"https:\/\/ecampania.it\/magazine\/wp-json\/wp\/v2\/posts\/8450","targetHints":{"allow":["GET"]}}],"collection":[{"href":"https:\/\/ecampania.it\/magazine\/wp-json\/wp\/v2\/posts"}],"about":[{"href":"https:\/\/ecampania.it\/magazine\/wp-json\/wp\/v2\/types\/post"}],"author":[{"embeddable":true,"href":"https:\/\/ecampania.it\/magazine\/wp-json\/wp\/v2\/users\/36"}],"replies":[{"embeddable":true,"href":"https:\/\/ecampania.it\/magazine\/wp-json\/wp\/v2\/comments?post=8450"}],"version-history":[{"count":1,"href":"https:\/\/ecampania.it\/magazine\/wp-json\/wp\/v2\/posts\/8450\/revisions"}],"predecessor-version":[{"id":8452,"href":"https:\/\/ecampania.it\/magazine\/wp-json\/wp\/v2\/posts\/8450\/revisions\/8452"}],"wp:featuredmedia":[{"embeddable":true,"href":"https:\/\/ecampania.it\/magazine\/wp-json\/wp\/v2\/media\/8451"}],"wp:attachment":[{"href":"https:\/\/ecampania.it\/magazine\/wp-json\/wp\/v2\/media?parent=8450"}],"wp:term":[{"taxonomy":"category","embeddable":true,"href":"https:\/\/ecampania.it\/magazine\/wp-json\/wp\/v2\/categories?post=8450"},{"taxonomy":"post_tag","embeddable":true,"href":"https:\/\/ecampania.it\/magazine\/wp-json\/wp\/v2\/tags?post=8450"}],"curies":[{"name":"wp","href":"https:\/\/api.w.org\/{rel}","templated":true}]}}