{"id":8453,"date":"2026-03-10T12:05:11","date_gmt":"2026-03-10T11:05:11","guid":{"rendered":"https:\/\/ecampania.it\/magazine\/?p=8453"},"modified":"2026-03-10T12:05:11","modified_gmt":"2026-03-10T11:05:11","slug":"il-volto-di-napoli-nuove-adesioni-al-progetto-di-riqualificazione-di-piazza-garibaldi","status":"publish","type":"post","link":"https:\/\/ecampania.it\/magazine\/il-volto-di-napoli-nuove-adesioni-al-progetto-di-riqualificazione-di-piazza-garibaldi\/","title":{"rendered":"Il volto di Napoli: nuove adesioni al progetto di riqualificazione di Piazza Garibaldi"},"content":{"rendered":"\n<h4 class=\"wp-block-heading\"><strong>Federconsumatori Campania\u00a0aderisce al programma &#8216;Bella Piazza&#8217;<\/strong><\/h4>\n\n\n\n<p>Lingue, provenienze e storie diverse: Piazza Garibaldi \u00e8 da sempre il primo volto di Napoli per chi arriva, e uno dei crocevia pi\u00f9 densi e contraddittori del Mezzogiorno. Un luogo che negli ultimi anni ha provato a scrollarsi di dosso anni di abbandono e marginalizzazione, costruendo pezzo per pezzo una narrazione nuova, fatta di presidio sociale, cultura, accoglienza.<\/p>\n\n\n\n<p>In questo percorso, che vede insieme gi\u00e0 tantissime realt\u00e0 della societ\u00e0 civile e del terzo settore napoletane e campane, arriva un nuovo alleato: anche&nbsp;<strong>Federconsumatori Campania APS ha sottoscritto l&#8217;accordo di collaborazione con Dedalus Cooperativa Sociale nell&#8217;ambito di &#8220;Bella Piazza&#8221;,<\/strong>&nbsp;percorso di co-gestione pubblico-privato degli spazi pubblici di piazza Garibaldi sostenuto da Fondazione Con il Sud insieme a una rete di enti e fondazioni<\/p>\n\n\n\n<p>Federconsumatori Campania, che tra l&#8217;altro proprio a Piazza Garibaldi ha scelto di posizionare la propria sede principale regionale, porter\u00e0 in piazza uno sportello settimanale di tutela e orientamento per i cittadini.<\/p>\n\n\n\n<p>Un contributo concreto, immediato e misurabile:&nbsp;<strong>ogni venerd\u00ec dalle 15 alle 17, un consulente dell&#8217;associazione sar\u00e0 presente in piazza per offrire un servizio gratuito di informazione<\/strong>, orientamento e tutela rivolto a chiunque abbia difficolt\u00e0 a destreggiarsi nel dedalo delle utenze domestiche \u2013 luce, gas, acqua, rifiuti, telefonia \u2013 o abbia bisogno di capire i propri diritti come consumatore. Un presidio a bassa soglia, pensato per chi \u00e8 pi\u00f9 esposto: migranti, persone anziane, famiglie in difficolt\u00e0 economica, senza dimora.<\/p>\n\n\n\n<p><em>\u201cPiazza Garibaldi \u00e8 il biglietto da visita di Napoli per chi arriva dal resto d&#8217;Italia e dal mondo, e al tempo stesso \u00e8 uno dei luoghi dove le fragilit\u00e0 sociali della nostra citt\u00e0 si concentrano in modo pi\u00f9 visibile\u201d,<\/em>&nbsp;dichiara&nbsp;<strong>Giovanni Berritto, presidente di Federconsumatori Campania APS<\/strong>.&nbsp;<em>\u201cEssere presenti l\u00ec con i nostri servizi non \u00e8 solo una scelta di coerenza con la nostra missione \u2013 da oltre trent&#8217;anni difendiamo i diritti dei cittadini \u2013 \u00e8 una scelta politica nel senso pi\u00f9 bello della parola: stare dove c&#8217;\u00e8 bisogno. La collaborazione con Dedalus ci permette di inserirci in una rete gi\u00e0 solida, capace di fare sistema tra realt\u00e0 diverse per un obiettivo comune. Ogni venerd\u00ec pomeriggio porteremo competenza e ascolto: \u00e8 il minimo che possiamo fare per chi spesso non sa nemmeno di avere diritti da esigere\u201d.&nbsp;<\/em><\/p>\n\n\n\n<p><strong>Elena de Filippo, della cooperativa Dedalus, capofila del progetto Bella Piazza<\/strong>, afferma:&nbsp;<em>\u201cL\u2019adesione di Federconsumatori Campania rafforza in modo concreto il senso del progetto: costruire a Piazza Garibaldi una presenza stabile, accessibile e competente, capace di intercettare i bisogni reali delle persone e di offrire risposte immediate. In un luogo attraversato ogni giorno da cittadini, viaggiatori, lavoratori, persone in condizioni di fragilit\u00e0 e nuovi abitanti della citt\u00e0, portare uno sportello di orientamento e tutela dei diritti dei consumatori significa aggiungere un presidio utile e vicino, che si inserisce pienamente nella visione di uno spazio pubblico vissuto come luogo di cura, relazione e inclusione\u201d.&nbsp;<\/em><\/p>\n","protected":false},"excerpt":{"rendered":"<p>Federconsumatori Campania\u00a0aderisce al programma &#8216;Bella Piazza&#8217; Lingue, provenienze e storie diverse: Piazza Garibaldi \u00e8 da sempre il primo volto di Napoli per chi arriva, e uno dei crocevia pi\u00f9 densi e contraddittori del Mezzogiorno. Un luogo che negli ultimi anni ha provato a scrollarsi di dosso anni di abbandono e marginalizzazione, costruendo pezzo per pezzo [&hellip;]<\/p>\n","protected":false},"author":36,"featured_media":8454,"comment_status":"open","ping_status":"open","sticky":false,"template":"","format":"standard","meta":{"jnews-multi-image_gallery":[],"jnews_single_post":{"format":"standard"},"jnews_primary_category":[],"jnews_override_counter":[],"footnotes":""},"categories":[1],"tags":[305,82],"class_list":["post-8453","post","type-post","status-publish","format-standard","has-post-thumbnail","hentry","category-news","tag-eventi","tag-napoli"],"yoast_head":"<!-- This site is optimized with the Yoast SEO plugin v24.2 - https:\/\/yoast.com\/wordpress\/plugins\/seo\/ -->\n<title>Il volto di Napoli: nuove adesioni al progetto di riqualificazione di Piazza Garibaldi - \u00e8campania<\/title>\n<meta name=\"robots\" content=\"index, follow, max-snippet:-1, max-image-preview:large, max-video-preview:-1\" \/>\n<link rel=\"canonical\" href=\"https:\/\/ecampania.it\/magazine\/il-volto-di-napoli-nuove-adesioni-al-progetto-di-riqualificazione-di-piazza-garibaldi\/\" \/>\n<meta property=\"og:locale\" content=\"it_IT\" \/>\n<meta property=\"og:type\" content=\"article\" \/>\n<meta property=\"og:title\" content=\"Il volto di Napoli: nuove adesioni al progetto di riqualificazione di Piazza Garibaldi - \u00e8campania\" \/>\n<meta property=\"og:description\" content=\"Federconsumatori Campania\u00a0aderisce al programma &#8216;Bella Piazza&#8217; Lingue, provenienze e storie diverse: Piazza Garibaldi \u00e8 da sempre il primo volto di Napoli per chi arriva, e uno dei crocevia pi\u00f9 densi e contraddittori del Mezzogiorno. Un luogo che negli ultimi anni ha provato a scrollarsi di dosso anni di abbandono e marginalizzazione, costruendo pezzo per pezzo [&hellip;]\" \/>\n<meta property=\"og:url\" content=\"https:\/\/ecampania.it\/magazine\/il-volto-di-napoli-nuove-adesioni-al-progetto-di-riqualificazione-di-piazza-garibaldi\/\" \/>\n<meta property=\"og:site_name\" content=\"\u00e8campania\" \/>\n<meta property=\"article:publisher\" content=\"https:\/\/www.facebook.com\/ecampania.it\" \/>\n<meta property=\"article:published_time\" content=\"2026-03-10T11:05:11+00:00\" \/>\n<meta property=\"og:image\" content=\"https:\/\/ecampania.it\/magazine\/wp-content\/uploads\/2026\/03\/Bella-Piazza-4.jpeg\" \/>\n\t<meta property=\"og:image:width\" content=\"1440\" \/>\n\t<meta property=\"og:image:height\" content=\"972\" \/>\n\t<meta property=\"og:image:type\" content=\"image\/jpeg\" \/>\n<meta name=\"author\" content=\"Giada Cuomo\" \/>\n<meta name=\"twitter:card\" content=\"summary_large_image\" \/>\n<meta name=\"twitter:label1\" content=\"Scritto da\" \/>\n\t<meta name=\"twitter:data1\" content=\"Giada Cuomo\" \/>\n\t<meta name=\"twitter:label2\" content=\"Tempo di lettura stimato\" \/>\n\t<meta name=\"twitter:data2\" content=\"3 minuti\" \/>\n<script type=\"application\/ld+json\" class=\"yoast-schema-graph\">{\"@context\":\"https:\/\/schema.org\",\"@graph\":[{\"@type\":\"Article\",\"@id\":\"https:\/\/ecampania.it\/magazine\/il-volto-di-napoli-nuove-adesioni-al-progetto-di-riqualificazione-di-piazza-garibaldi\/#article\",\"isPartOf\":{\"@id\":\"https:\/\/ecampania.it\/magazine\/il-volto-di-napoli-nuove-adesioni-al-progetto-di-riqualificazione-di-piazza-garibaldi\/\"},\"author\":{\"name\":\"Giada Cuomo\",\"@id\":\"https:\/\/ecampania.it\/magazine\/#\/schema\/person\/f372b853776f14766c01226091cd1381\"},\"headline\":\"Il volto di Napoli: nuove adesioni al progetto di riqualificazione di Piazza Garibaldi\",\"datePublished\":\"2026-03-10T11:05:11+00:00\",\"dateModified\":\"2026-03-10T11:05:11+00:00\",\"mainEntityOfPage\":{\"@id\":\"https:\/\/ecampania.it\/magazine\/il-volto-di-napoli-nuove-adesioni-al-progetto-di-riqualificazione-di-piazza-garibaldi\/\"},\"wordCount\":488,\"commentCount\":0,\"publisher\":{\"@id\":\"https:\/\/ecampania.it\/magazine\/#organization\"},\"image\":{\"@id\":\"https:\/\/ecampania.it\/magazine\/il-volto-di-napoli-nuove-adesioni-al-progetto-di-riqualificazione-di-piazza-garibaldi\/#primaryimage\"},\"thumbnailUrl\":\"https:\/\/ecampania.it\/magazine\/wp-content\/uploads\/2026\/03\/Bella-Piazza-4.jpeg\",\"keywords\":[\"eventi\",\"napoli\"],\"articleSection\":[\"News\"],\"inLanguage\":\"it-IT\",\"potentialAction\":[{\"@type\":\"CommentAction\",\"name\":\"Comment\",\"target\":[\"https:\/\/ecampania.it\/magazine\/il-volto-di-napoli-nuove-adesioni-al-progetto-di-riqualificazione-di-piazza-garibaldi\/#respond\"]}]},{\"@type\":\"WebPage\",\"@id\":\"https:\/\/ecampania.it\/magazine\/il-volto-di-napoli-nuove-adesioni-al-progetto-di-riqualificazione-di-piazza-garibaldi\/\",\"url\":\"https:\/\/ecampania.it\/magazine\/il-volto-di-napoli-nuove-adesioni-al-progetto-di-riqualificazione-di-piazza-garibaldi\/\",\"name\":\"Il volto di Napoli: nuove adesioni al progetto di riqualificazione di Piazza Garibaldi - \u00e8campania\",\"isPartOf\":{\"@id\":\"https:\/\/ecampania.it\/magazine\/#website\"},\"primaryImageOfPage\":{\"@id\":\"https:\/\/ecampania.it\/magazine\/il-volto-di-napoli-nuove-adesioni-al-progetto-di-riqualificazione-di-piazza-garibaldi\/#primaryimage\"},\"image\":{\"@id\":\"https:\/\/ecampania.it\/magazine\/il-volto-di-napoli-nuove-adesioni-al-progetto-di-riqualificazione-di-piazza-garibaldi\/#primaryimage\"},\"thumbnailUrl\":\"https:\/\/ecampania.it\/magazine\/wp-content\/uploads\/2026\/03\/Bella-Piazza-4.jpeg\",\"datePublished\":\"2026-03-10T11:05:11+00:00\",\"dateModified\":\"2026-03-10T11:05:11+00:00\",\"breadcrumb\":{\"@id\":\"https:\/\/ecampania.it\/magazine\/il-volto-di-napoli-nuove-adesioni-al-progetto-di-riqualificazione-di-piazza-garibaldi\/#breadcrumb\"},\"inLanguage\":\"it-IT\",\"potentialAction\":[{\"@type\":\"ReadAction\",\"target\":[\"https:\/\/ecampania.it\/magazine\/il-volto-di-napoli-nuove-adesioni-al-progetto-di-riqualificazione-di-piazza-garibaldi\/\"]}]},{\"@type\":\"ImageObject\",\"inLanguage\":\"it-IT\",\"@id\":\"https:\/\/ecampania.it\/magazine\/il-volto-di-napoli-nuove-adesioni-al-progetto-di-riqualificazione-di-piazza-garibaldi\/#primaryimage\",\"url\":\"https:\/\/ecampania.it\/magazine\/wp-content\/uploads\/2026\/03\/Bella-Piazza-4.jpeg\",\"contentUrl\":\"https:\/\/ecampania.it\/magazine\/wp-content\/uploads\/2026\/03\/Bella-Piazza-4.jpeg\",\"width\":1440,\"height\":972},{\"@type\":\"BreadcrumbList\",\"@id\":\"https:\/\/ecampania.it\/magazine\/il-volto-di-napoli-nuove-adesioni-al-progetto-di-riqualificazione-di-piazza-garibaldi\/#breadcrumb\",\"itemListElement\":[{\"@type\":\"ListItem\",\"position\":1,\"name\":\"Home\",\"item\":\"https:\/\/ecampania.it\/magazine\/\"},{\"@type\":\"ListItem\",\"position\":2,\"name\":\"Il volto di Napoli: nuove adesioni al progetto di riqualificazione di Piazza Garibaldi\"}]},{\"@type\":\"WebSite\",\"@id\":\"https:\/\/ecampania.it\/magazine\/#website\",\"url\":\"https:\/\/ecampania.it\/magazine\/\",\"name\":\"Ecampania\",\"description\":\"Il primo portale dedicato al turismo ed alla cultura in Campania\",\"publisher\":{\"@id\":\"https:\/\/ecampania.it\/magazine\/#organization\"},\"potentialAction\":[{\"@type\":\"SearchAction\",\"target\":{\"@type\":\"EntryPoint\",\"urlTemplate\":\"https:\/\/ecampania.it\/magazine\/?s={search_term_string}\"},\"query-input\":{\"@type\":\"PropertyValueSpecification\",\"valueRequired\":true,\"valueName\":\"search_term_string\"}}],\"inLanguage\":\"it-IT\"},{\"@type\":\"Organization\",\"@id\":\"https:\/\/ecampania.it\/magazine\/#organization\",\"name\":\"Ecampania\",\"url\":\"https:\/\/ecampania.it\/magazine\/\",\"logo\":{\"@type\":\"ImageObject\",\"inLanguage\":\"it-IT\",\"@id\":\"https:\/\/ecampania.it\/magazine\/#\/schema\/logo\/image\/\",\"url\":\"https:\/\/ecampania.it\/magazine\/wp-content\/uploads\/2025\/01\/fb.png\",\"contentUrl\":\"https:\/\/ecampania.it\/magazine\/wp-content\/uploads\/2025\/01\/fb.png\",\"width\":500,\"height\":500,\"caption\":\"Ecampania\"},\"image\":{\"@id\":\"https:\/\/ecampania.it\/magazine\/#\/schema\/logo\/image\/\"},\"sameAs\":[\"https:\/\/www.facebook.com\/ecampania.it\",\"https:\/\/www.instagram.com\/ecampania.it\/\"]},{\"@type\":\"Person\",\"@id\":\"https:\/\/ecampania.it\/magazine\/#\/schema\/person\/f372b853776f14766c01226091cd1381\",\"name\":\"Giada Cuomo\",\"image\":{\"@type\":\"ImageObject\",\"inLanguage\":\"it-IT\",\"@id\":\"https:\/\/ecampania.it\/magazine\/#\/schema\/person\/image\/\",\"url\":\"https:\/\/secure.gravatar.com\/avatar\/146c6721e4d668a5b54e972781d98893d8c77afe8ac2754067e4820df8ed0fa0?s=96&d=mm&r=g\",\"contentUrl\":\"https:\/\/secure.gravatar.com\/avatar\/146c6721e4d668a5b54e972781d98893d8c77afe8ac2754067e4820df8ed0fa0?s=96&d=mm&r=g\",\"caption\":\"Giada Cuomo\"},\"url\":\"https:\/\/ecampania.it\/magazine\/author\/giada\/\"}]}<\/script>\n<!-- \/ Yoast SEO plugin. -->","yoast_head_json":{"title":"Il volto di Napoli: nuove adesioni al progetto di riqualificazione di Piazza Garibaldi - \u00e8campania","robots":{"index":"index","follow":"follow","max-snippet":"max-snippet:-1","max-image-preview":"max-image-preview:large","max-video-preview":"max-video-preview:-1"},"canonical":"https:\/\/ecampania.it\/magazine\/il-volto-di-napoli-nuove-adesioni-al-progetto-di-riqualificazione-di-piazza-garibaldi\/","og_locale":"it_IT","og_type":"article","og_title":"Il volto di Napoli: nuove adesioni al progetto di riqualificazione di Piazza Garibaldi - \u00e8campania","og_description":"Federconsumatori Campania\u00a0aderisce al programma &#8216;Bella Piazza&#8217; Lingue, provenienze e storie diverse: Piazza Garibaldi \u00e8 da sempre il primo volto di Napoli per chi arriva, e uno dei crocevia pi\u00f9 densi e contraddittori del Mezzogiorno. Un luogo che negli ultimi anni ha provato a scrollarsi di dosso anni di abbandono e marginalizzazione, costruendo pezzo per pezzo [&hellip;]","og_url":"https:\/\/ecampania.it\/magazine\/il-volto-di-napoli-nuove-adesioni-al-progetto-di-riqualificazione-di-piazza-garibaldi\/","og_site_name":"\u00e8campania","article_publisher":"https:\/\/www.facebook.com\/ecampania.it","article_published_time":"2026-03-10T11:05:11+00:00","og_image":[{"width":1440,"height":972,"url":"https:\/\/ecampania.it\/magazine\/wp-content\/uploads\/2026\/03\/Bella-Piazza-4.jpeg","type":"image\/jpeg"}],"author":"Giada Cuomo","twitter_card":"summary_large_image","twitter_misc":{"Scritto da":"Giada Cuomo","Tempo di lettura stimato":"3 minuti"},"schema":{"@context":"https:\/\/schema.org","@graph":[{"@type":"Article","@id":"https:\/\/ecampania.it\/magazine\/il-volto-di-napoli-nuove-adesioni-al-progetto-di-riqualificazione-di-piazza-garibaldi\/#article","isPartOf":{"@id":"https:\/\/ecampania.it\/magazine\/il-volto-di-napoli-nuove-adesioni-al-progetto-di-riqualificazione-di-piazza-garibaldi\/"},"author":{"name":"Giada Cuomo","@id":"https:\/\/ecampania.it\/magazine\/#\/schema\/person\/f372b853776f14766c01226091cd1381"},"headline":"Il volto di Napoli: nuove adesioni al progetto di riqualificazione di Piazza Garibaldi","datePublished":"2026-03-10T11:05:11+00:00","dateModified":"2026-03-10T11:05:11+00:00","mainEntityOfPage":{"@id":"https:\/\/ecampania.it\/magazine\/il-volto-di-napoli-nuove-adesioni-al-progetto-di-riqualificazione-di-piazza-garibaldi\/"},"wordCount":488,"commentCount":0,"publisher":{"@id":"https:\/\/ecampania.it\/magazine\/#organization"},"image":{"@id":"https:\/\/ecampania.it\/magazine\/il-volto-di-napoli-nuove-adesioni-al-progetto-di-riqualificazione-di-piazza-garibaldi\/#primaryimage"},"thumbnailUrl":"https:\/\/ecampania.it\/magazine\/wp-content\/uploads\/2026\/03\/Bella-Piazza-4.jpeg","keywords":["eventi","napoli"],"articleSection":["News"],"inLanguage":"it-IT","potentialAction":[{"@type":"CommentAction","name":"Comment","target":["https:\/\/ecampania.it\/magazine\/il-volto-di-napoli-nuove-adesioni-al-progetto-di-riqualificazione-di-piazza-garibaldi\/#respond"]}]},{"@type":"WebPage","@id":"https:\/\/ecampania.it\/magazine\/il-volto-di-napoli-nuove-adesioni-al-progetto-di-riqualificazione-di-piazza-garibaldi\/","url":"https:\/\/ecampania.it\/magazine\/il-volto-di-napoli-nuove-adesioni-al-progetto-di-riqualificazione-di-piazza-garibaldi\/","name":"Il volto di Napoli: nuove adesioni al progetto di riqualificazione di Piazza Garibaldi - \u00e8campania","isPartOf":{"@id":"https:\/\/ecampania.it\/magazine\/#website"},"primaryImageOfPage":{"@id":"https:\/\/ecampania.it\/magazine\/il-volto-di-napoli-nuove-adesioni-al-progetto-di-riqualificazione-di-piazza-garibaldi\/#primaryimage"},"image":{"@id":"https:\/\/ecampania.it\/magazine\/il-volto-di-napoli-nuove-adesioni-al-progetto-di-riqualificazione-di-piazza-garibaldi\/#primaryimage"},"thumbnailUrl":"https:\/\/ecampania.it\/magazine\/wp-content\/uploads\/2026\/03\/Bella-Piazza-4.jpeg","datePublished":"2026-03-10T11:05:11+00:00","dateModified":"2026-03-10T11:05:11+00:00","breadcrumb":{"@id":"https:\/\/ecampania.it\/magazine\/il-volto-di-napoli-nuove-adesioni-al-progetto-di-riqualificazione-di-piazza-garibaldi\/#breadcrumb"},"inLanguage":"it-IT","potentialAction":[{"@type":"ReadAction","target":["https:\/\/ecampania.it\/magazine\/il-volto-di-napoli-nuove-adesioni-al-progetto-di-riqualificazione-di-piazza-garibaldi\/"]}]},{"@type":"ImageObject","inLanguage":"it-IT","@id":"https:\/\/ecampania.it\/magazine\/il-volto-di-napoli-nuove-adesioni-al-progetto-di-riqualificazione-di-piazza-garibaldi\/#primaryimage","url":"https:\/\/ecampania.it\/magazine\/wp-content\/uploads\/2026\/03\/Bella-Piazza-4.jpeg","contentUrl":"https:\/\/ecampania.it\/magazine\/wp-content\/uploads\/2026\/03\/Bella-Piazza-4.jpeg","width":1440,"height":972},{"@type":"BreadcrumbList","@id":"https:\/\/ecampania.it\/magazine\/il-volto-di-napoli-nuove-adesioni-al-progetto-di-riqualificazione-di-piazza-garibaldi\/#breadcrumb","itemListElement":[{"@type":"ListItem","position":1,"name":"Home","item":"https:\/\/ecampania.it\/magazine\/"},{"@type":"ListItem","position":2,"name":"Il volto di Napoli: nuove adesioni al progetto di riqualificazione di Piazza Garibaldi"}]},{"@type":"WebSite","@id":"https:\/\/ecampania.it\/magazine\/#website","url":"https:\/\/ecampania.it\/magazine\/","name":"Ecampania","description":"Il primo portale dedicato al turismo ed alla cultura in Campania","publisher":{"@id":"https:\/\/ecampania.it\/magazine\/#organization"},"potentialAction":[{"@type":"SearchAction","target":{"@type":"EntryPoint","urlTemplate":"https:\/\/ecampania.it\/magazine\/?s={search_term_string}"},"query-input":{"@type":"PropertyValueSpecification","valueRequired":true,"valueName":"search_term_string"}}],"inLanguage":"it-IT"},{"@type":"Organization","@id":"https:\/\/ecampania.it\/magazine\/#organization","name":"Ecampania","url":"https:\/\/ecampania.it\/magazine\/","logo":{"@type":"ImageObject","inLanguage":"it-IT","@id":"https:\/\/ecampania.it\/magazine\/#\/schema\/logo\/image\/","url":"https:\/\/ecampania.it\/magazine\/wp-content\/uploads\/2025\/01\/fb.png","contentUrl":"https:\/\/ecampania.it\/magazine\/wp-content\/uploads\/2025\/01\/fb.png","width":500,"height":500,"caption":"Ecampania"},"image":{"@id":"https:\/\/ecampania.it\/magazine\/#\/schema\/logo\/image\/"},"sameAs":["https:\/\/www.facebook.com\/ecampania.it","https:\/\/www.instagram.com\/ecampania.it\/"]},{"@type":"Person","@id":"https:\/\/ecampania.it\/magazine\/#\/schema\/person\/f372b853776f14766c01226091cd1381","name":"Giada Cuomo","image":{"@type":"ImageObject","inLanguage":"it-IT","@id":"https:\/\/ecampania.it\/magazine\/#\/schema\/person\/image\/","url":"https:\/\/secure.gravatar.com\/avatar\/146c6721e4d668a5b54e972781d98893d8c77afe8ac2754067e4820df8ed0fa0?s=96&d=mm&r=g","contentUrl":"https:\/\/secure.gravatar.com\/avatar\/146c6721e4d668a5b54e972781d98893d8c77afe8ac2754067e4820df8ed0fa0?s=96&d=mm&r=g","caption":"Giada Cuomo"},"url":"https:\/\/ecampania.it\/magazine\/author\/giada\/"}]}},"_links":{"self":[{"href":"https:\/\/ecampania.it\/magazine\/wp-json\/wp\/v2\/posts\/8453","targetHints":{"allow":["GET"]}}],"collection":[{"href":"https:\/\/ecampania.it\/magazine\/wp-json\/wp\/v2\/posts"}],"about":[{"href":"https:\/\/ecampania.it\/magazine\/wp-json\/wp\/v2\/types\/post"}],"author":[{"embeddable":true,"href":"https:\/\/ecampania.it\/magazine\/wp-json\/wp\/v2\/users\/36"}],"replies":[{"embeddable":true,"href":"https:\/\/ecampania.it\/magazine\/wp-json\/wp\/v2\/comments?post=8453"}],"version-history":[{"count":1,"href":"https:\/\/ecampania.it\/magazine\/wp-json\/wp\/v2\/posts\/8453\/revisions"}],"predecessor-version":[{"id":8455,"href":"https:\/\/ecampania.it\/magazine\/wp-json\/wp\/v2\/posts\/8453\/revisions\/8455"}],"wp:featuredmedia":[{"embeddable":true,"href":"https:\/\/ecampania.it\/magazine\/wp-json\/wp\/v2\/media\/8454"}],"wp:attachment":[{"href":"https:\/\/ecampania.it\/magazine\/wp-json\/wp\/v2\/media?parent=8453"}],"wp:term":[{"taxonomy":"category","embeddable":true,"href":"https:\/\/ecampania.it\/magazine\/wp-json\/wp\/v2\/categories?post=8453"},{"taxonomy":"post_tag","embeddable":true,"href":"https:\/\/ecampania.it\/magazine\/wp-json\/wp\/v2\/tags?post=8453"}],"curies":[{"name":"wp","href":"https:\/\/api.w.org\/{rel}","templated":true}]}}