{"id":8462,"date":"2026-03-10T14:55:01","date_gmt":"2026-03-10T13:55:01","guid":{"rendered":"https:\/\/ecampania.it\/magazine\/?p=8462"},"modified":"2026-03-10T14:55:02","modified_gmt":"2026-03-10T13:55:02","slug":"napoli-la-meraviglia-a-portata-di-mano-tour-per-non-vedenti-alla-cappella-sansevero","status":"publish","type":"post","link":"https:\/\/ecampania.it\/magazine\/napoli-la-meraviglia-a-portata-di-mano-tour-per-non-vedenti-alla-cappella-sansevero\/","title":{"rendered":"Napoli. &#8216;La meraviglia a portata di mano&#8217;: tour per non vedenti alla Cappella Sansevero"},"content":{"rendered":"\n<h4 class=\"wp-block-heading\"><strong>Apertura straordinaria marted\u00ec 17 marzo <\/strong><\/h4>\n\n\n\n<p>Cultura inclusiva, piccole &#8216;carezze&#8217; per scoprire l&#8217;arte: la Cappella Sansevero dedica un&#8217;apertura straordinaria ed esclusiva al pubblico di 80 non vedenti ed ipovedenti marted\u00ec 17 marzo.<\/p>\n\n\n\n<p>La visita tattile offrir\u00e0 l&#8217;eccezionale opportunit\u00e0 di esplorare e toccare con mano le principali opere del Museo, dal celebre Cristo Velato, fra i pi\u00f9 suggestivi capolavori della<br>scultura di tutti i tempi, ai bassorilievi della Pudicizia e del Disinganno. Per accompagnare i visitatori con disabilit\u00e0 in quel giorno saranno guide anch&#8217;esse non vedenti che vengono formate in questi giorni.<\/p>\n\n\n\n<p><em>&#8220;Il velo che copre il Cristo \u00e8 straordinario. Non si riesce a comprendere come Giuseppe Sanmartino possa aver fatto l&#8217;opera. Il velo non \u00e8 spiegabile per nessuno, per chi vede e no. E poi soprattutto ci sono i dettagli, l&#8217;avvertire al tocco le vene pulsanti, nonostante il corpo del Cristo sia coperto dal velo&#8221;<\/em>. Cos\u00ec <strong>Chiara Locovardi<\/strong>, che sar\u00e0 una delle accompagnatrici dei visitatori, descrive il Cristo Velato. <em>&#8220;\u00c8 un&#8217;esperienza<\/em> &#8211; spiega ancora &#8211;<em> travolgente.<\/em> <em>Bisogna davvero entrare nell&#8217;opera per riuscire a trasmettere al visitatore tutte le particolarit\u00e0 del Cristo Velato&#8221;. <\/em><\/p>\n\n\n\n<p>La piccola cappella nel centro di Napoli ospita circa 2.000 visitatori al giorno ma per il 17 marzo <em>&#8220;le guide<\/em> -racconta <strong>Maria Alessandra Masucci<\/strong>, presidente del <em>Museo Cappella<br>Sansevero<\/em> &#8211;<em> hanno analizzato e studiato le opere per poi avere il metodo e le modalit\u00e0 da usare con i visitatori. Ci sar\u00e0 una brochure in braille. Per noi l&#8217;accessibilit\u00e0 presuppone l&#8217;idea che ogni visitatore ha le proprie necessit\u00e0. Mettiamo quindi a disposizione gli strumenti interpretativi adeguati alle esigenze di ciascuno, sapendo che la diversit\u00e0 non \u00e8 una cosa eccezionale, ma \u00e8 la normalit\u00e0&#8221;.\u00a0\u00a0\u00a0\u00a0<\/em><\/p>\n\n\n\n<p>Una normalit\u00e0 che per<strong> Giuseppe Ambrosino<\/strong>, presidente a Napoli dell&#8217;Unione italiana dei ciechi e degli ipovedenti, si raggiunge <em>&#8220;vivendo le opere nella visione tridimensionale che d\u00e0 il tocco, attraverso un senso reale e che trasmette quella che era la volont\u00e0 dello sculture, immaginando che pensava a Cristo in quel momento. A noi oggi tutto ci viene descritto con gli strumenti tecnologici, ma poter avere un contatto con l&#8217;opera \u00e8 un grande passo avanti. Il tatto, mancando la vista, si rafforza, come accade ad esempio al gusto e al profumo nei pasti<\/em>&#8220;. Lo stesso Ambrosino sottolinea <em>&#8220;che sarebbe bello avere questa visita in altre occasioni per i non vedenti&#8221; <\/em>e il Museo sta pensando a una data all&#8217;anno che diventi regolare.\u00a0\u00a0\u00a0\u00a0\u00a0<\/p>\n\n\n\n<p>Una visita, spiega <strong>Roberta Meomartini<\/strong>, guida turistica esperta in percorsi tattili, che <em>&#8220;porti la godibilit\u00e0 a persone non vedenti e ipovedenti e su cui facciamo oggi un momento di<br>formazione sul campo, con la metodologia dell&#8217;esplorazione tattile su cui ogni visitatore avr\u00e0 la sua guida che la aiuter\u00e0 a scoprire questo patrimonio. Un&#8217;esplorazione che prosegue prima per una identificazione spaziale e poi tattile, che pu\u00f2 essere eseguita con una o due mani, seguendo l&#8217;esigenza del singolo visitatore e con il racconto che ogni centimetro accompagna il visitatore nell&#8217;esplorazione dell&#8217;opera&#8221;<\/em><\/p>\n","protected":false},"excerpt":{"rendered":"<p>Apertura straordinaria marted\u00ec 17 marzo Cultura inclusiva, piccole &#8216;carezze&#8217; per scoprire l&#8217;arte: la Cappella Sansevero dedica un&#8217;apertura straordinaria ed esclusiva al pubblico di 80 non vedenti ed ipovedenti marted\u00ec 17 marzo. La visita tattile offrir\u00e0 l&#8217;eccezionale opportunit\u00e0 di esplorare e toccare con mano le principali opere del Museo, dal celebre Cristo Velato, fra i pi\u00f9 [&hellip;]<\/p>\n","protected":false},"author":36,"featured_media":5142,"comment_status":"open","ping_status":"open","sticky":false,"template":"","format":"standard","meta":{"jnews-multi-image_gallery":[],"jnews_single_post":{"format":"standard"},"jnews_primary_category":[],"jnews_override_counter":[],"footnotes":""},"categories":[7],"tags":[54,32,82,28],"class_list":["post-8462","post","type-post","status-publish","format-standard","has-post-thumbnail","hentry","category-eventi","tag-archeologia","tag-arte","tag-napoli","tag-prima"],"yoast_head":"<!-- This site is optimized with the Yoast SEO plugin v24.2 - https:\/\/yoast.com\/wordpress\/plugins\/seo\/ -->\n<title>Napoli. &#039;La meraviglia a portata di mano&#039;: tour per non vedenti alla Cappella Sansevero - \u00e8campania<\/title>\n<meta name=\"robots\" content=\"index, follow, max-snippet:-1, max-image-preview:large, max-video-preview:-1\" \/>\n<link rel=\"canonical\" href=\"https:\/\/ecampania.it\/magazine\/napoli-la-meraviglia-a-portata-di-mano-tour-per-non-vedenti-alla-cappella-sansevero\/\" \/>\n<meta property=\"og:locale\" content=\"it_IT\" \/>\n<meta property=\"og:type\" content=\"article\" \/>\n<meta property=\"og:title\" content=\"Napoli. &#039;La meraviglia a portata di mano&#039;: tour per non vedenti alla Cappella Sansevero - \u00e8campania\" \/>\n<meta property=\"og:description\" content=\"Apertura straordinaria marted\u00ec 17 marzo Cultura inclusiva, piccole &#8216;carezze&#8217; per scoprire l&#8217;arte: la Cappella Sansevero dedica un&#8217;apertura straordinaria ed esclusiva al pubblico di 80 non vedenti ed ipovedenti marted\u00ec 17 marzo. La visita tattile offrir\u00e0 l&#8217;eccezionale opportunit\u00e0 di esplorare e toccare con mano le principali opere del Museo, dal celebre Cristo Velato, fra i pi\u00f9 [&hellip;]\" \/>\n<meta property=\"og:url\" content=\"https:\/\/ecampania.it\/magazine\/napoli-la-meraviglia-a-portata-di-mano-tour-per-non-vedenti-alla-cappella-sansevero\/\" \/>\n<meta property=\"og:site_name\" content=\"\u00e8campania\" \/>\n<meta property=\"article:publisher\" content=\"https:\/\/www.facebook.com\/ecampania.it\" \/>\n<meta property=\"article:published_time\" content=\"2026-03-10T13:55:01+00:00\" \/>\n<meta property=\"article:modified_time\" content=\"2026-03-10T13:55:02+00:00\" \/>\n<meta property=\"og:image\" content=\"https:\/\/ecampania.it\/magazine\/wp-content\/uploads\/2025\/10\/cappella-sansevero_ph-vittorio-sciosia-2.jpg\" \/>\n\t<meta property=\"og:image:width\" content=\"945\" \/>\n\t<meta property=\"og:image:height\" content=\"630\" \/>\n\t<meta property=\"og:image:type\" content=\"image\/jpeg\" \/>\n<meta name=\"author\" content=\"Giada Cuomo\" \/>\n<meta name=\"twitter:card\" content=\"summary_large_image\" \/>\n<meta name=\"twitter:label1\" content=\"Scritto da\" \/>\n\t<meta name=\"twitter:data1\" content=\"Giada Cuomo\" \/>\n\t<meta name=\"twitter:label2\" content=\"Tempo di lettura stimato\" \/>\n\t<meta name=\"twitter:data2\" content=\"3 minuti\" \/>\n<script type=\"application\/ld+json\" class=\"yoast-schema-graph\">{\"@context\":\"https:\/\/schema.org\",\"@graph\":[{\"@type\":\"Article\",\"@id\":\"https:\/\/ecampania.it\/magazine\/napoli-la-meraviglia-a-portata-di-mano-tour-per-non-vedenti-alla-cappella-sansevero\/#article\",\"isPartOf\":{\"@id\":\"https:\/\/ecampania.it\/magazine\/napoli-la-meraviglia-a-portata-di-mano-tour-per-non-vedenti-alla-cappella-sansevero\/\"},\"author\":{\"name\":\"Giada Cuomo\",\"@id\":\"https:\/\/ecampania.it\/magazine\/#\/schema\/person\/f372b853776f14766c01226091cd1381\"},\"headline\":\"Napoli. &#8216;La meraviglia a portata di mano&#8217;: tour per non vedenti alla Cappella Sansevero\",\"datePublished\":\"2026-03-10T13:55:01+00:00\",\"dateModified\":\"2026-03-10T13:55:02+00:00\",\"mainEntityOfPage\":{\"@id\":\"https:\/\/ecampania.it\/magazine\/napoli-la-meraviglia-a-portata-di-mano-tour-per-non-vedenti-alla-cappella-sansevero\/\"},\"wordCount\":482,\"commentCount\":0,\"publisher\":{\"@id\":\"https:\/\/ecampania.it\/magazine\/#organization\"},\"image\":{\"@id\":\"https:\/\/ecampania.it\/magazine\/napoli-la-meraviglia-a-portata-di-mano-tour-per-non-vedenti-alla-cappella-sansevero\/#primaryimage\"},\"thumbnailUrl\":\"https:\/\/ecampania.it\/magazine\/wp-content\/uploads\/2025\/10\/cappella-sansevero_ph-vittorio-sciosia-2.jpg\",\"keywords\":[\"archeologia\",\"arte\",\"napoli\",\"prima\"],\"articleSection\":[\"Eventi\"],\"inLanguage\":\"it-IT\",\"potentialAction\":[{\"@type\":\"CommentAction\",\"name\":\"Comment\",\"target\":[\"https:\/\/ecampania.it\/magazine\/napoli-la-meraviglia-a-portata-di-mano-tour-per-non-vedenti-alla-cappella-sansevero\/#respond\"]}]},{\"@type\":\"WebPage\",\"@id\":\"https:\/\/ecampania.it\/magazine\/napoli-la-meraviglia-a-portata-di-mano-tour-per-non-vedenti-alla-cappella-sansevero\/\",\"url\":\"https:\/\/ecampania.it\/magazine\/napoli-la-meraviglia-a-portata-di-mano-tour-per-non-vedenti-alla-cappella-sansevero\/\",\"name\":\"Napoli. 'La meraviglia a portata di mano': tour per non vedenti alla Cappella Sansevero - \u00e8campania\",\"isPartOf\":{\"@id\":\"https:\/\/ecampania.it\/magazine\/#website\"},\"primaryImageOfPage\":{\"@id\":\"https:\/\/ecampania.it\/magazine\/napoli-la-meraviglia-a-portata-di-mano-tour-per-non-vedenti-alla-cappella-sansevero\/#primaryimage\"},\"image\":{\"@id\":\"https:\/\/ecampania.it\/magazine\/napoli-la-meraviglia-a-portata-di-mano-tour-per-non-vedenti-alla-cappella-sansevero\/#primaryimage\"},\"thumbnailUrl\":\"https:\/\/ecampania.it\/magazine\/wp-content\/uploads\/2025\/10\/cappella-sansevero_ph-vittorio-sciosia-2.jpg\",\"datePublished\":\"2026-03-10T13:55:01+00:00\",\"dateModified\":\"2026-03-10T13:55:02+00:00\",\"breadcrumb\":{\"@id\":\"https:\/\/ecampania.it\/magazine\/napoli-la-meraviglia-a-portata-di-mano-tour-per-non-vedenti-alla-cappella-sansevero\/#breadcrumb\"},\"inLanguage\":\"it-IT\",\"potentialAction\":[{\"@type\":\"ReadAction\",\"target\":[\"https:\/\/ecampania.it\/magazine\/napoli-la-meraviglia-a-portata-di-mano-tour-per-non-vedenti-alla-cappella-sansevero\/\"]}]},{\"@type\":\"ImageObject\",\"inLanguage\":\"it-IT\",\"@id\":\"https:\/\/ecampania.it\/magazine\/napoli-la-meraviglia-a-portata-di-mano-tour-per-non-vedenti-alla-cappella-sansevero\/#primaryimage\",\"url\":\"https:\/\/ecampania.it\/magazine\/wp-content\/uploads\/2025\/10\/cappella-sansevero_ph-vittorio-sciosia-2.jpg\",\"contentUrl\":\"https:\/\/ecampania.it\/magazine\/wp-content\/uploads\/2025\/10\/cappella-sansevero_ph-vittorio-sciosia-2.jpg\",\"width\":945,\"height\":630,\"caption\":\"italy, naples: Cristo Velato in Palazzo Sansevero. Veiled Chris renowned world ovr for the remarkable tissue-like quality of the marble by scuptor Giuseppe Sanmartino, 1753\"},{\"@type\":\"BreadcrumbList\",\"@id\":\"https:\/\/ecampania.it\/magazine\/napoli-la-meraviglia-a-portata-di-mano-tour-per-non-vedenti-alla-cappella-sansevero\/#breadcrumb\",\"itemListElement\":[{\"@type\":\"ListItem\",\"position\":1,\"name\":\"Home\",\"item\":\"https:\/\/ecampania.it\/magazine\/\"},{\"@type\":\"ListItem\",\"position\":2,\"name\":\"Napoli. &#8216;La meraviglia a portata di mano&#8217;: tour per non vedenti alla Cappella Sansevero\"}]},{\"@type\":\"WebSite\",\"@id\":\"https:\/\/ecampania.it\/magazine\/#website\",\"url\":\"https:\/\/ecampania.it\/magazine\/\",\"name\":\"Ecampania\",\"description\":\"Il primo portale dedicato al turismo ed alla cultura in Campania\",\"publisher\":{\"@id\":\"https:\/\/ecampania.it\/magazine\/#organization\"},\"potentialAction\":[{\"@type\":\"SearchAction\",\"target\":{\"@type\":\"EntryPoint\",\"urlTemplate\":\"https:\/\/ecampania.it\/magazine\/?s={search_term_string}\"},\"query-input\":{\"@type\":\"PropertyValueSpecification\",\"valueRequired\":true,\"valueName\":\"search_term_string\"}}],\"inLanguage\":\"it-IT\"},{\"@type\":\"Organization\",\"@id\":\"https:\/\/ecampania.it\/magazine\/#organization\",\"name\":\"Ecampania\",\"url\":\"https:\/\/ecampania.it\/magazine\/\",\"logo\":{\"@type\":\"ImageObject\",\"inLanguage\":\"it-IT\",\"@id\":\"https:\/\/ecampania.it\/magazine\/#\/schema\/logo\/image\/\",\"url\":\"https:\/\/ecampania.it\/magazine\/wp-content\/uploads\/2025\/01\/fb.png\",\"contentUrl\":\"https:\/\/ecampania.it\/magazine\/wp-content\/uploads\/2025\/01\/fb.png\",\"width\":500,\"height\":500,\"caption\":\"Ecampania\"},\"image\":{\"@id\":\"https:\/\/ecampania.it\/magazine\/#\/schema\/logo\/image\/\"},\"sameAs\":[\"https:\/\/www.facebook.com\/ecampania.it\",\"https:\/\/www.instagram.com\/ecampania.it\/\"]},{\"@type\":\"Person\",\"@id\":\"https:\/\/ecampania.it\/magazine\/#\/schema\/person\/f372b853776f14766c01226091cd1381\",\"name\":\"Giada Cuomo\",\"image\":{\"@type\":\"ImageObject\",\"inLanguage\":\"it-IT\",\"@id\":\"https:\/\/ecampania.it\/magazine\/#\/schema\/person\/image\/\",\"url\":\"https:\/\/secure.gravatar.com\/avatar\/146c6721e4d668a5b54e972781d98893d8c77afe8ac2754067e4820df8ed0fa0?s=96&d=mm&r=g\",\"contentUrl\":\"https:\/\/secure.gravatar.com\/avatar\/146c6721e4d668a5b54e972781d98893d8c77afe8ac2754067e4820df8ed0fa0?s=96&d=mm&r=g\",\"caption\":\"Giada Cuomo\"},\"url\":\"https:\/\/ecampania.it\/magazine\/author\/giada\/\"}]}<\/script>\n<!-- \/ Yoast SEO plugin. -->","yoast_head_json":{"title":"Napoli. 'La meraviglia a portata di mano': tour per non vedenti alla Cappella Sansevero - \u00e8campania","robots":{"index":"index","follow":"follow","max-snippet":"max-snippet:-1","max-image-preview":"max-image-preview:large","max-video-preview":"max-video-preview:-1"},"canonical":"https:\/\/ecampania.it\/magazine\/napoli-la-meraviglia-a-portata-di-mano-tour-per-non-vedenti-alla-cappella-sansevero\/","og_locale":"it_IT","og_type":"article","og_title":"Napoli. 'La meraviglia a portata di mano': tour per non vedenti alla Cappella Sansevero - \u00e8campania","og_description":"Apertura straordinaria marted\u00ec 17 marzo Cultura inclusiva, piccole &#8216;carezze&#8217; per scoprire l&#8217;arte: la Cappella Sansevero dedica un&#8217;apertura straordinaria ed esclusiva al pubblico di 80 non vedenti ed ipovedenti marted\u00ec 17 marzo. La visita tattile offrir\u00e0 l&#8217;eccezionale opportunit\u00e0 di esplorare e toccare con mano le principali opere del Museo, dal celebre Cristo Velato, fra i pi\u00f9 [&hellip;]","og_url":"https:\/\/ecampania.it\/magazine\/napoli-la-meraviglia-a-portata-di-mano-tour-per-non-vedenti-alla-cappella-sansevero\/","og_site_name":"\u00e8campania","article_publisher":"https:\/\/www.facebook.com\/ecampania.it","article_published_time":"2026-03-10T13:55:01+00:00","article_modified_time":"2026-03-10T13:55:02+00:00","og_image":[{"width":945,"height":630,"url":"https:\/\/ecampania.it\/magazine\/wp-content\/uploads\/2025\/10\/cappella-sansevero_ph-vittorio-sciosia-2.jpg","type":"image\/jpeg"}],"author":"Giada Cuomo","twitter_card":"summary_large_image","twitter_misc":{"Scritto da":"Giada Cuomo","Tempo di lettura stimato":"3 minuti"},"schema":{"@context":"https:\/\/schema.org","@graph":[{"@type":"Article","@id":"https:\/\/ecampania.it\/magazine\/napoli-la-meraviglia-a-portata-di-mano-tour-per-non-vedenti-alla-cappella-sansevero\/#article","isPartOf":{"@id":"https:\/\/ecampania.it\/magazine\/napoli-la-meraviglia-a-portata-di-mano-tour-per-non-vedenti-alla-cappella-sansevero\/"},"author":{"name":"Giada Cuomo","@id":"https:\/\/ecampania.it\/magazine\/#\/schema\/person\/f372b853776f14766c01226091cd1381"},"headline":"Napoli. &#8216;La meraviglia a portata di mano&#8217;: tour per non vedenti alla Cappella Sansevero","datePublished":"2026-03-10T13:55:01+00:00","dateModified":"2026-03-10T13:55:02+00:00","mainEntityOfPage":{"@id":"https:\/\/ecampania.it\/magazine\/napoli-la-meraviglia-a-portata-di-mano-tour-per-non-vedenti-alla-cappella-sansevero\/"},"wordCount":482,"commentCount":0,"publisher":{"@id":"https:\/\/ecampania.it\/magazine\/#organization"},"image":{"@id":"https:\/\/ecampania.it\/magazine\/napoli-la-meraviglia-a-portata-di-mano-tour-per-non-vedenti-alla-cappella-sansevero\/#primaryimage"},"thumbnailUrl":"https:\/\/ecampania.it\/magazine\/wp-content\/uploads\/2025\/10\/cappella-sansevero_ph-vittorio-sciosia-2.jpg","keywords":["archeologia","arte","napoli","prima"],"articleSection":["Eventi"],"inLanguage":"it-IT","potentialAction":[{"@type":"CommentAction","name":"Comment","target":["https:\/\/ecampania.it\/magazine\/napoli-la-meraviglia-a-portata-di-mano-tour-per-non-vedenti-alla-cappella-sansevero\/#respond"]}]},{"@type":"WebPage","@id":"https:\/\/ecampania.it\/magazine\/napoli-la-meraviglia-a-portata-di-mano-tour-per-non-vedenti-alla-cappella-sansevero\/","url":"https:\/\/ecampania.it\/magazine\/napoli-la-meraviglia-a-portata-di-mano-tour-per-non-vedenti-alla-cappella-sansevero\/","name":"Napoli. 'La meraviglia a portata di mano': tour per non vedenti alla Cappella Sansevero - \u00e8campania","isPartOf":{"@id":"https:\/\/ecampania.it\/magazine\/#website"},"primaryImageOfPage":{"@id":"https:\/\/ecampania.it\/magazine\/napoli-la-meraviglia-a-portata-di-mano-tour-per-non-vedenti-alla-cappella-sansevero\/#primaryimage"},"image":{"@id":"https:\/\/ecampania.it\/magazine\/napoli-la-meraviglia-a-portata-di-mano-tour-per-non-vedenti-alla-cappella-sansevero\/#primaryimage"},"thumbnailUrl":"https:\/\/ecampania.it\/magazine\/wp-content\/uploads\/2025\/10\/cappella-sansevero_ph-vittorio-sciosia-2.jpg","datePublished":"2026-03-10T13:55:01+00:00","dateModified":"2026-03-10T13:55:02+00:00","breadcrumb":{"@id":"https:\/\/ecampania.it\/magazine\/napoli-la-meraviglia-a-portata-di-mano-tour-per-non-vedenti-alla-cappella-sansevero\/#breadcrumb"},"inLanguage":"it-IT","potentialAction":[{"@type":"ReadAction","target":["https:\/\/ecampania.it\/magazine\/napoli-la-meraviglia-a-portata-di-mano-tour-per-non-vedenti-alla-cappella-sansevero\/"]}]},{"@type":"ImageObject","inLanguage":"it-IT","@id":"https:\/\/ecampania.it\/magazine\/napoli-la-meraviglia-a-portata-di-mano-tour-per-non-vedenti-alla-cappella-sansevero\/#primaryimage","url":"https:\/\/ecampania.it\/magazine\/wp-content\/uploads\/2025\/10\/cappella-sansevero_ph-vittorio-sciosia-2.jpg","contentUrl":"https:\/\/ecampania.it\/magazine\/wp-content\/uploads\/2025\/10\/cappella-sansevero_ph-vittorio-sciosia-2.jpg","width":945,"height":630,"caption":"italy, naples: Cristo Velato in Palazzo Sansevero. Veiled Chris renowned world ovr for the remarkable tissue-like quality of the marble by scuptor Giuseppe Sanmartino, 1753"},{"@type":"BreadcrumbList","@id":"https:\/\/ecampania.it\/magazine\/napoli-la-meraviglia-a-portata-di-mano-tour-per-non-vedenti-alla-cappella-sansevero\/#breadcrumb","itemListElement":[{"@type":"ListItem","position":1,"name":"Home","item":"https:\/\/ecampania.it\/magazine\/"},{"@type":"ListItem","position":2,"name":"Napoli. &#8216;La meraviglia a portata di mano&#8217;: tour per non vedenti alla Cappella Sansevero"}]},{"@type":"WebSite","@id":"https:\/\/ecampania.it\/magazine\/#website","url":"https:\/\/ecampania.it\/magazine\/","name":"Ecampania","description":"Il primo portale dedicato al turismo ed alla cultura in Campania","publisher":{"@id":"https:\/\/ecampania.it\/magazine\/#organization"},"potentialAction":[{"@type":"SearchAction","target":{"@type":"EntryPoint","urlTemplate":"https:\/\/ecampania.it\/magazine\/?s={search_term_string}"},"query-input":{"@type":"PropertyValueSpecification","valueRequired":true,"valueName":"search_term_string"}}],"inLanguage":"it-IT"},{"@type":"Organization","@id":"https:\/\/ecampania.it\/magazine\/#organization","name":"Ecampania","url":"https:\/\/ecampania.it\/magazine\/","logo":{"@type":"ImageObject","inLanguage":"it-IT","@id":"https:\/\/ecampania.it\/magazine\/#\/schema\/logo\/image\/","url":"https:\/\/ecampania.it\/magazine\/wp-content\/uploads\/2025\/01\/fb.png","contentUrl":"https:\/\/ecampania.it\/magazine\/wp-content\/uploads\/2025\/01\/fb.png","width":500,"height":500,"caption":"Ecampania"},"image":{"@id":"https:\/\/ecampania.it\/magazine\/#\/schema\/logo\/image\/"},"sameAs":["https:\/\/www.facebook.com\/ecampania.it","https:\/\/www.instagram.com\/ecampania.it\/"]},{"@type":"Person","@id":"https:\/\/ecampania.it\/magazine\/#\/schema\/person\/f372b853776f14766c01226091cd1381","name":"Giada Cuomo","image":{"@type":"ImageObject","inLanguage":"it-IT","@id":"https:\/\/ecampania.it\/magazine\/#\/schema\/person\/image\/","url":"https:\/\/secure.gravatar.com\/avatar\/146c6721e4d668a5b54e972781d98893d8c77afe8ac2754067e4820df8ed0fa0?s=96&d=mm&r=g","contentUrl":"https:\/\/secure.gravatar.com\/avatar\/146c6721e4d668a5b54e972781d98893d8c77afe8ac2754067e4820df8ed0fa0?s=96&d=mm&r=g","caption":"Giada Cuomo"},"url":"https:\/\/ecampania.it\/magazine\/author\/giada\/"}]}},"_links":{"self":[{"href":"https:\/\/ecampania.it\/magazine\/wp-json\/wp\/v2\/posts\/8462","targetHints":{"allow":["GET"]}}],"collection":[{"href":"https:\/\/ecampania.it\/magazine\/wp-json\/wp\/v2\/posts"}],"about":[{"href":"https:\/\/ecampania.it\/magazine\/wp-json\/wp\/v2\/types\/post"}],"author":[{"embeddable":true,"href":"https:\/\/ecampania.it\/magazine\/wp-json\/wp\/v2\/users\/36"}],"replies":[{"embeddable":true,"href":"https:\/\/ecampania.it\/magazine\/wp-json\/wp\/v2\/comments?post=8462"}],"version-history":[{"count":1,"href":"https:\/\/ecampania.it\/magazine\/wp-json\/wp\/v2\/posts\/8462\/revisions"}],"predecessor-version":[{"id":8463,"href":"https:\/\/ecampania.it\/magazine\/wp-json\/wp\/v2\/posts\/8462\/revisions\/8463"}],"wp:featuredmedia":[{"embeddable":true,"href":"https:\/\/ecampania.it\/magazine\/wp-json\/wp\/v2\/media\/5142"}],"wp:attachment":[{"href":"https:\/\/ecampania.it\/magazine\/wp-json\/wp\/v2\/media?parent=8462"}],"wp:term":[{"taxonomy":"category","embeddable":true,"href":"https:\/\/ecampania.it\/magazine\/wp-json\/wp\/v2\/categories?post=8462"},{"taxonomy":"post_tag","embeddable":true,"href":"https:\/\/ecampania.it\/magazine\/wp-json\/wp\/v2\/tags?post=8462"}],"curies":[{"name":"wp","href":"https:\/\/api.w.org\/{rel}","templated":true}]}}