{"id":8483,"date":"2026-03-11T12:03:51","date_gmt":"2026-03-11T11:03:51","guid":{"rendered":"https:\/\/ecampania.it\/magazine\/?p=8483"},"modified":"2026-03-11T12:03:51","modified_gmt":"2026-03-11T11:03:51","slug":"napoli-mondi-in-movimento-la-mostra-che-indaga-le-fragilita-umana","status":"publish","type":"post","link":"https:\/\/ecampania.it\/magazine\/napoli-mondi-in-movimento-la-mostra-che-indaga-le-fragilita-umana\/","title":{"rendered":"Napoli. &#8216;Mondi in movimento&#8217;: la mostra che indaga le fragilit\u00e0 umana"},"content":{"rendered":"\n<h4 class=\"wp-block-heading\"><strong>A Palazzo Ricca Pinocchio incontra Pulcinella<\/strong><\/h4>\n\n\n\n<p>Il maestro Antonio Nocera torna a mette in scena la condizione e la fragilit\u00e0 umana: &#8216;Mondi in movimento&#8217; \u00e8 la nuova mostra a Palazzo Ricca. Dal<strong> 20 marzo al 20 giugno<\/strong>,<em> Palazzo Ricca<\/em>, sede della Fondazione Banco di Napoli (Via dei Tribunali 213, Napoli), ospita infatti la mostra <em><strong>\u201cMONDI IN MOVIMENTO. Pinocchio incontra Pulcinella\u201d <\/strong><\/em>del Maestro <strong>Antonio Nocera<\/strong>.<\/p>\n\n\n\n<p>L\u2019esposizione, ideata dalla Fondazione Meeting del Mare C.R.E.A. e dall\u2019Archivio Antonio Nocera, \u00e8 curata da Gianni Citro ed \u00e8 sostenuta da Fondazione Banco di Napoli e Fondazione ilCartastorie, con il patrocinio di UNICEF Italia e della Fondazione Nazionale Carlo Collodi.<\/p>\n\n\n\n<p>La mostra presenta oltre<em> 80 opere<\/em> di <strong>Antonio Nocera<\/strong>, molte delle quali provenienti da collezioni private, riunite per la prima volta in questa sede. Un percorso ampio e articolato che mette in dialogo, attraverso dipinti, sculture, disegni, installazioni e alcune opere esposte per la prima volta a Napoli, due figure centrali dell\u2019immaginario italiano ed europeo \u2013 Pinocchio e Pulcinella \u2013 trasformandole in chiavi di lettura del presente.<\/p>\n\n\n\n<p>In <em>\u201cMONDI IN MOVIMENTO\u201d<\/em>, <strong>Pinocchio e Pulcinella<\/strong> diventano archetipi dinamici, capaci di attraversare tempo, linguaggi e sensibilit\u00e0 diverse: da una parte il desiderio di diventare, la crescita, l\u2019errore, la scoperta di s\u00e9; dall\u2019altra la maschera, l\u2019ironia, la resistenza, la verit\u00e0 che si manifesta anche nel paradosso e nel disincanto. Due figure solo apparentemente lontane, che nell\u2019opera di Nocera si incontrano come due modi complementari di stare al mondo.<\/p>\n\n\n\n<p>Il titolo stesso della mostra, richiama una dimensione decisiva del lavoro dell\u2019artista: il movimento non \u00e8 soltanto formale o visivo, ma interiore, esistenziale, relazionale. Le opere di Nocera mettono in scena una condizione umana fatta di slanci e inciampi, fragilit\u00e0 e desiderio, peso del destino e possibilit\u00e0 di trasformazione. Un universo in cui la materia pittorica e plastica si fa racconto, tensione, energia, presenza.<\/p>\n\n\n\n<p>Uno degli elementi pi\u00f9 significativi di questo progetto espositivo \u00e8 il rapporto con il luogo che lo accoglie. La mostra, infatti, si sviluppa negli ambienti di Palazzo Ricca, in un confronto suggestivo con le carte antiche dell\u2019Archivio Storico della Fondazione Banco di Napoli, tra i pi\u00f9 importanti patrimoni documentari del Paese. In questo contesto, l\u2019esposizione assume una forza ulteriore: le opere non si limitano a occupare uno spazio, ma entrano in relazione con una memoria stratificata, civile e collettiva, attivando un dialogo tra immaginazione e archivio, tra visione artistica e tracce della storia. La sede, dunque, non \u00e8 un contenitore neutro, ma parte integrante del racconto. La presenza delle opere di Nocera tra le testimonianze dell\u2019archivio amplifica il senso del percorso espositivo, invitando il visitatore a una fruizione che intreccia arte, memoria, esperienza e riflessione. \u00c8 in questa relazione che la mostra trova una delle sue cifre pi\u00f9 originali: la possibilit\u00e0 di far convivere il patrimonio documentario e la forza simbolica dell\u2019arte contemporanea in un unico orizzonte narrativo.<\/p>\n\n\n\n<p>Questa mostra \u00e8 la prima esposizione di Antonio Nocera a Napoli, dopo il suo recente ritorno in citt\u00e0. \u00ab<em>Sono partito, sono tornato, sono scappato<\/em> \u2013 dichiara il <strong>Maestro Nocera<\/strong> \u2013 <em>ma \u00e8 impossibile stare lontano dal fuoco che scaturisce dal ventre del Vesuvio, da questo mare di un blu azzurro unico, dal mio Napoli. Mi assale \u2019a pucundria, che mi costringe a ritornare all\u2019inesauribile fonte per la mia creativit\u00e0 e nutrimento per la mia anima. Grazie Napoli\u00bb.<\/em><\/p>\n\n\n\n<p>Il progetto si segnala anche per la sua capacit\u00e0 di parlare a un pubblico ampio ed eterogeneo. Pur muovendosi su un piano simbolico e stratificato, il linguaggio di Antonio Nocera mantiene una immediatezza espressiva che rende il percorso accessibile e coinvolgente: studiosi, appassionati, famiglie, giovani visitatori, studenti, turisti culturali possono trovare nella mostra livelli differenti di lettura, tutti ugualmente intensi. In questa prospettiva, Pinocchio e Pulcinella non sono soltanto figure della tradizione, ma strumenti vivi di dialogo intergenerazionale e interculturale.<\/p>\n\n\n\n<p>Nel dialogo tra immagini, simboli e memoria, il percorso apre uno spazio condiviso in cui il tema dell\u2019incontro \u2013 tra s\u00e9 e l\u2019altro, tra passato e presente, tra realt\u00e0 e immaginazione \u2013 diventa centrale. Come sottolinea don Gianni Citro, curatore della mostra: \u00abLa stupefacente metafora dello stare al mondo \u00e8 il vero filo conduttore di questa raccolta di opere e di questa mostra nello specifico. La nostra relazione con le cose, con noi stessi e con gli altri, la misura esagerata di certi eventi e il peso del destino, il desiderio puro di essere di aiuto a chi soffre e l\u2019immancabile insidia di sentirsi fragili, trovano nell\u2019esperienza di questa mostra un veicolo ospitale. L\u2019invito a visitarla, a immergervi in essa, mirabilmente impastata tra le carte antiche dell\u2019Archivio Storico della Fondazione Banco di Napoli, corrisponde a un bisogno di condivisione e di convalescenza\u00bb.<\/p>\n\n\n\n<p><em>\u00abLe sale della Fondazione Banco di Napoli<\/em> \u2013 commenta il Presidente Orazio Abbamonte \u2013 <em>sono depositi di documenti e parti essenziali del nostro sapere. Stavolta ospitano l\u2019incontro eccezionale tra Pulcinella e Pinocchio, che rappresentano entrambi aspetti importanti della nostra cultura e che fanno parte della tradizione teatrale italiana e dello spettacolo di burattini. Figure popolari e comiche, ma con significati profondi, spesso esplorate in chiave critica, specchi dell\u2019anima popolare italiana\u00bb.<\/em><\/p>\n","protected":false},"excerpt":{"rendered":"<p>A Palazzo Ricca Pinocchio incontra Pulcinella Il maestro Antonio Nocera torna a mette in scena la condizione e la fragilit\u00e0 umana: &#8216;Mondi in movimento&#8217; \u00e8 la nuova mostra a Palazzo Ricca. Dal 20 marzo al 20 giugno, Palazzo Ricca, sede della Fondazione Banco di Napoli (Via dei Tribunali 213, Napoli), ospita infatti la mostra \u201cMONDI [&hellip;]<\/p>\n","protected":false},"author":36,"featured_media":8484,"comment_status":"open","ping_status":"open","sticky":false,"template":"","format":"standard","meta":{"jnews-multi-image_gallery":[],"jnews_single_post":{"format":"standard"},"jnews_primary_category":[],"jnews_override_counter":[],"footnotes":""},"categories":[7],"tags":[32,45,28],"class_list":["post-8483","post","type-post","status-publish","format-standard","has-post-thumbnail","hentry","category-eventi","tag-arte","tag-mostra","tag-prima"],"yoast_head":"<!-- This site is optimized with the Yoast SEO plugin v24.2 - https:\/\/yoast.com\/wordpress\/plugins\/seo\/ -->\n<title>Napoli. &#039;Mondi in movimento&#039;: la mostra che indaga le fragilit\u00e0 umana - \u00e8campania<\/title>\n<meta name=\"robots\" content=\"index, follow, max-snippet:-1, max-image-preview:large, max-video-preview:-1\" \/>\n<link rel=\"canonical\" href=\"https:\/\/ecampania.it\/magazine\/napoli-mondi-in-movimento-la-mostra-che-indaga-le-fragilita-umana\/\" \/>\n<meta property=\"og:locale\" content=\"it_IT\" \/>\n<meta property=\"og:type\" content=\"article\" \/>\n<meta property=\"og:title\" content=\"Napoli. &#039;Mondi in movimento&#039;: la mostra che indaga le fragilit\u00e0 umana - \u00e8campania\" \/>\n<meta property=\"og:description\" content=\"A Palazzo Ricca Pinocchio incontra Pulcinella Il maestro Antonio Nocera torna a mette in scena la condizione e la fragilit\u00e0 umana: &#8216;Mondi in movimento&#8217; \u00e8 la nuova mostra a Palazzo Ricca. Dal 20 marzo al 20 giugno, Palazzo Ricca, sede della Fondazione Banco di Napoli (Via dei Tribunali 213, Napoli), ospita infatti la mostra \u201cMONDI [&hellip;]\" \/>\n<meta property=\"og:url\" content=\"https:\/\/ecampania.it\/magazine\/napoli-mondi-in-movimento-la-mostra-che-indaga-le-fragilita-umana\/\" \/>\n<meta property=\"og:site_name\" content=\"\u00e8campania\" \/>\n<meta property=\"article:publisher\" content=\"https:\/\/www.facebook.com\/ecampania.it\" \/>\n<meta property=\"article:published_time\" content=\"2026-03-11T11:03:51+00:00\" \/>\n<meta property=\"og:image\" content=\"https:\/\/ecampania.it\/magazine\/wp-content\/uploads\/2026\/03\/IMG_3446.jpeg\" \/>\n\t<meta property=\"og:image:width\" content=\"1284\" \/>\n\t<meta property=\"og:image:height\" content=\"833\" \/>\n\t<meta property=\"og:image:type\" content=\"image\/jpeg\" \/>\n<meta name=\"author\" content=\"Giada Cuomo\" \/>\n<meta name=\"twitter:card\" content=\"summary_large_image\" \/>\n<meta name=\"twitter:label1\" content=\"Scritto da\" \/>\n\t<meta name=\"twitter:data1\" content=\"Giada Cuomo\" \/>\n\t<meta name=\"twitter:label2\" content=\"Tempo di lettura stimato\" \/>\n\t<meta name=\"twitter:data2\" content=\"5 minuti\" \/>\n<script type=\"application\/ld+json\" class=\"yoast-schema-graph\">{\"@context\":\"https:\/\/schema.org\",\"@graph\":[{\"@type\":\"Article\",\"@id\":\"https:\/\/ecampania.it\/magazine\/napoli-mondi-in-movimento-la-mostra-che-indaga-le-fragilita-umana\/#article\",\"isPartOf\":{\"@id\":\"https:\/\/ecampania.it\/magazine\/napoli-mondi-in-movimento-la-mostra-che-indaga-le-fragilita-umana\/\"},\"author\":{\"name\":\"Giada Cuomo\",\"@id\":\"https:\/\/ecampania.it\/magazine\/#\/schema\/person\/f372b853776f14766c01226091cd1381\"},\"headline\":\"Napoli. &#8216;Mondi in movimento&#8217;: la mostra che indaga le fragilit\u00e0 umana\",\"datePublished\":\"2026-03-11T11:03:51+00:00\",\"dateModified\":\"2026-03-11T11:03:51+00:00\",\"mainEntityOfPage\":{\"@id\":\"https:\/\/ecampania.it\/magazine\/napoli-mondi-in-movimento-la-mostra-che-indaga-le-fragilita-umana\/\"},\"wordCount\":853,\"commentCount\":0,\"publisher\":{\"@id\":\"https:\/\/ecampania.it\/magazine\/#organization\"},\"image\":{\"@id\":\"https:\/\/ecampania.it\/magazine\/napoli-mondi-in-movimento-la-mostra-che-indaga-le-fragilita-umana\/#primaryimage\"},\"thumbnailUrl\":\"https:\/\/ecampania.it\/magazine\/wp-content\/uploads\/2026\/03\/IMG_3446.jpeg\",\"keywords\":[\"arte\",\"mostra\",\"prima\"],\"articleSection\":[\"Eventi\"],\"inLanguage\":\"it-IT\",\"potentialAction\":[{\"@type\":\"CommentAction\",\"name\":\"Comment\",\"target\":[\"https:\/\/ecampania.it\/magazine\/napoli-mondi-in-movimento-la-mostra-che-indaga-le-fragilita-umana\/#respond\"]}]},{\"@type\":\"WebPage\",\"@id\":\"https:\/\/ecampania.it\/magazine\/napoli-mondi-in-movimento-la-mostra-che-indaga-le-fragilita-umana\/\",\"url\":\"https:\/\/ecampania.it\/magazine\/napoli-mondi-in-movimento-la-mostra-che-indaga-le-fragilita-umana\/\",\"name\":\"Napoli. 'Mondi in movimento': la mostra che indaga le fragilit\u00e0 umana - \u00e8campania\",\"isPartOf\":{\"@id\":\"https:\/\/ecampania.it\/magazine\/#website\"},\"primaryImageOfPage\":{\"@id\":\"https:\/\/ecampania.it\/magazine\/napoli-mondi-in-movimento-la-mostra-che-indaga-le-fragilita-umana\/#primaryimage\"},\"image\":{\"@id\":\"https:\/\/ecampania.it\/magazine\/napoli-mondi-in-movimento-la-mostra-che-indaga-le-fragilita-umana\/#primaryimage\"},\"thumbnailUrl\":\"https:\/\/ecampania.it\/magazine\/wp-content\/uploads\/2026\/03\/IMG_3446.jpeg\",\"datePublished\":\"2026-03-11T11:03:51+00:00\",\"dateModified\":\"2026-03-11T11:03:51+00:00\",\"breadcrumb\":{\"@id\":\"https:\/\/ecampania.it\/magazine\/napoli-mondi-in-movimento-la-mostra-che-indaga-le-fragilita-umana\/#breadcrumb\"},\"inLanguage\":\"it-IT\",\"potentialAction\":[{\"@type\":\"ReadAction\",\"target\":[\"https:\/\/ecampania.it\/magazine\/napoli-mondi-in-movimento-la-mostra-che-indaga-le-fragilita-umana\/\"]}]},{\"@type\":\"ImageObject\",\"inLanguage\":\"it-IT\",\"@id\":\"https:\/\/ecampania.it\/magazine\/napoli-mondi-in-movimento-la-mostra-che-indaga-le-fragilita-umana\/#primaryimage\",\"url\":\"https:\/\/ecampania.it\/magazine\/wp-content\/uploads\/2026\/03\/IMG_3446.jpeg\",\"contentUrl\":\"https:\/\/ecampania.it\/magazine\/wp-content\/uploads\/2026\/03\/IMG_3446.jpeg\",\"width\":1284,\"height\":833},{\"@type\":\"BreadcrumbList\",\"@id\":\"https:\/\/ecampania.it\/magazine\/napoli-mondi-in-movimento-la-mostra-che-indaga-le-fragilita-umana\/#breadcrumb\",\"itemListElement\":[{\"@type\":\"ListItem\",\"position\":1,\"name\":\"Home\",\"item\":\"https:\/\/ecampania.it\/magazine\/\"},{\"@type\":\"ListItem\",\"position\":2,\"name\":\"Napoli. &#8216;Mondi in movimento&#8217;: la mostra che indaga le fragilit\u00e0 umana\"}]},{\"@type\":\"WebSite\",\"@id\":\"https:\/\/ecampania.it\/magazine\/#website\",\"url\":\"https:\/\/ecampania.it\/magazine\/\",\"name\":\"Ecampania\",\"description\":\"Il primo portale dedicato al turismo ed alla cultura in Campania\",\"publisher\":{\"@id\":\"https:\/\/ecampania.it\/magazine\/#organization\"},\"potentialAction\":[{\"@type\":\"SearchAction\",\"target\":{\"@type\":\"EntryPoint\",\"urlTemplate\":\"https:\/\/ecampania.it\/magazine\/?s={search_term_string}\"},\"query-input\":{\"@type\":\"PropertyValueSpecification\",\"valueRequired\":true,\"valueName\":\"search_term_string\"}}],\"inLanguage\":\"it-IT\"},{\"@type\":\"Organization\",\"@id\":\"https:\/\/ecampania.it\/magazine\/#organization\",\"name\":\"Ecampania\",\"url\":\"https:\/\/ecampania.it\/magazine\/\",\"logo\":{\"@type\":\"ImageObject\",\"inLanguage\":\"it-IT\",\"@id\":\"https:\/\/ecampania.it\/magazine\/#\/schema\/logo\/image\/\",\"url\":\"https:\/\/ecampania.it\/magazine\/wp-content\/uploads\/2025\/01\/fb.png\",\"contentUrl\":\"https:\/\/ecampania.it\/magazine\/wp-content\/uploads\/2025\/01\/fb.png\",\"width\":500,\"height\":500,\"caption\":\"Ecampania\"},\"image\":{\"@id\":\"https:\/\/ecampania.it\/magazine\/#\/schema\/logo\/image\/\"},\"sameAs\":[\"https:\/\/www.facebook.com\/ecampania.it\",\"https:\/\/www.instagram.com\/ecampania.it\/\"]},{\"@type\":\"Person\",\"@id\":\"https:\/\/ecampania.it\/magazine\/#\/schema\/person\/f372b853776f14766c01226091cd1381\",\"name\":\"Giada Cuomo\",\"image\":{\"@type\":\"ImageObject\",\"inLanguage\":\"it-IT\",\"@id\":\"https:\/\/ecampania.it\/magazine\/#\/schema\/person\/image\/\",\"url\":\"https:\/\/secure.gravatar.com\/avatar\/146c6721e4d668a5b54e972781d98893d8c77afe8ac2754067e4820df8ed0fa0?s=96&d=mm&r=g\",\"contentUrl\":\"https:\/\/secure.gravatar.com\/avatar\/146c6721e4d668a5b54e972781d98893d8c77afe8ac2754067e4820df8ed0fa0?s=96&d=mm&r=g\",\"caption\":\"Giada Cuomo\"},\"url\":\"https:\/\/ecampania.it\/magazine\/author\/giada\/\"}]}<\/script>\n<!-- \/ Yoast SEO plugin. -->","yoast_head_json":{"title":"Napoli. 'Mondi in movimento': la mostra che indaga le fragilit\u00e0 umana - \u00e8campania","robots":{"index":"index","follow":"follow","max-snippet":"max-snippet:-1","max-image-preview":"max-image-preview:large","max-video-preview":"max-video-preview:-1"},"canonical":"https:\/\/ecampania.it\/magazine\/napoli-mondi-in-movimento-la-mostra-che-indaga-le-fragilita-umana\/","og_locale":"it_IT","og_type":"article","og_title":"Napoli. 'Mondi in movimento': la mostra che indaga le fragilit\u00e0 umana - \u00e8campania","og_description":"A Palazzo Ricca Pinocchio incontra Pulcinella Il maestro Antonio Nocera torna a mette in scena la condizione e la fragilit\u00e0 umana: &#8216;Mondi in movimento&#8217; \u00e8 la nuova mostra a Palazzo Ricca. Dal 20 marzo al 20 giugno, Palazzo Ricca, sede della Fondazione Banco di Napoli (Via dei Tribunali 213, Napoli), ospita infatti la mostra \u201cMONDI [&hellip;]","og_url":"https:\/\/ecampania.it\/magazine\/napoli-mondi-in-movimento-la-mostra-che-indaga-le-fragilita-umana\/","og_site_name":"\u00e8campania","article_publisher":"https:\/\/www.facebook.com\/ecampania.it","article_published_time":"2026-03-11T11:03:51+00:00","og_image":[{"width":1284,"height":833,"url":"https:\/\/ecampania.it\/magazine\/wp-content\/uploads\/2026\/03\/IMG_3446.jpeg","type":"image\/jpeg"}],"author":"Giada Cuomo","twitter_card":"summary_large_image","twitter_misc":{"Scritto da":"Giada Cuomo","Tempo di lettura stimato":"5 minuti"},"schema":{"@context":"https:\/\/schema.org","@graph":[{"@type":"Article","@id":"https:\/\/ecampania.it\/magazine\/napoli-mondi-in-movimento-la-mostra-che-indaga-le-fragilita-umana\/#article","isPartOf":{"@id":"https:\/\/ecampania.it\/magazine\/napoli-mondi-in-movimento-la-mostra-che-indaga-le-fragilita-umana\/"},"author":{"name":"Giada Cuomo","@id":"https:\/\/ecampania.it\/magazine\/#\/schema\/person\/f372b853776f14766c01226091cd1381"},"headline":"Napoli. &#8216;Mondi in movimento&#8217;: la mostra che indaga le fragilit\u00e0 umana","datePublished":"2026-03-11T11:03:51+00:00","dateModified":"2026-03-11T11:03:51+00:00","mainEntityOfPage":{"@id":"https:\/\/ecampania.it\/magazine\/napoli-mondi-in-movimento-la-mostra-che-indaga-le-fragilita-umana\/"},"wordCount":853,"commentCount":0,"publisher":{"@id":"https:\/\/ecampania.it\/magazine\/#organization"},"image":{"@id":"https:\/\/ecampania.it\/magazine\/napoli-mondi-in-movimento-la-mostra-che-indaga-le-fragilita-umana\/#primaryimage"},"thumbnailUrl":"https:\/\/ecampania.it\/magazine\/wp-content\/uploads\/2026\/03\/IMG_3446.jpeg","keywords":["arte","mostra","prima"],"articleSection":["Eventi"],"inLanguage":"it-IT","potentialAction":[{"@type":"CommentAction","name":"Comment","target":["https:\/\/ecampania.it\/magazine\/napoli-mondi-in-movimento-la-mostra-che-indaga-le-fragilita-umana\/#respond"]}]},{"@type":"WebPage","@id":"https:\/\/ecampania.it\/magazine\/napoli-mondi-in-movimento-la-mostra-che-indaga-le-fragilita-umana\/","url":"https:\/\/ecampania.it\/magazine\/napoli-mondi-in-movimento-la-mostra-che-indaga-le-fragilita-umana\/","name":"Napoli. 'Mondi in movimento': la mostra che indaga le fragilit\u00e0 umana - \u00e8campania","isPartOf":{"@id":"https:\/\/ecampania.it\/magazine\/#website"},"primaryImageOfPage":{"@id":"https:\/\/ecampania.it\/magazine\/napoli-mondi-in-movimento-la-mostra-che-indaga-le-fragilita-umana\/#primaryimage"},"image":{"@id":"https:\/\/ecampania.it\/magazine\/napoli-mondi-in-movimento-la-mostra-che-indaga-le-fragilita-umana\/#primaryimage"},"thumbnailUrl":"https:\/\/ecampania.it\/magazine\/wp-content\/uploads\/2026\/03\/IMG_3446.jpeg","datePublished":"2026-03-11T11:03:51+00:00","dateModified":"2026-03-11T11:03:51+00:00","breadcrumb":{"@id":"https:\/\/ecampania.it\/magazine\/napoli-mondi-in-movimento-la-mostra-che-indaga-le-fragilita-umana\/#breadcrumb"},"inLanguage":"it-IT","potentialAction":[{"@type":"ReadAction","target":["https:\/\/ecampania.it\/magazine\/napoli-mondi-in-movimento-la-mostra-che-indaga-le-fragilita-umana\/"]}]},{"@type":"ImageObject","inLanguage":"it-IT","@id":"https:\/\/ecampania.it\/magazine\/napoli-mondi-in-movimento-la-mostra-che-indaga-le-fragilita-umana\/#primaryimage","url":"https:\/\/ecampania.it\/magazine\/wp-content\/uploads\/2026\/03\/IMG_3446.jpeg","contentUrl":"https:\/\/ecampania.it\/magazine\/wp-content\/uploads\/2026\/03\/IMG_3446.jpeg","width":1284,"height":833},{"@type":"BreadcrumbList","@id":"https:\/\/ecampania.it\/magazine\/napoli-mondi-in-movimento-la-mostra-che-indaga-le-fragilita-umana\/#breadcrumb","itemListElement":[{"@type":"ListItem","position":1,"name":"Home","item":"https:\/\/ecampania.it\/magazine\/"},{"@type":"ListItem","position":2,"name":"Napoli. &#8216;Mondi in movimento&#8217;: la mostra che indaga le fragilit\u00e0 umana"}]},{"@type":"WebSite","@id":"https:\/\/ecampania.it\/magazine\/#website","url":"https:\/\/ecampania.it\/magazine\/","name":"Ecampania","description":"Il primo portale dedicato al turismo ed alla cultura in Campania","publisher":{"@id":"https:\/\/ecampania.it\/magazine\/#organization"},"potentialAction":[{"@type":"SearchAction","target":{"@type":"EntryPoint","urlTemplate":"https:\/\/ecampania.it\/magazine\/?s={search_term_string}"},"query-input":{"@type":"PropertyValueSpecification","valueRequired":true,"valueName":"search_term_string"}}],"inLanguage":"it-IT"},{"@type":"Organization","@id":"https:\/\/ecampania.it\/magazine\/#organization","name":"Ecampania","url":"https:\/\/ecampania.it\/magazine\/","logo":{"@type":"ImageObject","inLanguage":"it-IT","@id":"https:\/\/ecampania.it\/magazine\/#\/schema\/logo\/image\/","url":"https:\/\/ecampania.it\/magazine\/wp-content\/uploads\/2025\/01\/fb.png","contentUrl":"https:\/\/ecampania.it\/magazine\/wp-content\/uploads\/2025\/01\/fb.png","width":500,"height":500,"caption":"Ecampania"},"image":{"@id":"https:\/\/ecampania.it\/magazine\/#\/schema\/logo\/image\/"},"sameAs":["https:\/\/www.facebook.com\/ecampania.it","https:\/\/www.instagram.com\/ecampania.it\/"]},{"@type":"Person","@id":"https:\/\/ecampania.it\/magazine\/#\/schema\/person\/f372b853776f14766c01226091cd1381","name":"Giada Cuomo","image":{"@type":"ImageObject","inLanguage":"it-IT","@id":"https:\/\/ecampania.it\/magazine\/#\/schema\/person\/image\/","url":"https:\/\/secure.gravatar.com\/avatar\/146c6721e4d668a5b54e972781d98893d8c77afe8ac2754067e4820df8ed0fa0?s=96&d=mm&r=g","contentUrl":"https:\/\/secure.gravatar.com\/avatar\/146c6721e4d668a5b54e972781d98893d8c77afe8ac2754067e4820df8ed0fa0?s=96&d=mm&r=g","caption":"Giada Cuomo"},"url":"https:\/\/ecampania.it\/magazine\/author\/giada\/"}]}},"_links":{"self":[{"href":"https:\/\/ecampania.it\/magazine\/wp-json\/wp\/v2\/posts\/8483","targetHints":{"allow":["GET"]}}],"collection":[{"href":"https:\/\/ecampania.it\/magazine\/wp-json\/wp\/v2\/posts"}],"about":[{"href":"https:\/\/ecampania.it\/magazine\/wp-json\/wp\/v2\/types\/post"}],"author":[{"embeddable":true,"href":"https:\/\/ecampania.it\/magazine\/wp-json\/wp\/v2\/users\/36"}],"replies":[{"embeddable":true,"href":"https:\/\/ecampania.it\/magazine\/wp-json\/wp\/v2\/comments?post=8483"}],"version-history":[{"count":1,"href":"https:\/\/ecampania.it\/magazine\/wp-json\/wp\/v2\/posts\/8483\/revisions"}],"predecessor-version":[{"id":8485,"href":"https:\/\/ecampania.it\/magazine\/wp-json\/wp\/v2\/posts\/8483\/revisions\/8485"}],"wp:featuredmedia":[{"embeddable":true,"href":"https:\/\/ecampania.it\/magazine\/wp-json\/wp\/v2\/media\/8484"}],"wp:attachment":[{"href":"https:\/\/ecampania.it\/magazine\/wp-json\/wp\/v2\/media?parent=8483"}],"wp:term":[{"taxonomy":"category","embeddable":true,"href":"https:\/\/ecampania.it\/magazine\/wp-json\/wp\/v2\/categories?post=8483"},{"taxonomy":"post_tag","embeddable":true,"href":"https:\/\/ecampania.it\/magazine\/wp-json\/wp\/v2\/tags?post=8483"}],"curies":[{"name":"wp","href":"https:\/\/api.w.org\/{rel}","templated":true}]}}