{"id":8493,"date":"2026-03-11T14:51:27","date_gmt":"2026-03-11T13:51:27","guid":{"rendered":"https:\/\/ecampania.it\/magazine\/?p=8493"},"modified":"2026-03-11T14:51:27","modified_gmt":"2026-03-11T13:51:27","slug":"pompei-memoriale-del-dolore-in-esposizione-i-calchi-di-22-vittime-delleruzione","status":"publish","type":"post","link":"https:\/\/ecampania.it\/magazine\/pompei-memoriale-del-dolore-in-esposizione-i-calchi-di-22-vittime-delleruzione\/","title":{"rendered":"Pompei, memoriale del dolore: in esposizione i calchi di 22 vittime dell&#8217;eruzione"},"content":{"rendered":"\n<p><strong>Un memoriale che racconta Pompei e la sua distruzione<\/strong>. C&#8217;\u00e8 un nuovo percorso visitabile nel <strong>Parco archeologico<\/strong>, a partire da oggi nella Palestra Grande, ed \u00e8 dedicato ai calchi e ai reperti organici emersi durante gli scavi. Ad inaugurarlo \u00e8 stato il ministro della Cultura<strong> Alessandro Giuli<\/strong>. &#8220;\u00c8 una installazione permanente &#8211; ha spiegato il direttore generale del Parco Gabriel Zuchtriegel &#8211; un memoriale che racconta la fine di Pompei e le sue vittime&#8221;. \u00c8 proprio questo aspetto a colpire di pi\u00f9: i 22 calchi di vittime, tra i vari rinvenimenti esposti, sono i resti di persone vere, che nel 79 dopo Cristo, furono bruciate vive durante l&#8217;eruzione del Vesuvio.<\/p>\n\n\n\n<p>&#8220;Scappavano dalle loro case e rimasero intrappolate nella seconda fase dell&#8217;eruzione, dopo la caduta dei lapilli, in una nube ardente di cenere vulcanica, cosiddetta corrente piroclastica, che si solidific\u00f2 intorno ai loro corpi &#8211; ha raccontato Zuchtriegel -. I calchi non sono dunque semplici reperti, ma testimonianze dirette della tragedia che colp\u00ec Pompei. Attraverso di essi, la scienza ci restituisce i volti, i gesti e l&#8217;umanit\u00e0 degli abitanti dell&#8217;antica Pompei&#8221;.&nbsp;<\/p>\n\n\n\n<p>&#8220;In questo fermo immagine c&#8217;\u00e8 rispetto. Questo piccolo sacrario, una galleria del dolore al cui ingresso c&#8217;\u00e8 scritto &#8216;silenzio&#8217;, dona ai visitatori un verismo della memoria che combina la pietas alla tecnologia con la capacit\u00e0 di operare una restituzione fredda di un quadro tragico e spettacolare. In esso c&#8217;\u00e8 un progetto molto coraggioso e molto potente di rendere al visitatore l&#8217;immagine del dolore, con i cadaveri di una morte acerba&#8221;. Cos\u00ec il ministro della Cultura Alessandro Giuli, presente all&#8217;inaugurazione della mostra permanente.&nbsp; &#8220;Ho visto un bambino, una coppia, forse due amanti sui quali &#8211; ha raccontato &#8211; la sorte ha sparso la cenere. La pietas con cui \u00e8 stato allestito questo percorso \u00e8 giustizia, intesa come rispetto che meritano tutte le tragedie umane&#8221;.<\/p>\n","protected":false},"excerpt":{"rendered":"<p>Un memoriale che racconta Pompei e la sua distruzione. C&#8217;\u00e8 un nuovo percorso visitabile nel Parco archeologico, a partire da oggi nella Palestra Grande, ed \u00e8 dedicato ai calchi e ai reperti organici emersi durante gli scavi. Ad inaugurarlo \u00e8 stato il ministro della Cultura Alessandro Giuli. &#8220;\u00c8 una installazione permanente &#8211; ha spiegato il [&hellip;]<\/p>\n","protected":false},"author":7,"featured_media":8494,"comment_status":"open","ping_status":"open","sticky":false,"template":"","format":"standard","meta":{"jnews-multi-image_gallery":[],"jnews_single_post":{"format":"standard"},"jnews_primary_category":[],"jnews_override_counter":[],"footnotes":""},"categories":[8],"tags":[28],"class_list":["post-8493","post","type-post","status-publish","format-standard","has-post-thumbnail","hentry","category-cultura","tag-prima"],"yoast_head":"<!-- This site is optimized with the Yoast SEO plugin v24.2 - https:\/\/yoast.com\/wordpress\/plugins\/seo\/ -->\n<title>Pompei, memoriale del dolore: in esposizione i calchi di 22 vittime dell&#039;eruzione - \u00e8campania<\/title>\n<meta name=\"robots\" content=\"index, follow, max-snippet:-1, max-image-preview:large, max-video-preview:-1\" \/>\n<link rel=\"canonical\" href=\"https:\/\/ecampania.it\/magazine\/pompei-memoriale-del-dolore-in-esposizione-i-calchi-di-22-vittime-delleruzione\/\" \/>\n<meta property=\"og:locale\" content=\"it_IT\" \/>\n<meta property=\"og:type\" content=\"article\" \/>\n<meta property=\"og:title\" content=\"Pompei, memoriale del dolore: in esposizione i calchi di 22 vittime dell&#039;eruzione - \u00e8campania\" \/>\n<meta property=\"og:description\" content=\"Un memoriale che racconta Pompei e la sua distruzione. C&#8217;\u00e8 un nuovo percorso visitabile nel Parco archeologico, a partire da oggi nella Palestra Grande, ed \u00e8 dedicato ai calchi e ai reperti organici emersi durante gli scavi. Ad inaugurarlo \u00e8 stato il ministro della Cultura Alessandro Giuli. &#8220;\u00c8 una installazione permanente &#8211; ha spiegato il [&hellip;]\" \/>\n<meta property=\"og:url\" content=\"https:\/\/ecampania.it\/magazine\/pompei-memoriale-del-dolore-in-esposizione-i-calchi-di-22-vittime-delleruzione\/\" \/>\n<meta property=\"og:site_name\" content=\"\u00e8campania\" \/>\n<meta property=\"article:publisher\" content=\"https:\/\/www.facebook.com\/ecampania.it\" \/>\n<meta property=\"article:published_time\" content=\"2026-03-11T13:51:27+00:00\" \/>\n<meta property=\"og:image\" content=\"https:\/\/ecampania.it\/magazine\/wp-content\/uploads\/2026\/03\/650852202_1473032270846946_5879089839589384951_n.jpg\" \/>\n\t<meta property=\"og:image:width\" content=\"1440\" \/>\n\t<meta property=\"og:image:height\" content=\"810\" \/>\n\t<meta property=\"og:image:type\" content=\"image\/jpeg\" \/>\n<meta name=\"author\" content=\"Redazione\" \/>\n<meta name=\"twitter:card\" content=\"summary_large_image\" \/>\n<meta name=\"twitter:label1\" content=\"Scritto da\" \/>\n\t<meta name=\"twitter:data1\" content=\"Redazione\" \/>\n\t<meta name=\"twitter:label2\" content=\"Tempo di lettura stimato\" \/>\n\t<meta name=\"twitter:data2\" content=\"2 minuti\" \/>\n<script type=\"application\/ld+json\" class=\"yoast-schema-graph\">{\"@context\":\"https:\/\/schema.org\",\"@graph\":[{\"@type\":\"Article\",\"@id\":\"https:\/\/ecampania.it\/magazine\/pompei-memoriale-del-dolore-in-esposizione-i-calchi-di-22-vittime-delleruzione\/#article\",\"isPartOf\":{\"@id\":\"https:\/\/ecampania.it\/magazine\/pompei-memoriale-del-dolore-in-esposizione-i-calchi-di-22-vittime-delleruzione\/\"},\"author\":{\"name\":\"Redazione\",\"@id\":\"https:\/\/ecampania.it\/magazine\/#\/schema\/person\/f259cd7c01428ef3ac5db31dcac5ab70\"},\"headline\":\"Pompei, memoriale del dolore: in esposizione i calchi di 22 vittime dell&#8217;eruzione\",\"datePublished\":\"2026-03-11T13:51:27+00:00\",\"dateModified\":\"2026-03-11T13:51:27+00:00\",\"mainEntityOfPage\":{\"@id\":\"https:\/\/ecampania.it\/magazine\/pompei-memoriale-del-dolore-in-esposizione-i-calchi-di-22-vittime-delleruzione\/\"},\"wordCount\":308,\"commentCount\":0,\"publisher\":{\"@id\":\"https:\/\/ecampania.it\/magazine\/#organization\"},\"image\":{\"@id\":\"https:\/\/ecampania.it\/magazine\/pompei-memoriale-del-dolore-in-esposizione-i-calchi-di-22-vittime-delleruzione\/#primaryimage\"},\"thumbnailUrl\":\"https:\/\/ecampania.it\/magazine\/wp-content\/uploads\/2026\/03\/650852202_1473032270846946_5879089839589384951_n.jpg\",\"keywords\":[\"prima\"],\"articleSection\":[\"Cultura\"],\"inLanguage\":\"it-IT\",\"potentialAction\":[{\"@type\":\"CommentAction\",\"name\":\"Comment\",\"target\":[\"https:\/\/ecampania.it\/magazine\/pompei-memoriale-del-dolore-in-esposizione-i-calchi-di-22-vittime-delleruzione\/#respond\"]}]},{\"@type\":\"WebPage\",\"@id\":\"https:\/\/ecampania.it\/magazine\/pompei-memoriale-del-dolore-in-esposizione-i-calchi-di-22-vittime-delleruzione\/\",\"url\":\"https:\/\/ecampania.it\/magazine\/pompei-memoriale-del-dolore-in-esposizione-i-calchi-di-22-vittime-delleruzione\/\",\"name\":\"Pompei, memoriale del dolore: in esposizione i calchi di 22 vittime dell'eruzione - \u00e8campania\",\"isPartOf\":{\"@id\":\"https:\/\/ecampania.it\/magazine\/#website\"},\"primaryImageOfPage\":{\"@id\":\"https:\/\/ecampania.it\/magazine\/pompei-memoriale-del-dolore-in-esposizione-i-calchi-di-22-vittime-delleruzione\/#primaryimage\"},\"image\":{\"@id\":\"https:\/\/ecampania.it\/magazine\/pompei-memoriale-del-dolore-in-esposizione-i-calchi-di-22-vittime-delleruzione\/#primaryimage\"},\"thumbnailUrl\":\"https:\/\/ecampania.it\/magazine\/wp-content\/uploads\/2026\/03\/650852202_1473032270846946_5879089839589384951_n.jpg\",\"datePublished\":\"2026-03-11T13:51:27+00:00\",\"dateModified\":\"2026-03-11T13:51:27+00:00\",\"breadcrumb\":{\"@id\":\"https:\/\/ecampania.it\/magazine\/pompei-memoriale-del-dolore-in-esposizione-i-calchi-di-22-vittime-delleruzione\/#breadcrumb\"},\"inLanguage\":\"it-IT\",\"potentialAction\":[{\"@type\":\"ReadAction\",\"target\":[\"https:\/\/ecampania.it\/magazine\/pompei-memoriale-del-dolore-in-esposizione-i-calchi-di-22-vittime-delleruzione\/\"]}]},{\"@type\":\"ImageObject\",\"inLanguage\":\"it-IT\",\"@id\":\"https:\/\/ecampania.it\/magazine\/pompei-memoriale-del-dolore-in-esposizione-i-calchi-di-22-vittime-delleruzione\/#primaryimage\",\"url\":\"https:\/\/ecampania.it\/magazine\/wp-content\/uploads\/2026\/03\/650852202_1473032270846946_5879089839589384951_n.jpg\",\"contentUrl\":\"https:\/\/ecampania.it\/magazine\/wp-content\/uploads\/2026\/03\/650852202_1473032270846946_5879089839589384951_n.jpg\",\"width\":1440,\"height\":810},{\"@type\":\"BreadcrumbList\",\"@id\":\"https:\/\/ecampania.it\/magazine\/pompei-memoriale-del-dolore-in-esposizione-i-calchi-di-22-vittime-delleruzione\/#breadcrumb\",\"itemListElement\":[{\"@type\":\"ListItem\",\"position\":1,\"name\":\"Home\",\"item\":\"https:\/\/ecampania.it\/magazine\/\"},{\"@type\":\"ListItem\",\"position\":2,\"name\":\"Pompei, memoriale del dolore: in esposizione i calchi di 22 vittime dell&#8217;eruzione\"}]},{\"@type\":\"WebSite\",\"@id\":\"https:\/\/ecampania.it\/magazine\/#website\",\"url\":\"https:\/\/ecampania.it\/magazine\/\",\"name\":\"Ecampania\",\"description\":\"Il primo portale dedicato al turismo ed alla cultura in Campania\",\"publisher\":{\"@id\":\"https:\/\/ecampania.it\/magazine\/#organization\"},\"potentialAction\":[{\"@type\":\"SearchAction\",\"target\":{\"@type\":\"EntryPoint\",\"urlTemplate\":\"https:\/\/ecampania.it\/magazine\/?s={search_term_string}\"},\"query-input\":{\"@type\":\"PropertyValueSpecification\",\"valueRequired\":true,\"valueName\":\"search_term_string\"}}],\"inLanguage\":\"it-IT\"},{\"@type\":\"Organization\",\"@id\":\"https:\/\/ecampania.it\/magazine\/#organization\",\"name\":\"Ecampania\",\"url\":\"https:\/\/ecampania.it\/magazine\/\",\"logo\":{\"@type\":\"ImageObject\",\"inLanguage\":\"it-IT\",\"@id\":\"https:\/\/ecampania.it\/magazine\/#\/schema\/logo\/image\/\",\"url\":\"https:\/\/ecampania.it\/magazine\/wp-content\/uploads\/2025\/01\/fb.png\",\"contentUrl\":\"https:\/\/ecampania.it\/magazine\/wp-content\/uploads\/2025\/01\/fb.png\",\"width\":500,\"height\":500,\"caption\":\"Ecampania\"},\"image\":{\"@id\":\"https:\/\/ecampania.it\/magazine\/#\/schema\/logo\/image\/\"},\"sameAs\":[\"https:\/\/www.facebook.com\/ecampania.it\",\"https:\/\/www.instagram.com\/ecampania.it\/\"]},{\"@type\":\"Person\",\"@id\":\"https:\/\/ecampania.it\/magazine\/#\/schema\/person\/f259cd7c01428ef3ac5db31dcac5ab70\",\"name\":\"Redazione\",\"image\":{\"@type\":\"ImageObject\",\"inLanguage\":\"it-IT\",\"@id\":\"https:\/\/ecampania.it\/magazine\/#\/schema\/person\/image\/\",\"url\":\"https:\/\/secure.gravatar.com\/avatar\/95816d083b7410def6d31c027c3ddb4f82515f84e68ea358ea75203bfac610a7?s=96&d=mm&r=g\",\"contentUrl\":\"https:\/\/secure.gravatar.com\/avatar\/95816d083b7410def6d31c027c3ddb4f82515f84e68ea358ea75203bfac610a7?s=96&d=mm&r=g\",\"caption\":\"Redazione\"},\"url\":\"https:\/\/ecampania.it\/magazine\/author\/ecampania\/\"}]}<\/script>\n<!-- \/ Yoast SEO plugin. -->","yoast_head_json":{"title":"Pompei, memoriale del dolore: in esposizione i calchi di 22 vittime dell'eruzione - \u00e8campania","robots":{"index":"index","follow":"follow","max-snippet":"max-snippet:-1","max-image-preview":"max-image-preview:large","max-video-preview":"max-video-preview:-1"},"canonical":"https:\/\/ecampania.it\/magazine\/pompei-memoriale-del-dolore-in-esposizione-i-calchi-di-22-vittime-delleruzione\/","og_locale":"it_IT","og_type":"article","og_title":"Pompei, memoriale del dolore: in esposizione i calchi di 22 vittime dell'eruzione - \u00e8campania","og_description":"Un memoriale che racconta Pompei e la sua distruzione. C&#8217;\u00e8 un nuovo percorso visitabile nel Parco archeologico, a partire da oggi nella Palestra Grande, ed \u00e8 dedicato ai calchi e ai reperti organici emersi durante gli scavi. Ad inaugurarlo \u00e8 stato il ministro della Cultura Alessandro Giuli. &#8220;\u00c8 una installazione permanente &#8211; ha spiegato il [&hellip;]","og_url":"https:\/\/ecampania.it\/magazine\/pompei-memoriale-del-dolore-in-esposizione-i-calchi-di-22-vittime-delleruzione\/","og_site_name":"\u00e8campania","article_publisher":"https:\/\/www.facebook.com\/ecampania.it","article_published_time":"2026-03-11T13:51:27+00:00","og_image":[{"width":1440,"height":810,"url":"https:\/\/ecampania.it\/magazine\/wp-content\/uploads\/2026\/03\/650852202_1473032270846946_5879089839589384951_n.jpg","type":"image\/jpeg"}],"author":"Redazione","twitter_card":"summary_large_image","twitter_misc":{"Scritto da":"Redazione","Tempo di lettura stimato":"2 minuti"},"schema":{"@context":"https:\/\/schema.org","@graph":[{"@type":"Article","@id":"https:\/\/ecampania.it\/magazine\/pompei-memoriale-del-dolore-in-esposizione-i-calchi-di-22-vittime-delleruzione\/#article","isPartOf":{"@id":"https:\/\/ecampania.it\/magazine\/pompei-memoriale-del-dolore-in-esposizione-i-calchi-di-22-vittime-delleruzione\/"},"author":{"name":"Redazione","@id":"https:\/\/ecampania.it\/magazine\/#\/schema\/person\/f259cd7c01428ef3ac5db31dcac5ab70"},"headline":"Pompei, memoriale del dolore: in esposizione i calchi di 22 vittime dell&#8217;eruzione","datePublished":"2026-03-11T13:51:27+00:00","dateModified":"2026-03-11T13:51:27+00:00","mainEntityOfPage":{"@id":"https:\/\/ecampania.it\/magazine\/pompei-memoriale-del-dolore-in-esposizione-i-calchi-di-22-vittime-delleruzione\/"},"wordCount":308,"commentCount":0,"publisher":{"@id":"https:\/\/ecampania.it\/magazine\/#organization"},"image":{"@id":"https:\/\/ecampania.it\/magazine\/pompei-memoriale-del-dolore-in-esposizione-i-calchi-di-22-vittime-delleruzione\/#primaryimage"},"thumbnailUrl":"https:\/\/ecampania.it\/magazine\/wp-content\/uploads\/2026\/03\/650852202_1473032270846946_5879089839589384951_n.jpg","keywords":["prima"],"articleSection":["Cultura"],"inLanguage":"it-IT","potentialAction":[{"@type":"CommentAction","name":"Comment","target":["https:\/\/ecampania.it\/magazine\/pompei-memoriale-del-dolore-in-esposizione-i-calchi-di-22-vittime-delleruzione\/#respond"]}]},{"@type":"WebPage","@id":"https:\/\/ecampania.it\/magazine\/pompei-memoriale-del-dolore-in-esposizione-i-calchi-di-22-vittime-delleruzione\/","url":"https:\/\/ecampania.it\/magazine\/pompei-memoriale-del-dolore-in-esposizione-i-calchi-di-22-vittime-delleruzione\/","name":"Pompei, memoriale del dolore: in esposizione i calchi di 22 vittime dell'eruzione - \u00e8campania","isPartOf":{"@id":"https:\/\/ecampania.it\/magazine\/#website"},"primaryImageOfPage":{"@id":"https:\/\/ecampania.it\/magazine\/pompei-memoriale-del-dolore-in-esposizione-i-calchi-di-22-vittime-delleruzione\/#primaryimage"},"image":{"@id":"https:\/\/ecampania.it\/magazine\/pompei-memoriale-del-dolore-in-esposizione-i-calchi-di-22-vittime-delleruzione\/#primaryimage"},"thumbnailUrl":"https:\/\/ecampania.it\/magazine\/wp-content\/uploads\/2026\/03\/650852202_1473032270846946_5879089839589384951_n.jpg","datePublished":"2026-03-11T13:51:27+00:00","dateModified":"2026-03-11T13:51:27+00:00","breadcrumb":{"@id":"https:\/\/ecampania.it\/magazine\/pompei-memoriale-del-dolore-in-esposizione-i-calchi-di-22-vittime-delleruzione\/#breadcrumb"},"inLanguage":"it-IT","potentialAction":[{"@type":"ReadAction","target":["https:\/\/ecampania.it\/magazine\/pompei-memoriale-del-dolore-in-esposizione-i-calchi-di-22-vittime-delleruzione\/"]}]},{"@type":"ImageObject","inLanguage":"it-IT","@id":"https:\/\/ecampania.it\/magazine\/pompei-memoriale-del-dolore-in-esposizione-i-calchi-di-22-vittime-delleruzione\/#primaryimage","url":"https:\/\/ecampania.it\/magazine\/wp-content\/uploads\/2026\/03\/650852202_1473032270846946_5879089839589384951_n.jpg","contentUrl":"https:\/\/ecampania.it\/magazine\/wp-content\/uploads\/2026\/03\/650852202_1473032270846946_5879089839589384951_n.jpg","width":1440,"height":810},{"@type":"BreadcrumbList","@id":"https:\/\/ecampania.it\/magazine\/pompei-memoriale-del-dolore-in-esposizione-i-calchi-di-22-vittime-delleruzione\/#breadcrumb","itemListElement":[{"@type":"ListItem","position":1,"name":"Home","item":"https:\/\/ecampania.it\/magazine\/"},{"@type":"ListItem","position":2,"name":"Pompei, memoriale del dolore: in esposizione i calchi di 22 vittime dell&#8217;eruzione"}]},{"@type":"WebSite","@id":"https:\/\/ecampania.it\/magazine\/#website","url":"https:\/\/ecampania.it\/magazine\/","name":"Ecampania","description":"Il primo portale dedicato al turismo ed alla cultura in Campania","publisher":{"@id":"https:\/\/ecampania.it\/magazine\/#organization"},"potentialAction":[{"@type":"SearchAction","target":{"@type":"EntryPoint","urlTemplate":"https:\/\/ecampania.it\/magazine\/?s={search_term_string}"},"query-input":{"@type":"PropertyValueSpecification","valueRequired":true,"valueName":"search_term_string"}}],"inLanguage":"it-IT"},{"@type":"Organization","@id":"https:\/\/ecampania.it\/magazine\/#organization","name":"Ecampania","url":"https:\/\/ecampania.it\/magazine\/","logo":{"@type":"ImageObject","inLanguage":"it-IT","@id":"https:\/\/ecampania.it\/magazine\/#\/schema\/logo\/image\/","url":"https:\/\/ecampania.it\/magazine\/wp-content\/uploads\/2025\/01\/fb.png","contentUrl":"https:\/\/ecampania.it\/magazine\/wp-content\/uploads\/2025\/01\/fb.png","width":500,"height":500,"caption":"Ecampania"},"image":{"@id":"https:\/\/ecampania.it\/magazine\/#\/schema\/logo\/image\/"},"sameAs":["https:\/\/www.facebook.com\/ecampania.it","https:\/\/www.instagram.com\/ecampania.it\/"]},{"@type":"Person","@id":"https:\/\/ecampania.it\/magazine\/#\/schema\/person\/f259cd7c01428ef3ac5db31dcac5ab70","name":"Redazione","image":{"@type":"ImageObject","inLanguage":"it-IT","@id":"https:\/\/ecampania.it\/magazine\/#\/schema\/person\/image\/","url":"https:\/\/secure.gravatar.com\/avatar\/95816d083b7410def6d31c027c3ddb4f82515f84e68ea358ea75203bfac610a7?s=96&d=mm&r=g","contentUrl":"https:\/\/secure.gravatar.com\/avatar\/95816d083b7410def6d31c027c3ddb4f82515f84e68ea358ea75203bfac610a7?s=96&d=mm&r=g","caption":"Redazione"},"url":"https:\/\/ecampania.it\/magazine\/author\/ecampania\/"}]}},"_links":{"self":[{"href":"https:\/\/ecampania.it\/magazine\/wp-json\/wp\/v2\/posts\/8493","targetHints":{"allow":["GET"]}}],"collection":[{"href":"https:\/\/ecampania.it\/magazine\/wp-json\/wp\/v2\/posts"}],"about":[{"href":"https:\/\/ecampania.it\/magazine\/wp-json\/wp\/v2\/types\/post"}],"author":[{"embeddable":true,"href":"https:\/\/ecampania.it\/magazine\/wp-json\/wp\/v2\/users\/7"}],"replies":[{"embeddable":true,"href":"https:\/\/ecampania.it\/magazine\/wp-json\/wp\/v2\/comments?post=8493"}],"version-history":[{"count":1,"href":"https:\/\/ecampania.it\/magazine\/wp-json\/wp\/v2\/posts\/8493\/revisions"}],"predecessor-version":[{"id":8495,"href":"https:\/\/ecampania.it\/magazine\/wp-json\/wp\/v2\/posts\/8493\/revisions\/8495"}],"wp:featuredmedia":[{"embeddable":true,"href":"https:\/\/ecampania.it\/magazine\/wp-json\/wp\/v2\/media\/8494"}],"wp:attachment":[{"href":"https:\/\/ecampania.it\/magazine\/wp-json\/wp\/v2\/media?parent=8493"}],"wp:term":[{"taxonomy":"category","embeddable":true,"href":"https:\/\/ecampania.it\/magazine\/wp-json\/wp\/v2\/categories?post=8493"},{"taxonomy":"post_tag","embeddable":true,"href":"https:\/\/ecampania.it\/magazine\/wp-json\/wp\/v2\/tags?post=8493"}],"curies":[{"name":"wp","href":"https:\/\/api.w.org\/{rel}","templated":true}]}}