{"id":8496,"date":"2026-03-12T14:20:53","date_gmt":"2026-03-12T13:20:53","guid":{"rendered":"https:\/\/ecampania.it\/magazine\/?p=8496"},"modified":"2026-03-12T14:20:53","modified_gmt":"2026-03-12T13:20:53","slug":"napoli-pirandello-e-la-follia-del-mondo-al-mercadante-in-scena-il-berretto-a-sonagli","status":"publish","type":"post","link":"https:\/\/ecampania.it\/magazine\/napoli-pirandello-e-la-follia-del-mondo-al-mercadante-in-scena-il-berretto-a-sonagli\/","title":{"rendered":"Napoli. Pirandello e la follia del mondo: al Mercadante in scena &#8216;Il Berretto a sonagli&#8217;"},"content":{"rendered":"\n<h4 class=\"wp-block-heading\"><strong>Silvio Orlando protagonista dell&#8217;opera pirandelliana <\/strong><\/h4>\n\n\n\n<p><em>\u201cIl riso amaro di Pirandello sulla follia del mondo\u201d<\/em>: al Mercadante si rivivono i classici. Dal<strong> 18 al 29 marzo<\/strong>\u00a0<strong>Silvio Orlando<\/strong>\u00a0torna in scena al\u00a0<strong>Teatro Mercadante<\/strong>\u00a0protagonista de\u00a0<strong>IL BERRETTO A SONAGLI,<\/strong>\u00a0una delle opere pi\u00f9 celebri di\u00a0<strong>Luigi Pirandello<\/strong>, nel nuovo allestimento del regista\u00a0<strong>Andrea Baracco<\/strong>, tappa napoletana della felice tourn\u00e9e 2026 dello spettacolo.<\/p>\n\n\n\n<p>Al suo primo incontro con l\u2019universo teatrale pirandelliano, Orlando interpreta&nbsp;<em>Ciampa<\/em>, uno dei personaggi pi\u00f9 emblematici e tragicomici dell\u2019opera del grande autore siciliano: una figura capace di incarnare, tra paradossi e contraddizioni, la complessit\u00e0 dell\u2019individuo moderno, restituendo sulla scena tutte le sfumature della sua tragica umanit\u00e0.<\/p>\n\n\n\n<p>Completano il cast&nbsp;<strong>Francesca Botti<\/strong>,&nbsp;<strong>Michele Eburnea<\/strong>,&nbsp;<strong>Francesca Farcomeni<\/strong>,&nbsp;<strong>Davide Lorino<\/strong>,&nbsp;<strong>Annabella Marotta<\/strong>,&nbsp;<strong>Stefania Medri<\/strong>,&nbsp;<strong>Marta Nuti<\/strong>.<\/p>\n\n\n\n<p>Le scene sono di&nbsp;<strong>Roberto Crea<\/strong>, i costumi di&nbsp;<strong>Marta Crisolini Malatesta<\/strong>, le luci di&nbsp;<strong>Simone De Angelis<\/strong>, sound designer&nbsp;<strong>Giacomo Vezzani<\/strong>. Revisione linguistica del testo di&nbsp;<strong>Letizia Russo&nbsp;e&nbsp;Andrea Baracco<\/strong>, aiuto regia&nbsp;<strong>Andrea Lucchetta<\/strong>.<\/p>\n\n\n\n<p>Lo spettacolo \u00e8 una produzione&nbsp;<strong>Cardellino srl<\/strong>, in coproduzione con&nbsp;<strong>Teatro Stabile dell\u2019Umbria<\/strong>,&nbsp;<strong>Teatro Stabile di Bolzano<\/strong>.<\/p>\n\n\n\n<p>Dopo Napoli, la tourn\u00e9e prosegue a Teatro Comunale di Bolzano (9-12 aprile), al Teatro Strehler Piccolo di Milano (14-26 aprile), al Teatro Carignano di Torino (28 aprile- 10 maggio).<\/p>\n\n\n\n<p><em>&#8220;Pirandello non \u00e8 autore per tempi di pace, ma di guerra.- <\/em>afferma <em> <\/em><strong>Andrea Baracco<\/strong><em> &#8211; \u00c8 il tempo di guerra a creare le condizioni effettuali per comprendere l\u2019autore siciliano; il dissolversi del principio di identit\u00e0, la tragica disintegrazione dell\u2019io, il gioco di specchi intorno alle molteplici individualit\u00e0 dell\u2019essere umano. In tempi di guerra se la realt\u00e0 chiama, Pirandello sa cosa rispondere; intravede la feroce e grottesca maschera di un mondo convulso e impazzito. I tempi di pace sono i tempi degli ismi, della ricerca affannosa di una filosofia e allora sotto con \u201cessere \u00e8 apparire\u201d o \u201cconflitto tra vita e forma\u201d con il pirandellismo insomma; quell\u2019insopportabile pozzo del pensiero che sembra mettere in pausa il teatro, la concretezza degli accadimenti per passare altrove, in un generico luogo, astratto- <\/em>continua<em>&#8211;  Inchiodare in una formula un autore \u00e8 sempre molto pericoloso, con Pirandello \u00e8 quasi mortale. Sentire il bisogno di chiarire pi\u00f9 che di capire ha chiuso l\u2019autore dentro una formula lucida e perentoria, non permettendo ai suoi personaggi di far esplodere quello che hanno di pi\u00f9 potente, le passioni. Solo liberandolo dalle preoccupazioni filosofiche, Pirandello mostra il suo volto autentico. Si vede solo allora come i grandi protagonisti della drammaturgia pirandelliana siano uomini costretti a frugarsi dentro e non lucidi pensatori al dettaglio. Proprio per questo, credo necessario lasciarsi guidare dalle parole di Leonardo Sciascia: \u201cBisogna liberare Pirandello da tutte le incrostazioni filosofiche e pseudofilosofiche, da tutte le etichette concettuali, in una parola del pirandellismo. Restituire all\u2019opera pirandelliana quella verit\u00e0 e libert\u00e0, quella effervescenza fantastica, che oggettivamente possiede\u201d<\/em> conclude.<\/p>\n\n\n\n<p>Cinque anni dopo aver scritto la novella<em> La Verit\u00e0<\/em>, Pirandello la trasforma nei due atti de <em>Il berretto a sonagli<\/em>, la cui versione siciliana confezionata per<strong> Angelo Musco <\/strong>debutta nel 1917 al Teatro Nazionale di Roma.<\/p>\n\n\n\n<p>In una delle lettere indirizzate a Musco che metteva in dubbio le qualit\u00e0 della commedia e del suo protagonista, <em>Ciampa<\/em>, Pirandello dice di come questo sia un personaggio \u201cstrapieno di tragica umanit\u00e0, non vivo ma arcivivo\u201d e parla del testo in questione come di un\u2019opera \u201cnata e non fatta\u201d; sottolineando con forza di come qualora negli interpreti mancasse l\u2019anima si ritroverebbero in bocca \u201cl\u2019imbroglio di discorsi lunghi, incisi, da portare alla fine senza sapere come! Bisogna leggere non le parole ma l\u2019azione parlata, perch\u00e9 \u00e8 sempre tale il mio dialogo, non fatto mai di parole, ma di mosse d\u2019anima\u201d. Ecco, \u00e8 lo stesso Pirandello che si smarca con fermezza dal pirandellismo, da quel ragionatore impenitente, che sembra sempre avere il pensiero troppo saldo e talmente ragionato da non poter mai porsi nel luogo della contraddizione, dell\u2019imprevisto, dell\u2019umano insomma. L\u2019umilt\u00e0 dell\u2019uomo Ciampa giganteggia, il ridicolo lo infanga; \u00e8 come se una lama inesorabile gli spaccasse sempre pi\u00f9 profondamente il petto, per mostrare il suo cuore e allora si difende con parole vive e umanamente strazianti. Comincia il suo percorso con una semplicit\u00e0 che gli consente di avere aspetti comici, di una comicit\u00e0 ironica con cui si prende ferocemente gioco dell\u2019ottusit\u00e0 degli altri, per poi precipitare, nella sua umiliazione da vinto, in una sorta di esaltazione lirica che fa transitare continuamente lo spettatore dal riso all\u2019angoscia&#8221;.<\/p>\n\n\n\n<p><strong>Date e orari rappresentazioni<\/strong><br>18\/03\/2026 21:00<br>19\/03\/2026 17:00<br>20\/03\/2026 21:00<br>21\/03\/2026 19:00<br>22\/03\/2026 18:00<br>24\/03\/2026 21:00<br>25\/03\/2026 17:00<br>26\/03\/2026 17:00<br>27\/03\/2026 21:00<br>28\/03\/2026 19:00<br>29\/03\/2026 18:00<\/p>\n","protected":false},"excerpt":{"rendered":"<p>Silvio Orlando protagonista dell&#8217;opera pirandelliana \u201cIl riso amaro di Pirandello sulla follia del mondo\u201d: al Mercadante si rivivono i classici. Dal 18 al 29 marzo\u00a0Silvio Orlando\u00a0torna in scena al\u00a0Teatro Mercadante\u00a0protagonista de\u00a0IL BERRETTO A SONAGLI,\u00a0una delle opere pi\u00f9 celebri di\u00a0Luigi Pirandello, nel nuovo allestimento del regista\u00a0Andrea Baracco, tappa napoletana della felice tourn\u00e9e 2026 dello spettacolo. Al [&hellip;]<\/p>\n","protected":false},"author":36,"featured_media":8497,"comment_status":"open","ping_status":"open","sticky":false,"template":"","format":"standard","meta":{"jnews-multi-image_gallery":[],"jnews_single_post":{"format":"standard"},"jnews_primary_category":[],"jnews_override_counter":[],"footnotes":""},"categories":[1],"tags":[80,29],"class_list":["post-8496","post","type-post","status-publish","format-standard","has-post-thumbnail","hentry","category-news","tag-spettacolo","tag-teatro"],"yoast_head":"<!-- This site is optimized with the Yoast SEO plugin v24.2 - https:\/\/yoast.com\/wordpress\/plugins\/seo\/ -->\n<title>Napoli. Pirandello e la follia del mondo: al Mercadante in scena &#039;Il Berretto a sonagli&#039; - \u00e8campania<\/title>\n<meta name=\"robots\" content=\"index, follow, max-snippet:-1, max-image-preview:large, max-video-preview:-1\" \/>\n<link rel=\"canonical\" href=\"https:\/\/ecampania.it\/magazine\/napoli-pirandello-e-la-follia-del-mondo-al-mercadante-in-scena-il-berretto-a-sonagli\/\" \/>\n<meta property=\"og:locale\" content=\"it_IT\" \/>\n<meta property=\"og:type\" content=\"article\" \/>\n<meta property=\"og:title\" content=\"Napoli. Pirandello e la follia del mondo: al Mercadante in scena &#039;Il Berretto a sonagli&#039; - \u00e8campania\" \/>\n<meta property=\"og:description\" content=\"Silvio Orlando protagonista dell&#8217;opera pirandelliana \u201cIl riso amaro di Pirandello sulla follia del mondo\u201d: al Mercadante si rivivono i classici. Dal 18 al 29 marzo\u00a0Silvio Orlando\u00a0torna in scena al\u00a0Teatro Mercadante\u00a0protagonista de\u00a0IL BERRETTO A SONAGLI,\u00a0una delle opere pi\u00f9 celebri di\u00a0Luigi Pirandello, nel nuovo allestimento del regista\u00a0Andrea Baracco, tappa napoletana della felice tourn\u00e9e 2026 dello spettacolo. Al [&hellip;]\" \/>\n<meta property=\"og:url\" content=\"https:\/\/ecampania.it\/magazine\/napoli-pirandello-e-la-follia-del-mondo-al-mercadante-in-scena-il-berretto-a-sonagli\/\" \/>\n<meta property=\"og:site_name\" content=\"\u00e8campania\" \/>\n<meta property=\"article:publisher\" content=\"https:\/\/www.facebook.com\/ecampania.it\" \/>\n<meta property=\"article:published_time\" content=\"2026-03-12T13:20:53+00:00\" \/>\n<meta property=\"og:image\" content=\"https:\/\/ecampania.it\/magazine\/wp-content\/uploads\/2026\/03\/Il-berretto-a-sonagli-\u00a9Laila-Pozzo-1_il-cast-con-Andrea-Baracco.jpg\" \/>\n\t<meta property=\"og:image:width\" content=\"1159\" \/>\n\t<meta property=\"og:image:height\" content=\"1083\" \/>\n\t<meta property=\"og:image:type\" content=\"image\/jpeg\" \/>\n<meta name=\"author\" content=\"Giada Cuomo\" \/>\n<meta name=\"twitter:card\" content=\"summary_large_image\" \/>\n<meta name=\"twitter:label1\" content=\"Scritto da\" \/>\n\t<meta name=\"twitter:data1\" content=\"Giada Cuomo\" \/>\n\t<meta name=\"twitter:label2\" content=\"Tempo di lettura stimato\" \/>\n\t<meta name=\"twitter:data2\" content=\"5 minuti\" \/>\n<script type=\"application\/ld+json\" class=\"yoast-schema-graph\">{\"@context\":\"https:\/\/schema.org\",\"@graph\":[{\"@type\":\"Article\",\"@id\":\"https:\/\/ecampania.it\/magazine\/napoli-pirandello-e-la-follia-del-mondo-al-mercadante-in-scena-il-berretto-a-sonagli\/#article\",\"isPartOf\":{\"@id\":\"https:\/\/ecampania.it\/magazine\/napoli-pirandello-e-la-follia-del-mondo-al-mercadante-in-scena-il-berretto-a-sonagli\/\"},\"author\":{\"name\":\"Giada Cuomo\",\"@id\":\"https:\/\/ecampania.it\/magazine\/#\/schema\/person\/f372b853776f14766c01226091cd1381\"},\"headline\":\"Napoli. Pirandello e la follia del mondo: al Mercadante in scena &#8216;Il Berretto a sonagli&#8217;\",\"datePublished\":\"2026-03-12T13:20:53+00:00\",\"dateModified\":\"2026-03-12T13:20:53+00:00\",\"mainEntityOfPage\":{\"@id\":\"https:\/\/ecampania.it\/magazine\/napoli-pirandello-e-la-follia-del-mondo-al-mercadante-in-scena-il-berretto-a-sonagli\/\"},\"wordCount\":772,\"commentCount\":0,\"publisher\":{\"@id\":\"https:\/\/ecampania.it\/magazine\/#organization\"},\"image\":{\"@id\":\"https:\/\/ecampania.it\/magazine\/napoli-pirandello-e-la-follia-del-mondo-al-mercadante-in-scena-il-berretto-a-sonagli\/#primaryimage\"},\"thumbnailUrl\":\"https:\/\/ecampania.it\/magazine\/wp-content\/uploads\/2026\/03\/Il-berretto-a-sonagli-\u00a9Laila-Pozzo-1_il-cast-con-Andrea-Baracco.jpg\",\"keywords\":[\"spettacolo\",\"teatro\"],\"articleSection\":[\"News\"],\"inLanguage\":\"it-IT\",\"potentialAction\":[{\"@type\":\"CommentAction\",\"name\":\"Comment\",\"target\":[\"https:\/\/ecampania.it\/magazine\/napoli-pirandello-e-la-follia-del-mondo-al-mercadante-in-scena-il-berretto-a-sonagli\/#respond\"]}]},{\"@type\":\"WebPage\",\"@id\":\"https:\/\/ecampania.it\/magazine\/napoli-pirandello-e-la-follia-del-mondo-al-mercadante-in-scena-il-berretto-a-sonagli\/\",\"url\":\"https:\/\/ecampania.it\/magazine\/napoli-pirandello-e-la-follia-del-mondo-al-mercadante-in-scena-il-berretto-a-sonagli\/\",\"name\":\"Napoli. Pirandello e la follia del mondo: al Mercadante in scena 'Il Berretto a sonagli' - \u00e8campania\",\"isPartOf\":{\"@id\":\"https:\/\/ecampania.it\/magazine\/#website\"},\"primaryImageOfPage\":{\"@id\":\"https:\/\/ecampania.it\/magazine\/napoli-pirandello-e-la-follia-del-mondo-al-mercadante-in-scena-il-berretto-a-sonagli\/#primaryimage\"},\"image\":{\"@id\":\"https:\/\/ecampania.it\/magazine\/napoli-pirandello-e-la-follia-del-mondo-al-mercadante-in-scena-il-berretto-a-sonagli\/#primaryimage\"},\"thumbnailUrl\":\"https:\/\/ecampania.it\/magazine\/wp-content\/uploads\/2026\/03\/Il-berretto-a-sonagli-\u00a9Laila-Pozzo-1_il-cast-con-Andrea-Baracco.jpg\",\"datePublished\":\"2026-03-12T13:20:53+00:00\",\"dateModified\":\"2026-03-12T13:20:53+00:00\",\"breadcrumb\":{\"@id\":\"https:\/\/ecampania.it\/magazine\/napoli-pirandello-e-la-follia-del-mondo-al-mercadante-in-scena-il-berretto-a-sonagli\/#breadcrumb\"},\"inLanguage\":\"it-IT\",\"potentialAction\":[{\"@type\":\"ReadAction\",\"target\":[\"https:\/\/ecampania.it\/magazine\/napoli-pirandello-e-la-follia-del-mondo-al-mercadante-in-scena-il-berretto-a-sonagli\/\"]}]},{\"@type\":\"ImageObject\",\"inLanguage\":\"it-IT\",\"@id\":\"https:\/\/ecampania.it\/magazine\/napoli-pirandello-e-la-follia-del-mondo-al-mercadante-in-scena-il-berretto-a-sonagli\/#primaryimage\",\"url\":\"https:\/\/ecampania.it\/magazine\/wp-content\/uploads\/2026\/03\/Il-berretto-a-sonagli-\u00a9Laila-Pozzo-1_il-cast-con-Andrea-Baracco.jpg\",\"contentUrl\":\"https:\/\/ecampania.it\/magazine\/wp-content\/uploads\/2026\/03\/Il-berretto-a-sonagli-\u00a9Laila-Pozzo-1_il-cast-con-Andrea-Baracco.jpg\",\"width\":1159,\"height\":1083},{\"@type\":\"BreadcrumbList\",\"@id\":\"https:\/\/ecampania.it\/magazine\/napoli-pirandello-e-la-follia-del-mondo-al-mercadante-in-scena-il-berretto-a-sonagli\/#breadcrumb\",\"itemListElement\":[{\"@type\":\"ListItem\",\"position\":1,\"name\":\"Home\",\"item\":\"https:\/\/ecampania.it\/magazine\/\"},{\"@type\":\"ListItem\",\"position\":2,\"name\":\"Napoli. Pirandello e la follia del mondo: al Mercadante in scena &#8216;Il Berretto a sonagli&#8217;\"}]},{\"@type\":\"WebSite\",\"@id\":\"https:\/\/ecampania.it\/magazine\/#website\",\"url\":\"https:\/\/ecampania.it\/magazine\/\",\"name\":\"Ecampania\",\"description\":\"Il primo portale dedicato al turismo ed alla cultura in Campania\",\"publisher\":{\"@id\":\"https:\/\/ecampania.it\/magazine\/#organization\"},\"potentialAction\":[{\"@type\":\"SearchAction\",\"target\":{\"@type\":\"EntryPoint\",\"urlTemplate\":\"https:\/\/ecampania.it\/magazine\/?s={search_term_string}\"},\"query-input\":{\"@type\":\"PropertyValueSpecification\",\"valueRequired\":true,\"valueName\":\"search_term_string\"}}],\"inLanguage\":\"it-IT\"},{\"@type\":\"Organization\",\"@id\":\"https:\/\/ecampania.it\/magazine\/#organization\",\"name\":\"Ecampania\",\"url\":\"https:\/\/ecampania.it\/magazine\/\",\"logo\":{\"@type\":\"ImageObject\",\"inLanguage\":\"it-IT\",\"@id\":\"https:\/\/ecampania.it\/magazine\/#\/schema\/logo\/image\/\",\"url\":\"https:\/\/ecampania.it\/magazine\/wp-content\/uploads\/2025\/01\/fb.png\",\"contentUrl\":\"https:\/\/ecampania.it\/magazine\/wp-content\/uploads\/2025\/01\/fb.png\",\"width\":500,\"height\":500,\"caption\":\"Ecampania\"},\"image\":{\"@id\":\"https:\/\/ecampania.it\/magazine\/#\/schema\/logo\/image\/\"},\"sameAs\":[\"https:\/\/www.facebook.com\/ecampania.it\",\"https:\/\/www.instagram.com\/ecampania.it\/\"]},{\"@type\":\"Person\",\"@id\":\"https:\/\/ecampania.it\/magazine\/#\/schema\/person\/f372b853776f14766c01226091cd1381\",\"name\":\"Giada Cuomo\",\"image\":{\"@type\":\"ImageObject\",\"inLanguage\":\"it-IT\",\"@id\":\"https:\/\/ecampania.it\/magazine\/#\/schema\/person\/image\/\",\"url\":\"https:\/\/secure.gravatar.com\/avatar\/146c6721e4d668a5b54e972781d98893d8c77afe8ac2754067e4820df8ed0fa0?s=96&d=mm&r=g\",\"contentUrl\":\"https:\/\/secure.gravatar.com\/avatar\/146c6721e4d668a5b54e972781d98893d8c77afe8ac2754067e4820df8ed0fa0?s=96&d=mm&r=g\",\"caption\":\"Giada Cuomo\"},\"url\":\"https:\/\/ecampania.it\/magazine\/author\/giada\/\"}]}<\/script>\n<!-- \/ Yoast SEO plugin. -->","yoast_head_json":{"title":"Napoli. Pirandello e la follia del mondo: al Mercadante in scena 'Il Berretto a sonagli' - \u00e8campania","robots":{"index":"index","follow":"follow","max-snippet":"max-snippet:-1","max-image-preview":"max-image-preview:large","max-video-preview":"max-video-preview:-1"},"canonical":"https:\/\/ecampania.it\/magazine\/napoli-pirandello-e-la-follia-del-mondo-al-mercadante-in-scena-il-berretto-a-sonagli\/","og_locale":"it_IT","og_type":"article","og_title":"Napoli. Pirandello e la follia del mondo: al Mercadante in scena 'Il Berretto a sonagli' - \u00e8campania","og_description":"Silvio Orlando protagonista dell&#8217;opera pirandelliana \u201cIl riso amaro di Pirandello sulla follia del mondo\u201d: al Mercadante si rivivono i classici. Dal 18 al 29 marzo\u00a0Silvio Orlando\u00a0torna in scena al\u00a0Teatro Mercadante\u00a0protagonista de\u00a0IL BERRETTO A SONAGLI,\u00a0una delle opere pi\u00f9 celebri di\u00a0Luigi Pirandello, nel nuovo allestimento del regista\u00a0Andrea Baracco, tappa napoletana della felice tourn\u00e9e 2026 dello spettacolo. Al [&hellip;]","og_url":"https:\/\/ecampania.it\/magazine\/napoli-pirandello-e-la-follia-del-mondo-al-mercadante-in-scena-il-berretto-a-sonagli\/","og_site_name":"\u00e8campania","article_publisher":"https:\/\/www.facebook.com\/ecampania.it","article_published_time":"2026-03-12T13:20:53+00:00","og_image":[{"width":1159,"height":1083,"url":"https:\/\/ecampania.it\/magazine\/wp-content\/uploads\/2026\/03\/Il-berretto-a-sonagli-\u00a9Laila-Pozzo-1_il-cast-con-Andrea-Baracco.jpg","type":"image\/jpeg"}],"author":"Giada Cuomo","twitter_card":"summary_large_image","twitter_misc":{"Scritto da":"Giada Cuomo","Tempo di lettura stimato":"5 minuti"},"schema":{"@context":"https:\/\/schema.org","@graph":[{"@type":"Article","@id":"https:\/\/ecampania.it\/magazine\/napoli-pirandello-e-la-follia-del-mondo-al-mercadante-in-scena-il-berretto-a-sonagli\/#article","isPartOf":{"@id":"https:\/\/ecampania.it\/magazine\/napoli-pirandello-e-la-follia-del-mondo-al-mercadante-in-scena-il-berretto-a-sonagli\/"},"author":{"name":"Giada Cuomo","@id":"https:\/\/ecampania.it\/magazine\/#\/schema\/person\/f372b853776f14766c01226091cd1381"},"headline":"Napoli. Pirandello e la follia del mondo: al Mercadante in scena &#8216;Il Berretto a sonagli&#8217;","datePublished":"2026-03-12T13:20:53+00:00","dateModified":"2026-03-12T13:20:53+00:00","mainEntityOfPage":{"@id":"https:\/\/ecampania.it\/magazine\/napoli-pirandello-e-la-follia-del-mondo-al-mercadante-in-scena-il-berretto-a-sonagli\/"},"wordCount":772,"commentCount":0,"publisher":{"@id":"https:\/\/ecampania.it\/magazine\/#organization"},"image":{"@id":"https:\/\/ecampania.it\/magazine\/napoli-pirandello-e-la-follia-del-mondo-al-mercadante-in-scena-il-berretto-a-sonagli\/#primaryimage"},"thumbnailUrl":"https:\/\/ecampania.it\/magazine\/wp-content\/uploads\/2026\/03\/Il-berretto-a-sonagli-\u00a9Laila-Pozzo-1_il-cast-con-Andrea-Baracco.jpg","keywords":["spettacolo","teatro"],"articleSection":["News"],"inLanguage":"it-IT","potentialAction":[{"@type":"CommentAction","name":"Comment","target":["https:\/\/ecampania.it\/magazine\/napoli-pirandello-e-la-follia-del-mondo-al-mercadante-in-scena-il-berretto-a-sonagli\/#respond"]}]},{"@type":"WebPage","@id":"https:\/\/ecampania.it\/magazine\/napoli-pirandello-e-la-follia-del-mondo-al-mercadante-in-scena-il-berretto-a-sonagli\/","url":"https:\/\/ecampania.it\/magazine\/napoli-pirandello-e-la-follia-del-mondo-al-mercadante-in-scena-il-berretto-a-sonagli\/","name":"Napoli. Pirandello e la follia del mondo: al Mercadante in scena 'Il Berretto a sonagli' - \u00e8campania","isPartOf":{"@id":"https:\/\/ecampania.it\/magazine\/#website"},"primaryImageOfPage":{"@id":"https:\/\/ecampania.it\/magazine\/napoli-pirandello-e-la-follia-del-mondo-al-mercadante-in-scena-il-berretto-a-sonagli\/#primaryimage"},"image":{"@id":"https:\/\/ecampania.it\/magazine\/napoli-pirandello-e-la-follia-del-mondo-al-mercadante-in-scena-il-berretto-a-sonagli\/#primaryimage"},"thumbnailUrl":"https:\/\/ecampania.it\/magazine\/wp-content\/uploads\/2026\/03\/Il-berretto-a-sonagli-\u00a9Laila-Pozzo-1_il-cast-con-Andrea-Baracco.jpg","datePublished":"2026-03-12T13:20:53+00:00","dateModified":"2026-03-12T13:20:53+00:00","breadcrumb":{"@id":"https:\/\/ecampania.it\/magazine\/napoli-pirandello-e-la-follia-del-mondo-al-mercadante-in-scena-il-berretto-a-sonagli\/#breadcrumb"},"inLanguage":"it-IT","potentialAction":[{"@type":"ReadAction","target":["https:\/\/ecampania.it\/magazine\/napoli-pirandello-e-la-follia-del-mondo-al-mercadante-in-scena-il-berretto-a-sonagli\/"]}]},{"@type":"ImageObject","inLanguage":"it-IT","@id":"https:\/\/ecampania.it\/magazine\/napoli-pirandello-e-la-follia-del-mondo-al-mercadante-in-scena-il-berretto-a-sonagli\/#primaryimage","url":"https:\/\/ecampania.it\/magazine\/wp-content\/uploads\/2026\/03\/Il-berretto-a-sonagli-\u00a9Laila-Pozzo-1_il-cast-con-Andrea-Baracco.jpg","contentUrl":"https:\/\/ecampania.it\/magazine\/wp-content\/uploads\/2026\/03\/Il-berretto-a-sonagli-\u00a9Laila-Pozzo-1_il-cast-con-Andrea-Baracco.jpg","width":1159,"height":1083},{"@type":"BreadcrumbList","@id":"https:\/\/ecampania.it\/magazine\/napoli-pirandello-e-la-follia-del-mondo-al-mercadante-in-scena-il-berretto-a-sonagli\/#breadcrumb","itemListElement":[{"@type":"ListItem","position":1,"name":"Home","item":"https:\/\/ecampania.it\/magazine\/"},{"@type":"ListItem","position":2,"name":"Napoli. Pirandello e la follia del mondo: al Mercadante in scena &#8216;Il Berretto a sonagli&#8217;"}]},{"@type":"WebSite","@id":"https:\/\/ecampania.it\/magazine\/#website","url":"https:\/\/ecampania.it\/magazine\/","name":"Ecampania","description":"Il primo portale dedicato al turismo ed alla cultura in Campania","publisher":{"@id":"https:\/\/ecampania.it\/magazine\/#organization"},"potentialAction":[{"@type":"SearchAction","target":{"@type":"EntryPoint","urlTemplate":"https:\/\/ecampania.it\/magazine\/?s={search_term_string}"},"query-input":{"@type":"PropertyValueSpecification","valueRequired":true,"valueName":"search_term_string"}}],"inLanguage":"it-IT"},{"@type":"Organization","@id":"https:\/\/ecampania.it\/magazine\/#organization","name":"Ecampania","url":"https:\/\/ecampania.it\/magazine\/","logo":{"@type":"ImageObject","inLanguage":"it-IT","@id":"https:\/\/ecampania.it\/magazine\/#\/schema\/logo\/image\/","url":"https:\/\/ecampania.it\/magazine\/wp-content\/uploads\/2025\/01\/fb.png","contentUrl":"https:\/\/ecampania.it\/magazine\/wp-content\/uploads\/2025\/01\/fb.png","width":500,"height":500,"caption":"Ecampania"},"image":{"@id":"https:\/\/ecampania.it\/magazine\/#\/schema\/logo\/image\/"},"sameAs":["https:\/\/www.facebook.com\/ecampania.it","https:\/\/www.instagram.com\/ecampania.it\/"]},{"@type":"Person","@id":"https:\/\/ecampania.it\/magazine\/#\/schema\/person\/f372b853776f14766c01226091cd1381","name":"Giada Cuomo","image":{"@type":"ImageObject","inLanguage":"it-IT","@id":"https:\/\/ecampania.it\/magazine\/#\/schema\/person\/image\/","url":"https:\/\/secure.gravatar.com\/avatar\/146c6721e4d668a5b54e972781d98893d8c77afe8ac2754067e4820df8ed0fa0?s=96&d=mm&r=g","contentUrl":"https:\/\/secure.gravatar.com\/avatar\/146c6721e4d668a5b54e972781d98893d8c77afe8ac2754067e4820df8ed0fa0?s=96&d=mm&r=g","caption":"Giada Cuomo"},"url":"https:\/\/ecampania.it\/magazine\/author\/giada\/"}]}},"_links":{"self":[{"href":"https:\/\/ecampania.it\/magazine\/wp-json\/wp\/v2\/posts\/8496","targetHints":{"allow":["GET"]}}],"collection":[{"href":"https:\/\/ecampania.it\/magazine\/wp-json\/wp\/v2\/posts"}],"about":[{"href":"https:\/\/ecampania.it\/magazine\/wp-json\/wp\/v2\/types\/post"}],"author":[{"embeddable":true,"href":"https:\/\/ecampania.it\/magazine\/wp-json\/wp\/v2\/users\/36"}],"replies":[{"embeddable":true,"href":"https:\/\/ecampania.it\/magazine\/wp-json\/wp\/v2\/comments?post=8496"}],"version-history":[{"count":1,"href":"https:\/\/ecampania.it\/magazine\/wp-json\/wp\/v2\/posts\/8496\/revisions"}],"predecessor-version":[{"id":8498,"href":"https:\/\/ecampania.it\/magazine\/wp-json\/wp\/v2\/posts\/8496\/revisions\/8498"}],"wp:featuredmedia":[{"embeddable":true,"href":"https:\/\/ecampania.it\/magazine\/wp-json\/wp\/v2\/media\/8497"}],"wp:attachment":[{"href":"https:\/\/ecampania.it\/magazine\/wp-json\/wp\/v2\/media?parent=8496"}],"wp:term":[{"taxonomy":"category","embeddable":true,"href":"https:\/\/ecampania.it\/magazine\/wp-json\/wp\/v2\/categories?post=8496"},{"taxonomy":"post_tag","embeddable":true,"href":"https:\/\/ecampania.it\/magazine\/wp-json\/wp\/v2\/tags?post=8496"}],"curies":[{"name":"wp","href":"https:\/\/api.w.org\/{rel}","templated":true}]}}