{"id":8515,"date":"2026-03-12T16:38:17","date_gmt":"2026-03-12T15:38:17","guid":{"rendered":"https:\/\/ecampania.it\/magazine\/?p=8515"},"modified":"2026-03-12T16:38:17","modified_gmt":"2026-03-12T15:38:17","slug":"trecase-rinascita-di-villa-lebano-il-ministero-della-cultura-punta-allacquisizione","status":"publish","type":"post","link":"https:\/\/ecampania.it\/magazine\/trecase-rinascita-di-villa-lebano-il-ministero-della-cultura-punta-allacquisizione\/","title":{"rendered":"Trecase. Rinascita di Villa Lebano: il Ministero della Cultura punta all&#8217;acquisizione"},"content":{"rendered":"\n<h4 class=\"wp-block-heading\"><strong>Il sopralluogo del ministro Giuli<\/strong><\/h4>\n\n\n\n<p>\u201cIl Ministero della Cultura \u00e8 interessato all&#8217;acquisizione di Villa Lebano\u201d. A dichiararlo \u00e8 il sindaco di Trecase, <strong>Raffaele De Luca<\/strong>, all&#8217;indomani del sopralluogo del ministro <strong>Alessandro Giuli<\/strong>. Un punto di svolta che riaccende i riflettori sulla residenza ottocentesca dell&#8217;avvocato esoterista Giustiniano Lebano, figura controversa e affascinante legata a numerose leggende sull&#8217;occultismo.<\/p>\n\n\n\n<p>Un fascino che ha attirato l&#8217;attenzione dello stesso ministro Giuli, che dal Parco Archeologico di Pompei si \u00e8 spostato a Trecase per visitare la dimora vesuviana. Ad accompagnare il Ministro e il sindaco di Trecase nella visita sono stati i proprietari della villa, noti imprenditori locali, che hanno gi\u00e0 dato la disponibilit\u00e0 ad interloquire con le istituzioni per recuperare e valorizzare la dimora storica.<\/p>\n\n\n\n<p><em>\u201cSi tratta di un bene di grande valore storico, gi\u00e0 sottoposto a vincolo dalla Soprintendenza di Napoli, per cui \u00e8 previsto un progetto di riqualificazione. L&#8217;obiettivo \u00e8 riaprire la villa al pubblico, dando la possibilit\u00e0 ai visitatori di conoscere la sua storia\u201d<\/em>, aggiunge il sindaco <strong>De Luca<\/strong>.\u00a0<\/p>\n\n\n\n<p>Dai giardini dimenticati ai simboli scolpiti nella pietra. L&#8217;elemento centrale \u00e8 l&#8217;esagramma inciso sulla facciata principale, che tuttora domina la scena. Per molti studiosi non si tratta di un elemento decorativo, ma di un segno della personalit\u00e0 e degli interessi dell\u2019avvocato. L&#8217;emblema dell&#8217;equilibrio tra forze opposte. E ora un nuovo capitolo potrebbe riscrivere il finale, cancellando il degrado.<\/p>\n\n\n\n<p><em>&#8220;C\u2019\u00e8 piena collaborazione con la propriet\u00e0, che ha gi\u00e0 avviato un dialogo con il Ministero per seguire le procedure necessarie<\/em> &#8211; dice De Luca &#8211; <em>La villa potrebbe diventare un nuovo tassello della nostra offerta culturale. A breve sar\u00e0 completata la Strada Matrone, seconda porta di accesso al cratere del Vesuvio, e con la riqualificazione prevista si aggiunger\u00e0 un altro luogo simbolico al nostro itinerario. \u00c8 ancora presto per parlare di tempistiche, ma gi\u00e0 immaginiamo la casa di Giustiniano Lebano come una tappa significativa&#8221;.<\/em><\/p>\n","protected":false},"excerpt":{"rendered":"<p>Il sopralluogo del ministro Giuli \u201cIl Ministero della Cultura \u00e8 interessato all&#8217;acquisizione di Villa Lebano\u201d. A dichiararlo \u00e8 il sindaco di Trecase, Raffaele De Luca, all&#8217;indomani del sopralluogo del ministro Alessandro Giuli. Un punto di svolta che riaccende i riflettori sulla residenza ottocentesca dell&#8217;avvocato esoterista Giustiniano Lebano, figura controversa e affascinante legata a numerose leggende [&hellip;]<\/p>\n","protected":false},"author":36,"featured_media":8516,"comment_status":"open","ping_status":"open","sticky":false,"template":"","format":"standard","meta":{"jnews-multi-image_gallery":[],"jnews_single_post":{"format":"standard"},"jnews_primary_category":[],"jnews_override_counter":[],"footnotes":""},"categories":[1],"tags":[],"class_list":["post-8515","post","type-post","status-publish","format-standard","has-post-thumbnail","hentry","category-news"],"yoast_head":"<!-- This site is optimized with the Yoast SEO plugin v24.2 - https:\/\/yoast.com\/wordpress\/plugins\/seo\/ -->\n<title>Trecase. Rinascita di Villa Lebano: il Ministero della Cultura punta all&#039;acquisizione - \u00e8campania<\/title>\n<meta name=\"robots\" content=\"index, follow, max-snippet:-1, max-image-preview:large, max-video-preview:-1\" \/>\n<link rel=\"canonical\" href=\"https:\/\/ecampania.it\/magazine\/trecase-rinascita-di-villa-lebano-il-ministero-della-cultura-punta-allacquisizione\/\" \/>\n<meta property=\"og:locale\" content=\"it_IT\" \/>\n<meta property=\"og:type\" content=\"article\" \/>\n<meta property=\"og:title\" content=\"Trecase. Rinascita di Villa Lebano: il Ministero della Cultura punta all&#039;acquisizione - \u00e8campania\" \/>\n<meta property=\"og:description\" content=\"Il sopralluogo del ministro Giuli \u201cIl Ministero della Cultura \u00e8 interessato all&#8217;acquisizione di Villa Lebano\u201d. A dichiararlo \u00e8 il sindaco di Trecase, Raffaele De Luca, all&#8217;indomani del sopralluogo del ministro Alessandro Giuli. Un punto di svolta che riaccende i riflettori sulla residenza ottocentesca dell&#8217;avvocato esoterista Giustiniano Lebano, figura controversa e affascinante legata a numerose leggende [&hellip;]\" \/>\n<meta property=\"og:url\" content=\"https:\/\/ecampania.it\/magazine\/trecase-rinascita-di-villa-lebano-il-ministero-della-cultura-punta-allacquisizione\/\" \/>\n<meta property=\"og:site_name\" content=\"\u00e8campania\" \/>\n<meta property=\"article:publisher\" content=\"https:\/\/www.facebook.com\/ecampania.it\" \/>\n<meta property=\"article:published_time\" content=\"2026-03-12T15:38:17+00:00\" \/>\n<meta property=\"og:image\" content=\"https:\/\/ecampania.it\/magazine\/wp-content\/uploads\/2026\/03\/WhatsApp-Image-2026-03-12-at-16.22.10.jpg\" \/>\n\t<meta property=\"og:image:width\" content=\"1200\" \/>\n\t<meta property=\"og:image:height\" content=\"984\" \/>\n\t<meta property=\"og:image:type\" content=\"image\/jpeg\" \/>\n<meta name=\"author\" content=\"Giada Cuomo\" \/>\n<meta name=\"twitter:card\" content=\"summary_large_image\" \/>\n<meta name=\"twitter:label1\" content=\"Scritto da\" \/>\n\t<meta name=\"twitter:data1\" content=\"Giada Cuomo\" \/>\n\t<meta name=\"twitter:label2\" content=\"Tempo di lettura stimato\" \/>\n\t<meta name=\"twitter:data2\" content=\"2 minuti\" \/>\n<script type=\"application\/ld+json\" class=\"yoast-schema-graph\">{\"@context\":\"https:\/\/schema.org\",\"@graph\":[{\"@type\":\"Article\",\"@id\":\"https:\/\/ecampania.it\/magazine\/trecase-rinascita-di-villa-lebano-il-ministero-della-cultura-punta-allacquisizione\/#article\",\"isPartOf\":{\"@id\":\"https:\/\/ecampania.it\/magazine\/trecase-rinascita-di-villa-lebano-il-ministero-della-cultura-punta-allacquisizione\/\"},\"author\":{\"name\":\"Giada Cuomo\",\"@id\":\"https:\/\/ecampania.it\/magazine\/#\/schema\/person\/f372b853776f14766c01226091cd1381\"},\"headline\":\"Trecase. Rinascita di Villa Lebano: il Ministero della Cultura punta all&#8217;acquisizione\",\"datePublished\":\"2026-03-12T15:38:17+00:00\",\"dateModified\":\"2026-03-12T15:38:17+00:00\",\"mainEntityOfPage\":{\"@id\":\"https:\/\/ecampania.it\/magazine\/trecase-rinascita-di-villa-lebano-il-ministero-della-cultura-punta-allacquisizione\/\"},\"wordCount\":314,\"commentCount\":0,\"publisher\":{\"@id\":\"https:\/\/ecampania.it\/magazine\/#organization\"},\"image\":{\"@id\":\"https:\/\/ecampania.it\/magazine\/trecase-rinascita-di-villa-lebano-il-ministero-della-cultura-punta-allacquisizione\/#primaryimage\"},\"thumbnailUrl\":\"https:\/\/ecampania.it\/magazine\/wp-content\/uploads\/2026\/03\/WhatsApp-Image-2026-03-12-at-16.22.10.jpg\",\"articleSection\":[\"News\"],\"inLanguage\":\"it-IT\",\"potentialAction\":[{\"@type\":\"CommentAction\",\"name\":\"Comment\",\"target\":[\"https:\/\/ecampania.it\/magazine\/trecase-rinascita-di-villa-lebano-il-ministero-della-cultura-punta-allacquisizione\/#respond\"]}]},{\"@type\":\"WebPage\",\"@id\":\"https:\/\/ecampania.it\/magazine\/trecase-rinascita-di-villa-lebano-il-ministero-della-cultura-punta-allacquisizione\/\",\"url\":\"https:\/\/ecampania.it\/magazine\/trecase-rinascita-di-villa-lebano-il-ministero-della-cultura-punta-allacquisizione\/\",\"name\":\"Trecase. Rinascita di Villa Lebano: il Ministero della Cultura punta all'acquisizione - \u00e8campania\",\"isPartOf\":{\"@id\":\"https:\/\/ecampania.it\/magazine\/#website\"},\"primaryImageOfPage\":{\"@id\":\"https:\/\/ecampania.it\/magazine\/trecase-rinascita-di-villa-lebano-il-ministero-della-cultura-punta-allacquisizione\/#primaryimage\"},\"image\":{\"@id\":\"https:\/\/ecampania.it\/magazine\/trecase-rinascita-di-villa-lebano-il-ministero-della-cultura-punta-allacquisizione\/#primaryimage\"},\"thumbnailUrl\":\"https:\/\/ecampania.it\/magazine\/wp-content\/uploads\/2026\/03\/WhatsApp-Image-2026-03-12-at-16.22.10.jpg\",\"datePublished\":\"2026-03-12T15:38:17+00:00\",\"dateModified\":\"2026-03-12T15:38:17+00:00\",\"breadcrumb\":{\"@id\":\"https:\/\/ecampania.it\/magazine\/trecase-rinascita-di-villa-lebano-il-ministero-della-cultura-punta-allacquisizione\/#breadcrumb\"},\"inLanguage\":\"it-IT\",\"potentialAction\":[{\"@type\":\"ReadAction\",\"target\":[\"https:\/\/ecampania.it\/magazine\/trecase-rinascita-di-villa-lebano-il-ministero-della-cultura-punta-allacquisizione\/\"]}]},{\"@type\":\"ImageObject\",\"inLanguage\":\"it-IT\",\"@id\":\"https:\/\/ecampania.it\/magazine\/trecase-rinascita-di-villa-lebano-il-ministero-della-cultura-punta-allacquisizione\/#primaryimage\",\"url\":\"https:\/\/ecampania.it\/magazine\/wp-content\/uploads\/2026\/03\/WhatsApp-Image-2026-03-12-at-16.22.10.jpg\",\"contentUrl\":\"https:\/\/ecampania.it\/magazine\/wp-content\/uploads\/2026\/03\/WhatsApp-Image-2026-03-12-at-16.22.10.jpg\",\"width\":1200,\"height\":984},{\"@type\":\"BreadcrumbList\",\"@id\":\"https:\/\/ecampania.it\/magazine\/trecase-rinascita-di-villa-lebano-il-ministero-della-cultura-punta-allacquisizione\/#breadcrumb\",\"itemListElement\":[{\"@type\":\"ListItem\",\"position\":1,\"name\":\"Home\",\"item\":\"https:\/\/ecampania.it\/magazine\/\"},{\"@type\":\"ListItem\",\"position\":2,\"name\":\"Trecase. Rinascita di Villa Lebano: il Ministero della Cultura punta all&#8217;acquisizione\"}]},{\"@type\":\"WebSite\",\"@id\":\"https:\/\/ecampania.it\/magazine\/#website\",\"url\":\"https:\/\/ecampania.it\/magazine\/\",\"name\":\"Ecampania\",\"description\":\"Il primo portale dedicato al turismo ed alla cultura in Campania\",\"publisher\":{\"@id\":\"https:\/\/ecampania.it\/magazine\/#organization\"},\"potentialAction\":[{\"@type\":\"SearchAction\",\"target\":{\"@type\":\"EntryPoint\",\"urlTemplate\":\"https:\/\/ecampania.it\/magazine\/?s={search_term_string}\"},\"query-input\":{\"@type\":\"PropertyValueSpecification\",\"valueRequired\":true,\"valueName\":\"search_term_string\"}}],\"inLanguage\":\"it-IT\"},{\"@type\":\"Organization\",\"@id\":\"https:\/\/ecampania.it\/magazine\/#organization\",\"name\":\"Ecampania\",\"url\":\"https:\/\/ecampania.it\/magazine\/\",\"logo\":{\"@type\":\"ImageObject\",\"inLanguage\":\"it-IT\",\"@id\":\"https:\/\/ecampania.it\/magazine\/#\/schema\/logo\/image\/\",\"url\":\"https:\/\/ecampania.it\/magazine\/wp-content\/uploads\/2025\/01\/fb.png\",\"contentUrl\":\"https:\/\/ecampania.it\/magazine\/wp-content\/uploads\/2025\/01\/fb.png\",\"width\":500,\"height\":500,\"caption\":\"Ecampania\"},\"image\":{\"@id\":\"https:\/\/ecampania.it\/magazine\/#\/schema\/logo\/image\/\"},\"sameAs\":[\"https:\/\/www.facebook.com\/ecampania.it\",\"https:\/\/www.instagram.com\/ecampania.it\/\"]},{\"@type\":\"Person\",\"@id\":\"https:\/\/ecampania.it\/magazine\/#\/schema\/person\/f372b853776f14766c01226091cd1381\",\"name\":\"Giada Cuomo\",\"image\":{\"@type\":\"ImageObject\",\"inLanguage\":\"it-IT\",\"@id\":\"https:\/\/ecampania.it\/magazine\/#\/schema\/person\/image\/\",\"url\":\"https:\/\/secure.gravatar.com\/avatar\/146c6721e4d668a5b54e972781d98893d8c77afe8ac2754067e4820df8ed0fa0?s=96&d=mm&r=g\",\"contentUrl\":\"https:\/\/secure.gravatar.com\/avatar\/146c6721e4d668a5b54e972781d98893d8c77afe8ac2754067e4820df8ed0fa0?s=96&d=mm&r=g\",\"caption\":\"Giada Cuomo\"},\"url\":\"https:\/\/ecampania.it\/magazine\/author\/giada\/\"}]}<\/script>\n<!-- \/ Yoast SEO plugin. -->","yoast_head_json":{"title":"Trecase. Rinascita di Villa Lebano: il Ministero della Cultura punta all'acquisizione - \u00e8campania","robots":{"index":"index","follow":"follow","max-snippet":"max-snippet:-1","max-image-preview":"max-image-preview:large","max-video-preview":"max-video-preview:-1"},"canonical":"https:\/\/ecampania.it\/magazine\/trecase-rinascita-di-villa-lebano-il-ministero-della-cultura-punta-allacquisizione\/","og_locale":"it_IT","og_type":"article","og_title":"Trecase. Rinascita di Villa Lebano: il Ministero della Cultura punta all'acquisizione - \u00e8campania","og_description":"Il sopralluogo del ministro Giuli \u201cIl Ministero della Cultura \u00e8 interessato all&#8217;acquisizione di Villa Lebano\u201d. A dichiararlo \u00e8 il sindaco di Trecase, Raffaele De Luca, all&#8217;indomani del sopralluogo del ministro Alessandro Giuli. Un punto di svolta che riaccende i riflettori sulla residenza ottocentesca dell&#8217;avvocato esoterista Giustiniano Lebano, figura controversa e affascinante legata a numerose leggende [&hellip;]","og_url":"https:\/\/ecampania.it\/magazine\/trecase-rinascita-di-villa-lebano-il-ministero-della-cultura-punta-allacquisizione\/","og_site_name":"\u00e8campania","article_publisher":"https:\/\/www.facebook.com\/ecampania.it","article_published_time":"2026-03-12T15:38:17+00:00","og_image":[{"width":1200,"height":984,"url":"https:\/\/ecampania.it\/magazine\/wp-content\/uploads\/2026\/03\/WhatsApp-Image-2026-03-12-at-16.22.10.jpg","type":"image\/jpeg"}],"author":"Giada Cuomo","twitter_card":"summary_large_image","twitter_misc":{"Scritto da":"Giada Cuomo","Tempo di lettura stimato":"2 minuti"},"schema":{"@context":"https:\/\/schema.org","@graph":[{"@type":"Article","@id":"https:\/\/ecampania.it\/magazine\/trecase-rinascita-di-villa-lebano-il-ministero-della-cultura-punta-allacquisizione\/#article","isPartOf":{"@id":"https:\/\/ecampania.it\/magazine\/trecase-rinascita-di-villa-lebano-il-ministero-della-cultura-punta-allacquisizione\/"},"author":{"name":"Giada Cuomo","@id":"https:\/\/ecampania.it\/magazine\/#\/schema\/person\/f372b853776f14766c01226091cd1381"},"headline":"Trecase. Rinascita di Villa Lebano: il Ministero della Cultura punta all&#8217;acquisizione","datePublished":"2026-03-12T15:38:17+00:00","dateModified":"2026-03-12T15:38:17+00:00","mainEntityOfPage":{"@id":"https:\/\/ecampania.it\/magazine\/trecase-rinascita-di-villa-lebano-il-ministero-della-cultura-punta-allacquisizione\/"},"wordCount":314,"commentCount":0,"publisher":{"@id":"https:\/\/ecampania.it\/magazine\/#organization"},"image":{"@id":"https:\/\/ecampania.it\/magazine\/trecase-rinascita-di-villa-lebano-il-ministero-della-cultura-punta-allacquisizione\/#primaryimage"},"thumbnailUrl":"https:\/\/ecampania.it\/magazine\/wp-content\/uploads\/2026\/03\/WhatsApp-Image-2026-03-12-at-16.22.10.jpg","articleSection":["News"],"inLanguage":"it-IT","potentialAction":[{"@type":"CommentAction","name":"Comment","target":["https:\/\/ecampania.it\/magazine\/trecase-rinascita-di-villa-lebano-il-ministero-della-cultura-punta-allacquisizione\/#respond"]}]},{"@type":"WebPage","@id":"https:\/\/ecampania.it\/magazine\/trecase-rinascita-di-villa-lebano-il-ministero-della-cultura-punta-allacquisizione\/","url":"https:\/\/ecampania.it\/magazine\/trecase-rinascita-di-villa-lebano-il-ministero-della-cultura-punta-allacquisizione\/","name":"Trecase. Rinascita di Villa Lebano: il Ministero della Cultura punta all'acquisizione - \u00e8campania","isPartOf":{"@id":"https:\/\/ecampania.it\/magazine\/#website"},"primaryImageOfPage":{"@id":"https:\/\/ecampania.it\/magazine\/trecase-rinascita-di-villa-lebano-il-ministero-della-cultura-punta-allacquisizione\/#primaryimage"},"image":{"@id":"https:\/\/ecampania.it\/magazine\/trecase-rinascita-di-villa-lebano-il-ministero-della-cultura-punta-allacquisizione\/#primaryimage"},"thumbnailUrl":"https:\/\/ecampania.it\/magazine\/wp-content\/uploads\/2026\/03\/WhatsApp-Image-2026-03-12-at-16.22.10.jpg","datePublished":"2026-03-12T15:38:17+00:00","dateModified":"2026-03-12T15:38:17+00:00","breadcrumb":{"@id":"https:\/\/ecampania.it\/magazine\/trecase-rinascita-di-villa-lebano-il-ministero-della-cultura-punta-allacquisizione\/#breadcrumb"},"inLanguage":"it-IT","potentialAction":[{"@type":"ReadAction","target":["https:\/\/ecampania.it\/magazine\/trecase-rinascita-di-villa-lebano-il-ministero-della-cultura-punta-allacquisizione\/"]}]},{"@type":"ImageObject","inLanguage":"it-IT","@id":"https:\/\/ecampania.it\/magazine\/trecase-rinascita-di-villa-lebano-il-ministero-della-cultura-punta-allacquisizione\/#primaryimage","url":"https:\/\/ecampania.it\/magazine\/wp-content\/uploads\/2026\/03\/WhatsApp-Image-2026-03-12-at-16.22.10.jpg","contentUrl":"https:\/\/ecampania.it\/magazine\/wp-content\/uploads\/2026\/03\/WhatsApp-Image-2026-03-12-at-16.22.10.jpg","width":1200,"height":984},{"@type":"BreadcrumbList","@id":"https:\/\/ecampania.it\/magazine\/trecase-rinascita-di-villa-lebano-il-ministero-della-cultura-punta-allacquisizione\/#breadcrumb","itemListElement":[{"@type":"ListItem","position":1,"name":"Home","item":"https:\/\/ecampania.it\/magazine\/"},{"@type":"ListItem","position":2,"name":"Trecase. Rinascita di Villa Lebano: il Ministero della Cultura punta all&#8217;acquisizione"}]},{"@type":"WebSite","@id":"https:\/\/ecampania.it\/magazine\/#website","url":"https:\/\/ecampania.it\/magazine\/","name":"Ecampania","description":"Il primo portale dedicato al turismo ed alla cultura in Campania","publisher":{"@id":"https:\/\/ecampania.it\/magazine\/#organization"},"potentialAction":[{"@type":"SearchAction","target":{"@type":"EntryPoint","urlTemplate":"https:\/\/ecampania.it\/magazine\/?s={search_term_string}"},"query-input":{"@type":"PropertyValueSpecification","valueRequired":true,"valueName":"search_term_string"}}],"inLanguage":"it-IT"},{"@type":"Organization","@id":"https:\/\/ecampania.it\/magazine\/#organization","name":"Ecampania","url":"https:\/\/ecampania.it\/magazine\/","logo":{"@type":"ImageObject","inLanguage":"it-IT","@id":"https:\/\/ecampania.it\/magazine\/#\/schema\/logo\/image\/","url":"https:\/\/ecampania.it\/magazine\/wp-content\/uploads\/2025\/01\/fb.png","contentUrl":"https:\/\/ecampania.it\/magazine\/wp-content\/uploads\/2025\/01\/fb.png","width":500,"height":500,"caption":"Ecampania"},"image":{"@id":"https:\/\/ecampania.it\/magazine\/#\/schema\/logo\/image\/"},"sameAs":["https:\/\/www.facebook.com\/ecampania.it","https:\/\/www.instagram.com\/ecampania.it\/"]},{"@type":"Person","@id":"https:\/\/ecampania.it\/magazine\/#\/schema\/person\/f372b853776f14766c01226091cd1381","name":"Giada Cuomo","image":{"@type":"ImageObject","inLanguage":"it-IT","@id":"https:\/\/ecampania.it\/magazine\/#\/schema\/person\/image\/","url":"https:\/\/secure.gravatar.com\/avatar\/146c6721e4d668a5b54e972781d98893d8c77afe8ac2754067e4820df8ed0fa0?s=96&d=mm&r=g","contentUrl":"https:\/\/secure.gravatar.com\/avatar\/146c6721e4d668a5b54e972781d98893d8c77afe8ac2754067e4820df8ed0fa0?s=96&d=mm&r=g","caption":"Giada Cuomo"},"url":"https:\/\/ecampania.it\/magazine\/author\/giada\/"}]}},"_links":{"self":[{"href":"https:\/\/ecampania.it\/magazine\/wp-json\/wp\/v2\/posts\/8515","targetHints":{"allow":["GET"]}}],"collection":[{"href":"https:\/\/ecampania.it\/magazine\/wp-json\/wp\/v2\/posts"}],"about":[{"href":"https:\/\/ecampania.it\/magazine\/wp-json\/wp\/v2\/types\/post"}],"author":[{"embeddable":true,"href":"https:\/\/ecampania.it\/magazine\/wp-json\/wp\/v2\/users\/36"}],"replies":[{"embeddable":true,"href":"https:\/\/ecampania.it\/magazine\/wp-json\/wp\/v2\/comments?post=8515"}],"version-history":[{"count":1,"href":"https:\/\/ecampania.it\/magazine\/wp-json\/wp\/v2\/posts\/8515\/revisions"}],"predecessor-version":[{"id":8517,"href":"https:\/\/ecampania.it\/magazine\/wp-json\/wp\/v2\/posts\/8515\/revisions\/8517"}],"wp:featuredmedia":[{"embeddable":true,"href":"https:\/\/ecampania.it\/magazine\/wp-json\/wp\/v2\/media\/8516"}],"wp:attachment":[{"href":"https:\/\/ecampania.it\/magazine\/wp-json\/wp\/v2\/media?parent=8515"}],"wp:term":[{"taxonomy":"category","embeddable":true,"href":"https:\/\/ecampania.it\/magazine\/wp-json\/wp\/v2\/categories?post=8515"},{"taxonomy":"post_tag","embeddable":true,"href":"https:\/\/ecampania.it\/magazine\/wp-json\/wp\/v2\/tags?post=8515"}],"curies":[{"name":"wp","href":"https:\/\/api.w.org\/{rel}","templated":true}]}}