{"id":8521,"date":"2026-03-13T10:37:56","date_gmt":"2026-03-13T09:37:56","guid":{"rendered":"https:\/\/ecampania.it\/magazine\/?p=8521"},"modified":"2026-03-13T10:37:57","modified_gmt":"2026-03-13T09:37:57","slug":"napoli-in-ricordo-di-pino-daniele-sold-out-il-memoriale-dedicato-allartista-partenopeo","status":"publish","type":"post","link":"https:\/\/ecampania.it\/magazine\/napoli-in-ricordo-di-pino-daniele-sold-out-il-memoriale-dedicato-allartista-partenopeo\/","title":{"rendered":"Napoli. In ricordo di Pino Daniele: sold out il memoriale dedicato all&#8217;artista partenopeo"},"content":{"rendered":"\n<h4 class=\"wp-block-heading\"><strong>Evento in programma il 19 marzo al Palapartenope<\/strong><\/h4>\n\n\n\n<p>Sold Out in poche ore il memoriale dedicato a Pino Daniele: quest&#8217;anno l&#8217;artista avrebbe compiuto 71 anni. Il\u00a0<strong>19 Marzo<\/strong>\u00a0alle ore <em>21<\/em>, per l\u2019undicesimo anno al\u00a0<strong>Palapartenope\u00a0<\/strong>si terr\u00e0 il\u00a0<strong>memorial dedicato a Pino Daniele \u2013 Je sto vicino a te<\/strong>. Una festa che come consuetudine ricorder\u00e0 Pino Daniele a undici anni dalla sua scomparsa \u00e8 celebrer\u00e0 i 71 anni che il Nero a Met\u00e0, avrebbe compiuto proprio, il 19 Marzo, giorno del suo compleanno ed onomastico.\u00a0<strong>Il memorial organizzato e prodotto<\/strong>\u00a0<strong>dalla Nonsoloeventi srl di Rino Manna<\/strong>, si avvale del\u00a0<strong><em>coordinamento musicale del M\u00b0 Adriano Pennino<\/em><\/strong>\u00a0musicista, arrangiatore, compositore e direttore d\u2019orchestra la cui carriera estremamente prolifica gli ha permesso non solo di spaziare dal cantautorato alla direzione d\u2019orchestra passando per le colonne sonore, ma di collaborare con numerosissimi artisti nazionali ed internazionali.\u00a0<\/p>\n\n\n\n<p>I biglietti messi a disposizione l\u2019altro ieri sono andati sold out nel giro di poche ore, dimostrando ancora una volta il grande affetto del pubblico nei confronti di Pino e della sua musica.<\/p>\n\n\n\n<p>La musica di Pino Daniele ha da sempre rappresentato per intere generazioni un punto di arrivo e di partenza, i versi delle sue canzoni sono il fulcro dell\u2019universalit\u00e0 e dell\u2019inclusione sociale, nel suo registro narrativo trovano spazio i racconti di mille realt\u00e0 differenti e le innumerevoli sfaccettature dell\u2019essere umano, nella sua musica non esistono pregiudizi e barriere. Una commistione di racconti di vita vissuta che si rispecchia nella\u00a0mescolanza di generi musicali e di idiomi. <\/p>\n\n\n\n<p>La sperimentazione, la contaminazione sono stati i capisaldi del\u00a0genio creativo di Pino Daniele, un immenso talento che l\u2019ha portato a spaziare dalla musica classica napoletana, al jazz e al blues, passando per la musica brasiliana e la musica folk, arrivando al rap e alla musica sinfonica. Una carriera, quella di Pino Daniele, lastricata di brani indimenticabili e che l\u2019hanno reso un\u2019icona transgenerazionale, \u00e8 infatti uno di pochi artisti al mondo capace di mettere d\u2019accordo intere generazioni. In virt\u00f9 del suo indimenticabile ed indimenticato talento,\u00a0<strong>il 19 Marzo al Palapartenope si terr\u00e0 una grande festa<\/strong>, un evento con tantissimi ospiti legati da un file rouge al grande Nero a met\u00e0, l\u2019evento da 11 anni non solo ha lo scopo di mantenere vivo il ricordo di Pino Daniele, ma ha soprattutto lo scopo di far comprendere anche alle nuove generazioni il meticoloso lavoro dello stesso nella composizione dei brani e nella stesura dei testi, un patrimonio culturale quanto mai moderno ed attualissimo, capace di valicare i confini generazionali e temporali. Tra gli artisti di fama nazionale ed internazionale che amici, collaboratori e fan di Pino Daniele che si passeranno il testimone:\u00a0<strong>Eugenio Bennato<\/strong>,\u00a0<strong>Karima, Walter Ricci, Pietra Montecorvino, Pierdavide Carone, Elisabetta Serio, Ciccio Merolla, Phil Merl, Massimo Jovine dei 99 Posse, Valentina Stella, Roberto Colella, Tommaso Primo, Eleonora Strino, Gnut, Viscardi, Ebbanesies, Federico di Napoli, Vesuviano, Nicola Siciliano, i Soul \u2013 Food Vocalist, Aurelio Fierro Jr, Emilia Zamuner, Greg Rega, Miro di Mare, Toto Torablo, Gabriele Esposito, Davide Shorty, Lelio Morra, Lorenzo Girotti, Veronica Simioli e i Nea Arcadia<\/strong>. A condurre la serata ci saranno\u00a0<strong>Veronica Maya<\/strong>\u00a0e\u00a0<strong>Gigio Rosa<\/strong>. Ci saranno, inoltre, degli interventi speciali e non mancheranno i contributi video e tantissime altre sorprese. La serata, come sempre ad\u00a0<strong>ingresso gratuito<\/strong>, e i cui\u00a0<strong>inviti sono gi\u00e0 sold out da giorni,<\/strong>\u00a0si preannuncia ricca di emozioni: effetti speciali, musica e scenografia di grande impatto saranno gli ingredienti di una serata all\u2019insegna del ricordo di Pino Daniele.\u00a0<\/p>\n\n\n\n<p><strong>Rino Manna<\/strong>\u00a0organizzatore e produttore del memorial ha ribadito: &#8220;<em>Da qualche anno ormai per ricordare Pino Daniele, oltre ai grandi nomi della musica e dello showbiz nazionale ed internazionale, sul palco del Palapartenope si esibiscono anche tanti giovani, proprio a testimonianza di quanto sia importante per noi preservare la sua lezione di vita e la sua professionalit\u00e0. Un passaggio di testimone di generazione in generazione che rende la musica di Pino immortale. Ad animare la serata ci saranno alcune attivit\u00e0 collaterali in collaborazione con\u00a0<\/em> <em>N\u2019Arte, che permetteranno al pubblico di partecipare a challenge di karaoke e quiz vari dedicati a Pino Daniele ovviamente, con in palio dei simpatici premi&#8221;\u00a0<\/em><\/p>\n\n\n\n<p><\/p>\n","protected":false},"excerpt":{"rendered":"<p>Evento in programma il 19 marzo al Palapartenope Sold Out in poche ore il memoriale dedicato a Pino Daniele: quest&#8217;anno l&#8217;artista avrebbe compiuto 71 anni. Il\u00a019 Marzo\u00a0alle ore 21, per l\u2019undicesimo anno al\u00a0Palapartenope\u00a0si terr\u00e0 il\u00a0memorial dedicato a Pino Daniele \u2013 Je sto vicino a te. Una festa che come consuetudine ricorder\u00e0 Pino Daniele a undici [&hellip;]<\/p>\n","protected":false},"author":36,"featured_media":8522,"comment_status":"open","ping_status":"open","sticky":false,"template":"","format":"standard","meta":{"jnews-multi-image_gallery":[],"jnews_single_post":{"format":"standard"},"jnews_primary_category":[],"jnews_override_counter":[],"footnotes":""},"categories":[7],"tags":[30,80],"class_list":["post-8521","post","type-post","status-publish","format-standard","has-post-thumbnail","hentry","category-eventi","tag-musica","tag-spettacolo"],"yoast_head":"<!-- This site is optimized with the Yoast SEO plugin v24.2 - https:\/\/yoast.com\/wordpress\/plugins\/seo\/ -->\n<title>Napoli. In ricordo di Pino Daniele: sold out il memoriale dedicato all&#039;artista partenopeo - \u00e8campania<\/title>\n<meta name=\"robots\" content=\"index, follow, max-snippet:-1, max-image-preview:large, max-video-preview:-1\" \/>\n<link rel=\"canonical\" href=\"https:\/\/ecampania.it\/magazine\/napoli-in-ricordo-di-pino-daniele-sold-out-il-memoriale-dedicato-allartista-partenopeo\/\" \/>\n<meta property=\"og:locale\" content=\"it_IT\" \/>\n<meta property=\"og:type\" content=\"article\" \/>\n<meta property=\"og:title\" content=\"Napoli. In ricordo di Pino Daniele: sold out il memoriale dedicato all&#039;artista partenopeo - \u00e8campania\" \/>\n<meta property=\"og:description\" content=\"Evento in programma il 19 marzo al Palapartenope Sold Out in poche ore il memoriale dedicato a Pino Daniele: quest&#8217;anno l&#8217;artista avrebbe compiuto 71 anni. Il\u00a019 Marzo\u00a0alle ore 21, per l\u2019undicesimo anno al\u00a0Palapartenope\u00a0si terr\u00e0 il\u00a0memorial dedicato a Pino Daniele \u2013 Je sto vicino a te. Una festa che come consuetudine ricorder\u00e0 Pino Daniele a undici [&hellip;]\" \/>\n<meta property=\"og:url\" content=\"https:\/\/ecampania.it\/magazine\/napoli-in-ricordo-di-pino-daniele-sold-out-il-memoriale-dedicato-allartista-partenopeo\/\" \/>\n<meta property=\"og:site_name\" content=\"\u00e8campania\" \/>\n<meta property=\"article:publisher\" content=\"https:\/\/www.facebook.com\/ecampania.it\" \/>\n<meta property=\"article:published_time\" content=\"2026-03-13T09:37:56+00:00\" \/>\n<meta property=\"article:modified_time\" content=\"2026-03-13T09:37:57+00:00\" \/>\n<meta property=\"og:image\" content=\"https:\/\/ecampania.it\/magazine\/wp-content\/uploads\/2026\/03\/IMMAGINE-JE-STO-VICINO-A-TE-71.jpg\" \/>\n\t<meta property=\"og:image:width\" content=\"979\" \/>\n\t<meta property=\"og:image:height\" content=\"453\" \/>\n\t<meta property=\"og:image:type\" content=\"image\/jpeg\" \/>\n<meta name=\"author\" content=\"Giada Cuomo\" \/>\n<meta name=\"twitter:card\" content=\"summary_large_image\" \/>\n<meta name=\"twitter:label1\" content=\"Scritto da\" \/>\n\t<meta name=\"twitter:data1\" content=\"Giada Cuomo\" \/>\n\t<meta name=\"twitter:label2\" content=\"Tempo di lettura stimato\" \/>\n\t<meta name=\"twitter:data2\" content=\"4 minuti\" \/>\n<script type=\"application\/ld+json\" class=\"yoast-schema-graph\">{\"@context\":\"https:\/\/schema.org\",\"@graph\":[{\"@type\":\"Article\",\"@id\":\"https:\/\/ecampania.it\/magazine\/napoli-in-ricordo-di-pino-daniele-sold-out-il-memoriale-dedicato-allartista-partenopeo\/#article\",\"isPartOf\":{\"@id\":\"https:\/\/ecampania.it\/magazine\/napoli-in-ricordo-di-pino-daniele-sold-out-il-memoriale-dedicato-allartista-partenopeo\/\"},\"author\":{\"name\":\"Giada Cuomo\",\"@id\":\"https:\/\/ecampania.it\/magazine\/#\/schema\/person\/f372b853776f14766c01226091cd1381\"},\"headline\":\"Napoli. In ricordo di Pino Daniele: sold out il memoriale dedicato all&#8217;artista partenopeo\",\"datePublished\":\"2026-03-13T09:37:56+00:00\",\"dateModified\":\"2026-03-13T09:37:57+00:00\",\"mainEntityOfPage\":{\"@id\":\"https:\/\/ecampania.it\/magazine\/napoli-in-ricordo-di-pino-daniele-sold-out-il-memoriale-dedicato-allartista-partenopeo\/\"},\"wordCount\":701,\"commentCount\":0,\"publisher\":{\"@id\":\"https:\/\/ecampania.it\/magazine\/#organization\"},\"image\":{\"@id\":\"https:\/\/ecampania.it\/magazine\/napoli-in-ricordo-di-pino-daniele-sold-out-il-memoriale-dedicato-allartista-partenopeo\/#primaryimage\"},\"thumbnailUrl\":\"https:\/\/ecampania.it\/magazine\/wp-content\/uploads\/2026\/03\/IMMAGINE-JE-STO-VICINO-A-TE-71.jpg\",\"keywords\":[\"musica\",\"spettacolo\"],\"articleSection\":[\"Eventi\"],\"inLanguage\":\"it-IT\",\"potentialAction\":[{\"@type\":\"CommentAction\",\"name\":\"Comment\",\"target\":[\"https:\/\/ecampania.it\/magazine\/napoli-in-ricordo-di-pino-daniele-sold-out-il-memoriale-dedicato-allartista-partenopeo\/#respond\"]}]},{\"@type\":\"WebPage\",\"@id\":\"https:\/\/ecampania.it\/magazine\/napoli-in-ricordo-di-pino-daniele-sold-out-il-memoriale-dedicato-allartista-partenopeo\/\",\"url\":\"https:\/\/ecampania.it\/magazine\/napoli-in-ricordo-di-pino-daniele-sold-out-il-memoriale-dedicato-allartista-partenopeo\/\",\"name\":\"Napoli. In ricordo di Pino Daniele: sold out il memoriale dedicato all'artista partenopeo - \u00e8campania\",\"isPartOf\":{\"@id\":\"https:\/\/ecampania.it\/magazine\/#website\"},\"primaryImageOfPage\":{\"@id\":\"https:\/\/ecampania.it\/magazine\/napoli-in-ricordo-di-pino-daniele-sold-out-il-memoriale-dedicato-allartista-partenopeo\/#primaryimage\"},\"image\":{\"@id\":\"https:\/\/ecampania.it\/magazine\/napoli-in-ricordo-di-pino-daniele-sold-out-il-memoriale-dedicato-allartista-partenopeo\/#primaryimage\"},\"thumbnailUrl\":\"https:\/\/ecampania.it\/magazine\/wp-content\/uploads\/2026\/03\/IMMAGINE-JE-STO-VICINO-A-TE-71.jpg\",\"datePublished\":\"2026-03-13T09:37:56+00:00\",\"dateModified\":\"2026-03-13T09:37:57+00:00\",\"breadcrumb\":{\"@id\":\"https:\/\/ecampania.it\/magazine\/napoli-in-ricordo-di-pino-daniele-sold-out-il-memoriale-dedicato-allartista-partenopeo\/#breadcrumb\"},\"inLanguage\":\"it-IT\",\"potentialAction\":[{\"@type\":\"ReadAction\",\"target\":[\"https:\/\/ecampania.it\/magazine\/napoli-in-ricordo-di-pino-daniele-sold-out-il-memoriale-dedicato-allartista-partenopeo\/\"]}]},{\"@type\":\"ImageObject\",\"inLanguage\":\"it-IT\",\"@id\":\"https:\/\/ecampania.it\/magazine\/napoli-in-ricordo-di-pino-daniele-sold-out-il-memoriale-dedicato-allartista-partenopeo\/#primaryimage\",\"url\":\"https:\/\/ecampania.it\/magazine\/wp-content\/uploads\/2026\/03\/IMMAGINE-JE-STO-VICINO-A-TE-71.jpg\",\"contentUrl\":\"https:\/\/ecampania.it\/magazine\/wp-content\/uploads\/2026\/03\/IMMAGINE-JE-STO-VICINO-A-TE-71.jpg\",\"width\":979,\"height\":453},{\"@type\":\"BreadcrumbList\",\"@id\":\"https:\/\/ecampania.it\/magazine\/napoli-in-ricordo-di-pino-daniele-sold-out-il-memoriale-dedicato-allartista-partenopeo\/#breadcrumb\",\"itemListElement\":[{\"@type\":\"ListItem\",\"position\":1,\"name\":\"Home\",\"item\":\"https:\/\/ecampania.it\/magazine\/\"},{\"@type\":\"ListItem\",\"position\":2,\"name\":\"Napoli. In ricordo di Pino Daniele: sold out il memoriale dedicato all&#8217;artista partenopeo\"}]},{\"@type\":\"WebSite\",\"@id\":\"https:\/\/ecampania.it\/magazine\/#website\",\"url\":\"https:\/\/ecampania.it\/magazine\/\",\"name\":\"Ecampania\",\"description\":\"Il primo portale dedicato al turismo ed alla cultura in Campania\",\"publisher\":{\"@id\":\"https:\/\/ecampania.it\/magazine\/#organization\"},\"potentialAction\":[{\"@type\":\"SearchAction\",\"target\":{\"@type\":\"EntryPoint\",\"urlTemplate\":\"https:\/\/ecampania.it\/magazine\/?s={search_term_string}\"},\"query-input\":{\"@type\":\"PropertyValueSpecification\",\"valueRequired\":true,\"valueName\":\"search_term_string\"}}],\"inLanguage\":\"it-IT\"},{\"@type\":\"Organization\",\"@id\":\"https:\/\/ecampania.it\/magazine\/#organization\",\"name\":\"Ecampania\",\"url\":\"https:\/\/ecampania.it\/magazine\/\",\"logo\":{\"@type\":\"ImageObject\",\"inLanguage\":\"it-IT\",\"@id\":\"https:\/\/ecampania.it\/magazine\/#\/schema\/logo\/image\/\",\"url\":\"https:\/\/ecampania.it\/magazine\/wp-content\/uploads\/2025\/01\/fb.png\",\"contentUrl\":\"https:\/\/ecampania.it\/magazine\/wp-content\/uploads\/2025\/01\/fb.png\",\"width\":500,\"height\":500,\"caption\":\"Ecampania\"},\"image\":{\"@id\":\"https:\/\/ecampania.it\/magazine\/#\/schema\/logo\/image\/\"},\"sameAs\":[\"https:\/\/www.facebook.com\/ecampania.it\",\"https:\/\/www.instagram.com\/ecampania.it\/\"]},{\"@type\":\"Person\",\"@id\":\"https:\/\/ecampania.it\/magazine\/#\/schema\/person\/f372b853776f14766c01226091cd1381\",\"name\":\"Giada Cuomo\",\"image\":{\"@type\":\"ImageObject\",\"inLanguage\":\"it-IT\",\"@id\":\"https:\/\/ecampania.it\/magazine\/#\/schema\/person\/image\/\",\"url\":\"https:\/\/secure.gravatar.com\/avatar\/146c6721e4d668a5b54e972781d98893d8c77afe8ac2754067e4820df8ed0fa0?s=96&d=mm&r=g\",\"contentUrl\":\"https:\/\/secure.gravatar.com\/avatar\/146c6721e4d668a5b54e972781d98893d8c77afe8ac2754067e4820df8ed0fa0?s=96&d=mm&r=g\",\"caption\":\"Giada Cuomo\"},\"url\":\"https:\/\/ecampania.it\/magazine\/author\/giada\/\"}]}<\/script>\n<!-- \/ Yoast SEO plugin. -->","yoast_head_json":{"title":"Napoli. In ricordo di Pino Daniele: sold out il memoriale dedicato all'artista partenopeo - \u00e8campania","robots":{"index":"index","follow":"follow","max-snippet":"max-snippet:-1","max-image-preview":"max-image-preview:large","max-video-preview":"max-video-preview:-1"},"canonical":"https:\/\/ecampania.it\/magazine\/napoli-in-ricordo-di-pino-daniele-sold-out-il-memoriale-dedicato-allartista-partenopeo\/","og_locale":"it_IT","og_type":"article","og_title":"Napoli. In ricordo di Pino Daniele: sold out il memoriale dedicato all'artista partenopeo - \u00e8campania","og_description":"Evento in programma il 19 marzo al Palapartenope Sold Out in poche ore il memoriale dedicato a Pino Daniele: quest&#8217;anno l&#8217;artista avrebbe compiuto 71 anni. Il\u00a019 Marzo\u00a0alle ore 21, per l\u2019undicesimo anno al\u00a0Palapartenope\u00a0si terr\u00e0 il\u00a0memorial dedicato a Pino Daniele \u2013 Je sto vicino a te. Una festa che come consuetudine ricorder\u00e0 Pino Daniele a undici [&hellip;]","og_url":"https:\/\/ecampania.it\/magazine\/napoli-in-ricordo-di-pino-daniele-sold-out-il-memoriale-dedicato-allartista-partenopeo\/","og_site_name":"\u00e8campania","article_publisher":"https:\/\/www.facebook.com\/ecampania.it","article_published_time":"2026-03-13T09:37:56+00:00","article_modified_time":"2026-03-13T09:37:57+00:00","og_image":[{"width":979,"height":453,"url":"https:\/\/ecampania.it\/magazine\/wp-content\/uploads\/2026\/03\/IMMAGINE-JE-STO-VICINO-A-TE-71.jpg","type":"image\/jpeg"}],"author":"Giada Cuomo","twitter_card":"summary_large_image","twitter_misc":{"Scritto da":"Giada Cuomo","Tempo di lettura stimato":"4 minuti"},"schema":{"@context":"https:\/\/schema.org","@graph":[{"@type":"Article","@id":"https:\/\/ecampania.it\/magazine\/napoli-in-ricordo-di-pino-daniele-sold-out-il-memoriale-dedicato-allartista-partenopeo\/#article","isPartOf":{"@id":"https:\/\/ecampania.it\/magazine\/napoli-in-ricordo-di-pino-daniele-sold-out-il-memoriale-dedicato-allartista-partenopeo\/"},"author":{"name":"Giada Cuomo","@id":"https:\/\/ecampania.it\/magazine\/#\/schema\/person\/f372b853776f14766c01226091cd1381"},"headline":"Napoli. In ricordo di Pino Daniele: sold out il memoriale dedicato all&#8217;artista partenopeo","datePublished":"2026-03-13T09:37:56+00:00","dateModified":"2026-03-13T09:37:57+00:00","mainEntityOfPage":{"@id":"https:\/\/ecampania.it\/magazine\/napoli-in-ricordo-di-pino-daniele-sold-out-il-memoriale-dedicato-allartista-partenopeo\/"},"wordCount":701,"commentCount":0,"publisher":{"@id":"https:\/\/ecampania.it\/magazine\/#organization"},"image":{"@id":"https:\/\/ecampania.it\/magazine\/napoli-in-ricordo-di-pino-daniele-sold-out-il-memoriale-dedicato-allartista-partenopeo\/#primaryimage"},"thumbnailUrl":"https:\/\/ecampania.it\/magazine\/wp-content\/uploads\/2026\/03\/IMMAGINE-JE-STO-VICINO-A-TE-71.jpg","keywords":["musica","spettacolo"],"articleSection":["Eventi"],"inLanguage":"it-IT","potentialAction":[{"@type":"CommentAction","name":"Comment","target":["https:\/\/ecampania.it\/magazine\/napoli-in-ricordo-di-pino-daniele-sold-out-il-memoriale-dedicato-allartista-partenopeo\/#respond"]}]},{"@type":"WebPage","@id":"https:\/\/ecampania.it\/magazine\/napoli-in-ricordo-di-pino-daniele-sold-out-il-memoriale-dedicato-allartista-partenopeo\/","url":"https:\/\/ecampania.it\/magazine\/napoli-in-ricordo-di-pino-daniele-sold-out-il-memoriale-dedicato-allartista-partenopeo\/","name":"Napoli. In ricordo di Pino Daniele: sold out il memoriale dedicato all'artista partenopeo - \u00e8campania","isPartOf":{"@id":"https:\/\/ecampania.it\/magazine\/#website"},"primaryImageOfPage":{"@id":"https:\/\/ecampania.it\/magazine\/napoli-in-ricordo-di-pino-daniele-sold-out-il-memoriale-dedicato-allartista-partenopeo\/#primaryimage"},"image":{"@id":"https:\/\/ecampania.it\/magazine\/napoli-in-ricordo-di-pino-daniele-sold-out-il-memoriale-dedicato-allartista-partenopeo\/#primaryimage"},"thumbnailUrl":"https:\/\/ecampania.it\/magazine\/wp-content\/uploads\/2026\/03\/IMMAGINE-JE-STO-VICINO-A-TE-71.jpg","datePublished":"2026-03-13T09:37:56+00:00","dateModified":"2026-03-13T09:37:57+00:00","breadcrumb":{"@id":"https:\/\/ecampania.it\/magazine\/napoli-in-ricordo-di-pino-daniele-sold-out-il-memoriale-dedicato-allartista-partenopeo\/#breadcrumb"},"inLanguage":"it-IT","potentialAction":[{"@type":"ReadAction","target":["https:\/\/ecampania.it\/magazine\/napoli-in-ricordo-di-pino-daniele-sold-out-il-memoriale-dedicato-allartista-partenopeo\/"]}]},{"@type":"ImageObject","inLanguage":"it-IT","@id":"https:\/\/ecampania.it\/magazine\/napoli-in-ricordo-di-pino-daniele-sold-out-il-memoriale-dedicato-allartista-partenopeo\/#primaryimage","url":"https:\/\/ecampania.it\/magazine\/wp-content\/uploads\/2026\/03\/IMMAGINE-JE-STO-VICINO-A-TE-71.jpg","contentUrl":"https:\/\/ecampania.it\/magazine\/wp-content\/uploads\/2026\/03\/IMMAGINE-JE-STO-VICINO-A-TE-71.jpg","width":979,"height":453},{"@type":"BreadcrumbList","@id":"https:\/\/ecampania.it\/magazine\/napoli-in-ricordo-di-pino-daniele-sold-out-il-memoriale-dedicato-allartista-partenopeo\/#breadcrumb","itemListElement":[{"@type":"ListItem","position":1,"name":"Home","item":"https:\/\/ecampania.it\/magazine\/"},{"@type":"ListItem","position":2,"name":"Napoli. In ricordo di Pino Daniele: sold out il memoriale dedicato all&#8217;artista partenopeo"}]},{"@type":"WebSite","@id":"https:\/\/ecampania.it\/magazine\/#website","url":"https:\/\/ecampania.it\/magazine\/","name":"Ecampania","description":"Il primo portale dedicato al turismo ed alla cultura in Campania","publisher":{"@id":"https:\/\/ecampania.it\/magazine\/#organization"},"potentialAction":[{"@type":"SearchAction","target":{"@type":"EntryPoint","urlTemplate":"https:\/\/ecampania.it\/magazine\/?s={search_term_string}"},"query-input":{"@type":"PropertyValueSpecification","valueRequired":true,"valueName":"search_term_string"}}],"inLanguage":"it-IT"},{"@type":"Organization","@id":"https:\/\/ecampania.it\/magazine\/#organization","name":"Ecampania","url":"https:\/\/ecampania.it\/magazine\/","logo":{"@type":"ImageObject","inLanguage":"it-IT","@id":"https:\/\/ecampania.it\/magazine\/#\/schema\/logo\/image\/","url":"https:\/\/ecampania.it\/magazine\/wp-content\/uploads\/2025\/01\/fb.png","contentUrl":"https:\/\/ecampania.it\/magazine\/wp-content\/uploads\/2025\/01\/fb.png","width":500,"height":500,"caption":"Ecampania"},"image":{"@id":"https:\/\/ecampania.it\/magazine\/#\/schema\/logo\/image\/"},"sameAs":["https:\/\/www.facebook.com\/ecampania.it","https:\/\/www.instagram.com\/ecampania.it\/"]},{"@type":"Person","@id":"https:\/\/ecampania.it\/magazine\/#\/schema\/person\/f372b853776f14766c01226091cd1381","name":"Giada Cuomo","image":{"@type":"ImageObject","inLanguage":"it-IT","@id":"https:\/\/ecampania.it\/magazine\/#\/schema\/person\/image\/","url":"https:\/\/secure.gravatar.com\/avatar\/146c6721e4d668a5b54e972781d98893d8c77afe8ac2754067e4820df8ed0fa0?s=96&d=mm&r=g","contentUrl":"https:\/\/secure.gravatar.com\/avatar\/146c6721e4d668a5b54e972781d98893d8c77afe8ac2754067e4820df8ed0fa0?s=96&d=mm&r=g","caption":"Giada Cuomo"},"url":"https:\/\/ecampania.it\/magazine\/author\/giada\/"}]}},"_links":{"self":[{"href":"https:\/\/ecampania.it\/magazine\/wp-json\/wp\/v2\/posts\/8521","targetHints":{"allow":["GET"]}}],"collection":[{"href":"https:\/\/ecampania.it\/magazine\/wp-json\/wp\/v2\/posts"}],"about":[{"href":"https:\/\/ecampania.it\/magazine\/wp-json\/wp\/v2\/types\/post"}],"author":[{"embeddable":true,"href":"https:\/\/ecampania.it\/magazine\/wp-json\/wp\/v2\/users\/36"}],"replies":[{"embeddable":true,"href":"https:\/\/ecampania.it\/magazine\/wp-json\/wp\/v2\/comments?post=8521"}],"version-history":[{"count":1,"href":"https:\/\/ecampania.it\/magazine\/wp-json\/wp\/v2\/posts\/8521\/revisions"}],"predecessor-version":[{"id":8523,"href":"https:\/\/ecampania.it\/magazine\/wp-json\/wp\/v2\/posts\/8521\/revisions\/8523"}],"wp:featuredmedia":[{"embeddable":true,"href":"https:\/\/ecampania.it\/magazine\/wp-json\/wp\/v2\/media\/8522"}],"wp:attachment":[{"href":"https:\/\/ecampania.it\/magazine\/wp-json\/wp\/v2\/media?parent=8521"}],"wp:term":[{"taxonomy":"category","embeddable":true,"href":"https:\/\/ecampania.it\/magazine\/wp-json\/wp\/v2\/categories?post=8521"},{"taxonomy":"post_tag","embeddable":true,"href":"https:\/\/ecampania.it\/magazine\/wp-json\/wp\/v2\/tags?post=8521"}],"curies":[{"name":"wp","href":"https:\/\/api.w.org\/{rel}","templated":true}]}}