{"id":8544,"date":"2026-03-13T12:48:59","date_gmt":"2026-03-13T11:48:59","guid":{"rendered":"https:\/\/ecampania.it\/magazine\/?p=8544"},"modified":"2026-03-13T12:49:00","modified_gmt":"2026-03-13T11:49:00","slug":"ispani-sostenibilita-e-competitivita-il-futuro-del-mare-e-della-pesca","status":"publish","type":"post","link":"https:\/\/ecampania.it\/magazine\/ispani-sostenibilita-e-competitivita-il-futuro-del-mare-e-della-pesca\/","title":{"rendered":"Ispani. Sostenibilit\u00e0 e competitivit\u00e0: il futuro del mare e della pesca"},"content":{"rendered":"\n<h4 class=\"wp-block-heading\"><strong>Convegno sull&#8217;avvenire del settore<\/strong><\/h4>\n\n\n\n<p>Futuro sostenibile: dibattito sulla sostenibilit\u00e0 e competitivit\u00e0 nel settore della pesca. \u00abLa competitivit\u00e0 della pesca italiana non pu\u00f2 prescindere dalla sostenibilit\u00e0 e dal coinvolgimento dei pescatori nell\u2019assunzione di determinazioni nella gestione e nello sfruttamento delle risorse marine\u00bb. Sono queste le parole di\u00a0<strong>Mario Serpillo<\/strong>, presidente nazionale di\u00a0<strong>Agripesca\u00a0<\/strong>(la federazione nazionale delle imprese agricole, della pesca e della acquacoltura), che fanno da tesi centrale al convegno\u00a0<strong>\u201cIl futuro del mare e della pesca: strategia per la competitivit\u00e0\u201d<\/strong>, in programma domani, sabato<strong> 14 marzo<\/strong>, alle ore <em>10.30<\/em> presso<strong> l\u2019Ispani Inn Resort.<\/strong><\/p>\n\n\n\n<p>L\u2019iniziativa si svolge nell\u2019ambito del&nbsp;<strong>Programma Nazionale Triennale della Pesca e dell\u2019Acquacoltura (PNT) 2025-2027<\/strong>, sostenuto dal&nbsp;<strong>Ministero dell\u2019Agricoltura, della Sovranit\u00e0 Alimentare e delle Foreste<\/strong>, e rientra nel progetto&nbsp;<strong>\u201cCustodi del mare\u201d<\/strong>, promosso da Agripesca per valorizzare il ruolo dei pescatori nella tutela degli ecosistemi marini e nella gestione sostenibile delle risorse ittiche.<\/p>\n\n\n\n<p>\u00abI pescatori sono in trincea \u2013 continua Serpillo \u2013 tra conti da far tornare, redditivit\u00e0 ai minimi e acque che si deteriorano soprattutto per la presenza di microplastiche. \u00c8 tempo che questa funzione venga riconosciuta e valorizzata\u00bb.<\/p>\n\n\n\n<p>Il convegno offrir\u00e0 un momento di confronto tra istituzioni, amministratori locali, operatori del settore e rappresentanti delle autorit\u00e0 marittime. Tra gli interventi previsti quelli dell\u2019europarlamentare&nbsp;<strong>Dario Nardella<\/strong>, dell\u2019assessore al Turismo della Regione Campania,&nbsp;<strong>Vincenzo Maraio<\/strong>, e del presidente della Comunit\u00e0 Montana,&nbsp;<strong>Vittorio Esposito<\/strong>. Parteciperanno inoltre i sindaci del territorio&nbsp;<strong>Franco Fragomeno<\/strong>, primo cittadino di Ispani,&nbsp;<strong>Antonio Gentile<\/strong>, sindaco di Sapri, e&nbsp;<strong>Ferdinando Palazzo<\/strong>, sindaco di San Giovanni a Piro.<\/p>\n\n\n\n<p>Nel corso dei lavori interverranno anche rappresentanti della Capitaneria di Porto e del comparto marittimo, tra cui il comandante dell\u2019Ufficio Circondariale Marittimo di Palinuro,&nbsp;<strong>Samantha Losito<\/strong>, il comandante del porto di Sapri,&nbsp;<strong>Mario Cafarelli<\/strong>, e&nbsp;<strong>Pierino Giannetti<\/strong>, operatore privato del porto di Sapri. Porter\u00e0 il proprio contributo anche&nbsp;<strong>Giuseppe Coccorullo<\/strong>, presidente del Parco Nazionale del Cilento, Vallo di Diano e Alburni.<\/p>\n\n\n\n<p>Durante l\u2019incontro sar\u00e0 presentato uno studio a cura di&nbsp;<strong>Marco Pedol<\/strong>&nbsp;e sar\u00e0 fatto il punto sullo stato di avanzamento del progetto nazionale, con particolare attenzione alle ricadute sui territori costieri e sulle comunit\u00e0 di pescatori. L\u2019appuntamento rappresenter\u00e0 inoltre l\u2019occasione per illustrare il programma di attivit\u00e0 che, a partire dal prossimo autunno, coinvolger\u00e0 le scuole delle regioni interessate dal progetto \u2013 Lazio, Campania, Sicilia, Sardegna e Calabria \u2013 con iniziative di educazione ambientale e sensibilizzazione sulla tutela del mare.<\/p>\n\n\n\n<p>Le conclusioni saranno affidate al presidente nazionale di Agripesca Mario Serpillo, che traccer\u00e0 il quadro delle prospettive future del settore alla luce delle sfide ambientali, economiche e sociali che interessano la pesca italiana.<\/p>\n","protected":false},"excerpt":{"rendered":"<p>Convegno sull&#8217;avvenire del settore Futuro sostenibile: dibattito sulla sostenibilit\u00e0 e competitivit\u00e0 nel settore della pesca. \u00abLa competitivit\u00e0 della pesca italiana non pu\u00f2 prescindere dalla sostenibilit\u00e0 e dal coinvolgimento dei pescatori nell\u2019assunzione di determinazioni nella gestione e nello sfruttamento delle risorse marine\u00bb. Sono queste le parole di\u00a0Mario Serpillo, presidente nazionale di\u00a0Agripesca\u00a0(la federazione nazionale delle imprese agricole, [&hellip;]<\/p>\n","protected":false},"author":36,"featured_media":8546,"comment_status":"open","ping_status":"open","sticky":false,"template":"","format":"standard","meta":{"jnews-multi-image_gallery":[],"jnews_single_post":{"format":"standard"},"jnews_primary_category":[],"jnews_override_counter":[],"footnotes":""},"categories":[7],"tags":[207,365,367],"class_list":["post-8544","post","type-post","status-publish","format-standard","has-post-thumbnail","hentry","category-eventi","tag-mare","tag-pesca","tag-sostenibilita-2"],"yoast_head":"<!-- This site is optimized with the Yoast SEO plugin v24.2 - https:\/\/yoast.com\/wordpress\/plugins\/seo\/ -->\n<title>Ispani. Sostenibilit\u00e0 e competitivit\u00e0: il futuro del mare e della pesca - \u00e8campania<\/title>\n<meta name=\"robots\" content=\"index, follow, max-snippet:-1, max-image-preview:large, max-video-preview:-1\" \/>\n<link rel=\"canonical\" href=\"https:\/\/ecampania.it\/magazine\/ispani-sostenibilita-e-competitivita-il-futuro-del-mare-e-della-pesca\/\" \/>\n<meta property=\"og:locale\" content=\"it_IT\" \/>\n<meta property=\"og:type\" content=\"article\" \/>\n<meta property=\"og:title\" content=\"Ispani. Sostenibilit\u00e0 e competitivit\u00e0: il futuro del mare e della pesca - \u00e8campania\" \/>\n<meta property=\"og:description\" content=\"Convegno sull&#8217;avvenire del settore Futuro sostenibile: dibattito sulla sostenibilit\u00e0 e competitivit\u00e0 nel settore della pesca. \u00abLa competitivit\u00e0 della pesca italiana non pu\u00f2 prescindere dalla sostenibilit\u00e0 e dal coinvolgimento dei pescatori nell\u2019assunzione di determinazioni nella gestione e nello sfruttamento delle risorse marine\u00bb. Sono queste le parole di\u00a0Mario Serpillo, presidente nazionale di\u00a0Agripesca\u00a0(la federazione nazionale delle imprese agricole, [&hellip;]\" \/>\n<meta property=\"og:url\" content=\"https:\/\/ecampania.it\/magazine\/ispani-sostenibilita-e-competitivita-il-futuro-del-mare-e-della-pesca\/\" \/>\n<meta property=\"og:site_name\" content=\"\u00e8campania\" \/>\n<meta property=\"article:publisher\" content=\"https:\/\/www.facebook.com\/ecampania.it\" \/>\n<meta property=\"article:published_time\" content=\"2026-03-13T11:48:59+00:00\" \/>\n<meta property=\"article:modified_time\" content=\"2026-03-13T11:49:00+00:00\" \/>\n<meta property=\"og:image\" content=\"https:\/\/ecampania.it\/magazine\/wp-content\/uploads\/2026\/03\/ispani.jpg\" \/>\n\t<meta property=\"og:image:width\" content=\"800\" \/>\n\t<meta property=\"og:image:height\" content=\"600\" \/>\n\t<meta property=\"og:image:type\" content=\"image\/jpeg\" \/>\n<meta name=\"author\" content=\"Giada Cuomo\" \/>\n<meta name=\"twitter:card\" content=\"summary_large_image\" \/>\n<meta name=\"twitter:label1\" content=\"Scritto da\" \/>\n\t<meta name=\"twitter:data1\" content=\"Giada Cuomo\" \/>\n\t<meta name=\"twitter:label2\" content=\"Tempo di lettura stimato\" \/>\n\t<meta name=\"twitter:data2\" content=\"3 minuti\" \/>\n<script type=\"application\/ld+json\" class=\"yoast-schema-graph\">{\"@context\":\"https:\/\/schema.org\",\"@graph\":[{\"@type\":\"Article\",\"@id\":\"https:\/\/ecampania.it\/magazine\/ispani-sostenibilita-e-competitivita-il-futuro-del-mare-e-della-pesca\/#article\",\"isPartOf\":{\"@id\":\"https:\/\/ecampania.it\/magazine\/ispani-sostenibilita-e-competitivita-il-futuro-del-mare-e-della-pesca\/\"},\"author\":{\"name\":\"Giada Cuomo\",\"@id\":\"https:\/\/ecampania.it\/magazine\/#\/schema\/person\/f372b853776f14766c01226091cd1381\"},\"headline\":\"Ispani. Sostenibilit\u00e0 e competitivit\u00e0: il futuro del mare e della pesca\",\"datePublished\":\"2026-03-13T11:48:59+00:00\",\"dateModified\":\"2026-03-13T11:49:00+00:00\",\"mainEntityOfPage\":{\"@id\":\"https:\/\/ecampania.it\/magazine\/ispani-sostenibilita-e-competitivita-il-futuro-del-mare-e-della-pesca\/\"},\"wordCount\":456,\"commentCount\":0,\"publisher\":{\"@id\":\"https:\/\/ecampania.it\/magazine\/#organization\"},\"image\":{\"@id\":\"https:\/\/ecampania.it\/magazine\/ispani-sostenibilita-e-competitivita-il-futuro-del-mare-e-della-pesca\/#primaryimage\"},\"thumbnailUrl\":\"https:\/\/ecampania.it\/magazine\/wp-content\/uploads\/2026\/03\/ispani.jpg\",\"keywords\":[\"mare\",\"pesca\",\"sostenibilit\u00e0\"],\"articleSection\":[\"Eventi\"],\"inLanguage\":\"it-IT\",\"potentialAction\":[{\"@type\":\"CommentAction\",\"name\":\"Comment\",\"target\":[\"https:\/\/ecampania.it\/magazine\/ispani-sostenibilita-e-competitivita-il-futuro-del-mare-e-della-pesca\/#respond\"]}]},{\"@type\":\"WebPage\",\"@id\":\"https:\/\/ecampania.it\/magazine\/ispani-sostenibilita-e-competitivita-il-futuro-del-mare-e-della-pesca\/\",\"url\":\"https:\/\/ecampania.it\/magazine\/ispani-sostenibilita-e-competitivita-il-futuro-del-mare-e-della-pesca\/\",\"name\":\"Ispani. Sostenibilit\u00e0 e competitivit\u00e0: il futuro del mare e della pesca - \u00e8campania\",\"isPartOf\":{\"@id\":\"https:\/\/ecampania.it\/magazine\/#website\"},\"primaryImageOfPage\":{\"@id\":\"https:\/\/ecampania.it\/magazine\/ispani-sostenibilita-e-competitivita-il-futuro-del-mare-e-della-pesca\/#primaryimage\"},\"image\":{\"@id\":\"https:\/\/ecampania.it\/magazine\/ispani-sostenibilita-e-competitivita-il-futuro-del-mare-e-della-pesca\/#primaryimage\"},\"thumbnailUrl\":\"https:\/\/ecampania.it\/magazine\/wp-content\/uploads\/2026\/03\/ispani.jpg\",\"datePublished\":\"2026-03-13T11:48:59+00:00\",\"dateModified\":\"2026-03-13T11:49:00+00:00\",\"breadcrumb\":{\"@id\":\"https:\/\/ecampania.it\/magazine\/ispani-sostenibilita-e-competitivita-il-futuro-del-mare-e-della-pesca\/#breadcrumb\"},\"inLanguage\":\"it-IT\",\"potentialAction\":[{\"@type\":\"ReadAction\",\"target\":[\"https:\/\/ecampania.it\/magazine\/ispani-sostenibilita-e-competitivita-il-futuro-del-mare-e-della-pesca\/\"]}]},{\"@type\":\"ImageObject\",\"inLanguage\":\"it-IT\",\"@id\":\"https:\/\/ecampania.it\/magazine\/ispani-sostenibilita-e-competitivita-il-futuro-del-mare-e-della-pesca\/#primaryimage\",\"url\":\"https:\/\/ecampania.it\/magazine\/wp-content\/uploads\/2026\/03\/ispani.jpg\",\"contentUrl\":\"https:\/\/ecampania.it\/magazine\/wp-content\/uploads\/2026\/03\/ispani.jpg\",\"width\":800,\"height\":600},{\"@type\":\"BreadcrumbList\",\"@id\":\"https:\/\/ecampania.it\/magazine\/ispani-sostenibilita-e-competitivita-il-futuro-del-mare-e-della-pesca\/#breadcrumb\",\"itemListElement\":[{\"@type\":\"ListItem\",\"position\":1,\"name\":\"Home\",\"item\":\"https:\/\/ecampania.it\/magazine\/\"},{\"@type\":\"ListItem\",\"position\":2,\"name\":\"Ispani. Sostenibilit\u00e0 e competitivit\u00e0: il futuro del mare e della pesca\"}]},{\"@type\":\"WebSite\",\"@id\":\"https:\/\/ecampania.it\/magazine\/#website\",\"url\":\"https:\/\/ecampania.it\/magazine\/\",\"name\":\"Ecampania\",\"description\":\"Il primo portale dedicato al turismo ed alla cultura in Campania\",\"publisher\":{\"@id\":\"https:\/\/ecampania.it\/magazine\/#organization\"},\"potentialAction\":[{\"@type\":\"SearchAction\",\"target\":{\"@type\":\"EntryPoint\",\"urlTemplate\":\"https:\/\/ecampania.it\/magazine\/?s={search_term_string}\"},\"query-input\":{\"@type\":\"PropertyValueSpecification\",\"valueRequired\":true,\"valueName\":\"search_term_string\"}}],\"inLanguage\":\"it-IT\"},{\"@type\":\"Organization\",\"@id\":\"https:\/\/ecampania.it\/magazine\/#organization\",\"name\":\"Ecampania\",\"url\":\"https:\/\/ecampania.it\/magazine\/\",\"logo\":{\"@type\":\"ImageObject\",\"inLanguage\":\"it-IT\",\"@id\":\"https:\/\/ecampania.it\/magazine\/#\/schema\/logo\/image\/\",\"url\":\"https:\/\/ecampania.it\/magazine\/wp-content\/uploads\/2025\/01\/fb.png\",\"contentUrl\":\"https:\/\/ecampania.it\/magazine\/wp-content\/uploads\/2025\/01\/fb.png\",\"width\":500,\"height\":500,\"caption\":\"Ecampania\"},\"image\":{\"@id\":\"https:\/\/ecampania.it\/magazine\/#\/schema\/logo\/image\/\"},\"sameAs\":[\"https:\/\/www.facebook.com\/ecampania.it\",\"https:\/\/www.instagram.com\/ecampania.it\/\"]},{\"@type\":\"Person\",\"@id\":\"https:\/\/ecampania.it\/magazine\/#\/schema\/person\/f372b853776f14766c01226091cd1381\",\"name\":\"Giada Cuomo\",\"image\":{\"@type\":\"ImageObject\",\"inLanguage\":\"it-IT\",\"@id\":\"https:\/\/ecampania.it\/magazine\/#\/schema\/person\/image\/\",\"url\":\"https:\/\/secure.gravatar.com\/avatar\/146c6721e4d668a5b54e972781d98893d8c77afe8ac2754067e4820df8ed0fa0?s=96&d=mm&r=g\",\"contentUrl\":\"https:\/\/secure.gravatar.com\/avatar\/146c6721e4d668a5b54e972781d98893d8c77afe8ac2754067e4820df8ed0fa0?s=96&d=mm&r=g\",\"caption\":\"Giada Cuomo\"},\"url\":\"https:\/\/ecampania.it\/magazine\/author\/giada\/\"}]}<\/script>\n<!-- \/ Yoast SEO plugin. -->","yoast_head_json":{"title":"Ispani. Sostenibilit\u00e0 e competitivit\u00e0: il futuro del mare e della pesca - \u00e8campania","robots":{"index":"index","follow":"follow","max-snippet":"max-snippet:-1","max-image-preview":"max-image-preview:large","max-video-preview":"max-video-preview:-1"},"canonical":"https:\/\/ecampania.it\/magazine\/ispani-sostenibilita-e-competitivita-il-futuro-del-mare-e-della-pesca\/","og_locale":"it_IT","og_type":"article","og_title":"Ispani. Sostenibilit\u00e0 e competitivit\u00e0: il futuro del mare e della pesca - \u00e8campania","og_description":"Convegno sull&#8217;avvenire del settore Futuro sostenibile: dibattito sulla sostenibilit\u00e0 e competitivit\u00e0 nel settore della pesca. \u00abLa competitivit\u00e0 della pesca italiana non pu\u00f2 prescindere dalla sostenibilit\u00e0 e dal coinvolgimento dei pescatori nell\u2019assunzione di determinazioni nella gestione e nello sfruttamento delle risorse marine\u00bb. Sono queste le parole di\u00a0Mario Serpillo, presidente nazionale di\u00a0Agripesca\u00a0(la federazione nazionale delle imprese agricole, [&hellip;]","og_url":"https:\/\/ecampania.it\/magazine\/ispani-sostenibilita-e-competitivita-il-futuro-del-mare-e-della-pesca\/","og_site_name":"\u00e8campania","article_publisher":"https:\/\/www.facebook.com\/ecampania.it","article_published_time":"2026-03-13T11:48:59+00:00","article_modified_time":"2026-03-13T11:49:00+00:00","og_image":[{"width":800,"height":600,"url":"https:\/\/ecampania.it\/magazine\/wp-content\/uploads\/2026\/03\/ispani.jpg","type":"image\/jpeg"}],"author":"Giada Cuomo","twitter_card":"summary_large_image","twitter_misc":{"Scritto da":"Giada Cuomo","Tempo di lettura stimato":"3 minuti"},"schema":{"@context":"https:\/\/schema.org","@graph":[{"@type":"Article","@id":"https:\/\/ecampania.it\/magazine\/ispani-sostenibilita-e-competitivita-il-futuro-del-mare-e-della-pesca\/#article","isPartOf":{"@id":"https:\/\/ecampania.it\/magazine\/ispani-sostenibilita-e-competitivita-il-futuro-del-mare-e-della-pesca\/"},"author":{"name":"Giada Cuomo","@id":"https:\/\/ecampania.it\/magazine\/#\/schema\/person\/f372b853776f14766c01226091cd1381"},"headline":"Ispani. Sostenibilit\u00e0 e competitivit\u00e0: il futuro del mare e della pesca","datePublished":"2026-03-13T11:48:59+00:00","dateModified":"2026-03-13T11:49:00+00:00","mainEntityOfPage":{"@id":"https:\/\/ecampania.it\/magazine\/ispani-sostenibilita-e-competitivita-il-futuro-del-mare-e-della-pesca\/"},"wordCount":456,"commentCount":0,"publisher":{"@id":"https:\/\/ecampania.it\/magazine\/#organization"},"image":{"@id":"https:\/\/ecampania.it\/magazine\/ispani-sostenibilita-e-competitivita-il-futuro-del-mare-e-della-pesca\/#primaryimage"},"thumbnailUrl":"https:\/\/ecampania.it\/magazine\/wp-content\/uploads\/2026\/03\/ispani.jpg","keywords":["mare","pesca","sostenibilit\u00e0"],"articleSection":["Eventi"],"inLanguage":"it-IT","potentialAction":[{"@type":"CommentAction","name":"Comment","target":["https:\/\/ecampania.it\/magazine\/ispani-sostenibilita-e-competitivita-il-futuro-del-mare-e-della-pesca\/#respond"]}]},{"@type":"WebPage","@id":"https:\/\/ecampania.it\/magazine\/ispani-sostenibilita-e-competitivita-il-futuro-del-mare-e-della-pesca\/","url":"https:\/\/ecampania.it\/magazine\/ispani-sostenibilita-e-competitivita-il-futuro-del-mare-e-della-pesca\/","name":"Ispani. Sostenibilit\u00e0 e competitivit\u00e0: il futuro del mare e della pesca - \u00e8campania","isPartOf":{"@id":"https:\/\/ecampania.it\/magazine\/#website"},"primaryImageOfPage":{"@id":"https:\/\/ecampania.it\/magazine\/ispani-sostenibilita-e-competitivita-il-futuro-del-mare-e-della-pesca\/#primaryimage"},"image":{"@id":"https:\/\/ecampania.it\/magazine\/ispani-sostenibilita-e-competitivita-il-futuro-del-mare-e-della-pesca\/#primaryimage"},"thumbnailUrl":"https:\/\/ecampania.it\/magazine\/wp-content\/uploads\/2026\/03\/ispani.jpg","datePublished":"2026-03-13T11:48:59+00:00","dateModified":"2026-03-13T11:49:00+00:00","breadcrumb":{"@id":"https:\/\/ecampania.it\/magazine\/ispani-sostenibilita-e-competitivita-il-futuro-del-mare-e-della-pesca\/#breadcrumb"},"inLanguage":"it-IT","potentialAction":[{"@type":"ReadAction","target":["https:\/\/ecampania.it\/magazine\/ispani-sostenibilita-e-competitivita-il-futuro-del-mare-e-della-pesca\/"]}]},{"@type":"ImageObject","inLanguage":"it-IT","@id":"https:\/\/ecampania.it\/magazine\/ispani-sostenibilita-e-competitivita-il-futuro-del-mare-e-della-pesca\/#primaryimage","url":"https:\/\/ecampania.it\/magazine\/wp-content\/uploads\/2026\/03\/ispani.jpg","contentUrl":"https:\/\/ecampania.it\/magazine\/wp-content\/uploads\/2026\/03\/ispani.jpg","width":800,"height":600},{"@type":"BreadcrumbList","@id":"https:\/\/ecampania.it\/magazine\/ispani-sostenibilita-e-competitivita-il-futuro-del-mare-e-della-pesca\/#breadcrumb","itemListElement":[{"@type":"ListItem","position":1,"name":"Home","item":"https:\/\/ecampania.it\/magazine\/"},{"@type":"ListItem","position":2,"name":"Ispani. Sostenibilit\u00e0 e competitivit\u00e0: il futuro del mare e della pesca"}]},{"@type":"WebSite","@id":"https:\/\/ecampania.it\/magazine\/#website","url":"https:\/\/ecampania.it\/magazine\/","name":"Ecampania","description":"Il primo portale dedicato al turismo ed alla cultura in Campania","publisher":{"@id":"https:\/\/ecampania.it\/magazine\/#organization"},"potentialAction":[{"@type":"SearchAction","target":{"@type":"EntryPoint","urlTemplate":"https:\/\/ecampania.it\/magazine\/?s={search_term_string}"},"query-input":{"@type":"PropertyValueSpecification","valueRequired":true,"valueName":"search_term_string"}}],"inLanguage":"it-IT"},{"@type":"Organization","@id":"https:\/\/ecampania.it\/magazine\/#organization","name":"Ecampania","url":"https:\/\/ecampania.it\/magazine\/","logo":{"@type":"ImageObject","inLanguage":"it-IT","@id":"https:\/\/ecampania.it\/magazine\/#\/schema\/logo\/image\/","url":"https:\/\/ecampania.it\/magazine\/wp-content\/uploads\/2025\/01\/fb.png","contentUrl":"https:\/\/ecampania.it\/magazine\/wp-content\/uploads\/2025\/01\/fb.png","width":500,"height":500,"caption":"Ecampania"},"image":{"@id":"https:\/\/ecampania.it\/magazine\/#\/schema\/logo\/image\/"},"sameAs":["https:\/\/www.facebook.com\/ecampania.it","https:\/\/www.instagram.com\/ecampania.it\/"]},{"@type":"Person","@id":"https:\/\/ecampania.it\/magazine\/#\/schema\/person\/f372b853776f14766c01226091cd1381","name":"Giada Cuomo","image":{"@type":"ImageObject","inLanguage":"it-IT","@id":"https:\/\/ecampania.it\/magazine\/#\/schema\/person\/image\/","url":"https:\/\/secure.gravatar.com\/avatar\/146c6721e4d668a5b54e972781d98893d8c77afe8ac2754067e4820df8ed0fa0?s=96&d=mm&r=g","contentUrl":"https:\/\/secure.gravatar.com\/avatar\/146c6721e4d668a5b54e972781d98893d8c77afe8ac2754067e4820df8ed0fa0?s=96&d=mm&r=g","caption":"Giada Cuomo"},"url":"https:\/\/ecampania.it\/magazine\/author\/giada\/"}]}},"_links":{"self":[{"href":"https:\/\/ecampania.it\/magazine\/wp-json\/wp\/v2\/posts\/8544","targetHints":{"allow":["GET"]}}],"collection":[{"href":"https:\/\/ecampania.it\/magazine\/wp-json\/wp\/v2\/posts"}],"about":[{"href":"https:\/\/ecampania.it\/magazine\/wp-json\/wp\/v2\/types\/post"}],"author":[{"embeddable":true,"href":"https:\/\/ecampania.it\/magazine\/wp-json\/wp\/v2\/users\/36"}],"replies":[{"embeddable":true,"href":"https:\/\/ecampania.it\/magazine\/wp-json\/wp\/v2\/comments?post=8544"}],"version-history":[{"count":1,"href":"https:\/\/ecampania.it\/magazine\/wp-json\/wp\/v2\/posts\/8544\/revisions"}],"predecessor-version":[{"id":8548,"href":"https:\/\/ecampania.it\/magazine\/wp-json\/wp\/v2\/posts\/8544\/revisions\/8548"}],"wp:featuredmedia":[{"embeddable":true,"href":"https:\/\/ecampania.it\/magazine\/wp-json\/wp\/v2\/media\/8546"}],"wp:attachment":[{"href":"https:\/\/ecampania.it\/magazine\/wp-json\/wp\/v2\/media?parent=8544"}],"wp:term":[{"taxonomy":"category","embeddable":true,"href":"https:\/\/ecampania.it\/magazine\/wp-json\/wp\/v2\/categories?post=8544"},{"taxonomy":"post_tag","embeddable":true,"href":"https:\/\/ecampania.it\/magazine\/wp-json\/wp\/v2\/tags?post=8544"}],"curies":[{"name":"wp","href":"https:\/\/api.w.org\/{rel}","templated":true}]}}