{"id":8552,"date":"2026-03-13T13:49:53","date_gmt":"2026-03-13T12:49:53","guid":{"rendered":"https:\/\/ecampania.it\/magazine\/?p=8552"},"modified":"2026-03-13T13:49:54","modified_gmt":"2026-03-13T12:49:54","slug":"salerno-festival-del-teatro-xs-in-scena-la-compagnia-la-corte-dei-folli-di-fossano","status":"publish","type":"post","link":"https:\/\/ecampania.it\/magazine\/salerno-festival-del-teatro-xs-in-scena-la-compagnia-la-corte-dei-folli-di-fossano\/","title":{"rendered":"Salerno. Festival del Teatro XS: in scena la compagnia &#8216;La Corte dei Folli&#8217; di Fossano"},"content":{"rendered":"\n<h4 class=\"wp-block-heading\"><strong>Appuntamento domenica 15 marzo al Teatro Genovesi<\/strong><\/h4>\n\n\n\n<p>Tra ironia e malinconia, la compagnia La Corte dei Folli mette in scena la possibilit\u00e0 di continuare ad esistere nonostante le crepe. <strong>Domenica 15 marzo 2026, alle ore 19,\u00a0<\/strong>nell\u2019ambito del Festival Nazionale Teatro XS Citt\u00e0 di Salerno, sar\u00e0 la\u00a0<strong>Compagnia La Corte dei Folli di Fossano (CN)<\/strong>\u00a0ad andare in scena al Teatro Genovesi a Salerno (via Sichelgaita, 12\/a) con lo spettacolo\u00a0<em>Una teiera sbeccata<\/em>, scritto e interpretato da\u00a0<strong>Stefano Sandroni<\/strong>. La regia \u00e8 di Pinuccio Bellone.<\/p>\n\n\n\n<p>Tra ironia e malinconia lo spettacolo mette in luce il tentativo di tenere insieme ci\u00f2 che si \u00e8 incrinato e la possibilit\u00e0 di continuare ad esistere e ad amare nonostante le crepe.&nbsp;<em>Una teiera sbeccata<\/em>&nbsp;\u00e8 uno spettacolo che indaga la fragilit\u00e0 delle relazioni e dell\u2019identit\u00e0 attraverso un linguaggio intimo e quotidiano. Partendo da oggetti comuni e da situazioni apparentemente semplici, la scena si trasforma in uno spazio di memoria e di confronto, dove ci\u00f2 che \u00e8 \u201csbeccato\u201d diventa metafora di ferite, mancanze e imperfezioni umane.<\/p>\n\n\n\n<p>Il Festival \u00e8&nbsp;<strong>organizzato dalla Compagnia dell\u2019Eclissi<\/strong>, con la&nbsp;<strong>direzione artistica di Enzo Tota<\/strong>, ed \u00e8 realizzato in&nbsp;<strong>partenariato con l\u2019IIS Genovesi \u2013 Da Vinci<\/strong>, diretto dalla&nbsp;<strong>professoressa Lea Celano<\/strong>. A sostenere l\u2019iniziativa anche il&nbsp;<strong>Soroptimist International Club Salerno<\/strong>&nbsp;e l\u2019<strong>Unione Italiana Libero Teatro Campania<\/strong>.<\/p>\n\n\n\n<p>Gli altri spettacoli in programma.&nbsp;<strong>Domenica 22 marzo 2026<\/strong>&nbsp;la&nbsp;<strong>Compagnia Giardini dell\u2019Arte di Firenze<\/strong>&nbsp;presenter\u00e0&nbsp;<em>Un borghese piccolo piccolo<\/em>, tratto dal romanzo di&nbsp;<strong>Vincenzo Cerami<\/strong>, in adattamento teatrale di&nbsp;<strong>Fabrizio Coniglio<\/strong>. L\u2019ultimo spettacolo in cartellone \u00e8 in programma&nbsp;<strong>domenica 12 aprile<\/strong>&nbsp;con il&nbsp;<strong>Gruppo di Attivit\u00e0 Teatrali Peppino Mancini di Fasano (BR)<\/strong>&nbsp;in&nbsp;<em>Nunca Mas<\/em>&nbsp;di&nbsp;<strong>Gerry Moio<\/strong>.<\/p>\n\n\n\n<p>A chiudere la XVII edizione,&nbsp;<strong>domenica 19 aprile<\/strong>, sar\u00e0 la&nbsp;<strong>serata finale di premiazioni<\/strong>, con uno spettacolo a cura della&nbsp;<strong>Compagnia dell\u2019Eclissi di Salerno<\/strong>.<br><strong>Info e prenotazioni:<\/strong>&nbsp;338 2041379 \u2013 347 6178242<\/p>\n","protected":false},"excerpt":{"rendered":"<p>Appuntamento domenica 15 marzo al Teatro Genovesi Tra ironia e malinconia, la compagnia La Corte dei Folli mette in scena la possibilit\u00e0 di continuare ad esistere nonostante le crepe. Domenica 15 marzo 2026, alle ore 19,\u00a0nell\u2019ambito del Festival Nazionale Teatro XS Citt\u00e0 di Salerno, sar\u00e0 la\u00a0Compagnia La Corte dei Folli di Fossano (CN)\u00a0ad andare in [&hellip;]<\/p>\n","protected":false},"author":36,"featured_media":8553,"comment_status":"open","ping_status":"open","sticky":false,"template":"","format":"standard","meta":{"jnews-multi-image_gallery":[],"jnews_single_post":{"format":"standard"},"jnews_primary_category":[],"jnews_override_counter":[],"footnotes":""},"categories":[7],"tags":[80,29],"class_list":["post-8552","post","type-post","status-publish","format-standard","has-post-thumbnail","hentry","category-eventi","tag-spettacolo","tag-teatro"],"yoast_head":"<!-- This site is optimized with the Yoast SEO plugin v24.2 - https:\/\/yoast.com\/wordpress\/plugins\/seo\/ -->\n<title>Salerno. Festival del Teatro XS: in scena la compagnia &#039;La Corte dei Folli&#039; di Fossano - \u00e8campania<\/title>\n<meta name=\"robots\" content=\"index, follow, max-snippet:-1, max-image-preview:large, max-video-preview:-1\" \/>\n<link rel=\"canonical\" href=\"https:\/\/ecampania.it\/magazine\/salerno-festival-del-teatro-xs-in-scena-la-compagnia-la-corte-dei-folli-di-fossano\/\" \/>\n<meta property=\"og:locale\" content=\"it_IT\" \/>\n<meta property=\"og:type\" content=\"article\" \/>\n<meta property=\"og:title\" content=\"Salerno. Festival del Teatro XS: in scena la compagnia &#039;La Corte dei Folli&#039; di Fossano - \u00e8campania\" \/>\n<meta property=\"og:description\" content=\"Appuntamento domenica 15 marzo al Teatro Genovesi Tra ironia e malinconia, la compagnia La Corte dei Folli mette in scena la possibilit\u00e0 di continuare ad esistere nonostante le crepe. Domenica 15 marzo 2026, alle ore 19,\u00a0nell\u2019ambito del Festival Nazionale Teatro XS Citt\u00e0 di Salerno, sar\u00e0 la\u00a0Compagnia La Corte dei Folli di Fossano (CN)\u00a0ad andare in [&hellip;]\" \/>\n<meta property=\"og:url\" content=\"https:\/\/ecampania.it\/magazine\/salerno-festival-del-teatro-xs-in-scena-la-compagnia-la-corte-dei-folli-di-fossano\/\" \/>\n<meta property=\"og:site_name\" content=\"\u00e8campania\" \/>\n<meta property=\"article:publisher\" content=\"https:\/\/www.facebook.com\/ecampania.it\" \/>\n<meta property=\"article:published_time\" content=\"2026-03-13T12:49:53+00:00\" \/>\n<meta property=\"article:modified_time\" content=\"2026-03-13T12:49:54+00:00\" \/>\n<meta property=\"og:image\" content=\"https:\/\/ecampania.it\/magazine\/wp-content\/uploads\/2026\/03\/Foto_Stefano_Sandroni.jpeg\" \/>\n\t<meta property=\"og:image:width\" content=\"1620\" \/>\n\t<meta property=\"og:image:height\" content=\"1080\" \/>\n\t<meta property=\"og:image:type\" content=\"image\/jpeg\" \/>\n<meta name=\"author\" content=\"Giada Cuomo\" \/>\n<meta name=\"twitter:card\" content=\"summary_large_image\" \/>\n<meta name=\"twitter:label1\" content=\"Scritto da\" \/>\n\t<meta name=\"twitter:data1\" content=\"Giada Cuomo\" \/>\n\t<meta name=\"twitter:label2\" content=\"Tempo di lettura stimato\" \/>\n\t<meta name=\"twitter:data2\" content=\"2 minuti\" \/>\n<script type=\"application\/ld+json\" class=\"yoast-schema-graph\">{\"@context\":\"https:\/\/schema.org\",\"@graph\":[{\"@type\":\"Article\",\"@id\":\"https:\/\/ecampania.it\/magazine\/salerno-festival-del-teatro-xs-in-scena-la-compagnia-la-corte-dei-folli-di-fossano\/#article\",\"isPartOf\":{\"@id\":\"https:\/\/ecampania.it\/magazine\/salerno-festival-del-teatro-xs-in-scena-la-compagnia-la-corte-dei-folli-di-fossano\/\"},\"author\":{\"name\":\"Giada Cuomo\",\"@id\":\"https:\/\/ecampania.it\/magazine\/#\/schema\/person\/f372b853776f14766c01226091cd1381\"},\"headline\":\"Salerno. Festival del Teatro XS: in scena la compagnia &#8216;La Corte dei Folli&#8217; di Fossano\",\"datePublished\":\"2026-03-13T12:49:53+00:00\",\"dateModified\":\"2026-03-13T12:49:54+00:00\",\"mainEntityOfPage\":{\"@id\":\"https:\/\/ecampania.it\/magazine\/salerno-festival-del-teatro-xs-in-scena-la-compagnia-la-corte-dei-folli-di-fossano\/\"},\"wordCount\":336,\"commentCount\":0,\"publisher\":{\"@id\":\"https:\/\/ecampania.it\/magazine\/#organization\"},\"image\":{\"@id\":\"https:\/\/ecampania.it\/magazine\/salerno-festival-del-teatro-xs-in-scena-la-compagnia-la-corte-dei-folli-di-fossano\/#primaryimage\"},\"thumbnailUrl\":\"https:\/\/ecampania.it\/magazine\/wp-content\/uploads\/2026\/03\/Foto_Stefano_Sandroni.jpeg\",\"keywords\":[\"spettacolo\",\"teatro\"],\"articleSection\":[\"Eventi\"],\"inLanguage\":\"it-IT\",\"potentialAction\":[{\"@type\":\"CommentAction\",\"name\":\"Comment\",\"target\":[\"https:\/\/ecampania.it\/magazine\/salerno-festival-del-teatro-xs-in-scena-la-compagnia-la-corte-dei-folli-di-fossano\/#respond\"]}]},{\"@type\":\"WebPage\",\"@id\":\"https:\/\/ecampania.it\/magazine\/salerno-festival-del-teatro-xs-in-scena-la-compagnia-la-corte-dei-folli-di-fossano\/\",\"url\":\"https:\/\/ecampania.it\/magazine\/salerno-festival-del-teatro-xs-in-scena-la-compagnia-la-corte-dei-folli-di-fossano\/\",\"name\":\"Salerno. Festival del Teatro XS: in scena la compagnia 'La Corte dei Folli' di Fossano - \u00e8campania\",\"isPartOf\":{\"@id\":\"https:\/\/ecampania.it\/magazine\/#website\"},\"primaryImageOfPage\":{\"@id\":\"https:\/\/ecampania.it\/magazine\/salerno-festival-del-teatro-xs-in-scena-la-compagnia-la-corte-dei-folli-di-fossano\/#primaryimage\"},\"image\":{\"@id\":\"https:\/\/ecampania.it\/magazine\/salerno-festival-del-teatro-xs-in-scena-la-compagnia-la-corte-dei-folli-di-fossano\/#primaryimage\"},\"thumbnailUrl\":\"https:\/\/ecampania.it\/magazine\/wp-content\/uploads\/2026\/03\/Foto_Stefano_Sandroni.jpeg\",\"datePublished\":\"2026-03-13T12:49:53+00:00\",\"dateModified\":\"2026-03-13T12:49:54+00:00\",\"breadcrumb\":{\"@id\":\"https:\/\/ecampania.it\/magazine\/salerno-festival-del-teatro-xs-in-scena-la-compagnia-la-corte-dei-folli-di-fossano\/#breadcrumb\"},\"inLanguage\":\"it-IT\",\"potentialAction\":[{\"@type\":\"ReadAction\",\"target\":[\"https:\/\/ecampania.it\/magazine\/salerno-festival-del-teatro-xs-in-scena-la-compagnia-la-corte-dei-folli-di-fossano\/\"]}]},{\"@type\":\"ImageObject\",\"inLanguage\":\"it-IT\",\"@id\":\"https:\/\/ecampania.it\/magazine\/salerno-festival-del-teatro-xs-in-scena-la-compagnia-la-corte-dei-folli-di-fossano\/#primaryimage\",\"url\":\"https:\/\/ecampania.it\/magazine\/wp-content\/uploads\/2026\/03\/Foto_Stefano_Sandroni.jpeg\",\"contentUrl\":\"https:\/\/ecampania.it\/magazine\/wp-content\/uploads\/2026\/03\/Foto_Stefano_Sandroni.jpeg\",\"width\":1620,\"height\":1080},{\"@type\":\"BreadcrumbList\",\"@id\":\"https:\/\/ecampania.it\/magazine\/salerno-festival-del-teatro-xs-in-scena-la-compagnia-la-corte-dei-folli-di-fossano\/#breadcrumb\",\"itemListElement\":[{\"@type\":\"ListItem\",\"position\":1,\"name\":\"Home\",\"item\":\"https:\/\/ecampania.it\/magazine\/\"},{\"@type\":\"ListItem\",\"position\":2,\"name\":\"Salerno. Festival del Teatro XS: in scena la compagnia &#8216;La Corte dei Folli&#8217; di Fossano\"}]},{\"@type\":\"WebSite\",\"@id\":\"https:\/\/ecampania.it\/magazine\/#website\",\"url\":\"https:\/\/ecampania.it\/magazine\/\",\"name\":\"Ecampania\",\"description\":\"Il primo portale dedicato al turismo ed alla cultura in Campania\",\"publisher\":{\"@id\":\"https:\/\/ecampania.it\/magazine\/#organization\"},\"potentialAction\":[{\"@type\":\"SearchAction\",\"target\":{\"@type\":\"EntryPoint\",\"urlTemplate\":\"https:\/\/ecampania.it\/magazine\/?s={search_term_string}\"},\"query-input\":{\"@type\":\"PropertyValueSpecification\",\"valueRequired\":true,\"valueName\":\"search_term_string\"}}],\"inLanguage\":\"it-IT\"},{\"@type\":\"Organization\",\"@id\":\"https:\/\/ecampania.it\/magazine\/#organization\",\"name\":\"Ecampania\",\"url\":\"https:\/\/ecampania.it\/magazine\/\",\"logo\":{\"@type\":\"ImageObject\",\"inLanguage\":\"it-IT\",\"@id\":\"https:\/\/ecampania.it\/magazine\/#\/schema\/logo\/image\/\",\"url\":\"https:\/\/ecampania.it\/magazine\/wp-content\/uploads\/2025\/01\/fb.png\",\"contentUrl\":\"https:\/\/ecampania.it\/magazine\/wp-content\/uploads\/2025\/01\/fb.png\",\"width\":500,\"height\":500,\"caption\":\"Ecampania\"},\"image\":{\"@id\":\"https:\/\/ecampania.it\/magazine\/#\/schema\/logo\/image\/\"},\"sameAs\":[\"https:\/\/www.facebook.com\/ecampania.it\",\"https:\/\/www.instagram.com\/ecampania.it\/\"]},{\"@type\":\"Person\",\"@id\":\"https:\/\/ecampania.it\/magazine\/#\/schema\/person\/f372b853776f14766c01226091cd1381\",\"name\":\"Giada Cuomo\",\"image\":{\"@type\":\"ImageObject\",\"inLanguage\":\"it-IT\",\"@id\":\"https:\/\/ecampania.it\/magazine\/#\/schema\/person\/image\/\",\"url\":\"https:\/\/secure.gravatar.com\/avatar\/146c6721e4d668a5b54e972781d98893d8c77afe8ac2754067e4820df8ed0fa0?s=96&d=mm&r=g\",\"contentUrl\":\"https:\/\/secure.gravatar.com\/avatar\/146c6721e4d668a5b54e972781d98893d8c77afe8ac2754067e4820df8ed0fa0?s=96&d=mm&r=g\",\"caption\":\"Giada Cuomo\"},\"url\":\"https:\/\/ecampania.it\/magazine\/author\/giada\/\"}]}<\/script>\n<!-- \/ Yoast SEO plugin. -->","yoast_head_json":{"title":"Salerno. Festival del Teatro XS: in scena la compagnia 'La Corte dei Folli' di Fossano - \u00e8campania","robots":{"index":"index","follow":"follow","max-snippet":"max-snippet:-1","max-image-preview":"max-image-preview:large","max-video-preview":"max-video-preview:-1"},"canonical":"https:\/\/ecampania.it\/magazine\/salerno-festival-del-teatro-xs-in-scena-la-compagnia-la-corte-dei-folli-di-fossano\/","og_locale":"it_IT","og_type":"article","og_title":"Salerno. Festival del Teatro XS: in scena la compagnia 'La Corte dei Folli' di Fossano - \u00e8campania","og_description":"Appuntamento domenica 15 marzo al Teatro Genovesi Tra ironia e malinconia, la compagnia La Corte dei Folli mette in scena la possibilit\u00e0 di continuare ad esistere nonostante le crepe. Domenica 15 marzo 2026, alle ore 19,\u00a0nell\u2019ambito del Festival Nazionale Teatro XS Citt\u00e0 di Salerno, sar\u00e0 la\u00a0Compagnia La Corte dei Folli di Fossano (CN)\u00a0ad andare in [&hellip;]","og_url":"https:\/\/ecampania.it\/magazine\/salerno-festival-del-teatro-xs-in-scena-la-compagnia-la-corte-dei-folli-di-fossano\/","og_site_name":"\u00e8campania","article_publisher":"https:\/\/www.facebook.com\/ecampania.it","article_published_time":"2026-03-13T12:49:53+00:00","article_modified_time":"2026-03-13T12:49:54+00:00","og_image":[{"width":1620,"height":1080,"url":"https:\/\/ecampania.it\/magazine\/wp-content\/uploads\/2026\/03\/Foto_Stefano_Sandroni.jpeg","type":"image\/jpeg"}],"author":"Giada Cuomo","twitter_card":"summary_large_image","twitter_misc":{"Scritto da":"Giada Cuomo","Tempo di lettura stimato":"2 minuti"},"schema":{"@context":"https:\/\/schema.org","@graph":[{"@type":"Article","@id":"https:\/\/ecampania.it\/magazine\/salerno-festival-del-teatro-xs-in-scena-la-compagnia-la-corte-dei-folli-di-fossano\/#article","isPartOf":{"@id":"https:\/\/ecampania.it\/magazine\/salerno-festival-del-teatro-xs-in-scena-la-compagnia-la-corte-dei-folli-di-fossano\/"},"author":{"name":"Giada Cuomo","@id":"https:\/\/ecampania.it\/magazine\/#\/schema\/person\/f372b853776f14766c01226091cd1381"},"headline":"Salerno. Festival del Teatro XS: in scena la compagnia &#8216;La Corte dei Folli&#8217; di Fossano","datePublished":"2026-03-13T12:49:53+00:00","dateModified":"2026-03-13T12:49:54+00:00","mainEntityOfPage":{"@id":"https:\/\/ecampania.it\/magazine\/salerno-festival-del-teatro-xs-in-scena-la-compagnia-la-corte-dei-folli-di-fossano\/"},"wordCount":336,"commentCount":0,"publisher":{"@id":"https:\/\/ecampania.it\/magazine\/#organization"},"image":{"@id":"https:\/\/ecampania.it\/magazine\/salerno-festival-del-teatro-xs-in-scena-la-compagnia-la-corte-dei-folli-di-fossano\/#primaryimage"},"thumbnailUrl":"https:\/\/ecampania.it\/magazine\/wp-content\/uploads\/2026\/03\/Foto_Stefano_Sandroni.jpeg","keywords":["spettacolo","teatro"],"articleSection":["Eventi"],"inLanguage":"it-IT","potentialAction":[{"@type":"CommentAction","name":"Comment","target":["https:\/\/ecampania.it\/magazine\/salerno-festival-del-teatro-xs-in-scena-la-compagnia-la-corte-dei-folli-di-fossano\/#respond"]}]},{"@type":"WebPage","@id":"https:\/\/ecampania.it\/magazine\/salerno-festival-del-teatro-xs-in-scena-la-compagnia-la-corte-dei-folli-di-fossano\/","url":"https:\/\/ecampania.it\/magazine\/salerno-festival-del-teatro-xs-in-scena-la-compagnia-la-corte-dei-folli-di-fossano\/","name":"Salerno. Festival del Teatro XS: in scena la compagnia 'La Corte dei Folli' di Fossano - \u00e8campania","isPartOf":{"@id":"https:\/\/ecampania.it\/magazine\/#website"},"primaryImageOfPage":{"@id":"https:\/\/ecampania.it\/magazine\/salerno-festival-del-teatro-xs-in-scena-la-compagnia-la-corte-dei-folli-di-fossano\/#primaryimage"},"image":{"@id":"https:\/\/ecampania.it\/magazine\/salerno-festival-del-teatro-xs-in-scena-la-compagnia-la-corte-dei-folli-di-fossano\/#primaryimage"},"thumbnailUrl":"https:\/\/ecampania.it\/magazine\/wp-content\/uploads\/2026\/03\/Foto_Stefano_Sandroni.jpeg","datePublished":"2026-03-13T12:49:53+00:00","dateModified":"2026-03-13T12:49:54+00:00","breadcrumb":{"@id":"https:\/\/ecampania.it\/magazine\/salerno-festival-del-teatro-xs-in-scena-la-compagnia-la-corte-dei-folli-di-fossano\/#breadcrumb"},"inLanguage":"it-IT","potentialAction":[{"@type":"ReadAction","target":["https:\/\/ecampania.it\/magazine\/salerno-festival-del-teatro-xs-in-scena-la-compagnia-la-corte-dei-folli-di-fossano\/"]}]},{"@type":"ImageObject","inLanguage":"it-IT","@id":"https:\/\/ecampania.it\/magazine\/salerno-festival-del-teatro-xs-in-scena-la-compagnia-la-corte-dei-folli-di-fossano\/#primaryimage","url":"https:\/\/ecampania.it\/magazine\/wp-content\/uploads\/2026\/03\/Foto_Stefano_Sandroni.jpeg","contentUrl":"https:\/\/ecampania.it\/magazine\/wp-content\/uploads\/2026\/03\/Foto_Stefano_Sandroni.jpeg","width":1620,"height":1080},{"@type":"BreadcrumbList","@id":"https:\/\/ecampania.it\/magazine\/salerno-festival-del-teatro-xs-in-scena-la-compagnia-la-corte-dei-folli-di-fossano\/#breadcrumb","itemListElement":[{"@type":"ListItem","position":1,"name":"Home","item":"https:\/\/ecampania.it\/magazine\/"},{"@type":"ListItem","position":2,"name":"Salerno. Festival del Teatro XS: in scena la compagnia &#8216;La Corte dei Folli&#8217; di Fossano"}]},{"@type":"WebSite","@id":"https:\/\/ecampania.it\/magazine\/#website","url":"https:\/\/ecampania.it\/magazine\/","name":"Ecampania","description":"Il primo portale dedicato al turismo ed alla cultura in Campania","publisher":{"@id":"https:\/\/ecampania.it\/magazine\/#organization"},"potentialAction":[{"@type":"SearchAction","target":{"@type":"EntryPoint","urlTemplate":"https:\/\/ecampania.it\/magazine\/?s={search_term_string}"},"query-input":{"@type":"PropertyValueSpecification","valueRequired":true,"valueName":"search_term_string"}}],"inLanguage":"it-IT"},{"@type":"Organization","@id":"https:\/\/ecampania.it\/magazine\/#organization","name":"Ecampania","url":"https:\/\/ecampania.it\/magazine\/","logo":{"@type":"ImageObject","inLanguage":"it-IT","@id":"https:\/\/ecampania.it\/magazine\/#\/schema\/logo\/image\/","url":"https:\/\/ecampania.it\/magazine\/wp-content\/uploads\/2025\/01\/fb.png","contentUrl":"https:\/\/ecampania.it\/magazine\/wp-content\/uploads\/2025\/01\/fb.png","width":500,"height":500,"caption":"Ecampania"},"image":{"@id":"https:\/\/ecampania.it\/magazine\/#\/schema\/logo\/image\/"},"sameAs":["https:\/\/www.facebook.com\/ecampania.it","https:\/\/www.instagram.com\/ecampania.it\/"]},{"@type":"Person","@id":"https:\/\/ecampania.it\/magazine\/#\/schema\/person\/f372b853776f14766c01226091cd1381","name":"Giada Cuomo","image":{"@type":"ImageObject","inLanguage":"it-IT","@id":"https:\/\/ecampania.it\/magazine\/#\/schema\/person\/image\/","url":"https:\/\/secure.gravatar.com\/avatar\/146c6721e4d668a5b54e972781d98893d8c77afe8ac2754067e4820df8ed0fa0?s=96&d=mm&r=g","contentUrl":"https:\/\/secure.gravatar.com\/avatar\/146c6721e4d668a5b54e972781d98893d8c77afe8ac2754067e4820df8ed0fa0?s=96&d=mm&r=g","caption":"Giada Cuomo"},"url":"https:\/\/ecampania.it\/magazine\/author\/giada\/"}]}},"_links":{"self":[{"href":"https:\/\/ecampania.it\/magazine\/wp-json\/wp\/v2\/posts\/8552","targetHints":{"allow":["GET"]}}],"collection":[{"href":"https:\/\/ecampania.it\/magazine\/wp-json\/wp\/v2\/posts"}],"about":[{"href":"https:\/\/ecampania.it\/magazine\/wp-json\/wp\/v2\/types\/post"}],"author":[{"embeddable":true,"href":"https:\/\/ecampania.it\/magazine\/wp-json\/wp\/v2\/users\/36"}],"replies":[{"embeddable":true,"href":"https:\/\/ecampania.it\/magazine\/wp-json\/wp\/v2\/comments?post=8552"}],"version-history":[{"count":1,"href":"https:\/\/ecampania.it\/magazine\/wp-json\/wp\/v2\/posts\/8552\/revisions"}],"predecessor-version":[{"id":8554,"href":"https:\/\/ecampania.it\/magazine\/wp-json\/wp\/v2\/posts\/8552\/revisions\/8554"}],"wp:featuredmedia":[{"embeddable":true,"href":"https:\/\/ecampania.it\/magazine\/wp-json\/wp\/v2\/media\/8553"}],"wp:attachment":[{"href":"https:\/\/ecampania.it\/magazine\/wp-json\/wp\/v2\/media?parent=8552"}],"wp:term":[{"taxonomy":"category","embeddable":true,"href":"https:\/\/ecampania.it\/magazine\/wp-json\/wp\/v2\/categories?post=8552"},{"taxonomy":"post_tag","embeddable":true,"href":"https:\/\/ecampania.it\/magazine\/wp-json\/wp\/v2\/tags?post=8552"}],"curies":[{"name":"wp","href":"https:\/\/api.w.org\/{rel}","templated":true}]}}