{"id":8612,"date":"2026-03-17T10:35:44","date_gmt":"2026-03-17T09:35:44","guid":{"rendered":"https:\/\/ecampania.it\/magazine\/?p=8612"},"modified":"2026-03-17T10:35:44","modified_gmt":"2026-03-17T09:35:44","slug":"napoli-tra-colori-e-memorie-arriva-la-mostra-naif-di-rosalba-baldi","status":"publish","type":"post","link":"https:\/\/ecampania.it\/magazine\/napoli-tra-colori-e-memorie-arriva-la-mostra-naif-di-rosalba-baldi\/","title":{"rendered":"Napoli. Tra colori e memorie arriva la mostra naif di Rosalba Baldi"},"content":{"rendered":"\n<h4 class=\"wp-block-heading\"><strong>L&#8217;arte come gesto di cura e nutrimento interiore<\/strong><\/h4>\n\n\n\n<p>Libert\u00e0, spensieratezza e serenit\u00e0: <strong>\u201cLes fleurs et les poup\u00e9es\u201d<\/strong>, la mostra naif della sociologa e naturopata partenopea Rosalba Baldi. \u00a0Dal <strong>21 al 23 marzo<\/strong>, nella <em>Sala delle Colonne del Complesso Monumentale dell\u2019Annunziata<\/em>, sar\u00e0 ospitata la mostra &#8220;Les fleurs et les poup\u00e9es&#8221;, dedicata alla pittura di Rosalba Baldi. (opening 21 marzo ore 12-ingresso libero).<\/p>\n\n\n\n<p>Il progetto espositivo presenta una selezione di dipinti caratterizzati da un<em> linguaggio figurativo na\u00eff<\/em>, immediato e autentico, in cui colori pastello, motivi floreali e figure femminili diventano strumenti di narrazione interiore. Nelle opere di Baldi la pittura si fa gesto spontaneo e libero da sovrastrutture, capace di restituire centralit\u00e0 alla semplicit\u00e0 e alla <strong>dimensione emotiva dell\u2019esperienza umana<\/strong>.<\/p>\n\n\n\n<p><strong>Fiori e bambole <\/strong>popolano un universo visivo delicato e simbolico che invita lo spettatore a rallentare lo sguardo, ritrovando un contatto pi\u00f9 sincero con s\u00e9 stesso. Il tratto essenziale e la vivacit\u00e0 cromatica costruiscono un percorso artistico che non ricerca l\u2019artificio ma l\u2019autenticit\u00e0, suggerendo una riflessione sul valore dell\u2019<strong>identit\u00e0 individuale <\/strong>e sulla <strong>libert\u00e0 di esprimersi al di l\u00e0 dei modelli estetici imposti<\/strong>.<\/p>\n\n\n\n<p>La mostra intende inoltre sottolineare il valore dell\u2019arte come <strong>gesto di cura e nutrimento interiore<\/strong>: creare, osservare, partecipare diventano occasioni per concedersi una pausa consapevole, una sorta di disintossicazione simbolica dal ritmo e dall\u2019immagine spesso filtrata del mondo social. In questo senso, le mani tornano protagoniste, riscoprendo il bisogno primario di dare forma a pensieri ed emozioni.<\/p>\n\n\n\n<p>Come sottolinea il testo critico che accompagna il progetto espositivo: &#8220;<em>Di fiori e bambole \u00e8 fatto il mondo di colore di Rosalba Baldi. Due temi che si rincorrono come in una giostra francese d\u2019altri tempi. Temi semplici, approccio fanciullesco e naif che invadono di colore e buonumore l\u2019occhio di chi guarda. Un carosello di tonalit\u00e0 prende vita in forme in cui il foglio bianco \u00e8 lasciato quasi sempre a testimonianza della base da cui si parte, a voler non dimenticare che il foglio bianco \u00e8 il punto di partenza per qualsiasi avventura che possa portare nei viaggi pi\u00f9 disparati.\u00a0Ed \u00e8 un viaggio nella memoria quello che inconsapevolmente \u00e8 il progetto \u201c Les fleurs et les poup\u00e9es.<\/em> <em>Questi due motivi, cos\u00ec presenti in una pittura dal tratto ora lineare, ora tondeggiante fino a diventare bombato come a volersi espandere e appropriarsi di tutto lo spazio bianco, in realt\u00e0 affondano radici nell\u2019infanzia di Rosalba Baldi. Di quei piccoli fiori colorati quasi se ne percepisce il profumo, lo stesso che l\u2019autrice potrebbe aver annusato nella sua infanzia trascorsa nella campagna cilentana, passione per la natura che poi \u00e8 esplosa in et\u00e0 adulta con lo studio dei Fiori di Bach e la passione per la naturopatia. Le bambole colorate, invece, ricordano dei cartamodelli, gli stessi che potrebbe aver visto da bambina nel laboratorio di sua madre quando ideava e confezionava guanti di pelle. La passione per la moda forse \u00e8 nata proprio l\u00ec, ma di certo l\u2019ha portata a scegliere una carriera nell\u2019alta moda da adulta, amore mai dimenticato. Mai concettualmente consapevole di questo ritorno alle origini, a queste due grandi passioni, ecco che il suo tratto \u00e8 cos\u00ec spontaneo e piacevole, poich\u00e9 non c\u2019\u00e8 artificio, non c\u2019\u00e8 forzatura di pensiero, ma solo immersione totale nel colore, nel desiderio di espressione, nella capacit\u00e0 che ha l\u2019arte di svuotare la mente, arricchire gli occhi, aprire gli animi, di allontanare il grigiore dei giorni negativi, di far sognare e persino di guarire.&#8221;<\/em><\/p>\n\n\n\n<p>Curata da<strong> Manuela Ragucci,<\/strong> l\u2019esposizione sar\u00e0 accompagnata da un momento artistico condiviso: il pubblico sar\u00e0 invitato a contribuire alla realizzazione di un\u2019opera corale disegnando con pastelli a cera su un grande foglio posto al centro della sala, trasformando la visita in un\u2019esperienza di incontro e partecipazione.<\/p>\n\n\n\n<p>L\u2019iniziativa si inserisce nel programma di eventi promossi dal Comune di Napoli per <strong><em>Marzo Donna 2026<\/em><\/strong>, dedicato alla valorizzazione della creativit\u00e0 e della libert\u00e0 espressiva femminile.<\/p>\n","protected":false},"excerpt":{"rendered":"<p>L&#8217;arte come gesto di cura e nutrimento interiore Libert\u00e0, spensieratezza e serenit\u00e0: \u201cLes fleurs et les poup\u00e9es\u201d, la mostra naif della sociologa e naturopata partenopea Rosalba Baldi. \u00a0Dal 21 al 23 marzo, nella Sala delle Colonne del Complesso Monumentale dell\u2019Annunziata, sar\u00e0 ospitata la mostra &#8220;Les fleurs et les poup\u00e9es&#8221;, dedicata alla pittura di Rosalba Baldi. [&hellip;]<\/p>\n","protected":false},"author":36,"featured_media":8613,"comment_status":"open","ping_status":"open","sticky":false,"template":"","format":"standard","meta":{"jnews-multi-image_gallery":[],"jnews_single_post":{"format":"standard"},"jnews_primary_category":[],"jnews_override_counter":[],"footnotes":""},"categories":[7],"tags":[32,45],"class_list":["post-8612","post","type-post","status-publish","format-standard","has-post-thumbnail","hentry","category-eventi","tag-arte","tag-mostra"],"yoast_head":"<!-- This site is optimized with the Yoast SEO plugin v24.2 - https:\/\/yoast.com\/wordpress\/plugins\/seo\/ -->\n<title>Napoli. Tra colori e memorie arriva la mostra naif di Rosalba Baldi - \u00e8campania<\/title>\n<meta name=\"robots\" content=\"index, follow, max-snippet:-1, max-image-preview:large, max-video-preview:-1\" \/>\n<link rel=\"canonical\" href=\"https:\/\/ecampania.it\/magazine\/napoli-tra-colori-e-memorie-arriva-la-mostra-naif-di-rosalba-baldi\/\" \/>\n<meta property=\"og:locale\" content=\"it_IT\" \/>\n<meta property=\"og:type\" content=\"article\" \/>\n<meta property=\"og:title\" content=\"Napoli. Tra colori e memorie arriva la mostra naif di Rosalba Baldi - \u00e8campania\" \/>\n<meta property=\"og:description\" content=\"L&#8217;arte come gesto di cura e nutrimento interiore Libert\u00e0, spensieratezza e serenit\u00e0: \u201cLes fleurs et les poup\u00e9es\u201d, la mostra naif della sociologa e naturopata partenopea Rosalba Baldi. \u00a0Dal 21 al 23 marzo, nella Sala delle Colonne del Complesso Monumentale dell\u2019Annunziata, sar\u00e0 ospitata la mostra &#8220;Les fleurs et les poup\u00e9es&#8221;, dedicata alla pittura di Rosalba Baldi. [&hellip;]\" \/>\n<meta property=\"og:url\" content=\"https:\/\/ecampania.it\/magazine\/napoli-tra-colori-e-memorie-arriva-la-mostra-naif-di-rosalba-baldi\/\" \/>\n<meta property=\"og:site_name\" content=\"\u00e8campania\" \/>\n<meta property=\"article:publisher\" content=\"https:\/\/www.facebook.com\/ecampania.it\" \/>\n<meta property=\"article:published_time\" content=\"2026-03-17T09:35:44+00:00\" \/>\n<meta property=\"og:image\" content=\"https:\/\/ecampania.it\/magazine\/wp-content\/uploads\/2026\/03\/festival.jpg\" \/>\n\t<meta property=\"og:image:width\" content=\"2070\" \/>\n\t<meta property=\"og:image:height\" content=\"1302\" \/>\n\t<meta property=\"og:image:type\" content=\"image\/jpeg\" \/>\n<meta name=\"author\" content=\"Giada Cuomo\" \/>\n<meta name=\"twitter:card\" content=\"summary_large_image\" \/>\n<meta name=\"twitter:label1\" content=\"Scritto da\" \/>\n\t<meta name=\"twitter:data1\" content=\"Giada Cuomo\" \/>\n\t<meta name=\"twitter:label2\" content=\"Tempo di lettura stimato\" \/>\n\t<meta name=\"twitter:data2\" content=\"4 minuti\" \/>\n<script type=\"application\/ld+json\" class=\"yoast-schema-graph\">{\"@context\":\"https:\/\/schema.org\",\"@graph\":[{\"@type\":\"Article\",\"@id\":\"https:\/\/ecampania.it\/magazine\/napoli-tra-colori-e-memorie-arriva-la-mostra-naif-di-rosalba-baldi\/#article\",\"isPartOf\":{\"@id\":\"https:\/\/ecampania.it\/magazine\/napoli-tra-colori-e-memorie-arriva-la-mostra-naif-di-rosalba-baldi\/\"},\"author\":{\"name\":\"Giada Cuomo\",\"@id\":\"https:\/\/ecampania.it\/magazine\/#\/schema\/person\/f372b853776f14766c01226091cd1381\"},\"headline\":\"Napoli. Tra colori e memorie arriva la mostra naif di Rosalba Baldi\",\"datePublished\":\"2026-03-17T09:35:44+00:00\",\"dateModified\":\"2026-03-17T09:35:44+00:00\",\"mainEntityOfPage\":{\"@id\":\"https:\/\/ecampania.it\/magazine\/napoli-tra-colori-e-memorie-arriva-la-mostra-naif-di-rosalba-baldi\/\"},\"wordCount\":657,\"commentCount\":0,\"publisher\":{\"@id\":\"https:\/\/ecampania.it\/magazine\/#organization\"},\"image\":{\"@id\":\"https:\/\/ecampania.it\/magazine\/napoli-tra-colori-e-memorie-arriva-la-mostra-naif-di-rosalba-baldi\/#primaryimage\"},\"thumbnailUrl\":\"https:\/\/ecampania.it\/magazine\/wp-content\/uploads\/2026\/03\/festival.jpg\",\"keywords\":[\"arte\",\"mostra\"],\"articleSection\":[\"Eventi\"],\"inLanguage\":\"it-IT\",\"potentialAction\":[{\"@type\":\"CommentAction\",\"name\":\"Comment\",\"target\":[\"https:\/\/ecampania.it\/magazine\/napoli-tra-colori-e-memorie-arriva-la-mostra-naif-di-rosalba-baldi\/#respond\"]}]},{\"@type\":\"WebPage\",\"@id\":\"https:\/\/ecampania.it\/magazine\/napoli-tra-colori-e-memorie-arriva-la-mostra-naif-di-rosalba-baldi\/\",\"url\":\"https:\/\/ecampania.it\/magazine\/napoli-tra-colori-e-memorie-arriva-la-mostra-naif-di-rosalba-baldi\/\",\"name\":\"Napoli. Tra colori e memorie arriva la mostra naif di Rosalba Baldi - \u00e8campania\",\"isPartOf\":{\"@id\":\"https:\/\/ecampania.it\/magazine\/#website\"},\"primaryImageOfPage\":{\"@id\":\"https:\/\/ecampania.it\/magazine\/napoli-tra-colori-e-memorie-arriva-la-mostra-naif-di-rosalba-baldi\/#primaryimage\"},\"image\":{\"@id\":\"https:\/\/ecampania.it\/magazine\/napoli-tra-colori-e-memorie-arriva-la-mostra-naif-di-rosalba-baldi\/#primaryimage\"},\"thumbnailUrl\":\"https:\/\/ecampania.it\/magazine\/wp-content\/uploads\/2026\/03\/festival.jpg\",\"datePublished\":\"2026-03-17T09:35:44+00:00\",\"dateModified\":\"2026-03-17T09:35:44+00:00\",\"breadcrumb\":{\"@id\":\"https:\/\/ecampania.it\/magazine\/napoli-tra-colori-e-memorie-arriva-la-mostra-naif-di-rosalba-baldi\/#breadcrumb\"},\"inLanguage\":\"it-IT\",\"potentialAction\":[{\"@type\":\"ReadAction\",\"target\":[\"https:\/\/ecampania.it\/magazine\/napoli-tra-colori-e-memorie-arriva-la-mostra-naif-di-rosalba-baldi\/\"]}]},{\"@type\":\"ImageObject\",\"inLanguage\":\"it-IT\",\"@id\":\"https:\/\/ecampania.it\/magazine\/napoli-tra-colori-e-memorie-arriva-la-mostra-naif-di-rosalba-baldi\/#primaryimage\",\"url\":\"https:\/\/ecampania.it\/magazine\/wp-content\/uploads\/2026\/03\/festival.jpg\",\"contentUrl\":\"https:\/\/ecampania.it\/magazine\/wp-content\/uploads\/2026\/03\/festival.jpg\",\"width\":2070,\"height\":1302},{\"@type\":\"BreadcrumbList\",\"@id\":\"https:\/\/ecampania.it\/magazine\/napoli-tra-colori-e-memorie-arriva-la-mostra-naif-di-rosalba-baldi\/#breadcrumb\",\"itemListElement\":[{\"@type\":\"ListItem\",\"position\":1,\"name\":\"Home\",\"item\":\"https:\/\/ecampania.it\/magazine\/\"},{\"@type\":\"ListItem\",\"position\":2,\"name\":\"Napoli. Tra colori e memorie arriva la mostra naif di Rosalba Baldi\"}]},{\"@type\":\"WebSite\",\"@id\":\"https:\/\/ecampania.it\/magazine\/#website\",\"url\":\"https:\/\/ecampania.it\/magazine\/\",\"name\":\"Ecampania\",\"description\":\"Il primo portale dedicato al turismo ed alla cultura in Campania\",\"publisher\":{\"@id\":\"https:\/\/ecampania.it\/magazine\/#organization\"},\"potentialAction\":[{\"@type\":\"SearchAction\",\"target\":{\"@type\":\"EntryPoint\",\"urlTemplate\":\"https:\/\/ecampania.it\/magazine\/?s={search_term_string}\"},\"query-input\":{\"@type\":\"PropertyValueSpecification\",\"valueRequired\":true,\"valueName\":\"search_term_string\"}}],\"inLanguage\":\"it-IT\"},{\"@type\":\"Organization\",\"@id\":\"https:\/\/ecampania.it\/magazine\/#organization\",\"name\":\"Ecampania\",\"url\":\"https:\/\/ecampania.it\/magazine\/\",\"logo\":{\"@type\":\"ImageObject\",\"inLanguage\":\"it-IT\",\"@id\":\"https:\/\/ecampania.it\/magazine\/#\/schema\/logo\/image\/\",\"url\":\"https:\/\/ecampania.it\/magazine\/wp-content\/uploads\/2025\/01\/fb.png\",\"contentUrl\":\"https:\/\/ecampania.it\/magazine\/wp-content\/uploads\/2025\/01\/fb.png\",\"width\":500,\"height\":500,\"caption\":\"Ecampania\"},\"image\":{\"@id\":\"https:\/\/ecampania.it\/magazine\/#\/schema\/logo\/image\/\"},\"sameAs\":[\"https:\/\/www.facebook.com\/ecampania.it\",\"https:\/\/www.instagram.com\/ecampania.it\/\"]},{\"@type\":\"Person\",\"@id\":\"https:\/\/ecampania.it\/magazine\/#\/schema\/person\/f372b853776f14766c01226091cd1381\",\"name\":\"Giada Cuomo\",\"image\":{\"@type\":\"ImageObject\",\"inLanguage\":\"it-IT\",\"@id\":\"https:\/\/ecampania.it\/magazine\/#\/schema\/person\/image\/\",\"url\":\"https:\/\/secure.gravatar.com\/avatar\/146c6721e4d668a5b54e972781d98893d8c77afe8ac2754067e4820df8ed0fa0?s=96&d=mm&r=g\",\"contentUrl\":\"https:\/\/secure.gravatar.com\/avatar\/146c6721e4d668a5b54e972781d98893d8c77afe8ac2754067e4820df8ed0fa0?s=96&d=mm&r=g\",\"caption\":\"Giada Cuomo\"},\"url\":\"https:\/\/ecampania.it\/magazine\/author\/giada\/\"}]}<\/script>\n<!-- \/ Yoast SEO plugin. -->","yoast_head_json":{"title":"Napoli. Tra colori e memorie arriva la mostra naif di Rosalba Baldi - \u00e8campania","robots":{"index":"index","follow":"follow","max-snippet":"max-snippet:-1","max-image-preview":"max-image-preview:large","max-video-preview":"max-video-preview:-1"},"canonical":"https:\/\/ecampania.it\/magazine\/napoli-tra-colori-e-memorie-arriva-la-mostra-naif-di-rosalba-baldi\/","og_locale":"it_IT","og_type":"article","og_title":"Napoli. Tra colori e memorie arriva la mostra naif di Rosalba Baldi - \u00e8campania","og_description":"L&#8217;arte come gesto di cura e nutrimento interiore Libert\u00e0, spensieratezza e serenit\u00e0: \u201cLes fleurs et les poup\u00e9es\u201d, la mostra naif della sociologa e naturopata partenopea Rosalba Baldi. \u00a0Dal 21 al 23 marzo, nella Sala delle Colonne del Complesso Monumentale dell\u2019Annunziata, sar\u00e0 ospitata la mostra &#8220;Les fleurs et les poup\u00e9es&#8221;, dedicata alla pittura di Rosalba Baldi. [&hellip;]","og_url":"https:\/\/ecampania.it\/magazine\/napoli-tra-colori-e-memorie-arriva-la-mostra-naif-di-rosalba-baldi\/","og_site_name":"\u00e8campania","article_publisher":"https:\/\/www.facebook.com\/ecampania.it","article_published_time":"2026-03-17T09:35:44+00:00","og_image":[{"width":2070,"height":1302,"url":"https:\/\/ecampania.it\/magazine\/wp-content\/uploads\/2026\/03\/festival.jpg","type":"image\/jpeg"}],"author":"Giada Cuomo","twitter_card":"summary_large_image","twitter_misc":{"Scritto da":"Giada Cuomo","Tempo di lettura stimato":"4 minuti"},"schema":{"@context":"https:\/\/schema.org","@graph":[{"@type":"Article","@id":"https:\/\/ecampania.it\/magazine\/napoli-tra-colori-e-memorie-arriva-la-mostra-naif-di-rosalba-baldi\/#article","isPartOf":{"@id":"https:\/\/ecampania.it\/magazine\/napoli-tra-colori-e-memorie-arriva-la-mostra-naif-di-rosalba-baldi\/"},"author":{"name":"Giada Cuomo","@id":"https:\/\/ecampania.it\/magazine\/#\/schema\/person\/f372b853776f14766c01226091cd1381"},"headline":"Napoli. Tra colori e memorie arriva la mostra naif di Rosalba Baldi","datePublished":"2026-03-17T09:35:44+00:00","dateModified":"2026-03-17T09:35:44+00:00","mainEntityOfPage":{"@id":"https:\/\/ecampania.it\/magazine\/napoli-tra-colori-e-memorie-arriva-la-mostra-naif-di-rosalba-baldi\/"},"wordCount":657,"commentCount":0,"publisher":{"@id":"https:\/\/ecampania.it\/magazine\/#organization"},"image":{"@id":"https:\/\/ecampania.it\/magazine\/napoli-tra-colori-e-memorie-arriva-la-mostra-naif-di-rosalba-baldi\/#primaryimage"},"thumbnailUrl":"https:\/\/ecampania.it\/magazine\/wp-content\/uploads\/2026\/03\/festival.jpg","keywords":["arte","mostra"],"articleSection":["Eventi"],"inLanguage":"it-IT","potentialAction":[{"@type":"CommentAction","name":"Comment","target":["https:\/\/ecampania.it\/magazine\/napoli-tra-colori-e-memorie-arriva-la-mostra-naif-di-rosalba-baldi\/#respond"]}]},{"@type":"WebPage","@id":"https:\/\/ecampania.it\/magazine\/napoli-tra-colori-e-memorie-arriva-la-mostra-naif-di-rosalba-baldi\/","url":"https:\/\/ecampania.it\/magazine\/napoli-tra-colori-e-memorie-arriva-la-mostra-naif-di-rosalba-baldi\/","name":"Napoli. Tra colori e memorie arriva la mostra naif di Rosalba Baldi - \u00e8campania","isPartOf":{"@id":"https:\/\/ecampania.it\/magazine\/#website"},"primaryImageOfPage":{"@id":"https:\/\/ecampania.it\/magazine\/napoli-tra-colori-e-memorie-arriva-la-mostra-naif-di-rosalba-baldi\/#primaryimage"},"image":{"@id":"https:\/\/ecampania.it\/magazine\/napoli-tra-colori-e-memorie-arriva-la-mostra-naif-di-rosalba-baldi\/#primaryimage"},"thumbnailUrl":"https:\/\/ecampania.it\/magazine\/wp-content\/uploads\/2026\/03\/festival.jpg","datePublished":"2026-03-17T09:35:44+00:00","dateModified":"2026-03-17T09:35:44+00:00","breadcrumb":{"@id":"https:\/\/ecampania.it\/magazine\/napoli-tra-colori-e-memorie-arriva-la-mostra-naif-di-rosalba-baldi\/#breadcrumb"},"inLanguage":"it-IT","potentialAction":[{"@type":"ReadAction","target":["https:\/\/ecampania.it\/magazine\/napoli-tra-colori-e-memorie-arriva-la-mostra-naif-di-rosalba-baldi\/"]}]},{"@type":"ImageObject","inLanguage":"it-IT","@id":"https:\/\/ecampania.it\/magazine\/napoli-tra-colori-e-memorie-arriva-la-mostra-naif-di-rosalba-baldi\/#primaryimage","url":"https:\/\/ecampania.it\/magazine\/wp-content\/uploads\/2026\/03\/festival.jpg","contentUrl":"https:\/\/ecampania.it\/magazine\/wp-content\/uploads\/2026\/03\/festival.jpg","width":2070,"height":1302},{"@type":"BreadcrumbList","@id":"https:\/\/ecampania.it\/magazine\/napoli-tra-colori-e-memorie-arriva-la-mostra-naif-di-rosalba-baldi\/#breadcrumb","itemListElement":[{"@type":"ListItem","position":1,"name":"Home","item":"https:\/\/ecampania.it\/magazine\/"},{"@type":"ListItem","position":2,"name":"Napoli. Tra colori e memorie arriva la mostra naif di Rosalba Baldi"}]},{"@type":"WebSite","@id":"https:\/\/ecampania.it\/magazine\/#website","url":"https:\/\/ecampania.it\/magazine\/","name":"Ecampania","description":"Il primo portale dedicato al turismo ed alla cultura in Campania","publisher":{"@id":"https:\/\/ecampania.it\/magazine\/#organization"},"potentialAction":[{"@type":"SearchAction","target":{"@type":"EntryPoint","urlTemplate":"https:\/\/ecampania.it\/magazine\/?s={search_term_string}"},"query-input":{"@type":"PropertyValueSpecification","valueRequired":true,"valueName":"search_term_string"}}],"inLanguage":"it-IT"},{"@type":"Organization","@id":"https:\/\/ecampania.it\/magazine\/#organization","name":"Ecampania","url":"https:\/\/ecampania.it\/magazine\/","logo":{"@type":"ImageObject","inLanguage":"it-IT","@id":"https:\/\/ecampania.it\/magazine\/#\/schema\/logo\/image\/","url":"https:\/\/ecampania.it\/magazine\/wp-content\/uploads\/2025\/01\/fb.png","contentUrl":"https:\/\/ecampania.it\/magazine\/wp-content\/uploads\/2025\/01\/fb.png","width":500,"height":500,"caption":"Ecampania"},"image":{"@id":"https:\/\/ecampania.it\/magazine\/#\/schema\/logo\/image\/"},"sameAs":["https:\/\/www.facebook.com\/ecampania.it","https:\/\/www.instagram.com\/ecampania.it\/"]},{"@type":"Person","@id":"https:\/\/ecampania.it\/magazine\/#\/schema\/person\/f372b853776f14766c01226091cd1381","name":"Giada Cuomo","image":{"@type":"ImageObject","inLanguage":"it-IT","@id":"https:\/\/ecampania.it\/magazine\/#\/schema\/person\/image\/","url":"https:\/\/secure.gravatar.com\/avatar\/146c6721e4d668a5b54e972781d98893d8c77afe8ac2754067e4820df8ed0fa0?s=96&d=mm&r=g","contentUrl":"https:\/\/secure.gravatar.com\/avatar\/146c6721e4d668a5b54e972781d98893d8c77afe8ac2754067e4820df8ed0fa0?s=96&d=mm&r=g","caption":"Giada Cuomo"},"url":"https:\/\/ecampania.it\/magazine\/author\/giada\/"}]}},"_links":{"self":[{"href":"https:\/\/ecampania.it\/magazine\/wp-json\/wp\/v2\/posts\/8612","targetHints":{"allow":["GET"]}}],"collection":[{"href":"https:\/\/ecampania.it\/magazine\/wp-json\/wp\/v2\/posts"}],"about":[{"href":"https:\/\/ecampania.it\/magazine\/wp-json\/wp\/v2\/types\/post"}],"author":[{"embeddable":true,"href":"https:\/\/ecampania.it\/magazine\/wp-json\/wp\/v2\/users\/36"}],"replies":[{"embeddable":true,"href":"https:\/\/ecampania.it\/magazine\/wp-json\/wp\/v2\/comments?post=8612"}],"version-history":[{"count":1,"href":"https:\/\/ecampania.it\/magazine\/wp-json\/wp\/v2\/posts\/8612\/revisions"}],"predecessor-version":[{"id":8614,"href":"https:\/\/ecampania.it\/magazine\/wp-json\/wp\/v2\/posts\/8612\/revisions\/8614"}],"wp:featuredmedia":[{"embeddable":true,"href":"https:\/\/ecampania.it\/magazine\/wp-json\/wp\/v2\/media\/8613"}],"wp:attachment":[{"href":"https:\/\/ecampania.it\/magazine\/wp-json\/wp\/v2\/media?parent=8612"}],"wp:term":[{"taxonomy":"category","embeddable":true,"href":"https:\/\/ecampania.it\/magazine\/wp-json\/wp\/v2\/categories?post=8612"},{"taxonomy":"post_tag","embeddable":true,"href":"https:\/\/ecampania.it\/magazine\/wp-json\/wp\/v2\/tags?post=8612"}],"curies":[{"name":"wp","href":"https:\/\/api.w.org\/{rel}","templated":true}]}}