{"id":8640,"date":"2026-03-17T14:33:24","date_gmt":"2026-03-17T13:33:24","guid":{"rendered":"https:\/\/ecampania.it\/magazine\/?p=8640"},"modified":"2026-03-17T14:33:25","modified_gmt":"2026-03-17T13:33:25","slug":"da-pimonte-a-roma-sentieri-del-gusto-diventa-sagra-di-qualita","status":"publish","type":"post","link":"https:\/\/ecampania.it\/magazine\/da-pimonte-a-roma-sentieri-del-gusto-diventa-sagra-di-qualita\/","title":{"rendered":"Da Pimonte a Roma: &#8216;Sentieri del Gusto&#8217; diventa &#8216;Sagra di qualit\u00e0&#8217;"},"content":{"rendered":"\n<h4 class=\"wp-block-heading\"><strong>Il premio ricevuto dalla Unpli<\/strong><\/h4>\n\n\n\n<p>Tra identit\u00e0 e bellezza, \u201cSentieri del Gusto\u201d della citt\u00e0 di Pimonte premiato come Sagra di qualit\u00e0&#8221; <strong>dall\u2019Unpli<\/strong>. Una ricca delegazione pimontese si \u00e8 recata a Roma al Senato, in una sede simbolo delle istituzioni, per vivere un momento di grande orgoglio per tutta la comunit\u00e0. Oltre al presidente della Pro Loco <strong>Vincenzo Esposito<\/strong> e ai componenti del direttivo e ai soci, erano presenti il <em>sindaco <\/em><strong>Francesco Somma<\/strong>, il <em>presidente del consiglio comunale<\/em> <strong>Pasquale Somma<\/strong> e <strong>Davide Minieri<\/strong>, <em>consigliere delegato alla Cultura<\/em> (nonch\u00e9 tra i soci fondatori della Pro Loco).<em> <\/em><\/p>\n\n\n\n<p><em>\u201cE\u2019 un traguardo straordinario<\/em> \u2013 afferma <strong>Somma <\/strong>&#8211;<em> se si pensa che, tra oltre 20.000 sagre censite in tutta Italia, soltanto 44 nuove possono fregiarsi di questo titolo da quest\u2019anno. Un risultato che parla di passione, sacrificio e amore per il territorio. Dietro questo premio<\/em>&#8211; continua il primo cittadino- <em>ci sono le mani, il tempo e il cuore dei nostri incredibili volontari, donne e uomini che anno dopo anno, manifestazione dopo manifestazione, lavorano instancabilmente per raccontare e promuovere la bellezza di Pimonte, le sue tradizioni, i suoi sapori e la sua identit\u00e0\u201d. <\/em><\/p>\n\n\n\n<p>A fare la differenza per l\u2019assegnazione del premio \u00e8 stata la presenza e la valorizzazione dei prodotti pimontesi agroalimentari tradizionali (PAT), riconosciuti dalla Regione Campania: il pomodorino cannellino di Pimonte, la castagna del Monte Faito, la ciliegia di Pimonte, il cacioricotta dei Monti Lattari e l\u2019olio d\u2019Oliva DOP. Prodotti che raccontano l\u2019identit\u00e0 pimontese e che la sagra ha saputo esaltare con gusto, qualit\u00e0, cura e semplicit\u00e0. <\/p>\n\n\n\n<p>\u201c<em>Ricevere il marchio Sagra di Qualit\u00e0<\/em> \u2013 afferma il presidente <strong>Vincenzo Esposito<\/strong> \u2013 <em>\u00e8 un sogno che si avvera. Per noi si tratta di un motivo di orgoglio e uno sprone a proseguire nella promozione delle eccellenze di Pimonte. Questo risultato \u00e8 frutto di un lavoro di squadra e della passione che ogni giorno anima i volontari della Proloco\u201d.<\/em><\/p>\n\n\n\n<p><\/p>\n","protected":false},"excerpt":{"rendered":"<p>Il premio ricevuto dalla Unpli Tra identit\u00e0 e bellezza, \u201cSentieri del Gusto\u201d della citt\u00e0 di Pimonte premiato come Sagra di qualit\u00e0&#8221; dall\u2019Unpli. Una ricca delegazione pimontese si \u00e8 recata a Roma al Senato, in una sede simbolo delle istituzioni, per vivere un momento di grande orgoglio per tutta la comunit\u00e0. Oltre al presidente della Pro [&hellip;]<\/p>\n","protected":false},"author":36,"featured_media":8641,"comment_status":"open","ping_status":"open","sticky":false,"template":"","format":"standard","meta":{"jnews-multi-image_gallery":[],"jnews_single_post":{"format":"standard"},"jnews_primary_category":[],"jnews_override_counter":[],"footnotes":""},"categories":[9],"tags":[178,129],"class_list":["post-8640","post","type-post","status-publish","format-standard","has-post-thumbnail","hentry","category-food","tag-premio","tag-sagra"],"yoast_head":"<!-- This site is optimized with the Yoast SEO plugin v24.2 - https:\/\/yoast.com\/wordpress\/plugins\/seo\/ -->\n<title>Da Pimonte a Roma: &#039;Sentieri del Gusto&#039; diventa &#039;Sagra di qualit\u00e0&#039; - \u00e8campania<\/title>\n<meta name=\"robots\" content=\"index, follow, max-snippet:-1, max-image-preview:large, max-video-preview:-1\" \/>\n<link rel=\"canonical\" href=\"https:\/\/ecampania.it\/magazine\/da-pimonte-a-roma-sentieri-del-gusto-diventa-sagra-di-qualita\/\" \/>\n<meta property=\"og:locale\" content=\"it_IT\" \/>\n<meta property=\"og:type\" content=\"article\" \/>\n<meta property=\"og:title\" content=\"Da Pimonte a Roma: &#039;Sentieri del Gusto&#039; diventa &#039;Sagra di qualit\u00e0&#039; - \u00e8campania\" \/>\n<meta property=\"og:description\" content=\"Il premio ricevuto dalla Unpli Tra identit\u00e0 e bellezza, \u201cSentieri del Gusto\u201d della citt\u00e0 di Pimonte premiato come Sagra di qualit\u00e0&#8221; dall\u2019Unpli. Una ricca delegazione pimontese si \u00e8 recata a Roma al Senato, in una sede simbolo delle istituzioni, per vivere un momento di grande orgoglio per tutta la comunit\u00e0. Oltre al presidente della Pro [&hellip;]\" \/>\n<meta property=\"og:url\" content=\"https:\/\/ecampania.it\/magazine\/da-pimonte-a-roma-sentieri-del-gusto-diventa-sagra-di-qualita\/\" \/>\n<meta property=\"og:site_name\" content=\"\u00e8campania\" \/>\n<meta property=\"article:publisher\" content=\"https:\/\/www.facebook.com\/ecampania.it\" \/>\n<meta property=\"article:published_time\" content=\"2026-03-17T13:33:24+00:00\" \/>\n<meta property=\"article:modified_time\" content=\"2026-03-17T13:33:25+00:00\" \/>\n<meta property=\"og:image\" content=\"https:\/\/ecampania.it\/magazine\/wp-content\/uploads\/2026\/03\/WhatsApp-Image-2026-03-17-at-13.44.51.jpeg\" \/>\n\t<meta property=\"og:image:width\" content=\"1600\" \/>\n\t<meta property=\"og:image:height\" content=\"1200\" \/>\n\t<meta property=\"og:image:type\" content=\"image\/jpeg\" \/>\n<meta name=\"author\" content=\"Giada Cuomo\" \/>\n<meta name=\"twitter:card\" content=\"summary_large_image\" \/>\n<meta name=\"twitter:label1\" content=\"Scritto da\" \/>\n\t<meta name=\"twitter:data1\" content=\"Giada Cuomo\" \/>\n\t<meta name=\"twitter:label2\" content=\"Tempo di lettura stimato\" \/>\n\t<meta name=\"twitter:data2\" content=\"2 minuti\" \/>\n<script type=\"application\/ld+json\" class=\"yoast-schema-graph\">{\"@context\":\"https:\/\/schema.org\",\"@graph\":[{\"@type\":\"Article\",\"@id\":\"https:\/\/ecampania.it\/magazine\/da-pimonte-a-roma-sentieri-del-gusto-diventa-sagra-di-qualita\/#article\",\"isPartOf\":{\"@id\":\"https:\/\/ecampania.it\/magazine\/da-pimonte-a-roma-sentieri-del-gusto-diventa-sagra-di-qualita\/\"},\"author\":{\"name\":\"Giada Cuomo\",\"@id\":\"https:\/\/ecampania.it\/magazine\/#\/schema\/person\/f372b853776f14766c01226091cd1381\"},\"headline\":\"Da Pimonte a Roma: &#8216;Sentieri del Gusto&#8217; diventa &#8216;Sagra di qualit\u00e0&#8217;\",\"datePublished\":\"2026-03-17T13:33:24+00:00\",\"dateModified\":\"2026-03-17T13:33:25+00:00\",\"mainEntityOfPage\":{\"@id\":\"https:\/\/ecampania.it\/magazine\/da-pimonte-a-roma-sentieri-del-gusto-diventa-sagra-di-qualita\/\"},\"wordCount\":320,\"commentCount\":0,\"publisher\":{\"@id\":\"https:\/\/ecampania.it\/magazine\/#organization\"},\"image\":{\"@id\":\"https:\/\/ecampania.it\/magazine\/da-pimonte-a-roma-sentieri-del-gusto-diventa-sagra-di-qualita\/#primaryimage\"},\"thumbnailUrl\":\"https:\/\/ecampania.it\/magazine\/wp-content\/uploads\/2026\/03\/WhatsApp-Image-2026-03-17-at-13.44.51.jpeg\",\"keywords\":[\"premio\",\"sagra\"],\"articleSection\":[\"Food\"],\"inLanguage\":\"it-IT\",\"potentialAction\":[{\"@type\":\"CommentAction\",\"name\":\"Comment\",\"target\":[\"https:\/\/ecampania.it\/magazine\/da-pimonte-a-roma-sentieri-del-gusto-diventa-sagra-di-qualita\/#respond\"]}]},{\"@type\":\"WebPage\",\"@id\":\"https:\/\/ecampania.it\/magazine\/da-pimonte-a-roma-sentieri-del-gusto-diventa-sagra-di-qualita\/\",\"url\":\"https:\/\/ecampania.it\/magazine\/da-pimonte-a-roma-sentieri-del-gusto-diventa-sagra-di-qualita\/\",\"name\":\"Da Pimonte a Roma: 'Sentieri del Gusto' diventa 'Sagra di qualit\u00e0' - \u00e8campania\",\"isPartOf\":{\"@id\":\"https:\/\/ecampania.it\/magazine\/#website\"},\"primaryImageOfPage\":{\"@id\":\"https:\/\/ecampania.it\/magazine\/da-pimonte-a-roma-sentieri-del-gusto-diventa-sagra-di-qualita\/#primaryimage\"},\"image\":{\"@id\":\"https:\/\/ecampania.it\/magazine\/da-pimonte-a-roma-sentieri-del-gusto-diventa-sagra-di-qualita\/#primaryimage\"},\"thumbnailUrl\":\"https:\/\/ecampania.it\/magazine\/wp-content\/uploads\/2026\/03\/WhatsApp-Image-2026-03-17-at-13.44.51.jpeg\",\"datePublished\":\"2026-03-17T13:33:24+00:00\",\"dateModified\":\"2026-03-17T13:33:25+00:00\",\"breadcrumb\":{\"@id\":\"https:\/\/ecampania.it\/magazine\/da-pimonte-a-roma-sentieri-del-gusto-diventa-sagra-di-qualita\/#breadcrumb\"},\"inLanguage\":\"it-IT\",\"potentialAction\":[{\"@type\":\"ReadAction\",\"target\":[\"https:\/\/ecampania.it\/magazine\/da-pimonte-a-roma-sentieri-del-gusto-diventa-sagra-di-qualita\/\"]}]},{\"@type\":\"ImageObject\",\"inLanguage\":\"it-IT\",\"@id\":\"https:\/\/ecampania.it\/magazine\/da-pimonte-a-roma-sentieri-del-gusto-diventa-sagra-di-qualita\/#primaryimage\",\"url\":\"https:\/\/ecampania.it\/magazine\/wp-content\/uploads\/2026\/03\/WhatsApp-Image-2026-03-17-at-13.44.51.jpeg\",\"contentUrl\":\"https:\/\/ecampania.it\/magazine\/wp-content\/uploads\/2026\/03\/WhatsApp-Image-2026-03-17-at-13.44.51.jpeg\",\"width\":1600,\"height\":1200},{\"@type\":\"BreadcrumbList\",\"@id\":\"https:\/\/ecampania.it\/magazine\/da-pimonte-a-roma-sentieri-del-gusto-diventa-sagra-di-qualita\/#breadcrumb\",\"itemListElement\":[{\"@type\":\"ListItem\",\"position\":1,\"name\":\"Home\",\"item\":\"https:\/\/ecampania.it\/magazine\/\"},{\"@type\":\"ListItem\",\"position\":2,\"name\":\"Da Pimonte a Roma: &#8216;Sentieri del Gusto&#8217; diventa &#8216;Sagra di qualit\u00e0&#8217;\"}]},{\"@type\":\"WebSite\",\"@id\":\"https:\/\/ecampania.it\/magazine\/#website\",\"url\":\"https:\/\/ecampania.it\/magazine\/\",\"name\":\"Ecampania\",\"description\":\"Il primo portale dedicato al turismo ed alla cultura in Campania\",\"publisher\":{\"@id\":\"https:\/\/ecampania.it\/magazine\/#organization\"},\"potentialAction\":[{\"@type\":\"SearchAction\",\"target\":{\"@type\":\"EntryPoint\",\"urlTemplate\":\"https:\/\/ecampania.it\/magazine\/?s={search_term_string}\"},\"query-input\":{\"@type\":\"PropertyValueSpecification\",\"valueRequired\":true,\"valueName\":\"search_term_string\"}}],\"inLanguage\":\"it-IT\"},{\"@type\":\"Organization\",\"@id\":\"https:\/\/ecampania.it\/magazine\/#organization\",\"name\":\"Ecampania\",\"url\":\"https:\/\/ecampania.it\/magazine\/\",\"logo\":{\"@type\":\"ImageObject\",\"inLanguage\":\"it-IT\",\"@id\":\"https:\/\/ecampania.it\/magazine\/#\/schema\/logo\/image\/\",\"url\":\"https:\/\/ecampania.it\/magazine\/wp-content\/uploads\/2025\/01\/fb.png\",\"contentUrl\":\"https:\/\/ecampania.it\/magazine\/wp-content\/uploads\/2025\/01\/fb.png\",\"width\":500,\"height\":500,\"caption\":\"Ecampania\"},\"image\":{\"@id\":\"https:\/\/ecampania.it\/magazine\/#\/schema\/logo\/image\/\"},\"sameAs\":[\"https:\/\/www.facebook.com\/ecampania.it\",\"https:\/\/www.instagram.com\/ecampania.it\/\"]},{\"@type\":\"Person\",\"@id\":\"https:\/\/ecampania.it\/magazine\/#\/schema\/person\/f372b853776f14766c01226091cd1381\",\"name\":\"Giada Cuomo\",\"image\":{\"@type\":\"ImageObject\",\"inLanguage\":\"it-IT\",\"@id\":\"https:\/\/ecampania.it\/magazine\/#\/schema\/person\/image\/\",\"url\":\"https:\/\/secure.gravatar.com\/avatar\/146c6721e4d668a5b54e972781d98893d8c77afe8ac2754067e4820df8ed0fa0?s=96&d=mm&r=g\",\"contentUrl\":\"https:\/\/secure.gravatar.com\/avatar\/146c6721e4d668a5b54e972781d98893d8c77afe8ac2754067e4820df8ed0fa0?s=96&d=mm&r=g\",\"caption\":\"Giada Cuomo\"},\"url\":\"https:\/\/ecampania.it\/magazine\/author\/giada\/\"}]}<\/script>\n<!-- \/ Yoast SEO plugin. -->","yoast_head_json":{"title":"Da Pimonte a Roma: 'Sentieri del Gusto' diventa 'Sagra di qualit\u00e0' - \u00e8campania","robots":{"index":"index","follow":"follow","max-snippet":"max-snippet:-1","max-image-preview":"max-image-preview:large","max-video-preview":"max-video-preview:-1"},"canonical":"https:\/\/ecampania.it\/magazine\/da-pimonte-a-roma-sentieri-del-gusto-diventa-sagra-di-qualita\/","og_locale":"it_IT","og_type":"article","og_title":"Da Pimonte a Roma: 'Sentieri del Gusto' diventa 'Sagra di qualit\u00e0' - \u00e8campania","og_description":"Il premio ricevuto dalla Unpli Tra identit\u00e0 e bellezza, \u201cSentieri del Gusto\u201d della citt\u00e0 di Pimonte premiato come Sagra di qualit\u00e0&#8221; dall\u2019Unpli. Una ricca delegazione pimontese si \u00e8 recata a Roma al Senato, in una sede simbolo delle istituzioni, per vivere un momento di grande orgoglio per tutta la comunit\u00e0. Oltre al presidente della Pro [&hellip;]","og_url":"https:\/\/ecampania.it\/magazine\/da-pimonte-a-roma-sentieri-del-gusto-diventa-sagra-di-qualita\/","og_site_name":"\u00e8campania","article_publisher":"https:\/\/www.facebook.com\/ecampania.it","article_published_time":"2026-03-17T13:33:24+00:00","article_modified_time":"2026-03-17T13:33:25+00:00","og_image":[{"width":1600,"height":1200,"url":"https:\/\/ecampania.it\/magazine\/wp-content\/uploads\/2026\/03\/WhatsApp-Image-2026-03-17-at-13.44.51.jpeg","type":"image\/jpeg"}],"author":"Giada Cuomo","twitter_card":"summary_large_image","twitter_misc":{"Scritto da":"Giada Cuomo","Tempo di lettura stimato":"2 minuti"},"schema":{"@context":"https:\/\/schema.org","@graph":[{"@type":"Article","@id":"https:\/\/ecampania.it\/magazine\/da-pimonte-a-roma-sentieri-del-gusto-diventa-sagra-di-qualita\/#article","isPartOf":{"@id":"https:\/\/ecampania.it\/magazine\/da-pimonte-a-roma-sentieri-del-gusto-diventa-sagra-di-qualita\/"},"author":{"name":"Giada Cuomo","@id":"https:\/\/ecampania.it\/magazine\/#\/schema\/person\/f372b853776f14766c01226091cd1381"},"headline":"Da Pimonte a Roma: &#8216;Sentieri del Gusto&#8217; diventa &#8216;Sagra di qualit\u00e0&#8217;","datePublished":"2026-03-17T13:33:24+00:00","dateModified":"2026-03-17T13:33:25+00:00","mainEntityOfPage":{"@id":"https:\/\/ecampania.it\/magazine\/da-pimonte-a-roma-sentieri-del-gusto-diventa-sagra-di-qualita\/"},"wordCount":320,"commentCount":0,"publisher":{"@id":"https:\/\/ecampania.it\/magazine\/#organization"},"image":{"@id":"https:\/\/ecampania.it\/magazine\/da-pimonte-a-roma-sentieri-del-gusto-diventa-sagra-di-qualita\/#primaryimage"},"thumbnailUrl":"https:\/\/ecampania.it\/magazine\/wp-content\/uploads\/2026\/03\/WhatsApp-Image-2026-03-17-at-13.44.51.jpeg","keywords":["premio","sagra"],"articleSection":["Food"],"inLanguage":"it-IT","potentialAction":[{"@type":"CommentAction","name":"Comment","target":["https:\/\/ecampania.it\/magazine\/da-pimonte-a-roma-sentieri-del-gusto-diventa-sagra-di-qualita\/#respond"]}]},{"@type":"WebPage","@id":"https:\/\/ecampania.it\/magazine\/da-pimonte-a-roma-sentieri-del-gusto-diventa-sagra-di-qualita\/","url":"https:\/\/ecampania.it\/magazine\/da-pimonte-a-roma-sentieri-del-gusto-diventa-sagra-di-qualita\/","name":"Da Pimonte a Roma: 'Sentieri del Gusto' diventa 'Sagra di qualit\u00e0' - \u00e8campania","isPartOf":{"@id":"https:\/\/ecampania.it\/magazine\/#website"},"primaryImageOfPage":{"@id":"https:\/\/ecampania.it\/magazine\/da-pimonte-a-roma-sentieri-del-gusto-diventa-sagra-di-qualita\/#primaryimage"},"image":{"@id":"https:\/\/ecampania.it\/magazine\/da-pimonte-a-roma-sentieri-del-gusto-diventa-sagra-di-qualita\/#primaryimage"},"thumbnailUrl":"https:\/\/ecampania.it\/magazine\/wp-content\/uploads\/2026\/03\/WhatsApp-Image-2026-03-17-at-13.44.51.jpeg","datePublished":"2026-03-17T13:33:24+00:00","dateModified":"2026-03-17T13:33:25+00:00","breadcrumb":{"@id":"https:\/\/ecampania.it\/magazine\/da-pimonte-a-roma-sentieri-del-gusto-diventa-sagra-di-qualita\/#breadcrumb"},"inLanguage":"it-IT","potentialAction":[{"@type":"ReadAction","target":["https:\/\/ecampania.it\/magazine\/da-pimonte-a-roma-sentieri-del-gusto-diventa-sagra-di-qualita\/"]}]},{"@type":"ImageObject","inLanguage":"it-IT","@id":"https:\/\/ecampania.it\/magazine\/da-pimonte-a-roma-sentieri-del-gusto-diventa-sagra-di-qualita\/#primaryimage","url":"https:\/\/ecampania.it\/magazine\/wp-content\/uploads\/2026\/03\/WhatsApp-Image-2026-03-17-at-13.44.51.jpeg","contentUrl":"https:\/\/ecampania.it\/magazine\/wp-content\/uploads\/2026\/03\/WhatsApp-Image-2026-03-17-at-13.44.51.jpeg","width":1600,"height":1200},{"@type":"BreadcrumbList","@id":"https:\/\/ecampania.it\/magazine\/da-pimonte-a-roma-sentieri-del-gusto-diventa-sagra-di-qualita\/#breadcrumb","itemListElement":[{"@type":"ListItem","position":1,"name":"Home","item":"https:\/\/ecampania.it\/magazine\/"},{"@type":"ListItem","position":2,"name":"Da Pimonte a Roma: &#8216;Sentieri del Gusto&#8217; diventa &#8216;Sagra di qualit\u00e0&#8217;"}]},{"@type":"WebSite","@id":"https:\/\/ecampania.it\/magazine\/#website","url":"https:\/\/ecampania.it\/magazine\/","name":"Ecampania","description":"Il primo portale dedicato al turismo ed alla cultura in Campania","publisher":{"@id":"https:\/\/ecampania.it\/magazine\/#organization"},"potentialAction":[{"@type":"SearchAction","target":{"@type":"EntryPoint","urlTemplate":"https:\/\/ecampania.it\/magazine\/?s={search_term_string}"},"query-input":{"@type":"PropertyValueSpecification","valueRequired":true,"valueName":"search_term_string"}}],"inLanguage":"it-IT"},{"@type":"Organization","@id":"https:\/\/ecampania.it\/magazine\/#organization","name":"Ecampania","url":"https:\/\/ecampania.it\/magazine\/","logo":{"@type":"ImageObject","inLanguage":"it-IT","@id":"https:\/\/ecampania.it\/magazine\/#\/schema\/logo\/image\/","url":"https:\/\/ecampania.it\/magazine\/wp-content\/uploads\/2025\/01\/fb.png","contentUrl":"https:\/\/ecampania.it\/magazine\/wp-content\/uploads\/2025\/01\/fb.png","width":500,"height":500,"caption":"Ecampania"},"image":{"@id":"https:\/\/ecampania.it\/magazine\/#\/schema\/logo\/image\/"},"sameAs":["https:\/\/www.facebook.com\/ecampania.it","https:\/\/www.instagram.com\/ecampania.it\/"]},{"@type":"Person","@id":"https:\/\/ecampania.it\/magazine\/#\/schema\/person\/f372b853776f14766c01226091cd1381","name":"Giada Cuomo","image":{"@type":"ImageObject","inLanguage":"it-IT","@id":"https:\/\/ecampania.it\/magazine\/#\/schema\/person\/image\/","url":"https:\/\/secure.gravatar.com\/avatar\/146c6721e4d668a5b54e972781d98893d8c77afe8ac2754067e4820df8ed0fa0?s=96&d=mm&r=g","contentUrl":"https:\/\/secure.gravatar.com\/avatar\/146c6721e4d668a5b54e972781d98893d8c77afe8ac2754067e4820df8ed0fa0?s=96&d=mm&r=g","caption":"Giada Cuomo"},"url":"https:\/\/ecampania.it\/magazine\/author\/giada\/"}]}},"_links":{"self":[{"href":"https:\/\/ecampania.it\/magazine\/wp-json\/wp\/v2\/posts\/8640","targetHints":{"allow":["GET"]}}],"collection":[{"href":"https:\/\/ecampania.it\/magazine\/wp-json\/wp\/v2\/posts"}],"about":[{"href":"https:\/\/ecampania.it\/magazine\/wp-json\/wp\/v2\/types\/post"}],"author":[{"embeddable":true,"href":"https:\/\/ecampania.it\/magazine\/wp-json\/wp\/v2\/users\/36"}],"replies":[{"embeddable":true,"href":"https:\/\/ecampania.it\/magazine\/wp-json\/wp\/v2\/comments?post=8640"}],"version-history":[{"count":1,"href":"https:\/\/ecampania.it\/magazine\/wp-json\/wp\/v2\/posts\/8640\/revisions"}],"predecessor-version":[{"id":8642,"href":"https:\/\/ecampania.it\/magazine\/wp-json\/wp\/v2\/posts\/8640\/revisions\/8642"}],"wp:featuredmedia":[{"embeddable":true,"href":"https:\/\/ecampania.it\/magazine\/wp-json\/wp\/v2\/media\/8641"}],"wp:attachment":[{"href":"https:\/\/ecampania.it\/magazine\/wp-json\/wp\/v2\/media?parent=8640"}],"wp:term":[{"taxonomy":"category","embeddable":true,"href":"https:\/\/ecampania.it\/magazine\/wp-json\/wp\/v2\/categories?post=8640"},{"taxonomy":"post_tag","embeddable":true,"href":"https:\/\/ecampania.it\/magazine\/wp-json\/wp\/v2\/tags?post=8640"}],"curies":[{"name":"wp","href":"https:\/\/api.w.org\/{rel}","templated":true}]}}