{"id":8649,"date":"2026-03-18T09:59:28","date_gmt":"2026-03-18T08:59:28","guid":{"rendered":"https:\/\/ecampania.it\/magazine\/?p=8649"},"modified":"2026-03-18T09:59:29","modified_gmt":"2026-03-18T08:59:29","slug":"napoli-riflessi-darte-nel-cuore-del-rinascimento-partenopeo","status":"publish","type":"post","link":"https:\/\/ecampania.it\/magazine\/napoli-riflessi-darte-nel-cuore-del-rinascimento-partenopeo\/","title":{"rendered":"Napoli. Riflessi d&#8217;arte nel cuore del Rinascimento partenopeo"},"content":{"rendered":"\n<h4 class=\"wp-block-heading\"><strong>Visita teatralizzata di NarteA<\/strong><\/h4>\n\n\n\n<p>Voci dal passato, \u201cMonteoliveto. Riflessi d\u2019arte\u201d: la visita teatralizzata per rivivere la storia.  Sabato <strong>21 marzo<\/strong>, a partire dalle ore <em>18.30<\/em>, <strong>il Complesso Monumentale di Sant\u2019Anna dei Lombardi<\/strong>, in <em>Piazza Monteoliveto 4 <\/em>a Napoli, apre le sue porte alla visita guidata teatralizzata di NarteA: \u201cMonteoliveto. Riflessi d\u2019arte\u201d. L\u2019evento, condotto dalla guida<strong> Matteo Borriello<\/strong> e animato dagli attori <strong>Sergio Del Prete, Irene Grasso, Pietro Juliano e Ciro Zangaro<\/strong>, sui testi originali di<strong> Febo Quercia<\/strong>, propone un percorso che unisce narrazione storica e interpretazione scenica. Attraverso personaggi ispirati a figure reali e simboliche del complesso \u2013 tra cui Giovanni da Nola e Girolamo Santacroce \u2013 la visita intende restituire al pubblico non solo la bellezza dei luoghi, ma la loro anima, offrendo un\u2019esperienza immersiva pensata per chi desidera vivere l\u2019arte oltre la semplice osservazione. <\/p>\n\n\n\n<p>Fondato nel 1411 come <em>monastero olivetano <\/em>e conosciuto all\u2019epoca con il nome di<em> Santa Maria di Monteoliveto<\/em>, oggi <strong>Sant\u2019Anna dei Lombardi<\/strong>, il complesso divenne in breve tempo uno dei centri spirituali e artistici pi\u00f9 prestigiosi della Napoli aragonese. Luogo prediletto dall\u2019aristocrazia cittadina, si configur\u00f2 come una vera e propria micro-citt\u00e0 monastica, articolata in chiostri, spazi di preghiera e ambienti di lavoro. Tra Quattrocento e Cinquecento, si afferm\u00f2 come crocevia fondamentale del Rinascimento in citt\u00e0, accogliendo capolavori di scultura e pittura toscana, visibili nelle cappelle Piccolomini e Correale, e nella straordinaria Sagrestia affrescata da Giorgio Vasari, nel 1545, raro esempio di armonia rinascimentale nel Mezzogiorno.<\/p>\n\n\n\n<p>La chiesa racchiude al suo interno opere di inestimabile valore storico-artistico, come quelle realizzate da noti artisti quali <strong>Antonio Rossellino, Benedetto da Maiano e Andrea Della Robbia<\/strong> che documentano la ricca produzione artistica rinascimentale di questo complesso, facendone un vero e proprio tempio della pittura e scultura cinquecentesca napoletana e toscana.<\/p>\n\n\n\n<p><strong><em>\u201cMonteoliveto. Riflessi d\u2019arte\u201d <\/em><\/strong> dunque non \u00e8 una semplice visita, ma un attraversamento del tempo. Le voci dei protagonisti del passato guidano il pubblico in un dialogo intimo tra opere e creatori, tra devozione e vanit\u00e0, tra disciplina monastica e tormento della perfezione artistica. Un percorso narrativo che intreccia il sublime all\u2019umano, alla scoperta di un sito ancora oggi poco conosciuto e che ebbe un ruolo centrale per la diffusione del Rinascimento a Napoli, dove il marmo e il colore si intrecciano al mito grazie alle opere di artisti come <strong>Giovanni da Nola, Girolamo Santacroce e Giorgio Vasari.<\/strong><\/p>\n\n\n\n<p>Il costo del biglietto \u00e8 di <em>20 euro<\/em>, con una riduzione a <em>14 euro<\/em> per i ragazzi <strong>dai 7 ai 15 anni<\/strong>; <em>gratuito<\/em> per i bambini fino a<strong> 6 anni<\/strong>. Per partecipare all&#8217;evento, \u00e8 necessario prenotarsi al link:\u00a0<a href=\"https:\/\/www.nartea.com\/prodotto\/monteoliveto-riflessi-darte\/\" target=\"_blank\" rel=\"noreferrer noopener\">https:\/\/www.nartea.com\/prodotto\/monteoliveto-riflessi-darte\/<\/a><\/p>\n\n\n\n<p>Info ai numeri 339 7020849 o 333 3152415.<\/p>\n\n\n\n<p><\/p>\n","protected":false},"excerpt":{"rendered":"<p>Visita teatralizzata di NarteA Voci dal passato, \u201cMonteoliveto. Riflessi d\u2019arte\u201d: la visita teatralizzata per rivivere la storia. Sabato 21 marzo, a partire dalle ore 18.30, il Complesso Monumentale di Sant\u2019Anna dei Lombardi, in Piazza Monteoliveto 4 a Napoli, apre le sue porte alla visita guidata teatralizzata di NarteA: \u201cMonteoliveto. Riflessi d\u2019arte\u201d. L\u2019evento, condotto dalla guida [&hellip;]<\/p>\n","protected":false},"author":36,"featured_media":8651,"comment_status":"open","ping_status":"open","sticky":false,"template":"","format":"standard","meta":{"jnews-multi-image_gallery":[],"jnews_single_post":{"format":"standard"},"jnews_primary_category":[],"jnews_override_counter":[],"footnotes":""},"categories":[8],"tags":[32,45,28,244,29],"class_list":["post-8649","post","type-post","status-publish","format-standard","has-post-thumbnail","hentry","category-cultura","tag-arte","tag-mostra","tag-prima","tag-storia","tag-teatro"],"yoast_head":"<!-- This site is optimized with the Yoast SEO plugin v24.2 - https:\/\/yoast.com\/wordpress\/plugins\/seo\/ -->\n<title>Napoli. Riflessi d&#039;arte nel cuore del Rinascimento partenopeo - \u00e8campania<\/title>\n<meta name=\"robots\" content=\"index, follow, max-snippet:-1, max-image-preview:large, max-video-preview:-1\" \/>\n<link rel=\"canonical\" href=\"https:\/\/ecampania.it\/magazine\/napoli-riflessi-darte-nel-cuore-del-rinascimento-partenopeo\/\" \/>\n<meta property=\"og:locale\" content=\"it_IT\" \/>\n<meta property=\"og:type\" content=\"article\" \/>\n<meta property=\"og:title\" content=\"Napoli. Riflessi d&#039;arte nel cuore del Rinascimento partenopeo - \u00e8campania\" \/>\n<meta property=\"og:description\" content=\"Visita teatralizzata di NarteA Voci dal passato, \u201cMonteoliveto. Riflessi d\u2019arte\u201d: la visita teatralizzata per rivivere la storia. Sabato 21 marzo, a partire dalle ore 18.30, il Complesso Monumentale di Sant\u2019Anna dei Lombardi, in Piazza Monteoliveto 4 a Napoli, apre le sue porte alla visita guidata teatralizzata di NarteA: \u201cMonteoliveto. Riflessi d\u2019arte\u201d. L\u2019evento, condotto dalla guida [&hellip;]\" \/>\n<meta property=\"og:url\" content=\"https:\/\/ecampania.it\/magazine\/napoli-riflessi-darte-nel-cuore-del-rinascimento-partenopeo\/\" \/>\n<meta property=\"og:site_name\" content=\"\u00e8campania\" \/>\n<meta property=\"article:publisher\" content=\"https:\/\/www.facebook.com\/ecampania.it\" \/>\n<meta property=\"article:published_time\" content=\"2026-03-18T08:59:28+00:00\" \/>\n<meta property=\"article:modified_time\" content=\"2026-03-18T08:59:29+00:00\" \/>\n<meta property=\"og:image\" content=\"https:\/\/ecampania.it\/magazine\/wp-content\/uploads\/2026\/03\/2579-MONTEOLIVETO-RIFLESSI-DARTE-10-GENNAIO-2026-IN-FOTO-MATTEO-BORRIELLO-ph-\u00a9-Renata-Serio.jpg\" \/>\n\t<meta property=\"og:image:width\" content=\"1920\" \/>\n\t<meta property=\"og:image:height\" content=\"1280\" \/>\n\t<meta property=\"og:image:type\" content=\"image\/jpeg\" \/>\n<meta name=\"author\" content=\"Giada Cuomo\" \/>\n<meta name=\"twitter:card\" content=\"summary_large_image\" \/>\n<meta name=\"twitter:label1\" content=\"Scritto da\" \/>\n\t<meta name=\"twitter:data1\" content=\"Giada Cuomo\" \/>\n\t<meta name=\"twitter:label2\" content=\"Tempo di lettura stimato\" \/>\n\t<meta name=\"twitter:data2\" content=\"3 minuti\" \/>\n<script type=\"application\/ld+json\" class=\"yoast-schema-graph\">{\"@context\":\"https:\/\/schema.org\",\"@graph\":[{\"@type\":\"Article\",\"@id\":\"https:\/\/ecampania.it\/magazine\/napoli-riflessi-darte-nel-cuore-del-rinascimento-partenopeo\/#article\",\"isPartOf\":{\"@id\":\"https:\/\/ecampania.it\/magazine\/napoli-riflessi-darte-nel-cuore-del-rinascimento-partenopeo\/\"},\"author\":{\"name\":\"Giada Cuomo\",\"@id\":\"https:\/\/ecampania.it\/magazine\/#\/schema\/person\/f372b853776f14766c01226091cd1381\"},\"headline\":\"Napoli. Riflessi d&#8217;arte nel cuore del Rinascimento partenopeo\",\"datePublished\":\"2026-03-18T08:59:28+00:00\",\"dateModified\":\"2026-03-18T08:59:29+00:00\",\"mainEntityOfPage\":{\"@id\":\"https:\/\/ecampania.it\/magazine\/napoli-riflessi-darte-nel-cuore-del-rinascimento-partenopeo\/\"},\"wordCount\":440,\"commentCount\":0,\"publisher\":{\"@id\":\"https:\/\/ecampania.it\/magazine\/#organization\"},\"image\":{\"@id\":\"https:\/\/ecampania.it\/magazine\/napoli-riflessi-darte-nel-cuore-del-rinascimento-partenopeo\/#primaryimage\"},\"thumbnailUrl\":\"https:\/\/ecampania.it\/magazine\/wp-content\/uploads\/2026\/03\/2579-MONTEOLIVETO-RIFLESSI-DARTE-10-GENNAIO-2026-IN-FOTO-MATTEO-BORRIELLO-ph-\u00a9-Renata-Serio.jpg\",\"keywords\":[\"arte\",\"mostra\",\"prima\",\"storia\",\"teatro\"],\"articleSection\":[\"Cultura\"],\"inLanguage\":\"it-IT\",\"potentialAction\":[{\"@type\":\"CommentAction\",\"name\":\"Comment\",\"target\":[\"https:\/\/ecampania.it\/magazine\/napoli-riflessi-darte-nel-cuore-del-rinascimento-partenopeo\/#respond\"]}]},{\"@type\":\"WebPage\",\"@id\":\"https:\/\/ecampania.it\/magazine\/napoli-riflessi-darte-nel-cuore-del-rinascimento-partenopeo\/\",\"url\":\"https:\/\/ecampania.it\/magazine\/napoli-riflessi-darte-nel-cuore-del-rinascimento-partenopeo\/\",\"name\":\"Napoli. Riflessi d'arte nel cuore del Rinascimento partenopeo - \u00e8campania\",\"isPartOf\":{\"@id\":\"https:\/\/ecampania.it\/magazine\/#website\"},\"primaryImageOfPage\":{\"@id\":\"https:\/\/ecampania.it\/magazine\/napoli-riflessi-darte-nel-cuore-del-rinascimento-partenopeo\/#primaryimage\"},\"image\":{\"@id\":\"https:\/\/ecampania.it\/magazine\/napoli-riflessi-darte-nel-cuore-del-rinascimento-partenopeo\/#primaryimage\"},\"thumbnailUrl\":\"https:\/\/ecampania.it\/magazine\/wp-content\/uploads\/2026\/03\/2579-MONTEOLIVETO-RIFLESSI-DARTE-10-GENNAIO-2026-IN-FOTO-MATTEO-BORRIELLO-ph-\u00a9-Renata-Serio.jpg\",\"datePublished\":\"2026-03-18T08:59:28+00:00\",\"dateModified\":\"2026-03-18T08:59:29+00:00\",\"breadcrumb\":{\"@id\":\"https:\/\/ecampania.it\/magazine\/napoli-riflessi-darte-nel-cuore-del-rinascimento-partenopeo\/#breadcrumb\"},\"inLanguage\":\"it-IT\",\"potentialAction\":[{\"@type\":\"ReadAction\",\"target\":[\"https:\/\/ecampania.it\/magazine\/napoli-riflessi-darte-nel-cuore-del-rinascimento-partenopeo\/\"]}]},{\"@type\":\"ImageObject\",\"inLanguage\":\"it-IT\",\"@id\":\"https:\/\/ecampania.it\/magazine\/napoli-riflessi-darte-nel-cuore-del-rinascimento-partenopeo\/#primaryimage\",\"url\":\"https:\/\/ecampania.it\/magazine\/wp-content\/uploads\/2026\/03\/2579-MONTEOLIVETO-RIFLESSI-DARTE-10-GENNAIO-2026-IN-FOTO-MATTEO-BORRIELLO-ph-\u00a9-Renata-Serio.jpg\",\"contentUrl\":\"https:\/\/ecampania.it\/magazine\/wp-content\/uploads\/2026\/03\/2579-MONTEOLIVETO-RIFLESSI-DARTE-10-GENNAIO-2026-IN-FOTO-MATTEO-BORRIELLO-ph-\u00a9-Renata-Serio.jpg\",\"width\":1920,\"height\":1280},{\"@type\":\"BreadcrumbList\",\"@id\":\"https:\/\/ecampania.it\/magazine\/napoli-riflessi-darte-nel-cuore-del-rinascimento-partenopeo\/#breadcrumb\",\"itemListElement\":[{\"@type\":\"ListItem\",\"position\":1,\"name\":\"Home\",\"item\":\"https:\/\/ecampania.it\/magazine\/\"},{\"@type\":\"ListItem\",\"position\":2,\"name\":\"Napoli. Riflessi d&#8217;arte nel cuore del Rinascimento partenopeo\"}]},{\"@type\":\"WebSite\",\"@id\":\"https:\/\/ecampania.it\/magazine\/#website\",\"url\":\"https:\/\/ecampania.it\/magazine\/\",\"name\":\"Ecampania\",\"description\":\"Il primo portale dedicato al turismo ed alla cultura in Campania\",\"publisher\":{\"@id\":\"https:\/\/ecampania.it\/magazine\/#organization\"},\"potentialAction\":[{\"@type\":\"SearchAction\",\"target\":{\"@type\":\"EntryPoint\",\"urlTemplate\":\"https:\/\/ecampania.it\/magazine\/?s={search_term_string}\"},\"query-input\":{\"@type\":\"PropertyValueSpecification\",\"valueRequired\":true,\"valueName\":\"search_term_string\"}}],\"inLanguage\":\"it-IT\"},{\"@type\":\"Organization\",\"@id\":\"https:\/\/ecampania.it\/magazine\/#organization\",\"name\":\"Ecampania\",\"url\":\"https:\/\/ecampania.it\/magazine\/\",\"logo\":{\"@type\":\"ImageObject\",\"inLanguage\":\"it-IT\",\"@id\":\"https:\/\/ecampania.it\/magazine\/#\/schema\/logo\/image\/\",\"url\":\"https:\/\/ecampania.it\/magazine\/wp-content\/uploads\/2025\/01\/fb.png\",\"contentUrl\":\"https:\/\/ecampania.it\/magazine\/wp-content\/uploads\/2025\/01\/fb.png\",\"width\":500,\"height\":500,\"caption\":\"Ecampania\"},\"image\":{\"@id\":\"https:\/\/ecampania.it\/magazine\/#\/schema\/logo\/image\/\"},\"sameAs\":[\"https:\/\/www.facebook.com\/ecampania.it\",\"https:\/\/www.instagram.com\/ecampania.it\/\"]},{\"@type\":\"Person\",\"@id\":\"https:\/\/ecampania.it\/magazine\/#\/schema\/person\/f372b853776f14766c01226091cd1381\",\"name\":\"Giada Cuomo\",\"image\":{\"@type\":\"ImageObject\",\"inLanguage\":\"it-IT\",\"@id\":\"https:\/\/ecampania.it\/magazine\/#\/schema\/person\/image\/\",\"url\":\"https:\/\/secure.gravatar.com\/avatar\/146c6721e4d668a5b54e972781d98893d8c77afe8ac2754067e4820df8ed0fa0?s=96&d=mm&r=g\",\"contentUrl\":\"https:\/\/secure.gravatar.com\/avatar\/146c6721e4d668a5b54e972781d98893d8c77afe8ac2754067e4820df8ed0fa0?s=96&d=mm&r=g\",\"caption\":\"Giada Cuomo\"},\"url\":\"https:\/\/ecampania.it\/magazine\/author\/giada\/\"}]}<\/script>\n<!-- \/ Yoast SEO plugin. -->","yoast_head_json":{"title":"Napoli. Riflessi d'arte nel cuore del Rinascimento partenopeo - \u00e8campania","robots":{"index":"index","follow":"follow","max-snippet":"max-snippet:-1","max-image-preview":"max-image-preview:large","max-video-preview":"max-video-preview:-1"},"canonical":"https:\/\/ecampania.it\/magazine\/napoli-riflessi-darte-nel-cuore-del-rinascimento-partenopeo\/","og_locale":"it_IT","og_type":"article","og_title":"Napoli. Riflessi d'arte nel cuore del Rinascimento partenopeo - \u00e8campania","og_description":"Visita teatralizzata di NarteA Voci dal passato, \u201cMonteoliveto. Riflessi d\u2019arte\u201d: la visita teatralizzata per rivivere la storia. Sabato 21 marzo, a partire dalle ore 18.30, il Complesso Monumentale di Sant\u2019Anna dei Lombardi, in Piazza Monteoliveto 4 a Napoli, apre le sue porte alla visita guidata teatralizzata di NarteA: \u201cMonteoliveto. Riflessi d\u2019arte\u201d. L\u2019evento, condotto dalla guida [&hellip;]","og_url":"https:\/\/ecampania.it\/magazine\/napoli-riflessi-darte-nel-cuore-del-rinascimento-partenopeo\/","og_site_name":"\u00e8campania","article_publisher":"https:\/\/www.facebook.com\/ecampania.it","article_published_time":"2026-03-18T08:59:28+00:00","article_modified_time":"2026-03-18T08:59:29+00:00","og_image":[{"width":1920,"height":1280,"url":"https:\/\/ecampania.it\/magazine\/wp-content\/uploads\/2026\/03\/2579-MONTEOLIVETO-RIFLESSI-DARTE-10-GENNAIO-2026-IN-FOTO-MATTEO-BORRIELLO-ph-\u00a9-Renata-Serio.jpg","type":"image\/jpeg"}],"author":"Giada Cuomo","twitter_card":"summary_large_image","twitter_misc":{"Scritto da":"Giada Cuomo","Tempo di lettura stimato":"3 minuti"},"schema":{"@context":"https:\/\/schema.org","@graph":[{"@type":"Article","@id":"https:\/\/ecampania.it\/magazine\/napoli-riflessi-darte-nel-cuore-del-rinascimento-partenopeo\/#article","isPartOf":{"@id":"https:\/\/ecampania.it\/magazine\/napoli-riflessi-darte-nel-cuore-del-rinascimento-partenopeo\/"},"author":{"name":"Giada Cuomo","@id":"https:\/\/ecampania.it\/magazine\/#\/schema\/person\/f372b853776f14766c01226091cd1381"},"headline":"Napoli. Riflessi d&#8217;arte nel cuore del Rinascimento partenopeo","datePublished":"2026-03-18T08:59:28+00:00","dateModified":"2026-03-18T08:59:29+00:00","mainEntityOfPage":{"@id":"https:\/\/ecampania.it\/magazine\/napoli-riflessi-darte-nel-cuore-del-rinascimento-partenopeo\/"},"wordCount":440,"commentCount":0,"publisher":{"@id":"https:\/\/ecampania.it\/magazine\/#organization"},"image":{"@id":"https:\/\/ecampania.it\/magazine\/napoli-riflessi-darte-nel-cuore-del-rinascimento-partenopeo\/#primaryimage"},"thumbnailUrl":"https:\/\/ecampania.it\/magazine\/wp-content\/uploads\/2026\/03\/2579-MONTEOLIVETO-RIFLESSI-DARTE-10-GENNAIO-2026-IN-FOTO-MATTEO-BORRIELLO-ph-\u00a9-Renata-Serio.jpg","keywords":["arte","mostra","prima","storia","teatro"],"articleSection":["Cultura"],"inLanguage":"it-IT","potentialAction":[{"@type":"CommentAction","name":"Comment","target":["https:\/\/ecampania.it\/magazine\/napoli-riflessi-darte-nel-cuore-del-rinascimento-partenopeo\/#respond"]}]},{"@type":"WebPage","@id":"https:\/\/ecampania.it\/magazine\/napoli-riflessi-darte-nel-cuore-del-rinascimento-partenopeo\/","url":"https:\/\/ecampania.it\/magazine\/napoli-riflessi-darte-nel-cuore-del-rinascimento-partenopeo\/","name":"Napoli. Riflessi d'arte nel cuore del Rinascimento partenopeo - \u00e8campania","isPartOf":{"@id":"https:\/\/ecampania.it\/magazine\/#website"},"primaryImageOfPage":{"@id":"https:\/\/ecampania.it\/magazine\/napoli-riflessi-darte-nel-cuore-del-rinascimento-partenopeo\/#primaryimage"},"image":{"@id":"https:\/\/ecampania.it\/magazine\/napoli-riflessi-darte-nel-cuore-del-rinascimento-partenopeo\/#primaryimage"},"thumbnailUrl":"https:\/\/ecampania.it\/magazine\/wp-content\/uploads\/2026\/03\/2579-MONTEOLIVETO-RIFLESSI-DARTE-10-GENNAIO-2026-IN-FOTO-MATTEO-BORRIELLO-ph-\u00a9-Renata-Serio.jpg","datePublished":"2026-03-18T08:59:28+00:00","dateModified":"2026-03-18T08:59:29+00:00","breadcrumb":{"@id":"https:\/\/ecampania.it\/magazine\/napoli-riflessi-darte-nel-cuore-del-rinascimento-partenopeo\/#breadcrumb"},"inLanguage":"it-IT","potentialAction":[{"@type":"ReadAction","target":["https:\/\/ecampania.it\/magazine\/napoli-riflessi-darte-nel-cuore-del-rinascimento-partenopeo\/"]}]},{"@type":"ImageObject","inLanguage":"it-IT","@id":"https:\/\/ecampania.it\/magazine\/napoli-riflessi-darte-nel-cuore-del-rinascimento-partenopeo\/#primaryimage","url":"https:\/\/ecampania.it\/magazine\/wp-content\/uploads\/2026\/03\/2579-MONTEOLIVETO-RIFLESSI-DARTE-10-GENNAIO-2026-IN-FOTO-MATTEO-BORRIELLO-ph-\u00a9-Renata-Serio.jpg","contentUrl":"https:\/\/ecampania.it\/magazine\/wp-content\/uploads\/2026\/03\/2579-MONTEOLIVETO-RIFLESSI-DARTE-10-GENNAIO-2026-IN-FOTO-MATTEO-BORRIELLO-ph-\u00a9-Renata-Serio.jpg","width":1920,"height":1280},{"@type":"BreadcrumbList","@id":"https:\/\/ecampania.it\/magazine\/napoli-riflessi-darte-nel-cuore-del-rinascimento-partenopeo\/#breadcrumb","itemListElement":[{"@type":"ListItem","position":1,"name":"Home","item":"https:\/\/ecampania.it\/magazine\/"},{"@type":"ListItem","position":2,"name":"Napoli. Riflessi d&#8217;arte nel cuore del Rinascimento partenopeo"}]},{"@type":"WebSite","@id":"https:\/\/ecampania.it\/magazine\/#website","url":"https:\/\/ecampania.it\/magazine\/","name":"Ecampania","description":"Il primo portale dedicato al turismo ed alla cultura in Campania","publisher":{"@id":"https:\/\/ecampania.it\/magazine\/#organization"},"potentialAction":[{"@type":"SearchAction","target":{"@type":"EntryPoint","urlTemplate":"https:\/\/ecampania.it\/magazine\/?s={search_term_string}"},"query-input":{"@type":"PropertyValueSpecification","valueRequired":true,"valueName":"search_term_string"}}],"inLanguage":"it-IT"},{"@type":"Organization","@id":"https:\/\/ecampania.it\/magazine\/#organization","name":"Ecampania","url":"https:\/\/ecampania.it\/magazine\/","logo":{"@type":"ImageObject","inLanguage":"it-IT","@id":"https:\/\/ecampania.it\/magazine\/#\/schema\/logo\/image\/","url":"https:\/\/ecampania.it\/magazine\/wp-content\/uploads\/2025\/01\/fb.png","contentUrl":"https:\/\/ecampania.it\/magazine\/wp-content\/uploads\/2025\/01\/fb.png","width":500,"height":500,"caption":"Ecampania"},"image":{"@id":"https:\/\/ecampania.it\/magazine\/#\/schema\/logo\/image\/"},"sameAs":["https:\/\/www.facebook.com\/ecampania.it","https:\/\/www.instagram.com\/ecampania.it\/"]},{"@type":"Person","@id":"https:\/\/ecampania.it\/magazine\/#\/schema\/person\/f372b853776f14766c01226091cd1381","name":"Giada Cuomo","image":{"@type":"ImageObject","inLanguage":"it-IT","@id":"https:\/\/ecampania.it\/magazine\/#\/schema\/person\/image\/","url":"https:\/\/secure.gravatar.com\/avatar\/146c6721e4d668a5b54e972781d98893d8c77afe8ac2754067e4820df8ed0fa0?s=96&d=mm&r=g","contentUrl":"https:\/\/secure.gravatar.com\/avatar\/146c6721e4d668a5b54e972781d98893d8c77afe8ac2754067e4820df8ed0fa0?s=96&d=mm&r=g","caption":"Giada Cuomo"},"url":"https:\/\/ecampania.it\/magazine\/author\/giada\/"}]}},"_links":{"self":[{"href":"https:\/\/ecampania.it\/magazine\/wp-json\/wp\/v2\/posts\/8649","targetHints":{"allow":["GET"]}}],"collection":[{"href":"https:\/\/ecampania.it\/magazine\/wp-json\/wp\/v2\/posts"}],"about":[{"href":"https:\/\/ecampania.it\/magazine\/wp-json\/wp\/v2\/types\/post"}],"author":[{"embeddable":true,"href":"https:\/\/ecampania.it\/magazine\/wp-json\/wp\/v2\/users\/36"}],"replies":[{"embeddable":true,"href":"https:\/\/ecampania.it\/magazine\/wp-json\/wp\/v2\/comments?post=8649"}],"version-history":[{"count":1,"href":"https:\/\/ecampania.it\/magazine\/wp-json\/wp\/v2\/posts\/8649\/revisions"}],"predecessor-version":[{"id":8652,"href":"https:\/\/ecampania.it\/magazine\/wp-json\/wp\/v2\/posts\/8649\/revisions\/8652"}],"wp:featuredmedia":[{"embeddable":true,"href":"https:\/\/ecampania.it\/magazine\/wp-json\/wp\/v2\/media\/8651"}],"wp:attachment":[{"href":"https:\/\/ecampania.it\/magazine\/wp-json\/wp\/v2\/media?parent=8649"}],"wp:term":[{"taxonomy":"category","embeddable":true,"href":"https:\/\/ecampania.it\/magazine\/wp-json\/wp\/v2\/categories?post=8649"},{"taxonomy":"post_tag","embeddable":true,"href":"https:\/\/ecampania.it\/magazine\/wp-json\/wp\/v2\/tags?post=8649"}],"curies":[{"name":"wp","href":"https:\/\/api.w.org\/{rel}","templated":true}]}}