{"id":9242,"date":"2026-04-27T10:52:32","date_gmt":"2026-04-27T08:52:32","guid":{"rendered":"https:\/\/ecampania.it\/magazine\/?p=9242"},"modified":"2026-04-27T10:52:32","modified_gmt":"2026-04-27T08:52:32","slug":"premio-capo-dorlando-la-28esima-edizione-alla-scoperta-delluniverso-e-napoli","status":"publish","type":"post","link":"https:\/\/ecampania.it\/magazine\/premio-capo-dorlando-la-28esima-edizione-alla-scoperta-delluniverso-e-napoli\/","title":{"rendered":"Premio \u201cCapo d\u2019Orlando\u201d, la 28esima edizione alla scoperta dell\u2019Universo e Napoli"},"content":{"rendered":"\n<h4 class=\"wp-block-heading\">Tra gli insigniti, il Nobel per la Fisica Michel Mayor e la manager della SSC Napoli Valentina De Laurentiis<\/h4>\n\n\n\n<p>Il tradizionale appuntamento primaverile con il Premio Scientifico Internazionale \u201cCapo d\u2019Orlando\u201d, evento che da 28 anni unisce scienza, cultura, promozione del territorio, lega quest\u2019anno tra loro la complessa formazione ed articolazione dell\u2019Universo e quella variegata e stratificata della storia di Napoli, 2500 anni caratterizzati da un patrimonio monumentale, culturale e antropologico unico al mondo.<\/p>\n\n\n\n<p>La manifestazione, organizzata dal Museo Mineralogico Campano Fondazione Discepolo,  avr\u00e0 luogo Gioved\u00ec 7 Maggio alle ore 18.00 nello storico Castello Giusso e si impernier\u00e0 su conferenze ed interventi dei premiati. Per la sezione \u201cScienza\u201d sar\u00e0 insignito il Prof. Michel Mayor,\u00a0Premio Nobel per la Fisica 2019. Lo scienziato svizzero ha scoperto 51 Pegasi B, il primo pianeta esosolare, dando cos\u00ec una svolta nella ricerca della storia dell\u2019Universo che risale a 13,8 miliardi di anni fa. Per la sezione \u201cDivulgazione\u201d la targa d\u2019argento sar\u00e0 consegnata alla Prof.ssa Mariafelicia De Laurentis, astrofisica della Universit\u00e0 \u201cFederico II\u201d, tra i pi\u00f9 noti ed autorevoli scienziati italiani, leader del team internazionale che ha fotografato per la prima volta un buco nero. Per la sezione \u201cScienza e Industria\u201d ritirer\u00e0 il riconoscimento il Dr. Fulvio Scannapieco, Cavaliere del Lavoro, presidente del gruppo napoletano ALA Spa, attivo nel settore dell\u2019aerospazio. Per \u201cManagement Culturale\u201d sar\u00e0 insignita la Dr.ssa Laura Valente, giornalista, ideatrice di progetti artistici e culturali, direttrice artistica del programma celebrativo sui 2500 anni della Citt\u00e0 di Napoli.  Per la sezione \u201cComunicazione Multimediale\u201d ritirer\u00e0 il premio la Dr.ssa Valentina De Laurentiis, capo dell\u2019area Merchandising, licensing e brand devolopment della SSC Napoli, che ha diretto il progetto di internazionalizzazione dell\u2019abbigliamento sportivo della squadra in collaborazione con il marchio EA7, promuovendo e valorizzando l\u2019identit\u00e0 culturale e monumentale di Napoli. Infine, le propriet\u00e0 salutari di agrumi, noci e olio Evo, saranno illustrate dal Dr. Mario Mauro Mariani, nutrizionista di fama nazionale, docente universitario, insignito per la sezione \u201cScienza e Alimenti\u201d. <\/p>\n\n\n\n<p>\u00abNell\u2019edizione di quest\u2019anno \u2013 spiega il Dr. Umberto Celentano, fondatore del premio e direttore del Museo Mineralogico Campano \u2013 abbiamo abbinato due realt\u00e0 affascinanti, apparentemente lontane e dalla storia in continua evoluzione come l\u2019Universo e la citt\u00e0 di Napoli. Queste, fin dalla loro nascita, hanno attraversato fasi complesse e articolate, e ancora oggi sono oggetto di studio e meravigliose scoperte\u00bb. La manifestazione sar\u00e0 coordinata dalla giornalista scientifica Dr.ssa Paola Catapano del CERN di Ginevra e presieduta dal Prof. Matteo Lorito, Rettore dell\u2019Universit\u00e0 \u201cFederico II\u201d di Napoli, ateneo che patrocina l\u2019evento con CNR, UGIS, Regione Campania e Citt\u00e0 di Vico Equense. <\/p>\n\n\n\n<p>\u00abIl Premio Scientifico Internazionale \u201cCapo d\u2019Orlando\u201d \u2013 aggiunge il sindaco Giuseppe Aiello &#8211; rappresenta, anno dopo anno, uno degli appuntamenti pi\u00f9 significativi per la crescita culturale della nostra comunit\u00e0 e per l\u2019identit\u00e0 stessa di Vico Equense. Un momento di altissimo confronto, che mette in relazione il nostro territorio con il meglio della ricerca scientifica, della divulgazione e del pensiero contemporaneo. Desidero esprimere un sincero ringraziamento alla Fondazione Discepolo e a tutti coloro che, con passione e continuit\u00e0, rendono possibile ogni edizione del premio. In un contesto globale sempre pi\u00f9 complesso, la cultura e la conoscenza restano strumenti fondamentali per interpretare il presente e costruire il futuro, attraverso questo premio che dal 1999 ha saputo negli anni affermarsi come un punto di riferimento internazionale. Per la nostra Citt\u00e0 \u00e8 un motivo di orgoglio autentico, perch\u00e9 cos\u00ec si pu\u00f2 diventare luogo di produzione e diffusione di sapere, senza rinunciare alle nostre radici\u00bb. <\/p>\n\n\n\n<p>Il Premio Internazionale \u201cCapo d\u2019Orlando\u201d, ideato nel 1999 da Umberto Celentano, Direttore del Museo Mineralogico Campano, vanta nel suo Albo d\u2019Oro 21 Premi Nobel tra i quali il matematico John F. Nash, la cui storia ha ispirato il film \u201cA Beautiful Mind\u201d, il biologo James Watson, co-scopritore della struttura del DNA e Andre Geim, artefice della scoperta del Grafene, materiale da lui donato al Museo di Vico Equense. Gioved\u00ec 7 Maggio alle ore 10.30 il Prof. Michel Mayor e la consorte Francoise visiteranno il Museo Mineralogico Campano che sar\u00e0 loro illustrato in francese e inglese dagli studenti degli indirizzi \u201cLinguistico Esabac\u201d e \u201cLinguistico Quadriennale Computazionale\u201d del Liceo \u201cPublio Virgilio Marone\u201d di Meta.<\/p>\n\n\n\n<p>Ulteriori notizie sul Premio sono presenti sul sito www.premiocapodorlando.it.<\/p>\n\n\n\n<p><\/p>\n","protected":false},"excerpt":{"rendered":"<p>Tra gli insigniti, il Nobel per la Fisica Michel Mayor e la manager della SSC Napoli Valentina De Laurentiis Il tradizionale appuntamento primaverile con il Premio Scientifico Internazionale \u201cCapo d\u2019Orlando\u201d, evento che da 28 anni unisce scienza, cultura, promozione del territorio, lega quest\u2019anno tra loro la complessa formazione ed articolazione dell\u2019Universo e quella variegata e [&hellip;]<\/p>\n","protected":false},"author":7,"featured_media":9244,"comment_status":"open","ping_status":"open","sticky":false,"template":"","format":"standard","meta":{"jnews-multi-image_gallery":[],"jnews_single_post":{"format":"standard"},"jnews_primary_category":[],"jnews_override_counter":[],"footnotes":""},"categories":[8],"tags":[],"class_list":["post-9242","post","type-post","status-publish","format-standard","has-post-thumbnail","hentry","category-cultura"],"yoast_head":"<!-- This site is optimized with the Yoast SEO plugin v24.2 - https:\/\/yoast.com\/wordpress\/plugins\/seo\/ -->\n<title>Premio \u201cCapo d\u2019Orlando\u201d, la 28esima edizione alla scoperta dell\u2019Universo e Napoli - \u00e8campania<\/title>\n<meta name=\"robots\" content=\"index, follow, max-snippet:-1, max-image-preview:large, max-video-preview:-1\" \/>\n<link rel=\"canonical\" href=\"https:\/\/ecampania.it\/magazine\/premio-capo-dorlando-la-28esima-edizione-alla-scoperta-delluniverso-e-napoli\/\" \/>\n<meta property=\"og:locale\" content=\"it_IT\" \/>\n<meta property=\"og:type\" content=\"article\" \/>\n<meta property=\"og:title\" content=\"Premio \u201cCapo d\u2019Orlando\u201d, la 28esima edizione alla scoperta dell\u2019Universo e Napoli - \u00e8campania\" \/>\n<meta property=\"og:description\" content=\"Tra gli insigniti, il Nobel per la Fisica Michel Mayor e la manager della SSC Napoli Valentina De Laurentiis Il tradizionale appuntamento primaverile con il Premio Scientifico Internazionale \u201cCapo d\u2019Orlando\u201d, evento che da 28 anni unisce scienza, cultura, promozione del territorio, lega quest\u2019anno tra loro la complessa formazione ed articolazione dell\u2019Universo e quella variegata e [&hellip;]\" \/>\n<meta property=\"og:url\" content=\"https:\/\/ecampania.it\/magazine\/premio-capo-dorlando-la-28esima-edizione-alla-scoperta-delluniverso-e-napoli\/\" \/>\n<meta property=\"og:site_name\" content=\"\u00e8campania\" \/>\n<meta property=\"article:publisher\" content=\"https:\/\/www.facebook.com\/ecampania.it\" \/>\n<meta property=\"article:published_time\" content=\"2026-04-27T08:52:32+00:00\" \/>\n<meta property=\"og:image\" content=\"https:\/\/ecampania.it\/magazine\/wp-content\/uploads\/2026\/04\/IMG-20260427-WA0020.jpg\" \/>\n\t<meta property=\"og:image:width\" content=\"2048\" \/>\n\t<meta property=\"og:image:height\" content=\"2048\" \/>\n\t<meta property=\"og:image:type\" content=\"image\/jpeg\" \/>\n<meta name=\"author\" content=\"Redazione\" \/>\n<meta name=\"twitter:card\" content=\"summary_large_image\" \/>\n<meta name=\"twitter:label1\" content=\"Scritto da\" \/>\n\t<meta name=\"twitter:data1\" content=\"Redazione\" \/>\n\t<meta name=\"twitter:label2\" content=\"Tempo di lettura stimato\" \/>\n\t<meta name=\"twitter:data2\" content=\"4 minuti\" \/>\n<script type=\"application\/ld+json\" class=\"yoast-schema-graph\">{\"@context\":\"https:\/\/schema.org\",\"@graph\":[{\"@type\":\"Article\",\"@id\":\"https:\/\/ecampania.it\/magazine\/premio-capo-dorlando-la-28esima-edizione-alla-scoperta-delluniverso-e-napoli\/#article\",\"isPartOf\":{\"@id\":\"https:\/\/ecampania.it\/magazine\/premio-capo-dorlando-la-28esima-edizione-alla-scoperta-delluniverso-e-napoli\/\"},\"author\":{\"name\":\"Redazione\",\"@id\":\"https:\/\/ecampania.it\/magazine\/#\/schema\/person\/f259cd7c01428ef3ac5db31dcac5ab70\"},\"headline\":\"Premio \u201cCapo d\u2019Orlando\u201d, la 28esima edizione alla scoperta dell\u2019Universo e Napoli\",\"datePublished\":\"2026-04-27T08:52:32+00:00\",\"dateModified\":\"2026-04-27T08:52:32+00:00\",\"mainEntityOfPage\":{\"@id\":\"https:\/\/ecampania.it\/magazine\/premio-capo-dorlando-la-28esima-edizione-alla-scoperta-delluniverso-e-napoli\/\"},\"wordCount\":713,\"commentCount\":0,\"publisher\":{\"@id\":\"https:\/\/ecampania.it\/magazine\/#organization\"},\"image\":{\"@id\":\"https:\/\/ecampania.it\/magazine\/premio-capo-dorlando-la-28esima-edizione-alla-scoperta-delluniverso-e-napoli\/#primaryimage\"},\"thumbnailUrl\":\"https:\/\/ecampania.it\/magazine\/wp-content\/uploads\/2026\/04\/IMG-20260427-WA0020.jpg\",\"articleSection\":[\"Cultura\"],\"inLanguage\":\"it-IT\",\"potentialAction\":[{\"@type\":\"CommentAction\",\"name\":\"Comment\",\"target\":[\"https:\/\/ecampania.it\/magazine\/premio-capo-dorlando-la-28esima-edizione-alla-scoperta-delluniverso-e-napoli\/#respond\"]}]},{\"@type\":\"WebPage\",\"@id\":\"https:\/\/ecampania.it\/magazine\/premio-capo-dorlando-la-28esima-edizione-alla-scoperta-delluniverso-e-napoli\/\",\"url\":\"https:\/\/ecampania.it\/magazine\/premio-capo-dorlando-la-28esima-edizione-alla-scoperta-delluniverso-e-napoli\/\",\"name\":\"Premio \u201cCapo d\u2019Orlando\u201d, la 28esima edizione alla scoperta dell\u2019Universo e Napoli - \u00e8campania\",\"isPartOf\":{\"@id\":\"https:\/\/ecampania.it\/magazine\/#website\"},\"primaryImageOfPage\":{\"@id\":\"https:\/\/ecampania.it\/magazine\/premio-capo-dorlando-la-28esima-edizione-alla-scoperta-delluniverso-e-napoli\/#primaryimage\"},\"image\":{\"@id\":\"https:\/\/ecampania.it\/magazine\/premio-capo-dorlando-la-28esima-edizione-alla-scoperta-delluniverso-e-napoli\/#primaryimage\"},\"thumbnailUrl\":\"https:\/\/ecampania.it\/magazine\/wp-content\/uploads\/2026\/04\/IMG-20260427-WA0020.jpg\",\"datePublished\":\"2026-04-27T08:52:32+00:00\",\"dateModified\":\"2026-04-27T08:52:32+00:00\",\"breadcrumb\":{\"@id\":\"https:\/\/ecampania.it\/magazine\/premio-capo-dorlando-la-28esima-edizione-alla-scoperta-delluniverso-e-napoli\/#breadcrumb\"},\"inLanguage\":\"it-IT\",\"potentialAction\":[{\"@type\":\"ReadAction\",\"target\":[\"https:\/\/ecampania.it\/magazine\/premio-capo-dorlando-la-28esima-edizione-alla-scoperta-delluniverso-e-napoli\/\"]}]},{\"@type\":\"ImageObject\",\"inLanguage\":\"it-IT\",\"@id\":\"https:\/\/ecampania.it\/magazine\/premio-capo-dorlando-la-28esima-edizione-alla-scoperta-delluniverso-e-napoli\/#primaryimage\",\"url\":\"https:\/\/ecampania.it\/magazine\/wp-content\/uploads\/2026\/04\/IMG-20260427-WA0020.jpg\",\"contentUrl\":\"https:\/\/ecampania.it\/magazine\/wp-content\/uploads\/2026\/04\/IMG-20260427-WA0020.jpg\",\"width\":2048,\"height\":2048},{\"@type\":\"BreadcrumbList\",\"@id\":\"https:\/\/ecampania.it\/magazine\/premio-capo-dorlando-la-28esima-edizione-alla-scoperta-delluniverso-e-napoli\/#breadcrumb\",\"itemListElement\":[{\"@type\":\"ListItem\",\"position\":1,\"name\":\"Home\",\"item\":\"https:\/\/ecampania.it\/magazine\/\"},{\"@type\":\"ListItem\",\"position\":2,\"name\":\"Premio \u201cCapo d\u2019Orlando\u201d, la 28esima edizione alla scoperta dell\u2019Universo e Napoli\"}]},{\"@type\":\"WebSite\",\"@id\":\"https:\/\/ecampania.it\/magazine\/#website\",\"url\":\"https:\/\/ecampania.it\/magazine\/\",\"name\":\"Ecampania\",\"description\":\"Il primo portale dedicato al turismo ed alla cultura in Campania\",\"publisher\":{\"@id\":\"https:\/\/ecampania.it\/magazine\/#organization\"},\"potentialAction\":[{\"@type\":\"SearchAction\",\"target\":{\"@type\":\"EntryPoint\",\"urlTemplate\":\"https:\/\/ecampania.it\/magazine\/?s={search_term_string}\"},\"query-input\":{\"@type\":\"PropertyValueSpecification\",\"valueRequired\":true,\"valueName\":\"search_term_string\"}}],\"inLanguage\":\"it-IT\"},{\"@type\":\"Organization\",\"@id\":\"https:\/\/ecampania.it\/magazine\/#organization\",\"name\":\"Ecampania\",\"url\":\"https:\/\/ecampania.it\/magazine\/\",\"logo\":{\"@type\":\"ImageObject\",\"inLanguage\":\"it-IT\",\"@id\":\"https:\/\/ecampania.it\/magazine\/#\/schema\/logo\/image\/\",\"url\":\"https:\/\/ecampania.it\/magazine\/wp-content\/uploads\/2025\/01\/fb.png\",\"contentUrl\":\"https:\/\/ecampania.it\/magazine\/wp-content\/uploads\/2025\/01\/fb.png\",\"width\":500,\"height\":500,\"caption\":\"Ecampania\"},\"image\":{\"@id\":\"https:\/\/ecampania.it\/magazine\/#\/schema\/logo\/image\/\"},\"sameAs\":[\"https:\/\/www.facebook.com\/ecampania.it\",\"https:\/\/www.instagram.com\/ecampania.it\/\"]},{\"@type\":\"Person\",\"@id\":\"https:\/\/ecampania.it\/magazine\/#\/schema\/person\/f259cd7c01428ef3ac5db31dcac5ab70\",\"name\":\"Redazione\",\"image\":{\"@type\":\"ImageObject\",\"inLanguage\":\"it-IT\",\"@id\":\"https:\/\/ecampania.it\/magazine\/#\/schema\/person\/image\/\",\"url\":\"https:\/\/secure.gravatar.com\/avatar\/95816d083b7410def6d31c027c3ddb4f82515f84e68ea358ea75203bfac610a7?s=96&d=mm&r=g\",\"contentUrl\":\"https:\/\/secure.gravatar.com\/avatar\/95816d083b7410def6d31c027c3ddb4f82515f84e68ea358ea75203bfac610a7?s=96&d=mm&r=g\",\"caption\":\"Redazione\"},\"url\":\"https:\/\/ecampania.it\/magazine\/author\/ecampania\/\"}]}<\/script>\n<!-- \/ Yoast SEO plugin. -->","yoast_head_json":{"title":"Premio \u201cCapo d\u2019Orlando\u201d, la 28esima edizione alla scoperta dell\u2019Universo e Napoli - \u00e8campania","robots":{"index":"index","follow":"follow","max-snippet":"max-snippet:-1","max-image-preview":"max-image-preview:large","max-video-preview":"max-video-preview:-1"},"canonical":"https:\/\/ecampania.it\/magazine\/premio-capo-dorlando-la-28esima-edizione-alla-scoperta-delluniverso-e-napoli\/","og_locale":"it_IT","og_type":"article","og_title":"Premio \u201cCapo d\u2019Orlando\u201d, la 28esima edizione alla scoperta dell\u2019Universo e Napoli - \u00e8campania","og_description":"Tra gli insigniti, il Nobel per la Fisica Michel Mayor e la manager della SSC Napoli Valentina De Laurentiis Il tradizionale appuntamento primaverile con il Premio Scientifico Internazionale \u201cCapo d\u2019Orlando\u201d, evento che da 28 anni unisce scienza, cultura, promozione del territorio, lega quest\u2019anno tra loro la complessa formazione ed articolazione dell\u2019Universo e quella variegata e [&hellip;]","og_url":"https:\/\/ecampania.it\/magazine\/premio-capo-dorlando-la-28esima-edizione-alla-scoperta-delluniverso-e-napoli\/","og_site_name":"\u00e8campania","article_publisher":"https:\/\/www.facebook.com\/ecampania.it","article_published_time":"2026-04-27T08:52:32+00:00","og_image":[{"width":2048,"height":2048,"url":"https:\/\/ecampania.it\/magazine\/wp-content\/uploads\/2026\/04\/IMG-20260427-WA0020.jpg","type":"image\/jpeg"}],"author":"Redazione","twitter_card":"summary_large_image","twitter_misc":{"Scritto da":"Redazione","Tempo di lettura stimato":"4 minuti"},"schema":{"@context":"https:\/\/schema.org","@graph":[{"@type":"Article","@id":"https:\/\/ecampania.it\/magazine\/premio-capo-dorlando-la-28esima-edizione-alla-scoperta-delluniverso-e-napoli\/#article","isPartOf":{"@id":"https:\/\/ecampania.it\/magazine\/premio-capo-dorlando-la-28esima-edizione-alla-scoperta-delluniverso-e-napoli\/"},"author":{"name":"Redazione","@id":"https:\/\/ecampania.it\/magazine\/#\/schema\/person\/f259cd7c01428ef3ac5db31dcac5ab70"},"headline":"Premio \u201cCapo d\u2019Orlando\u201d, la 28esima edizione alla scoperta dell\u2019Universo e Napoli","datePublished":"2026-04-27T08:52:32+00:00","dateModified":"2026-04-27T08:52:32+00:00","mainEntityOfPage":{"@id":"https:\/\/ecampania.it\/magazine\/premio-capo-dorlando-la-28esima-edizione-alla-scoperta-delluniverso-e-napoli\/"},"wordCount":713,"commentCount":0,"publisher":{"@id":"https:\/\/ecampania.it\/magazine\/#organization"},"image":{"@id":"https:\/\/ecampania.it\/magazine\/premio-capo-dorlando-la-28esima-edizione-alla-scoperta-delluniverso-e-napoli\/#primaryimage"},"thumbnailUrl":"https:\/\/ecampania.it\/magazine\/wp-content\/uploads\/2026\/04\/IMG-20260427-WA0020.jpg","articleSection":["Cultura"],"inLanguage":"it-IT","potentialAction":[{"@type":"CommentAction","name":"Comment","target":["https:\/\/ecampania.it\/magazine\/premio-capo-dorlando-la-28esima-edizione-alla-scoperta-delluniverso-e-napoli\/#respond"]}]},{"@type":"WebPage","@id":"https:\/\/ecampania.it\/magazine\/premio-capo-dorlando-la-28esima-edizione-alla-scoperta-delluniverso-e-napoli\/","url":"https:\/\/ecampania.it\/magazine\/premio-capo-dorlando-la-28esima-edizione-alla-scoperta-delluniverso-e-napoli\/","name":"Premio \u201cCapo d\u2019Orlando\u201d, la 28esima edizione alla scoperta dell\u2019Universo e Napoli - \u00e8campania","isPartOf":{"@id":"https:\/\/ecampania.it\/magazine\/#website"},"primaryImageOfPage":{"@id":"https:\/\/ecampania.it\/magazine\/premio-capo-dorlando-la-28esima-edizione-alla-scoperta-delluniverso-e-napoli\/#primaryimage"},"image":{"@id":"https:\/\/ecampania.it\/magazine\/premio-capo-dorlando-la-28esima-edizione-alla-scoperta-delluniverso-e-napoli\/#primaryimage"},"thumbnailUrl":"https:\/\/ecampania.it\/magazine\/wp-content\/uploads\/2026\/04\/IMG-20260427-WA0020.jpg","datePublished":"2026-04-27T08:52:32+00:00","dateModified":"2026-04-27T08:52:32+00:00","breadcrumb":{"@id":"https:\/\/ecampania.it\/magazine\/premio-capo-dorlando-la-28esima-edizione-alla-scoperta-delluniverso-e-napoli\/#breadcrumb"},"inLanguage":"it-IT","potentialAction":[{"@type":"ReadAction","target":["https:\/\/ecampania.it\/magazine\/premio-capo-dorlando-la-28esima-edizione-alla-scoperta-delluniverso-e-napoli\/"]}]},{"@type":"ImageObject","inLanguage":"it-IT","@id":"https:\/\/ecampania.it\/magazine\/premio-capo-dorlando-la-28esima-edizione-alla-scoperta-delluniverso-e-napoli\/#primaryimage","url":"https:\/\/ecampania.it\/magazine\/wp-content\/uploads\/2026\/04\/IMG-20260427-WA0020.jpg","contentUrl":"https:\/\/ecampania.it\/magazine\/wp-content\/uploads\/2026\/04\/IMG-20260427-WA0020.jpg","width":2048,"height":2048},{"@type":"BreadcrumbList","@id":"https:\/\/ecampania.it\/magazine\/premio-capo-dorlando-la-28esima-edizione-alla-scoperta-delluniverso-e-napoli\/#breadcrumb","itemListElement":[{"@type":"ListItem","position":1,"name":"Home","item":"https:\/\/ecampania.it\/magazine\/"},{"@type":"ListItem","position":2,"name":"Premio \u201cCapo d\u2019Orlando\u201d, la 28esima edizione alla scoperta dell\u2019Universo e Napoli"}]},{"@type":"WebSite","@id":"https:\/\/ecampania.it\/magazine\/#website","url":"https:\/\/ecampania.it\/magazine\/","name":"Ecampania","description":"Il primo portale dedicato al turismo ed alla cultura in Campania","publisher":{"@id":"https:\/\/ecampania.it\/magazine\/#organization"},"potentialAction":[{"@type":"SearchAction","target":{"@type":"EntryPoint","urlTemplate":"https:\/\/ecampania.it\/magazine\/?s={search_term_string}"},"query-input":{"@type":"PropertyValueSpecification","valueRequired":true,"valueName":"search_term_string"}}],"inLanguage":"it-IT"},{"@type":"Organization","@id":"https:\/\/ecampania.it\/magazine\/#organization","name":"Ecampania","url":"https:\/\/ecampania.it\/magazine\/","logo":{"@type":"ImageObject","inLanguage":"it-IT","@id":"https:\/\/ecampania.it\/magazine\/#\/schema\/logo\/image\/","url":"https:\/\/ecampania.it\/magazine\/wp-content\/uploads\/2025\/01\/fb.png","contentUrl":"https:\/\/ecampania.it\/magazine\/wp-content\/uploads\/2025\/01\/fb.png","width":500,"height":500,"caption":"Ecampania"},"image":{"@id":"https:\/\/ecampania.it\/magazine\/#\/schema\/logo\/image\/"},"sameAs":["https:\/\/www.facebook.com\/ecampania.it","https:\/\/www.instagram.com\/ecampania.it\/"]},{"@type":"Person","@id":"https:\/\/ecampania.it\/magazine\/#\/schema\/person\/f259cd7c01428ef3ac5db31dcac5ab70","name":"Redazione","image":{"@type":"ImageObject","inLanguage":"it-IT","@id":"https:\/\/ecampania.it\/magazine\/#\/schema\/person\/image\/","url":"https:\/\/secure.gravatar.com\/avatar\/95816d083b7410def6d31c027c3ddb4f82515f84e68ea358ea75203bfac610a7?s=96&d=mm&r=g","contentUrl":"https:\/\/secure.gravatar.com\/avatar\/95816d083b7410def6d31c027c3ddb4f82515f84e68ea358ea75203bfac610a7?s=96&d=mm&r=g","caption":"Redazione"},"url":"https:\/\/ecampania.it\/magazine\/author\/ecampania\/"}]}},"_links":{"self":[{"href":"https:\/\/ecampania.it\/magazine\/wp-json\/wp\/v2\/posts\/9242","targetHints":{"allow":["GET"]}}],"collection":[{"href":"https:\/\/ecampania.it\/magazine\/wp-json\/wp\/v2\/posts"}],"about":[{"href":"https:\/\/ecampania.it\/magazine\/wp-json\/wp\/v2\/types\/post"}],"author":[{"embeddable":true,"href":"https:\/\/ecampania.it\/magazine\/wp-json\/wp\/v2\/users\/7"}],"replies":[{"embeddable":true,"href":"https:\/\/ecampania.it\/magazine\/wp-json\/wp\/v2\/comments?post=9242"}],"version-history":[{"count":1,"href":"https:\/\/ecampania.it\/magazine\/wp-json\/wp\/v2\/posts\/9242\/revisions"}],"predecessor-version":[{"id":9245,"href":"https:\/\/ecampania.it\/magazine\/wp-json\/wp\/v2\/posts\/9242\/revisions\/9245"}],"wp:featuredmedia":[{"embeddable":true,"href":"https:\/\/ecampania.it\/magazine\/wp-json\/wp\/v2\/media\/9244"}],"wp:attachment":[{"href":"https:\/\/ecampania.it\/magazine\/wp-json\/wp\/v2\/media?parent=9242"}],"wp:term":[{"taxonomy":"category","embeddable":true,"href":"https:\/\/ecampania.it\/magazine\/wp-json\/wp\/v2\/categories?post=9242"},{"taxonomy":"post_tag","embeddable":true,"href":"https:\/\/ecampania.it\/magazine\/wp-json\/wp\/v2\/tags?post=9242"}],"curies":[{"name":"wp","href":"https:\/\/api.w.org\/{rel}","templated":true}]}}