{"id":9272,"date":"2026-04-29T10:56:06","date_gmt":"2026-04-29T08:56:06","guid":{"rendered":"https:\/\/ecampania.it\/magazine\/?p=9272"},"modified":"2026-04-29T10:56:07","modified_gmt":"2026-04-29T08:56:07","slug":"il-bosco-delle-fragole-a-eboli-arriva-per-la-prima-volta-in-italia-lo-strawberry-fair","status":"publish","type":"post","link":"https:\/\/ecampania.it\/magazine\/il-bosco-delle-fragole-a-eboli-arriva-per-la-prima-volta-in-italia-lo-strawberry-fair\/","title":{"rendered":"&#8216;Il Bosco delle fragole&#8217;: a Eboli arriva, per la prima volta in Italia, lo Strawberry fair"},"content":{"rendered":"\n<h4 class=\"wp-block-heading\">Ogni week end dal 1 maggio al 2 giugno, l\u2019evento targato \u201cMa dove vivono i cartoni?\u201d<\/h4>\n\n\n\n<p>Dolce, succosa e dal colore che ricorda la passione. La fragola \u00e8 uno dei frutti pi\u00f9 amati e al suo nome sono legate molte leggende. Secondo il mito greco-romano, infatti, le fragole sarebbero sorte dal pianto di Venere per la morte di Adone: le sue lacrime cadendo avrebbero formato dei cuoricini rossi, dando cos\u00ec vita alle fragole. Ed in Campania arriva un evento ad esse dedicato, per la prima volta in Italia.<\/p>\n\n\n\n<p><strong>Dal 1 maggio al 2 giugno,<\/strong> infatti, per tutti i week end all\u2019<strong>Oasi Vivinatura di Lagosele a Eboli, Salerno<\/strong>, la carovana di &#8220;Ma dove vivono i cartoni?\u201d, amministrata da Aurora Manuele, presenta un evento unico: \u00abIl bosco delle fragole\u00bb. Nella suggestiva cornice paesaggistica ci sar\u00e0 un grande campo di fragole ed ogni attivit\u00e0 sar\u00e0 a tema, dedicata al gustoso frutto rosso passione. Strambosco si trasforma, cos\u00ec, nel \u00abBosco delle fragole\u00bb, dove adulti e bambini potranno vivere questa nuova avventura di family-experience.<\/p>\n\n\n\n<p>Ci sar\u00e0 la passeggiata nel bosco con la Fata Fragolina e i suoi amici, laboratori a tema dove si dar\u00e0 sfogo alla fantasia e alla creativit\u00e0, la fantastica &#8220;Spiaggia rossa\u201d, un vero e proprio lido con la sabbia ricreato per l\u2019occasione che far\u00e0 immaginare di essere al mare. Inoltre, non mancheranno gli Strawberry Games, esibizioni con musiche di campagna e danze tipiche, giro in trattore, area Pic nic e Show Cooking. Gustosa e coloratissima la magica Strawberry street dove si potranno fare tante foto.<\/p>\n\n\n\n<p><strong>Il ticket bambini comprende:<\/strong> Piantina di fragole, Favole, un laboratorio creativo, Merenda con pane e marmellata di fragole e Giochi a tema. Molta attenzione anche al cibo che sar\u00e0 totalmente dedicato alle fragole: gustosa la marmellata tipica e lo Strawberry Spritz, una vera novit\u00e0. Poi c\u2019\u00e8 l\u2019Area Strawberry food con: Strawberry Men\u00f9; Friggitoria; Specialit\u00e0 alle fragole; Birra; Caff\u00e8 e Bevande. Un vero e proprio festival della fragola, mai visto prima, che cade con la festa delle fragole che si svolge a Nemi, nel Lazio, ogni prima domenica del mese di giugno.<\/p>\n\n\n\n<p>\u00abUn evento nuovo, mai visto prima e studiato nei minimi particolari &#8211; dicono i responsabili Aurora Manuele e Francesco Chiaiese- per tutti i nostri amici che ci seguono da sempre e per coloro che vorranno cominciare a seguirci. Alle fragole sono legate molte leggende, sono considerate simbolo di rinascita della natura. Shakespeare e altre tradizioni popolari definivano le fragole &#8220;cibo delle fate&#8221; o frutti prodigiosi per il loro profumo e la loro natura spontanea. Abbiamo scelto questo frutto come emblema del nostro percorso dedicato alle famiglie, per il suo forte valore simbolico. La fragola \u00e8 storicamente considerata un frutto divino e un &#8220;Cupido&#8221; commestibile, celebrato fin dall&#8217;antichit\u00e0 per il suo profumo e il sapore unico\u00bb.<\/p>\n\n\n\n<p><strong>Cosa? \u201cIl bosco delle favole\u201d<br>Dove? All\u2019Oasi natura di Lagosele a Eboli, Salerno<br>Quando? Dal primo maggio al 2 giugno, per tutti i week end<br>Per prenotazioni scrivere un Whastapp al 327 2540679<\/strong><\/p>\n","protected":false},"excerpt":{"rendered":"<p>Ogni week end dal 1 maggio al 2 giugno, l\u2019evento targato \u201cMa dove vivono i cartoni?\u201d Dolce, succosa e dal colore che ricorda la passione. La fragola \u00e8 uno dei frutti pi\u00f9 amati e al suo nome sono legate molte leggende. Secondo il mito greco-romano, infatti, le fragole sarebbero sorte dal pianto di Venere per [&hellip;]<\/p>\n","protected":false},"author":13,"featured_media":9273,"comment_status":"open","ping_status":"open","sticky":false,"template":"","format":"standard","meta":{"jnews-multi-image_gallery":[],"jnews_single_post":{"format":"standard"},"jnews_primary_category":[],"jnews_override_counter":[],"footnotes":""},"categories":[7],"tags":[101,384,28],"class_list":["post-9272","post","type-post","status-publish","format-standard","has-post-thumbnail","hentry","category-eventi","tag-bambini","tag-fragole","tag-prima"],"yoast_head":"<!-- This site is optimized with the Yoast SEO plugin v24.2 - https:\/\/yoast.com\/wordpress\/plugins\/seo\/ -->\n<title>&#039;Il Bosco delle fragole&#039;: a Eboli arriva, per la prima volta in Italia, lo Strawberry fair - \u00e8campania<\/title>\n<meta name=\"robots\" content=\"index, follow, max-snippet:-1, max-image-preview:large, max-video-preview:-1\" \/>\n<link rel=\"canonical\" href=\"https:\/\/ecampania.it\/magazine\/il-bosco-delle-fragole-a-eboli-arriva-per-la-prima-volta-in-italia-lo-strawberry-fair\/\" \/>\n<meta property=\"og:locale\" content=\"it_IT\" \/>\n<meta property=\"og:type\" content=\"article\" \/>\n<meta property=\"og:title\" content=\"&#039;Il Bosco delle fragole&#039;: a Eboli arriva, per la prima volta in Italia, lo Strawberry fair - \u00e8campania\" \/>\n<meta property=\"og:description\" content=\"Ogni week end dal 1 maggio al 2 giugno, l\u2019evento targato \u201cMa dove vivono i cartoni?\u201d Dolce, succosa e dal colore che ricorda la passione. La fragola \u00e8 uno dei frutti pi\u00f9 amati e al suo nome sono legate molte leggende. Secondo il mito greco-romano, infatti, le fragole sarebbero sorte dal pianto di Venere per [&hellip;]\" \/>\n<meta property=\"og:url\" content=\"https:\/\/ecampania.it\/magazine\/il-bosco-delle-fragole-a-eboli-arriva-per-la-prima-volta-in-italia-lo-strawberry-fair\/\" \/>\n<meta property=\"og:site_name\" content=\"\u00e8campania\" \/>\n<meta property=\"article:publisher\" content=\"https:\/\/www.facebook.com\/ecampania.it\" \/>\n<meta property=\"article:author\" content=\"https:\/\/www.facebook.com\/gennarofuri\" \/>\n<meta property=\"article:published_time\" content=\"2026-04-29T08:56:06+00:00\" \/>\n<meta property=\"article:modified_time\" content=\"2026-04-29T08:56:07+00:00\" \/>\n<meta property=\"og:image\" content=\"https:\/\/ecampania.it\/magazine\/wp-content\/uploads\/2026\/04\/fragole.jpg\" \/>\n\t<meta property=\"og:image:width\" content=\"1280\" \/>\n\t<meta property=\"og:image:height\" content=\"854\" \/>\n\t<meta property=\"og:image:type\" content=\"image\/jpeg\" \/>\n<meta name=\"author\" content=\"Gennaro Carotenuto\" \/>\n<meta name=\"twitter:card\" content=\"summary_large_image\" \/>\n<meta name=\"twitter:label1\" content=\"Scritto da\" \/>\n\t<meta name=\"twitter:data1\" content=\"Gennaro Carotenuto\" \/>\n\t<meta name=\"twitter:label2\" content=\"Tempo di lettura stimato\" \/>\n\t<meta name=\"twitter:data2\" content=\"3 minuti\" \/>\n<script type=\"application\/ld+json\" class=\"yoast-schema-graph\">{\"@context\":\"https:\/\/schema.org\",\"@graph\":[{\"@type\":\"Article\",\"@id\":\"https:\/\/ecampania.it\/magazine\/il-bosco-delle-fragole-a-eboli-arriva-per-la-prima-volta-in-italia-lo-strawberry-fair\/#article\",\"isPartOf\":{\"@id\":\"https:\/\/ecampania.it\/magazine\/il-bosco-delle-fragole-a-eboli-arriva-per-la-prima-volta-in-italia-lo-strawberry-fair\/\"},\"author\":{\"name\":\"Gennaro Carotenuto\",\"@id\":\"https:\/\/ecampania.it\/magazine\/#\/schema\/person\/6cd339d7bb17f512b5f029ea8858483f\"},\"headline\":\"&#8216;Il Bosco delle fragole&#8217;: a Eboli arriva, per la prima volta in Italia, lo Strawberry fair\",\"datePublished\":\"2026-04-29T08:56:06+00:00\",\"dateModified\":\"2026-04-29T08:56:07+00:00\",\"mainEntityOfPage\":{\"@id\":\"https:\/\/ecampania.it\/magazine\/il-bosco-delle-fragole-a-eboli-arriva-per-la-prima-volta-in-italia-lo-strawberry-fair\/\"},\"wordCount\":502,\"commentCount\":0,\"publisher\":{\"@id\":\"https:\/\/ecampania.it\/magazine\/#organization\"},\"image\":{\"@id\":\"https:\/\/ecampania.it\/magazine\/il-bosco-delle-fragole-a-eboli-arriva-per-la-prima-volta-in-italia-lo-strawberry-fair\/#primaryimage\"},\"thumbnailUrl\":\"https:\/\/ecampania.it\/magazine\/wp-content\/uploads\/2026\/04\/fragole.jpg\",\"keywords\":[\"bambini\",\"fragole\",\"prima\"],\"articleSection\":[\"Eventi\"],\"inLanguage\":\"it-IT\",\"potentialAction\":[{\"@type\":\"CommentAction\",\"name\":\"Comment\",\"target\":[\"https:\/\/ecampania.it\/magazine\/il-bosco-delle-fragole-a-eboli-arriva-per-la-prima-volta-in-italia-lo-strawberry-fair\/#respond\"]}]},{\"@type\":\"WebPage\",\"@id\":\"https:\/\/ecampania.it\/magazine\/il-bosco-delle-fragole-a-eboli-arriva-per-la-prima-volta-in-italia-lo-strawberry-fair\/\",\"url\":\"https:\/\/ecampania.it\/magazine\/il-bosco-delle-fragole-a-eboli-arriva-per-la-prima-volta-in-italia-lo-strawberry-fair\/\",\"name\":\"'Il Bosco delle fragole': a Eboli arriva, per la prima volta in Italia, lo Strawberry fair - \u00e8campania\",\"isPartOf\":{\"@id\":\"https:\/\/ecampania.it\/magazine\/#website\"},\"primaryImageOfPage\":{\"@id\":\"https:\/\/ecampania.it\/magazine\/il-bosco-delle-fragole-a-eboli-arriva-per-la-prima-volta-in-italia-lo-strawberry-fair\/#primaryimage\"},\"image\":{\"@id\":\"https:\/\/ecampania.it\/magazine\/il-bosco-delle-fragole-a-eboli-arriva-per-la-prima-volta-in-italia-lo-strawberry-fair\/#primaryimage\"},\"thumbnailUrl\":\"https:\/\/ecampania.it\/magazine\/wp-content\/uploads\/2026\/04\/fragole.jpg\",\"datePublished\":\"2026-04-29T08:56:06+00:00\",\"dateModified\":\"2026-04-29T08:56:07+00:00\",\"breadcrumb\":{\"@id\":\"https:\/\/ecampania.it\/magazine\/il-bosco-delle-fragole-a-eboli-arriva-per-la-prima-volta-in-italia-lo-strawberry-fair\/#breadcrumb\"},\"inLanguage\":\"it-IT\",\"potentialAction\":[{\"@type\":\"ReadAction\",\"target\":[\"https:\/\/ecampania.it\/magazine\/il-bosco-delle-fragole-a-eboli-arriva-per-la-prima-volta-in-italia-lo-strawberry-fair\/\"]}]},{\"@type\":\"ImageObject\",\"inLanguage\":\"it-IT\",\"@id\":\"https:\/\/ecampania.it\/magazine\/il-bosco-delle-fragole-a-eboli-arriva-per-la-prima-volta-in-italia-lo-strawberry-fair\/#primaryimage\",\"url\":\"https:\/\/ecampania.it\/magazine\/wp-content\/uploads\/2026\/04\/fragole.jpg\",\"contentUrl\":\"https:\/\/ecampania.it\/magazine\/wp-content\/uploads\/2026\/04\/fragole.jpg\",\"width\":1280,\"height\":854},{\"@type\":\"BreadcrumbList\",\"@id\":\"https:\/\/ecampania.it\/magazine\/il-bosco-delle-fragole-a-eboli-arriva-per-la-prima-volta-in-italia-lo-strawberry-fair\/#breadcrumb\",\"itemListElement\":[{\"@type\":\"ListItem\",\"position\":1,\"name\":\"Home\",\"item\":\"https:\/\/ecampania.it\/magazine\/\"},{\"@type\":\"ListItem\",\"position\":2,\"name\":\"&#8216;Il Bosco delle fragole&#8217;: a Eboli arriva, per la prima volta in Italia, lo Strawberry fair\"}]},{\"@type\":\"WebSite\",\"@id\":\"https:\/\/ecampania.it\/magazine\/#website\",\"url\":\"https:\/\/ecampania.it\/magazine\/\",\"name\":\"Ecampania\",\"description\":\"Il primo portale dedicato al turismo ed alla cultura in Campania\",\"publisher\":{\"@id\":\"https:\/\/ecampania.it\/magazine\/#organization\"},\"potentialAction\":[{\"@type\":\"SearchAction\",\"target\":{\"@type\":\"EntryPoint\",\"urlTemplate\":\"https:\/\/ecampania.it\/magazine\/?s={search_term_string}\"},\"query-input\":{\"@type\":\"PropertyValueSpecification\",\"valueRequired\":true,\"valueName\":\"search_term_string\"}}],\"inLanguage\":\"it-IT\"},{\"@type\":\"Organization\",\"@id\":\"https:\/\/ecampania.it\/magazine\/#organization\",\"name\":\"Ecampania\",\"url\":\"https:\/\/ecampania.it\/magazine\/\",\"logo\":{\"@type\":\"ImageObject\",\"inLanguage\":\"it-IT\",\"@id\":\"https:\/\/ecampania.it\/magazine\/#\/schema\/logo\/image\/\",\"url\":\"https:\/\/ecampania.it\/magazine\/wp-content\/uploads\/2025\/01\/fb.png\",\"contentUrl\":\"https:\/\/ecampania.it\/magazine\/wp-content\/uploads\/2025\/01\/fb.png\",\"width\":500,\"height\":500,\"caption\":\"Ecampania\"},\"image\":{\"@id\":\"https:\/\/ecampania.it\/magazine\/#\/schema\/logo\/image\/\"},\"sameAs\":[\"https:\/\/www.facebook.com\/ecampania.it\",\"https:\/\/www.instagram.com\/ecampania.it\/\"]},{\"@type\":\"Person\",\"@id\":\"https:\/\/ecampania.it\/magazine\/#\/schema\/person\/6cd339d7bb17f512b5f029ea8858483f\",\"name\":\"Gennaro Carotenuto\",\"image\":{\"@type\":\"ImageObject\",\"inLanguage\":\"it-IT\",\"@id\":\"https:\/\/ecampania.it\/magazine\/#\/schema\/person\/image\/\",\"url\":\"https:\/\/secure.gravatar.com\/avatar\/d9c3e76c0b5604226bfbb4249ef91e71c308576776e2568a9156be83deba368e?s=96&d=mm&r=g\",\"contentUrl\":\"https:\/\/secure.gravatar.com\/avatar\/d9c3e76c0b5604226bfbb4249ef91e71c308576776e2568a9156be83deba368e?s=96&d=mm&r=g\",\"caption\":\"Gennaro Carotenuto\"},\"description\":\"Il bambino che non gioca non \u00e8 un bambino, ma l'adulto che non gioca ha perso per sempre il bambino che ha dentro di s\u00e9. Ha ragione Neruda? Per scoprirlo continuo a viaggiare con il corpo e con la mente! Giornalista professionista, nel 2014 ho fondato ecampania.it, ho fatto bene? Chiss\u00e0!\",\"sameAs\":[\"https:\/\/www.facebook.com\/gennarofuri\",\"https:\/\/www.instagram.com\/furetto80\/\"],\"url\":\"https:\/\/ecampania.it\/magazine\/author\/gennaro-carotenuto\/\"}]}<\/script>\n<!-- \/ Yoast SEO plugin. -->","yoast_head_json":{"title":"'Il Bosco delle fragole': a Eboli arriva, per la prima volta in Italia, lo Strawberry fair - \u00e8campania","robots":{"index":"index","follow":"follow","max-snippet":"max-snippet:-1","max-image-preview":"max-image-preview:large","max-video-preview":"max-video-preview:-1"},"canonical":"https:\/\/ecampania.it\/magazine\/il-bosco-delle-fragole-a-eboli-arriva-per-la-prima-volta-in-italia-lo-strawberry-fair\/","og_locale":"it_IT","og_type":"article","og_title":"'Il Bosco delle fragole': a Eboli arriva, per la prima volta in Italia, lo Strawberry fair - \u00e8campania","og_description":"Ogni week end dal 1 maggio al 2 giugno, l\u2019evento targato \u201cMa dove vivono i cartoni?\u201d Dolce, succosa e dal colore che ricorda la passione. La fragola \u00e8 uno dei frutti pi\u00f9 amati e al suo nome sono legate molte leggende. Secondo il mito greco-romano, infatti, le fragole sarebbero sorte dal pianto di Venere per [&hellip;]","og_url":"https:\/\/ecampania.it\/magazine\/il-bosco-delle-fragole-a-eboli-arriva-per-la-prima-volta-in-italia-lo-strawberry-fair\/","og_site_name":"\u00e8campania","article_publisher":"https:\/\/www.facebook.com\/ecampania.it","article_author":"https:\/\/www.facebook.com\/gennarofuri","article_published_time":"2026-04-29T08:56:06+00:00","article_modified_time":"2026-04-29T08:56:07+00:00","og_image":[{"width":1280,"height":854,"url":"https:\/\/ecampania.it\/magazine\/wp-content\/uploads\/2026\/04\/fragole.jpg","type":"image\/jpeg"}],"author":"Gennaro Carotenuto","twitter_card":"summary_large_image","twitter_misc":{"Scritto da":"Gennaro Carotenuto","Tempo di lettura stimato":"3 minuti"},"schema":{"@context":"https:\/\/schema.org","@graph":[{"@type":"Article","@id":"https:\/\/ecampania.it\/magazine\/il-bosco-delle-fragole-a-eboli-arriva-per-la-prima-volta-in-italia-lo-strawberry-fair\/#article","isPartOf":{"@id":"https:\/\/ecampania.it\/magazine\/il-bosco-delle-fragole-a-eboli-arriva-per-la-prima-volta-in-italia-lo-strawberry-fair\/"},"author":{"name":"Gennaro Carotenuto","@id":"https:\/\/ecampania.it\/magazine\/#\/schema\/person\/6cd339d7bb17f512b5f029ea8858483f"},"headline":"&#8216;Il Bosco delle fragole&#8217;: a Eboli arriva, per la prima volta in Italia, lo Strawberry fair","datePublished":"2026-04-29T08:56:06+00:00","dateModified":"2026-04-29T08:56:07+00:00","mainEntityOfPage":{"@id":"https:\/\/ecampania.it\/magazine\/il-bosco-delle-fragole-a-eboli-arriva-per-la-prima-volta-in-italia-lo-strawberry-fair\/"},"wordCount":502,"commentCount":0,"publisher":{"@id":"https:\/\/ecampania.it\/magazine\/#organization"},"image":{"@id":"https:\/\/ecampania.it\/magazine\/il-bosco-delle-fragole-a-eboli-arriva-per-la-prima-volta-in-italia-lo-strawberry-fair\/#primaryimage"},"thumbnailUrl":"https:\/\/ecampania.it\/magazine\/wp-content\/uploads\/2026\/04\/fragole.jpg","keywords":["bambini","fragole","prima"],"articleSection":["Eventi"],"inLanguage":"it-IT","potentialAction":[{"@type":"CommentAction","name":"Comment","target":["https:\/\/ecampania.it\/magazine\/il-bosco-delle-fragole-a-eboli-arriva-per-la-prima-volta-in-italia-lo-strawberry-fair\/#respond"]}]},{"@type":"WebPage","@id":"https:\/\/ecampania.it\/magazine\/il-bosco-delle-fragole-a-eboli-arriva-per-la-prima-volta-in-italia-lo-strawberry-fair\/","url":"https:\/\/ecampania.it\/magazine\/il-bosco-delle-fragole-a-eboli-arriva-per-la-prima-volta-in-italia-lo-strawberry-fair\/","name":"'Il Bosco delle fragole': a Eboli arriva, per la prima volta in Italia, lo Strawberry fair - \u00e8campania","isPartOf":{"@id":"https:\/\/ecampania.it\/magazine\/#website"},"primaryImageOfPage":{"@id":"https:\/\/ecampania.it\/magazine\/il-bosco-delle-fragole-a-eboli-arriva-per-la-prima-volta-in-italia-lo-strawberry-fair\/#primaryimage"},"image":{"@id":"https:\/\/ecampania.it\/magazine\/il-bosco-delle-fragole-a-eboli-arriva-per-la-prima-volta-in-italia-lo-strawberry-fair\/#primaryimage"},"thumbnailUrl":"https:\/\/ecampania.it\/magazine\/wp-content\/uploads\/2026\/04\/fragole.jpg","datePublished":"2026-04-29T08:56:06+00:00","dateModified":"2026-04-29T08:56:07+00:00","breadcrumb":{"@id":"https:\/\/ecampania.it\/magazine\/il-bosco-delle-fragole-a-eboli-arriva-per-la-prima-volta-in-italia-lo-strawberry-fair\/#breadcrumb"},"inLanguage":"it-IT","potentialAction":[{"@type":"ReadAction","target":["https:\/\/ecampania.it\/magazine\/il-bosco-delle-fragole-a-eboli-arriva-per-la-prima-volta-in-italia-lo-strawberry-fair\/"]}]},{"@type":"ImageObject","inLanguage":"it-IT","@id":"https:\/\/ecampania.it\/magazine\/il-bosco-delle-fragole-a-eboli-arriva-per-la-prima-volta-in-italia-lo-strawberry-fair\/#primaryimage","url":"https:\/\/ecampania.it\/magazine\/wp-content\/uploads\/2026\/04\/fragole.jpg","contentUrl":"https:\/\/ecampania.it\/magazine\/wp-content\/uploads\/2026\/04\/fragole.jpg","width":1280,"height":854},{"@type":"BreadcrumbList","@id":"https:\/\/ecampania.it\/magazine\/il-bosco-delle-fragole-a-eboli-arriva-per-la-prima-volta-in-italia-lo-strawberry-fair\/#breadcrumb","itemListElement":[{"@type":"ListItem","position":1,"name":"Home","item":"https:\/\/ecampania.it\/magazine\/"},{"@type":"ListItem","position":2,"name":"&#8216;Il Bosco delle fragole&#8217;: a Eboli arriva, per la prima volta in Italia, lo Strawberry fair"}]},{"@type":"WebSite","@id":"https:\/\/ecampania.it\/magazine\/#website","url":"https:\/\/ecampania.it\/magazine\/","name":"Ecampania","description":"Il primo portale dedicato al turismo ed alla cultura in Campania","publisher":{"@id":"https:\/\/ecampania.it\/magazine\/#organization"},"potentialAction":[{"@type":"SearchAction","target":{"@type":"EntryPoint","urlTemplate":"https:\/\/ecampania.it\/magazine\/?s={search_term_string}"},"query-input":{"@type":"PropertyValueSpecification","valueRequired":true,"valueName":"search_term_string"}}],"inLanguage":"it-IT"},{"@type":"Organization","@id":"https:\/\/ecampania.it\/magazine\/#organization","name":"Ecampania","url":"https:\/\/ecampania.it\/magazine\/","logo":{"@type":"ImageObject","inLanguage":"it-IT","@id":"https:\/\/ecampania.it\/magazine\/#\/schema\/logo\/image\/","url":"https:\/\/ecampania.it\/magazine\/wp-content\/uploads\/2025\/01\/fb.png","contentUrl":"https:\/\/ecampania.it\/magazine\/wp-content\/uploads\/2025\/01\/fb.png","width":500,"height":500,"caption":"Ecampania"},"image":{"@id":"https:\/\/ecampania.it\/magazine\/#\/schema\/logo\/image\/"},"sameAs":["https:\/\/www.facebook.com\/ecampania.it","https:\/\/www.instagram.com\/ecampania.it\/"]},{"@type":"Person","@id":"https:\/\/ecampania.it\/magazine\/#\/schema\/person\/6cd339d7bb17f512b5f029ea8858483f","name":"Gennaro Carotenuto","image":{"@type":"ImageObject","inLanguage":"it-IT","@id":"https:\/\/ecampania.it\/magazine\/#\/schema\/person\/image\/","url":"https:\/\/secure.gravatar.com\/avatar\/d9c3e76c0b5604226bfbb4249ef91e71c308576776e2568a9156be83deba368e?s=96&d=mm&r=g","contentUrl":"https:\/\/secure.gravatar.com\/avatar\/d9c3e76c0b5604226bfbb4249ef91e71c308576776e2568a9156be83deba368e?s=96&d=mm&r=g","caption":"Gennaro Carotenuto"},"description":"Il bambino che non gioca non \u00e8 un bambino, ma l'adulto che non gioca ha perso per sempre il bambino che ha dentro di s\u00e9. Ha ragione Neruda? Per scoprirlo continuo a viaggiare con il corpo e con la mente! Giornalista professionista, nel 2014 ho fondato ecampania.it, ho fatto bene? Chiss\u00e0!","sameAs":["https:\/\/www.facebook.com\/gennarofuri","https:\/\/www.instagram.com\/furetto80\/"],"url":"https:\/\/ecampania.it\/magazine\/author\/gennaro-carotenuto\/"}]}},"_links":{"self":[{"href":"https:\/\/ecampania.it\/magazine\/wp-json\/wp\/v2\/posts\/9272","targetHints":{"allow":["GET"]}}],"collection":[{"href":"https:\/\/ecampania.it\/magazine\/wp-json\/wp\/v2\/posts"}],"about":[{"href":"https:\/\/ecampania.it\/magazine\/wp-json\/wp\/v2\/types\/post"}],"author":[{"embeddable":true,"href":"https:\/\/ecampania.it\/magazine\/wp-json\/wp\/v2\/users\/13"}],"replies":[{"embeddable":true,"href":"https:\/\/ecampania.it\/magazine\/wp-json\/wp\/v2\/comments?post=9272"}],"version-history":[{"count":1,"href":"https:\/\/ecampania.it\/magazine\/wp-json\/wp\/v2\/posts\/9272\/revisions"}],"predecessor-version":[{"id":9274,"href":"https:\/\/ecampania.it\/magazine\/wp-json\/wp\/v2\/posts\/9272\/revisions\/9274"}],"wp:featuredmedia":[{"embeddable":true,"href":"https:\/\/ecampania.it\/magazine\/wp-json\/wp\/v2\/media\/9273"}],"wp:attachment":[{"href":"https:\/\/ecampania.it\/magazine\/wp-json\/wp\/v2\/media?parent=9272"}],"wp:term":[{"taxonomy":"category","embeddable":true,"href":"https:\/\/ecampania.it\/magazine\/wp-json\/wp\/v2\/categories?post=9272"},{"taxonomy":"post_tag","embeddable":true,"href":"https:\/\/ecampania.it\/magazine\/wp-json\/wp\/v2\/tags?post=9272"}],"curies":[{"name":"wp","href":"https:\/\/api.w.org\/{rel}","templated":true}]}}