{"id":9308,"date":"2026-05-01T09:13:42","date_gmt":"2026-05-01T07:13:42","guid":{"rendered":"https:\/\/ecampania.it\/magazine\/?p=9308"},"modified":"2026-05-01T09:13:43","modified_gmt":"2026-05-01T07:13:43","slug":"vico-equense-per-il-maggio-della-cultura-musei-cittadini-aperti-ogni-weekend","status":"publish","type":"post","link":"https:\/\/ecampania.it\/magazine\/vico-equense-per-il-maggio-della-cultura-musei-cittadini-aperti-ogni-weekend\/","title":{"rendered":"Vico Equense, per il \u201cMaggio della Cultura\u201d musei cittadini aperti ogni weekend"},"content":{"rendered":"\n<p>Un mese interamente dedicato alla promozione del sapere, della storia e della conoscenza. Con il \u201c<strong>Maggio della Cultura<\/strong>\u201d, cittadini e visitatori verranno accompagnati lungo un percorso diffuso tra i principali luoghi culturali della citt\u00e0. Per l\u2019intero mese di maggio, infatti, oltre agli eventi in programma, verranno aperti al pubblico tutti i musei cittadini, ogni sabato e domenica con orario <strong>10:00-13:00 e 16:00-20:00,<\/strong> offrendo un\u2019opportunit\u00e0 concreta di fruizione del patrimonio locale.<\/p>\n\n\n\n<p>Nel circuito rientrano il <strong>MAAAM<\/strong> della nuova Casa Comunale di Piazzale Siani, l\u2019An<strong>tiquarium Silio Italico<\/strong>, il <strong>Museo del Cinema<\/strong> del Palazzo Storico Comunale, il <strong>Museo Mineralogico<\/strong> dell\u2019Istituto SS. Trinit\u00e0 e Paradiso, il <strong>Museo Diocesano<\/strong> di via Vescovado e la <strong>Chiesa della SS. Annunziata<\/strong>, considerata tra le pi\u00f9 suggestive del panorama nazionale.<\/p>\n\n\n\n<p>\u201cCon il Maggio della Cultura intendiamo rafforzare una visione precisa: la cultura come elemento strutturale della vita cittadina\u201d, dichiara il sindaco <strong>Giuseppe Aiello<\/strong>. \u201cNon si tratta solo di ampliare l\u2019offerta, ma di costruire un rapporto stabile tra comunit\u00e0 e patrimonio. L\u2019apertura dei musei nei weekend rappresenta un passo concreto in questa direzione\u201d, ha continuato. \u201cVico Equense ha un patrimonio ricco e articolato, che merita di essere valorizzato con continuit\u00e0. Questo mese \u00e8 un invito a riscoprirlo, con uno sguardo nuovo e pi\u00f9 consapevole\u201d, ha concluso il primo cittadino.<\/p>\n\n\n\n<p>L\u2019iniziativa si inserisce in un pi\u00f9 ampio programma di valorizzazione culturale del territorio, con l\u2019obiettivo di rendere sempre pi\u00f9 accessibili e fruibili i luoghi della memoria e dell\u2019identit\u00e0 locale.<\/p>\n","protected":false},"excerpt":{"rendered":"<p>Un mese interamente dedicato alla promozione del sapere, della storia e della conoscenza. Con il \u201cMaggio della Cultura\u201d, cittadini e visitatori verranno accompagnati lungo un percorso diffuso tra i principali luoghi culturali della citt\u00e0. Per l\u2019intero mese di maggio, infatti, oltre agli eventi in programma, verranno aperti al pubblico tutti i musei cittadini, ogni sabato [&hellip;]<\/p>\n","protected":false},"author":7,"featured_media":9309,"comment_status":"open","ping_status":"open","sticky":false,"template":"","format":"standard","meta":{"jnews-multi-image_gallery":[],"jnews_single_post":{"format":"standard"},"jnews_primary_category":[],"jnews_override_counter":[],"footnotes":""},"categories":[8],"tags":[81,382,251,159],"class_list":["post-9308","post","type-post","status-publish","format-standard","has-post-thumbnail","hentry","category-cultura","tag-cultura","tag-maggio-della-cultura","tag-musei","tag-vico-equense"],"yoast_head":"<!-- This site is optimized with the Yoast SEO plugin v24.2 - https:\/\/yoast.com\/wordpress\/plugins\/seo\/ -->\n<title>Vico Equense, per il \u201cMaggio della Cultura\u201d musei cittadini aperti ogni weekend - \u00e8campania<\/title>\n<meta name=\"robots\" content=\"index, follow, max-snippet:-1, max-image-preview:large, max-video-preview:-1\" \/>\n<link rel=\"canonical\" href=\"https:\/\/ecampania.it\/magazine\/vico-equense-per-il-maggio-della-cultura-musei-cittadini-aperti-ogni-weekend\/\" \/>\n<meta property=\"og:locale\" content=\"it_IT\" \/>\n<meta property=\"og:type\" content=\"article\" \/>\n<meta property=\"og:title\" content=\"Vico Equense, per il \u201cMaggio della Cultura\u201d musei cittadini aperti ogni weekend - \u00e8campania\" \/>\n<meta property=\"og:description\" content=\"Un mese interamente dedicato alla promozione del sapere, della storia e della conoscenza. Con il \u201cMaggio della Cultura\u201d, cittadini e visitatori verranno accompagnati lungo un percorso diffuso tra i principali luoghi culturali della citt\u00e0. Per l\u2019intero mese di maggio, infatti, oltre agli eventi in programma, verranno aperti al pubblico tutti i musei cittadini, ogni sabato [&hellip;]\" \/>\n<meta property=\"og:url\" content=\"https:\/\/ecampania.it\/magazine\/vico-equense-per-il-maggio-della-cultura-musei-cittadini-aperti-ogni-weekend\/\" \/>\n<meta property=\"og:site_name\" content=\"\u00e8campania\" \/>\n<meta property=\"article:publisher\" content=\"https:\/\/www.facebook.com\/ecampania.it\" \/>\n<meta property=\"article:published_time\" content=\"2026-05-01T07:13:42+00:00\" \/>\n<meta property=\"article:modified_time\" content=\"2026-05-01T07:13:43+00:00\" \/>\n<meta property=\"og:image\" content=\"https:\/\/ecampania.it\/magazine\/wp-content\/uploads\/2026\/05\/44239_vico-equense-via-al-maggio-della-cultura-musei-aperti-ogni-weekend-.jpg\" \/>\n\t<meta property=\"og:image:width\" content=\"1080\" \/>\n\t<meta property=\"og:image:height\" content=\"924\" \/>\n\t<meta property=\"og:image:type\" content=\"image\/jpeg\" \/>\n<meta name=\"author\" content=\"Redazione\" \/>\n<meta name=\"twitter:card\" content=\"summary_large_image\" \/>\n<meta name=\"twitter:label1\" content=\"Scritto da\" \/>\n\t<meta name=\"twitter:data1\" content=\"Redazione\" \/>\n\t<meta name=\"twitter:label2\" content=\"Tempo di lettura stimato\" \/>\n\t<meta name=\"twitter:data2\" content=\"2 minuti\" \/>\n<script type=\"application\/ld+json\" class=\"yoast-schema-graph\">{\"@context\":\"https:\/\/schema.org\",\"@graph\":[{\"@type\":\"Article\",\"@id\":\"https:\/\/ecampania.it\/magazine\/vico-equense-per-il-maggio-della-cultura-musei-cittadini-aperti-ogni-weekend\/#article\",\"isPartOf\":{\"@id\":\"https:\/\/ecampania.it\/magazine\/vico-equense-per-il-maggio-della-cultura-musei-cittadini-aperti-ogni-weekend\/\"},\"author\":{\"name\":\"Redazione\",\"@id\":\"https:\/\/ecampania.it\/magazine\/#\/schema\/person\/f259cd7c01428ef3ac5db31dcac5ab70\"},\"headline\":\"Vico Equense, per il \u201cMaggio della Cultura\u201d musei cittadini aperti ogni weekend\",\"datePublished\":\"2026-05-01T07:13:42+00:00\",\"dateModified\":\"2026-05-01T07:13:43+00:00\",\"mainEntityOfPage\":{\"@id\":\"https:\/\/ecampania.it\/magazine\/vico-equense-per-il-maggio-della-cultura-musei-cittadini-aperti-ogni-weekend\/\"},\"wordCount\":258,\"commentCount\":0,\"publisher\":{\"@id\":\"https:\/\/ecampania.it\/magazine\/#organization\"},\"image\":{\"@id\":\"https:\/\/ecampania.it\/magazine\/vico-equense-per-il-maggio-della-cultura-musei-cittadini-aperti-ogni-weekend\/#primaryimage\"},\"thumbnailUrl\":\"https:\/\/ecampania.it\/magazine\/wp-content\/uploads\/2026\/05\/44239_vico-equense-via-al-maggio-della-cultura-musei-aperti-ogni-weekend-.jpg\",\"keywords\":[\"cultura\",\"maggio della cultura\",\"musei\",\"vico equense\"],\"articleSection\":[\"Cultura\"],\"inLanguage\":\"it-IT\",\"potentialAction\":[{\"@type\":\"CommentAction\",\"name\":\"Comment\",\"target\":[\"https:\/\/ecampania.it\/magazine\/vico-equense-per-il-maggio-della-cultura-musei-cittadini-aperti-ogni-weekend\/#respond\"]}]},{\"@type\":\"WebPage\",\"@id\":\"https:\/\/ecampania.it\/magazine\/vico-equense-per-il-maggio-della-cultura-musei-cittadini-aperti-ogni-weekend\/\",\"url\":\"https:\/\/ecampania.it\/magazine\/vico-equense-per-il-maggio-della-cultura-musei-cittadini-aperti-ogni-weekend\/\",\"name\":\"Vico Equense, per il \u201cMaggio della Cultura\u201d musei cittadini aperti ogni weekend - \u00e8campania\",\"isPartOf\":{\"@id\":\"https:\/\/ecampania.it\/magazine\/#website\"},\"primaryImageOfPage\":{\"@id\":\"https:\/\/ecampania.it\/magazine\/vico-equense-per-il-maggio-della-cultura-musei-cittadini-aperti-ogni-weekend\/#primaryimage\"},\"image\":{\"@id\":\"https:\/\/ecampania.it\/magazine\/vico-equense-per-il-maggio-della-cultura-musei-cittadini-aperti-ogni-weekend\/#primaryimage\"},\"thumbnailUrl\":\"https:\/\/ecampania.it\/magazine\/wp-content\/uploads\/2026\/05\/44239_vico-equense-via-al-maggio-della-cultura-musei-aperti-ogni-weekend-.jpg\",\"datePublished\":\"2026-05-01T07:13:42+00:00\",\"dateModified\":\"2026-05-01T07:13:43+00:00\",\"breadcrumb\":{\"@id\":\"https:\/\/ecampania.it\/magazine\/vico-equense-per-il-maggio-della-cultura-musei-cittadini-aperti-ogni-weekend\/#breadcrumb\"},\"inLanguage\":\"it-IT\",\"potentialAction\":[{\"@type\":\"ReadAction\",\"target\":[\"https:\/\/ecampania.it\/magazine\/vico-equense-per-il-maggio-della-cultura-musei-cittadini-aperti-ogni-weekend\/\"]}]},{\"@type\":\"ImageObject\",\"inLanguage\":\"it-IT\",\"@id\":\"https:\/\/ecampania.it\/magazine\/vico-equense-per-il-maggio-della-cultura-musei-cittadini-aperti-ogni-weekend\/#primaryimage\",\"url\":\"https:\/\/ecampania.it\/magazine\/wp-content\/uploads\/2026\/05\/44239_vico-equense-via-al-maggio-della-cultura-musei-aperti-ogni-weekend-.jpg\",\"contentUrl\":\"https:\/\/ecampania.it\/magazine\/wp-content\/uploads\/2026\/05\/44239_vico-equense-via-al-maggio-della-cultura-musei-aperti-ogni-weekend-.jpg\",\"width\":1080,\"height\":924},{\"@type\":\"BreadcrumbList\",\"@id\":\"https:\/\/ecampania.it\/magazine\/vico-equense-per-il-maggio-della-cultura-musei-cittadini-aperti-ogni-weekend\/#breadcrumb\",\"itemListElement\":[{\"@type\":\"ListItem\",\"position\":1,\"name\":\"Home\",\"item\":\"https:\/\/ecampania.it\/magazine\/\"},{\"@type\":\"ListItem\",\"position\":2,\"name\":\"Vico Equense, per il \u201cMaggio della Cultura\u201d musei cittadini aperti ogni weekend\"}]},{\"@type\":\"WebSite\",\"@id\":\"https:\/\/ecampania.it\/magazine\/#website\",\"url\":\"https:\/\/ecampania.it\/magazine\/\",\"name\":\"Ecampania\",\"description\":\"Il primo portale dedicato al turismo ed alla cultura in Campania\",\"publisher\":{\"@id\":\"https:\/\/ecampania.it\/magazine\/#organization\"},\"potentialAction\":[{\"@type\":\"SearchAction\",\"target\":{\"@type\":\"EntryPoint\",\"urlTemplate\":\"https:\/\/ecampania.it\/magazine\/?s={search_term_string}\"},\"query-input\":{\"@type\":\"PropertyValueSpecification\",\"valueRequired\":true,\"valueName\":\"search_term_string\"}}],\"inLanguage\":\"it-IT\"},{\"@type\":\"Organization\",\"@id\":\"https:\/\/ecampania.it\/magazine\/#organization\",\"name\":\"Ecampania\",\"url\":\"https:\/\/ecampania.it\/magazine\/\",\"logo\":{\"@type\":\"ImageObject\",\"inLanguage\":\"it-IT\",\"@id\":\"https:\/\/ecampania.it\/magazine\/#\/schema\/logo\/image\/\",\"url\":\"https:\/\/ecampania.it\/magazine\/wp-content\/uploads\/2025\/01\/fb.png\",\"contentUrl\":\"https:\/\/ecampania.it\/magazine\/wp-content\/uploads\/2025\/01\/fb.png\",\"width\":500,\"height\":500,\"caption\":\"Ecampania\"},\"image\":{\"@id\":\"https:\/\/ecampania.it\/magazine\/#\/schema\/logo\/image\/\"},\"sameAs\":[\"https:\/\/www.facebook.com\/ecampania.it\",\"https:\/\/www.instagram.com\/ecampania.it\/\"]},{\"@type\":\"Person\",\"@id\":\"https:\/\/ecampania.it\/magazine\/#\/schema\/person\/f259cd7c01428ef3ac5db31dcac5ab70\",\"name\":\"Redazione\",\"image\":{\"@type\":\"ImageObject\",\"inLanguage\":\"it-IT\",\"@id\":\"https:\/\/ecampania.it\/magazine\/#\/schema\/person\/image\/\",\"url\":\"https:\/\/secure.gravatar.com\/avatar\/95816d083b7410def6d31c027c3ddb4f82515f84e68ea358ea75203bfac610a7?s=96&d=mm&r=g\",\"contentUrl\":\"https:\/\/secure.gravatar.com\/avatar\/95816d083b7410def6d31c027c3ddb4f82515f84e68ea358ea75203bfac610a7?s=96&d=mm&r=g\",\"caption\":\"Redazione\"},\"url\":\"https:\/\/ecampania.it\/magazine\/author\/ecampania\/\"}]}<\/script>\n<!-- \/ Yoast SEO plugin. -->","yoast_head_json":{"title":"Vico Equense, per il \u201cMaggio della Cultura\u201d musei cittadini aperti ogni weekend - \u00e8campania","robots":{"index":"index","follow":"follow","max-snippet":"max-snippet:-1","max-image-preview":"max-image-preview:large","max-video-preview":"max-video-preview:-1"},"canonical":"https:\/\/ecampania.it\/magazine\/vico-equense-per-il-maggio-della-cultura-musei-cittadini-aperti-ogni-weekend\/","og_locale":"it_IT","og_type":"article","og_title":"Vico Equense, per il \u201cMaggio della Cultura\u201d musei cittadini aperti ogni weekend - \u00e8campania","og_description":"Un mese interamente dedicato alla promozione del sapere, della storia e della conoscenza. Con il \u201cMaggio della Cultura\u201d, cittadini e visitatori verranno accompagnati lungo un percorso diffuso tra i principali luoghi culturali della citt\u00e0. Per l\u2019intero mese di maggio, infatti, oltre agli eventi in programma, verranno aperti al pubblico tutti i musei cittadini, ogni sabato [&hellip;]","og_url":"https:\/\/ecampania.it\/magazine\/vico-equense-per-il-maggio-della-cultura-musei-cittadini-aperti-ogni-weekend\/","og_site_name":"\u00e8campania","article_publisher":"https:\/\/www.facebook.com\/ecampania.it","article_published_time":"2026-05-01T07:13:42+00:00","article_modified_time":"2026-05-01T07:13:43+00:00","og_image":[{"width":1080,"height":924,"url":"https:\/\/ecampania.it\/magazine\/wp-content\/uploads\/2026\/05\/44239_vico-equense-via-al-maggio-della-cultura-musei-aperti-ogni-weekend-.jpg","type":"image\/jpeg"}],"author":"Redazione","twitter_card":"summary_large_image","twitter_misc":{"Scritto da":"Redazione","Tempo di lettura stimato":"2 minuti"},"schema":{"@context":"https:\/\/schema.org","@graph":[{"@type":"Article","@id":"https:\/\/ecampania.it\/magazine\/vico-equense-per-il-maggio-della-cultura-musei-cittadini-aperti-ogni-weekend\/#article","isPartOf":{"@id":"https:\/\/ecampania.it\/magazine\/vico-equense-per-il-maggio-della-cultura-musei-cittadini-aperti-ogni-weekend\/"},"author":{"name":"Redazione","@id":"https:\/\/ecampania.it\/magazine\/#\/schema\/person\/f259cd7c01428ef3ac5db31dcac5ab70"},"headline":"Vico Equense, per il \u201cMaggio della Cultura\u201d musei cittadini aperti ogni weekend","datePublished":"2026-05-01T07:13:42+00:00","dateModified":"2026-05-01T07:13:43+00:00","mainEntityOfPage":{"@id":"https:\/\/ecampania.it\/magazine\/vico-equense-per-il-maggio-della-cultura-musei-cittadini-aperti-ogni-weekend\/"},"wordCount":258,"commentCount":0,"publisher":{"@id":"https:\/\/ecampania.it\/magazine\/#organization"},"image":{"@id":"https:\/\/ecampania.it\/magazine\/vico-equense-per-il-maggio-della-cultura-musei-cittadini-aperti-ogni-weekend\/#primaryimage"},"thumbnailUrl":"https:\/\/ecampania.it\/magazine\/wp-content\/uploads\/2026\/05\/44239_vico-equense-via-al-maggio-della-cultura-musei-aperti-ogni-weekend-.jpg","keywords":["cultura","maggio della cultura","musei","vico equense"],"articleSection":["Cultura"],"inLanguage":"it-IT","potentialAction":[{"@type":"CommentAction","name":"Comment","target":["https:\/\/ecampania.it\/magazine\/vico-equense-per-il-maggio-della-cultura-musei-cittadini-aperti-ogni-weekend\/#respond"]}]},{"@type":"WebPage","@id":"https:\/\/ecampania.it\/magazine\/vico-equense-per-il-maggio-della-cultura-musei-cittadini-aperti-ogni-weekend\/","url":"https:\/\/ecampania.it\/magazine\/vico-equense-per-il-maggio-della-cultura-musei-cittadini-aperti-ogni-weekend\/","name":"Vico Equense, per il \u201cMaggio della Cultura\u201d musei cittadini aperti ogni weekend - \u00e8campania","isPartOf":{"@id":"https:\/\/ecampania.it\/magazine\/#website"},"primaryImageOfPage":{"@id":"https:\/\/ecampania.it\/magazine\/vico-equense-per-il-maggio-della-cultura-musei-cittadini-aperti-ogni-weekend\/#primaryimage"},"image":{"@id":"https:\/\/ecampania.it\/magazine\/vico-equense-per-il-maggio-della-cultura-musei-cittadini-aperti-ogni-weekend\/#primaryimage"},"thumbnailUrl":"https:\/\/ecampania.it\/magazine\/wp-content\/uploads\/2026\/05\/44239_vico-equense-via-al-maggio-della-cultura-musei-aperti-ogni-weekend-.jpg","datePublished":"2026-05-01T07:13:42+00:00","dateModified":"2026-05-01T07:13:43+00:00","breadcrumb":{"@id":"https:\/\/ecampania.it\/magazine\/vico-equense-per-il-maggio-della-cultura-musei-cittadini-aperti-ogni-weekend\/#breadcrumb"},"inLanguage":"it-IT","potentialAction":[{"@type":"ReadAction","target":["https:\/\/ecampania.it\/magazine\/vico-equense-per-il-maggio-della-cultura-musei-cittadini-aperti-ogni-weekend\/"]}]},{"@type":"ImageObject","inLanguage":"it-IT","@id":"https:\/\/ecampania.it\/magazine\/vico-equense-per-il-maggio-della-cultura-musei-cittadini-aperti-ogni-weekend\/#primaryimage","url":"https:\/\/ecampania.it\/magazine\/wp-content\/uploads\/2026\/05\/44239_vico-equense-via-al-maggio-della-cultura-musei-aperti-ogni-weekend-.jpg","contentUrl":"https:\/\/ecampania.it\/magazine\/wp-content\/uploads\/2026\/05\/44239_vico-equense-via-al-maggio-della-cultura-musei-aperti-ogni-weekend-.jpg","width":1080,"height":924},{"@type":"BreadcrumbList","@id":"https:\/\/ecampania.it\/magazine\/vico-equense-per-il-maggio-della-cultura-musei-cittadini-aperti-ogni-weekend\/#breadcrumb","itemListElement":[{"@type":"ListItem","position":1,"name":"Home","item":"https:\/\/ecampania.it\/magazine\/"},{"@type":"ListItem","position":2,"name":"Vico Equense, per il \u201cMaggio della Cultura\u201d musei cittadini aperti ogni weekend"}]},{"@type":"WebSite","@id":"https:\/\/ecampania.it\/magazine\/#website","url":"https:\/\/ecampania.it\/magazine\/","name":"Ecampania","description":"Il primo portale dedicato al turismo ed alla cultura in Campania","publisher":{"@id":"https:\/\/ecampania.it\/magazine\/#organization"},"potentialAction":[{"@type":"SearchAction","target":{"@type":"EntryPoint","urlTemplate":"https:\/\/ecampania.it\/magazine\/?s={search_term_string}"},"query-input":{"@type":"PropertyValueSpecification","valueRequired":true,"valueName":"search_term_string"}}],"inLanguage":"it-IT"},{"@type":"Organization","@id":"https:\/\/ecampania.it\/magazine\/#organization","name":"Ecampania","url":"https:\/\/ecampania.it\/magazine\/","logo":{"@type":"ImageObject","inLanguage":"it-IT","@id":"https:\/\/ecampania.it\/magazine\/#\/schema\/logo\/image\/","url":"https:\/\/ecampania.it\/magazine\/wp-content\/uploads\/2025\/01\/fb.png","contentUrl":"https:\/\/ecampania.it\/magazine\/wp-content\/uploads\/2025\/01\/fb.png","width":500,"height":500,"caption":"Ecampania"},"image":{"@id":"https:\/\/ecampania.it\/magazine\/#\/schema\/logo\/image\/"},"sameAs":["https:\/\/www.facebook.com\/ecampania.it","https:\/\/www.instagram.com\/ecampania.it\/"]},{"@type":"Person","@id":"https:\/\/ecampania.it\/magazine\/#\/schema\/person\/f259cd7c01428ef3ac5db31dcac5ab70","name":"Redazione","image":{"@type":"ImageObject","inLanguage":"it-IT","@id":"https:\/\/ecampania.it\/magazine\/#\/schema\/person\/image\/","url":"https:\/\/secure.gravatar.com\/avatar\/95816d083b7410def6d31c027c3ddb4f82515f84e68ea358ea75203bfac610a7?s=96&d=mm&r=g","contentUrl":"https:\/\/secure.gravatar.com\/avatar\/95816d083b7410def6d31c027c3ddb4f82515f84e68ea358ea75203bfac610a7?s=96&d=mm&r=g","caption":"Redazione"},"url":"https:\/\/ecampania.it\/magazine\/author\/ecampania\/"}]}},"_links":{"self":[{"href":"https:\/\/ecampania.it\/magazine\/wp-json\/wp\/v2\/posts\/9308","targetHints":{"allow":["GET"]}}],"collection":[{"href":"https:\/\/ecampania.it\/magazine\/wp-json\/wp\/v2\/posts"}],"about":[{"href":"https:\/\/ecampania.it\/magazine\/wp-json\/wp\/v2\/types\/post"}],"author":[{"embeddable":true,"href":"https:\/\/ecampania.it\/magazine\/wp-json\/wp\/v2\/users\/7"}],"replies":[{"embeddable":true,"href":"https:\/\/ecampania.it\/magazine\/wp-json\/wp\/v2\/comments?post=9308"}],"version-history":[{"count":1,"href":"https:\/\/ecampania.it\/magazine\/wp-json\/wp\/v2\/posts\/9308\/revisions"}],"predecessor-version":[{"id":9310,"href":"https:\/\/ecampania.it\/magazine\/wp-json\/wp\/v2\/posts\/9308\/revisions\/9310"}],"wp:featuredmedia":[{"embeddable":true,"href":"https:\/\/ecampania.it\/magazine\/wp-json\/wp\/v2\/media\/9309"}],"wp:attachment":[{"href":"https:\/\/ecampania.it\/magazine\/wp-json\/wp\/v2\/media?parent=9308"}],"wp:term":[{"taxonomy":"category","embeddable":true,"href":"https:\/\/ecampania.it\/magazine\/wp-json\/wp\/v2\/categories?post=9308"},{"taxonomy":"post_tag","embeddable":true,"href":"https:\/\/ecampania.it\/magazine\/wp-json\/wp\/v2\/tags?post=9308"}],"curies":[{"name":"wp","href":"https:\/\/api.w.org\/{rel}","templated":true}]}}